{"id":22513,"date":"2024-04-17T07:58:17","date_gmt":"2024-04-17T03:58:17","guid":{"rendered":"https:\/\/dia.edu.az\/?p=22513"},"modified":"2024-04-17T08:06:48","modified_gmt":"2024-04-17T04:06:48","slug":"dovl%c9%99t-idar%c9%99cilik-akademiyasinda-asan-xidm%c9%99t-m%c9%99rk%c9%99zl%c9%99rinin-%c9%99m%c9%99kdaslari-ucun-t%c9%99lim-kecirilib","status":"publish","type":"post","link":"https:\/\/legacy.dia.edu.az\/en\/arxivl\u0259r\/22513","title":{"rendered":"D\u00f6vl\u0259t \u0130dar\u0259\u00e7ilik Akademiyas\u0131nda \u201cASAN xidm\u0259t\u201d m\u0259rk\u0259zl\u0259rinin \u0259m\u0259kda\u015flar\u0131 \u00fc\u00e7\u00fcn t\u0259lim ke\u00e7irilib"},"content":{"rendered":"<div data-elementor-type=\"wp-post\" data-elementor-id=\"22513\" class=\"elementor elementor-22513\" data-elementor-settings=\"[]\">\n\t\t\t\t\t\t<div class=\"elementor-inner\">\n\t\t\t\t\t\t\t<div class=\"elementor-section-wrap\">\n\t\t\t\t\t\t\t<section class=\"elementor-section elementor-top-section elementor-element elementor-element-df8ee87 elementor-section-boxed elementor-section-height-default elementor-section-height-default\" data-id=\"df8ee87\" data-element_type=\"section\">\n\t\t\t\t\t\t<div class=\"elementor-container elementor-column-gap-default\">\n\t\t\t\t\t\t\t<div class=\"elementor-row\">\n\t\t\t\t\t<div class=\"elementor-column elementor-col-100 elementor-top-column elementor-element elementor-element-a1361d8\" data-id=\"a1361d8\" data-element_type=\"column\">\n\t\t\t<div class=\"elementor-column-wrap elementor-element-populated\">\n\t\t\t\t\t\t\t<div class=\"elementor-widget-wrap\">\n\t\t\t\t\t\t<div class=\"elementor-element elementor-element-64a62f2 elementor-widget elementor-widget-text-editor\" data-id=\"64a62f2\" data-element_type=\"widget\" data-widget_type=\"text-editor.default\">\n\t\t\t\t<div class=\"elementor-widget-container\">\n\t\t\t\t\t\t\t\t<div class=\"elementor-text-editor elementor-clearfix\">\n\t\t\t\t\tD\u00f6vl\u0259t \u0130dar\u0259\u00e7ilik Akademiyas\u0131nda \u201cASAN xidm\u0259t\u201d m\u0259rk\u0259zl\u0259rinin \u0259m\u0259kda\u015flar\u0131 \u00fc\u00e7\u00fcn t\u0259lim ke\u00e7irilib\t\t\t\t\t<\/div>\n\t\t\t\t\t\t<\/div>\n\t\t\t\t<\/div>\n\t\t\t\t\t\t<\/div>\n\t\t\t\t\t<\/div>\n\t\t<\/div>\n\t\t\t\t\t\t\t\t<\/div>\n\t\t\t\t\t<\/div>\n\t\t<\/section>\n\t\t\t\t<section class=\"elementor-section elementor-top-section elementor-element elementor-element-6cdba4e elementor-section-boxed elementor-section-height-default elementor-section-height-default\" data-id=\"6cdba4e\" data-element_type=\"section\">\n\t\t\t\t\t\t<div class=\"elementor-container elementor-column-gap-default\">\n\t\t\t\t\t\t\t<div class=\"elementor-row\">\n\t\t\t\t\t<div class=\"elementor-column elementor-col-100 elementor-top-column elementor-element elementor-element-87c6894\" data-id=\"87c6894\" data-element_type=\"column\">\n\t\t\t<div class=\"elementor-column-wrap elementor-element-populated\">\n\t\t\t\t\t\t\t<div class=\"elementor-widget-wrap\">\n\t\t\t\t\t\t<div class=\"elementor-element elementor-element-83118c9 elementor-widget elementor-widget-image\" data-id=\"83118c9\" data-element_type=\"widget\" data-widget_type=\"image.default\">\n\t\t\t\t<div class=\"elementor-widget-container\">\n\t\t\t\t\t\t\t\t<div class=\"elementor-image\">\n\t\t\t\t\t\t\t\t\t\t\t\t\t<a href=\"https:\/\/dia.edu.az\/wp-content\/uploads\/2024\/04\/852852.jpg\" data-elementor-open-lightbox=\"yes\" data-elementor-lightbox-title=\"1221\">\n\t\t\t\t\t\t\t<img width=\"200\" height=\"137\" src=\"https:\/\/legacy.dia.edu.az\/wp-content\/uploads\/2024\/04\/852852-200x137.jpg\" class=\"attachment-medium size-medium\" alt=\"\" srcset=\"https:\/\/legacy.dia.edu.az\/wp-content\/uploads\/2024\/04\/852852-200x137.jpg 200w, https:\/\/legacy.dia.edu.az\/wp-content\/uploads\/2024\/04\/852852-450x307.jpg 450w, https:\/\/legacy.dia.edu.az\/wp-content\/uploads\/2024\/04\/852852-18x12.jpg 18w, https:\/\/legacy.dia.edu.az\/wp-content\/uploads\/2024\/04\/852852.jpg 922w, https:\/\/legacy.dia.edu.az\/wp-content\/uploads\/2024\/04\/852852-200x137@2x.jpg 400w, https:\/\/legacy.dia.edu.az\/wp-content\/uploads\/2024\/04\/852852-450x307@2x.jpg 900w\" sizes=\"(max-width: 200px) 100vw, 200px\" \/>\t\t\t\t\t\t\t\t<\/a>\n\t\t\t\t\t\t\t\t\t\t\t\t\t\t<\/div>\n\t\t\t\t\t\t<\/div>\n\t\t\t\t<\/div>\n\t\t\t\t\t\t<\/div>\n\t\t\t\t\t<\/div>\n\t\t<\/div>\n\t\t\t\t\t\t\t\t<\/div>\n\t\t\t\t\t<\/div>\n\t\t<\/section>\n\t\t\t\t<section class=\"elementor-section elementor-top-section elementor-element elementor-element-7f7fc6c elementor-section-boxed elementor-section-height-default elementor-section-height-default\" data-id=\"7f7fc6c\" data-element_type=\"section\">\n\t\t\t\t\t\t<div class=\"elementor-container elementor-column-gap-default\">\n\t\t\t\t\t\t\t<div class=\"elementor-row\">\n\t\t\t\t\t<div class=\"elementor-column elementor-col-100 elementor-top-column elementor-element elementor-element-a05c27f\" data-id=\"a05c27f\" data-element_type=\"column\">\n\t\t\t<div class=\"elementor-column-wrap elementor-element-populated\">\n\t\t\t\t\t\t\t<div class=\"elementor-widget-wrap\">\n\t\t\t\t\t\t<div class=\"elementor-element elementor-element-e52e1cc elementor-widget elementor-widget-text-editor\" data-id=\"e52e1cc\" data-element_type=\"widget\" data-widget_type=\"text-editor.default\">\n\t\t\t\t<div class=\"elementor-widget-container\">\n\t\t\t\t\t\t\t\t<div class=\"elementor-text-editor elementor-clearfix\">\n\t\t\t\t\t<p>Az\u0259rbaycan Respublikas\u0131n\u0131n Prezidenti yan\u0131nda D\u00f6vl\u0259t \u0130dar\u0259\u00e7ilik Akademiyas\u0131nda (D\u0130A) \u201cASAN xidm\u0259t\u201d m\u0259rk\u0259zl\u0259rinin \u0259m\u0259kda\u015flar\u0131 \u00fc\u00e7\u00fcn t\u0259lim ke\u00e7irilib.<\/p>\n<p>T\u0259dbir Prezident \u0130lham \u018fliyevin \u201cAz\u0259rbaycan Respublikas\u0131nda d\u00f6vl\u0259t qullu\u011funun inki\u015faf\u0131na dair 2019-2025-ci ill\u0259r \u00fc\u00e7\u00fcn Strategiya\u201dn\u0131n 2023-2025-ci ill\u0259rd\u0259 icras\u0131 \u00fczr\u0259 F\u0259aliyy\u0259t Plan\u0131n\u0131 r\u0259hb\u0259r tutaraq v\u0259 h\u0259m\u00e7inin 2020-ci il 13 fevral tarixli S\u0259r\u0259ncam\u0131 il\u0259 t\u0259sdiq edilmi\u015f \u201cM\u0259\u015f\u011fulluq Strategiyas\u0131n\u0131n h\u0259yata ke\u00e7irilm\u0259sin\u0259 dair 2020-2025-ci ill\u0259r \u00fc\u00e7\u00fcn T\u0259dbirl\u0259r Plan\u0131\u201dna uy\u011fun olaraq ke\u00e7irilib.<\/p>\n<p>T\u0259limd\u0259 D\u0130A-n\u0131n rektoru akademik Urxan \u018fl\u0259kb\u0259rovun \u201cPrezident \u0130lham \u018fliyevin yeni d\u00f6vl\u0259t idar\u0259\u00e7ilik texnologiyalar\u0131: COP 29-a aparan yol\u201d m\u00f6vzusunda m\u00fchazir\u0259si dinl\u0259nilib. Rektor \u00e7\u0131x\u0131\u015f\u0131nda Az\u0259rbaycan Prezidenti \u0130lham \u018fliyevin S\u0259r\u0259ncam\u0131 il\u0259 2024-c\u00fc ilin \u00f6lk\u0259d\u0259 \u201cYa\u015f\u0131l d\u00fcnya namin\u0259 h\u0259mr\u0259ylik ili\u201d elan edilm\u0259si v\u0259 BMT-nin \u0130qlim D\u0259yi\u015fm\u0259l\u0259ri \u00fczr\u0259 \u00c7\u0259r\u00e7iv\u0259 Konvensiyas\u0131n\u0131n T\u0259r\u0259fl\u0259r Konfrans\u0131n\u0131n 29-cu sessiyas\u0131 olan COP 29-un Az\u0259rbaycanda ke\u00e7iril\u0259c\u0259yi il\u0259 ba\u011fl\u0131 geni\u015f m\u0259lumat verib. Akademik bildirib ki, h\u0259r il f\u0259rqli bir \u00f6lk\u0259nin ev sahibliyi etdiyi COP qlobal \u00e7a\u011f\u0131r\u0131\u015flara dair f\u0259aliyy\u0259ti s\u00fcr\u0259tl\u0259ndirm\u0259k v\u0259 m\u0259qs\u0259dl\u0259r\u0259 nail olmaq \u00fc\u00e7\u00fcn ke\u00e7iril\u0259n \u0259h\u0259miyy\u0259tli g\u00f6r\u00fc\u015fd\u00fcr. \u201cYa\u015f\u0131l\u201d iqtisadiyyata ke\u00e7id v\u0259 \u201cya\u015f\u0131l\u201d enerji t\u0259chizat\u00e7\u0131s\u0131na \u00e7evrilm\u0259k Az\u0259rbaycan\u0131n iqtisadi sah\u0259d\u0259 h\u0259yata ke\u00e7irdiyi u\u011furlu siyas\u0259tin \u0259saslar\u0131ndand\u0131r.<\/p>\n<p>Rektor m\u00fchazir\u0259sind\u0259 dahi \u015f\u0259xsiyy\u0259t Heyd\u0259r \u018fliyevin tarixi xidm\u0259tl\u0259rind\u0259n d\u0259 dan\u0131\u015f\u0131b, 1993-c\u00fc ild\u0259 Ulu \u00d6nd\u0259rin hakimiyy\u0259t\u0259 qay\u0131d\u0131\u015f\u0131ndan sonra Az\u0259rbaycan d\u00f6vl\u0259t\u00e7iliyinin b\u00f6y\u00fck t\u0259hl\u00fck\u0259l\u0259rd\u0259n xilas oldu\u011funu, \u00f6lk\u0259nin ictimai-siyasi, sosial-iqtisadi v\u0259 elmi-m\u0259d\u0259ni h\u0259yat\u0131nda \u0259sasl\u0131 d\u00f6n\u00fc\u015f\u00fcn yarand\u0131\u011f\u0131n\u0131 qeyd edib. Rektor \u00f6lk\u0259mizd\u0259 qazan\u0131lan u\u011furlar\u0131n dahi r\u0259hb\u0259r Heyd\u0259r \u018fliyev siyas\u0259tinin b\u0259hr\u0259si oldu\u011funu deyib. Urxan \u018fl\u0259kb\u0259rov \u00dcmummilli Lider Heyd\u0259r \u018fliyev t\u0259r\u0259find\u0259n m\u00fc\u0259yy\u0259nl\u0259\u015fdirilmi\u015f v\u0259 Prezident \u0130lham \u018fliyevin u\u011furla davam etdirdiyi inki\u015faf strategiyas\u0131 say\u0259sind\u0259 Az\u0259rbaycan\u0131n qazand\u0131\u011f\u0131 nailiyy\u0259tl\u0259r\u0259 diqq\u0259t \u00e7\u0259kib. O, Prezident \u0130lham \u018fliyev t\u0259r\u0259find\u0259n haz\u0131rlanaraq t\u0259tbiq edilmi\u015f yeni d\u00f6vl\u0259t idar\u0259\u00e7iliyi texnologiyalar\u0131n\u0131n Az\u0259rbaycan\u0131n davaml\u0131 inkl\u00fcziv inki\u015faf\u0131 namin\u0259 resurslardan s\u0259m\u0259r\u0259li istifad\u0259 sah\u0259sind\u0259 regional v\u0259 qlobal lider\u0259 \u00e7evirdiyini x\u00fcsusi vur\u011fulay\u0131b. Urxan \u018fl\u0259kb\u0259rov bildirib ki, inkl\u00fcziv inki\u015faf sah\u0259sind\u0259 \u00f6lk\u0259mizin y\u00fcks\u0259k g\u00f6st\u0259ricil\u0259r \u0259ld\u0259 etm\u0259si v\u0259 sosial siyas\u0259tin realla\u015fd\u0131r\u0131lmas\u0131 bax\u0131m\u0131ndan d\u00fcnya liderin\u0259 \u00e7evrilm\u0259sind\u0259 Az\u0259rbaycan Respublikas\u0131n\u0131n Birinci vitse-prezidenti Mehriban \u018fliyevan\u0131n m\u00fcst\u0259sna xidm\u0259tl\u0259ri var. Rektor m\u00fcst\u0259qil v\u0259 suveren Az\u0259rbaycan d\u00f6vl\u0259tinin keyfiyy\u0259tc\u0259 yeni olan v\u0259 2021\u20122030-cu ill\u0259ri \u0259hat\u0259 ed\u0259n strateji m\u0259rh\u0259l\u0259y\u0259 daxil oldu\u011funu qeyd ed\u0259r\u0259k, inkl\u00fcziv c\u0259miyy\u0259tin qurulmas\u0131 prosesinin \u00f6lk\u0259nin 2030-cu il \u00fc\u00e7\u00fcn planla\u015fd\u0131r\u0131lm\u0131\u015f \u0259sas prioritetl\u0259ri s\u0131ras\u0131nda oldu\u011funu s\u00f6yl\u0259yib. O, beyn\u0259lxalq t\u0259\u015fkilatlar\u0131n hesabatlar\u0131na \u0259saslanaraq \u00f6lk\u0259nin \u0259razi b\u00fct\u00f6vl\u00fcy\u00fcn\u00fcn b\u0259rpas\u0131 il\u0259 s\u0259ciyy\u0259l\u0259n\u0259n bu yeni strateji d\u00f6vrd\u0259 Az\u0259rbaycan Respublikas\u0131n\u0131n b\u00fct\u00fcn d\u00fcnya \u00fc\u00e7\u00fcn prioritet kimi q\u0259bul edil\u0259n inkl\u00fcziv inki\u015faf\u0131n planla\u015fd\u0131r\u0131lmas\u0131 v\u0259 idar\u0259 edilm\u0259si sah\u0259sind\u0259ki u\u011furlar\u0131n\u0131 dinl\u0259yicil\u0259rin diqq\u0259tin\u0259 \u00e7atd\u0131r\u0131b. Akademik Urxan \u018fl\u0259kb\u0259rov t\u0259lim zaman\u0131 qeyd edib ki, Prezident \u0130lham \u018fliyev t\u0259r\u0259find\u0259n t\u0259sdiq edilmi\u015f \u201cAz\u0259rbaycan 2030: sosial-iqtisadi inki\u015fafa dair Milli Prioritetl\u0259r\u201dd\u0259 5-ci prioritetin \u201cT\u0259miz \u0259traf m\u00fchit v\u0259 \u201cya\u015f\u0131l art\u0131m\u201d \u00f6lk\u0259si\u201d adlanmas\u0131 t\u0259sad\u00fcfi deyil v\u0259 bu istiqam\u0259td\u0259 \u00f6lk\u0259mizd\u0259 u\u011furlu add\u0131mlar at\u0131l\u0131r. Daha sonra rektor Urxan \u018fl\u0259kb\u0259rov Prezident \u0130lham \u018fliyevin i\u015f\u011faldan azad edilmi\u015f \u0259razil\u0259rl\u0259 ba\u011fl\u0131 m\u00fc\u0259yy\u0259n etdiyi iqtisadi inki\u015faf kursunda bu \u0259razil\u0259rin \u201cya\u015f\u0131l enerji\u201d zonas\u0131na \u00e7evrilm\u0259sinin \u0259sas istiqam\u0259tl\u0259rd\u0259n biri oldu\u011funu bildirib. Rektor vur\u011fulay\u0131b ki, 44 g\u00fcnl\u00fck V\u0259t\u0259n m\u00fcharib\u0259sind\u0259n sonra 2020-ci ilin iqtisadi yekunlar\u0131na dair m\u00fc\u015favir\u0259d\u0259 Az\u0259rbaycan Respublikas\u0131n\u0131n Prezidenti \u0130lham \u018fliyev i\u015f\u011faldan azad edilmi\u015f \u0259razil\u0259rd\u0259 Ya\u015f\u0131l Enerji Zonas\u0131n\u0131n yarad\u0131lmas\u0131na dair strateji bax\u0131\u015f ir\u0259li s\u00fcr\u00fcb v\u0259 bunun \u00fc\u00e7\u00fcn h\u0259min \u0259razil\u0259rd\u0259 b\u00f6y\u00fck enerji potensial\u0131n\u0131n oldu\u011funu qeyd edib.<\/p>\t\t\t\t\t<\/div>\n\t\t\t\t\t\t<\/div>\n\t\t\t\t<\/div>\n\t\t\t\t\t\t<\/div>\n\t\t\t\t\t<\/div>\n\t\t<\/div>\n\t\t\t\t\t\t\t\t<\/div>\n\t\t\t\t\t<\/div>\n\t\t<\/section>\n\t\t\t\t\t\t<\/div>\n\t\t\t\t\t\t<\/div>\n\t\t\t\t\t<\/div>","protected":false},"excerpt":{"rendered":"<p>Az\u0259rbaycan Respublikas\u0131n\u0131n Prezidenti yan\u0131nda D\u00f6vl\u0259t \u0130dar\u0259\u00e7ilik Akademiyas\u0131nda (D\u0130A) \u201cASAN xidm\u0259t\u201d m\u0259rk\u0259zl\u0259rinin \u0259m\u0259kda\u015flar\u0131 \u00fc\u00e7\u00fcn t\u0259lim ke\u00e7irilib.<\/p>","protected":false},"author":2,"featured_media":22514,"comment_status":"closed","ping_status":"closed","sticky":false,"template":"","format":"standard","meta":[],"categories":[137],"tags":[],"_links":{"self":[{"href":"https:\/\/legacy.dia.edu.az\/en\/wp-json\/wp\/v2\/posts\/22513"}],"collection":[{"href":"https:\/\/legacy.dia.edu.az\/en\/wp-json\/wp\/v2\/posts"}],"about":[{"href":"https:\/\/legacy.dia.edu.az\/en\/wp-json\/wp\/v2\/types\/post"}],"author":[{"embeddable":true,"href":"https:\/\/legacy.dia.edu.az\/en\/wp-json\/wp\/v2\/users\/2"}],"replies":[{"embeddable":true,"href":"https:\/\/legacy.dia.edu.az\/en\/wp-json\/wp\/v2\/comments?post=22513"}],"version-history":[{"count":8,"href":"https:\/\/legacy.dia.edu.az\/en\/wp-json\/wp\/v2\/posts\/22513\/revisions"}],"predecessor-version":[{"id":22522,"href":"https:\/\/legacy.dia.edu.az\/en\/wp-json\/wp\/v2\/posts\/22513\/revisions\/22522"}],"wp:featuredmedia":[{"embeddable":true,"href":"https:\/\/legacy.dia.edu.az\/en\/wp-json\/wp\/v2\/media\/22514"}],"wp:attachment":[{"href":"https:\/\/legacy.dia.edu.az\/en\/wp-json\/wp\/v2\/media?parent=22513"}],"wp:term":[{"taxonomy":"category","embeddable":true,"href":"https:\/\/legacy.dia.edu.az\/en\/wp-json\/wp\/v2\/categories?post=22513"},{"taxonomy":"post_tag","embeddable":true,"href":"https:\/\/legacy.dia.edu.az\/en\/wp-json\/wp\/v2\/tags?post=22513"}],"curies":[{"name":"wp","href":"https:\/\/api.w.org\/{rel}","templated":true}]}}