{"id":22453,"date":"2024-04-09T12:30:44","date_gmt":"2024-04-09T08:30:44","guid":{"rendered":"https:\/\/dia.edu.az\/?p=22453"},"modified":"2024-04-09T12:53:39","modified_gmt":"2024-04-09T08:53:39","slug":"dovl%c9%99t-idar%c9%99cilik-akademiyasinin-t%c9%99l%c9%99b%c9%99l%c9%99ri-ucun-karyera-planlamasi-movzusunda-t%c9%99lim-kecirilib","status":"publish","type":"post","link":"https:\/\/legacy.dia.edu.az\/en\/arxivl\u0259r\/22453","title":{"rendered":"D\u00f6vl\u0259t \u0130dar\u0259\u00e7ilik Akademiyas\u0131n\u0131n t\u0259l\u0259b\u0259l\u0259ri \u00fc\u00e7\u00fcn &#8220;Karyera planlamas\u0131&#8221; m\u00f6vzusunda t\u0259lim ke\u00e7irilib"},"content":{"rendered":"<div data-elementor-type=\"wp-post\" data-elementor-id=\"22453\" class=\"elementor elementor-22453\" data-elementor-settings=\"[]\">\n\t\t\t\t\t\t<div class=\"elementor-inner\">\n\t\t\t\t\t\t\t<div class=\"elementor-section-wrap\">\n\t\t\t\t\t\t\t<section class=\"elementor-section elementor-top-section elementor-element elementor-element-6caa02e elementor-section-boxed elementor-section-height-default elementor-section-height-default\" data-id=\"6caa02e\" data-element_type=\"section\">\n\t\t\t\t\t\t<div class=\"elementor-container elementor-column-gap-default\">\n\t\t\t\t\t\t\t<div class=\"elementor-row\">\n\t\t\t\t\t<div class=\"elementor-column elementor-col-100 elementor-top-column elementor-element elementor-element-d52a943\" data-id=\"d52a943\" data-element_type=\"column\">\n\t\t\t<div class=\"elementor-column-wrap elementor-element-populated\">\n\t\t\t\t\t\t\t<div class=\"elementor-widget-wrap\">\n\t\t\t\t\t\t<div class=\"elementor-element elementor-element-10e774c elementor-position-top elementor-vertical-align-top elementor-widget elementor-widget-image-box\" data-id=\"10e774c\" data-element_type=\"widget\" data-widget_type=\"image-box.default\">\n\t\t\t\t<div class=\"elementor-widget-container\">\n\t\t\t<div class=\"elementor-image-box-wrapper\"><figure class=\"elementor-image-box-img\"><img width=\"960\" height=\"1280\" src=\"https:\/\/legacy.dia.edu.az\/wp-content\/uploads\/2024\/04\/2024-04-05-at-16.49.37-1.jpeg\" class=\"attachment-full size-full\" alt=\"\" srcset=\"https:\/\/legacy.dia.edu.az\/wp-content\/uploads\/2024\/04\/2024-04-05-at-16.49.37-1.jpeg 960w, https:\/\/legacy.dia.edu.az\/wp-content\/uploads\/2024\/04\/2024-04-05-at-16.49.37-1-150x200.jpeg 150w, https:\/\/legacy.dia.edu.az\/wp-content\/uploads\/2024\/04\/2024-04-05-at-16.49.37-1-338x450.jpeg 338w, https:\/\/legacy.dia.edu.az\/wp-content\/uploads\/2024\/04\/2024-04-05-at-16.49.37-1-9x12.jpeg 9w, https:\/\/legacy.dia.edu.az\/wp-content\/uploads\/2024\/04\/2024-04-05-at-16.49.37-1-150x200@2x.jpeg 300w, https:\/\/legacy.dia.edu.az\/wp-content\/uploads\/2024\/04\/2024-04-05-at-16.49.37-1-338x450@2x.jpeg 676w\" sizes=\"(max-width: 960px) 100vw, 960px\" \/><\/figure><div class=\"elementor-image-box-content\"><h3 class=\"elementor-image-box-title\">D\u00f6vl\u0259t \u0130dar\u0259\u00e7ilik Akademiyas\u0131n\u0131n t\u0259l\u0259b\u0259l\u0259ri \u00fc\u00e7\u00fcn &quot;Karyera planlamas\u0131&quot; m\u00f6vzusunda t\u0259lim ke\u00e7irilib.<\/h3><p class=\"elementor-image-box-description\">Az\u0259rbaycan Respublikas\u0131n\u0131n Prezidenti yan\u0131nda D\u00f6vl\u0259t \u0130dar\u0259\u00e7ilik\nAkademiyas\u0131n\u0131n H\u00fcquq\u015f\u00fcnasl\u0131q ixtisas\u0131 \u00fczr\u0259 t\u0259hsil alan VI kurs t\u0259l\u0259b\u0259l\u0259ri \u00fc\u00e7\u00fcn\n&quot;Karyera planlamas\u0131&quot; m\u00f6vzusunda t\u0259lim ke\u00e7irilib. T\u0259lim Karyera v\u0259 \u0130\u015f\u0259\nHaz\u0131rl\u0131q M\u0259rk\u0259zinin r\u0259hb\u0259ri \u015eahin S\u0259rdarl\u0131 t\u0259r\u0259find\u0259n t\u0259qdim edilib.\nM\u00fchazir\u0259d\u0259 d\u00fczg\u00fcn karyera planlamas\u0131, \u015firk\u0259tl\u0259rin t\u0259cr\u00fcb\u0259 t\u0259l\u0259bi, pe\u015f\u0259kar CV\nt\u0259rtibat\u0131, i\u015f\u0259 m\u00fcraci\u0259t qaydalar\u0131, i\u015f m\u00fcsahib\u0259sin\u0259 praktik haz\u0131rl\u0131q, karyera\ny\u00fcks\u0259li\u015fi v\u0259 dig\u0259r m\u00f6vzularda geni\u015f fikir m\u00fcbadil\u0259si apar\u0131l\u0131b. H\u0259m\u00e7inin i\u015f\nzaman\u0131 m\u00fct\u0259x\u0259ssisl\u0259rin qar\u015f\u0131la\u015fd\u0131qlar\u0131 \u00e7\u0259tinlikl\u0259r, problemin h\u0259lli,\nsubardinasiya v\u0259 daxili nizam-intizam qaydalar\u0131 bar\u0259d\u0259 dan\u0131\u015f\u0131l\u0131b. \u0130nteraktiv\nd\u0259rs t\u0259l\u0259b\u0259l\u0259rin suallar\u0131n\u0131n cavabland\u0131r\u0131lmas\u0131 il\u0259 yekunla\u015f\u0131b. T\u0259limd\u0259 D\u00f6vl\u0259t\n\u0130dar\u0259\u00e7ilik Akademiyas\u0131n\u0131n H\u00fcquq kafedras\u0131n\u0131n m\u00fcdiri, h.e.d. professor \u0130saxan\nV\u0259liyev d\u0259 i\u015ftirak edib. O, t\u0259l\u0259b\u0259l\u0259rin Karyera istiqam\u0259tind\u0259 atd\u0131qlar\u0131 u\u011furlu\nadd\u0131mlardan dan\u0131\u015f\u0131b v\u0259 bel\u0259 t\u0259dbirl\u0259rin t\u0259l\u0259b\u0259l\u0259r \u00fc\u00e7\u00fcn \u0259h\u0259miyy\u0259tini qeyd edib.\nT\u0259lim D\u0130A-da &quot;Karyera planlamas\u0131&quot; f\u0259nnini t\u0259dris ed\u0259n &quot;H\u00fcquq&quot; kafedras\u0131n\u0131n\nm\u00fc\u0259llimi Reyhan C\u0259f\u0259rova t\u0259r\u0259find\u0259n t\u0259\u015fkil edilib.<\/p><\/div><\/div>\t\t<\/div>\n\t\t\t\t<\/div>\n\t\t\t\t\t\t<\/div>\n\t\t\t\t\t<\/div>\n\t\t<\/div>\n\t\t\t\t\t\t\t\t<\/div>\n\t\t\t\t\t<\/div>\n\t\t<\/section>\n\t\t\t\t\t\t<\/div>\n\t\t\t\t\t\t<\/div>\n\t\t\t\t\t<\/div>","protected":false},"excerpt":{"rendered":"<p>Az\u0259rbaycan Respublikas\u0131n\u0131n Prezidenti yan\u0131nda D\u00f6vl\u0259t \u0130dar\u0259\u00e7ilik<br \/>\nAkademiyas\u0131n\u0131n H\u00fcquq\u015f\u00fcnasl\u0131q ixtisas\u0131 \u00fczr\u0259 t\u0259hsil alan VI kurs t\u0259l\u0259b\u0259l\u0259ri \u00fc\u00e7\u00fcn<br \/>\n&quot;Karyera planlamas\u0131&quot; m\u00f6vzusunda t\u0259lim ke\u00e7irilib. T\u0259lim Karyera v\u0259 \u0130\u015f\u0259 Haz\u0131rl\u0131q M\u0259rk\u0259zinin r\u0259hb\u0259ri \u015eahin S\u0259rdarl\u0131 t\u0259r\u0259find\u0259n t\u0259qdim edilib.<\/p>","protected":false},"author":2,"featured_media":22454,"comment_status":"closed","ping_status":"closed","sticky":false,"template":"","format":"standard","meta":[],"categories":[137],"tags":[],"_links":{"self":[{"href":"https:\/\/legacy.dia.edu.az\/en\/wp-json\/wp\/v2\/posts\/22453"}],"collection":[{"href":"https:\/\/legacy.dia.edu.az\/en\/wp-json\/wp\/v2\/posts"}],"about":[{"href":"https:\/\/legacy.dia.edu.az\/en\/wp-json\/wp\/v2\/types\/post"}],"author":[{"embeddable":true,"href":"https:\/\/legacy.dia.edu.az\/en\/wp-json\/wp\/v2\/users\/2"}],"replies":[{"embeddable":true,"href":"https:\/\/legacy.dia.edu.az\/en\/wp-json\/wp\/v2\/comments?post=22453"}],"version-history":[{"count":9,"href":"https:\/\/legacy.dia.edu.az\/en\/wp-json\/wp\/v2\/posts\/22453\/revisions"}],"predecessor-version":[{"id":22481,"href":"https:\/\/legacy.dia.edu.az\/en\/wp-json\/wp\/v2\/posts\/22453\/revisions\/22481"}],"wp:featuredmedia":[{"embeddable":true,"href":"https:\/\/legacy.dia.edu.az\/en\/wp-json\/wp\/v2\/media\/22454"}],"wp:attachment":[{"href":"https:\/\/legacy.dia.edu.az\/en\/wp-json\/wp\/v2\/media?parent=22453"}],"wp:term":[{"taxonomy":"category","embeddable":true,"href":"https:\/\/legacy.dia.edu.az\/en\/wp-json\/wp\/v2\/categories?post=22453"},{"taxonomy":"post_tag","embeddable":true,"href":"https:\/\/legacy.dia.edu.az\/en\/wp-json\/wp\/v2\/tags?post=22453"}],"curies":[{"name":"wp","href":"https:\/\/api.w.org\/{rel}","templated":true}]}}