{"id":22371,"date":"2024-03-29T10:20:36","date_gmt":"2024-03-29T06:20:36","guid":{"rendered":"https:\/\/dia.edu.az\/?p=22371"},"modified":"2024-03-29T11:45:56","modified_gmt":"2024-03-29T07:45:56","slug":"dia-da-31-mart-az%c9%99rbaycanlilarin-soyqirimi-gunu-qeyd-olunub-2","status":"publish","type":"post","link":"https:\/\/legacy.dia.edu.az\/en\/arxivl\u0259r\/22371","title":{"rendered":"D\u0130A-da 31 mart \u2013 Az\u0259rbaycanl\u0131lar\u0131n Soyq\u0131r\u0131m\u0131 G\u00fcn\u00fc qeyd olunub"},"content":{"rendered":"<div data-elementor-type=\"wp-post\" data-elementor-id=\"22371\" class=\"elementor elementor-22371\" data-elementor-settings=\"[]\">\n\t\t\t\t\t\t<div class=\"elementor-inner\">\n\t\t\t\t\t\t\t<div class=\"elementor-section-wrap\">\n\t\t\t\t\t\t\t<section class=\"elementor-section elementor-top-section elementor-element elementor-element-185e7d0 elementor-section-boxed elementor-section-height-default elementor-section-height-default\" data-id=\"185e7d0\" data-element_type=\"section\">\n\t\t\t\t\t\t<div class=\"elementor-container elementor-column-gap-default\">\n\t\t\t\t\t\t\t<div class=\"elementor-row\">\n\t\t\t\t\t<div class=\"elementor-column elementor-col-100 elementor-top-column elementor-element elementor-element-bd53de0\" data-id=\"bd53de0\" data-element_type=\"column\">\n\t\t\t<div class=\"elementor-column-wrap elementor-element-populated\">\n\t\t\t\t\t\t\t<div class=\"elementor-widget-wrap\">\n\t\t\t\t\t\t<div class=\"elementor-element elementor-element-fcf4f99 elementor-widget elementor-widget-text-editor\" data-id=\"fcf4f99\" data-element_type=\"widget\" data-widget_type=\"text-editor.default\">\n\t\t\t\t<div class=\"elementor-widget-container\">\n\t\t\t\t\t\t\t\t<div class=\"elementor-text-editor elementor-clearfix\">\n\t\t\t\t\tD\u0130A-da 31 mart \u2013 Az\u0259rbaycanl\u0131lar\u0131n Soyq\u0131r\u0131m\u0131 G\u00fcn\u00fc qeyd olunub\t\t\t\t\t<\/div>\n\t\t\t\t\t\t<\/div>\n\t\t\t\t<\/div>\n\t\t\t\t\t\t<\/div>\n\t\t\t\t\t<\/div>\n\t\t<\/div>\n\t\t\t\t\t\t\t\t<\/div>\n\t\t\t\t\t<\/div>\n\t\t<\/section>\n\t\t\t\t<section class=\"elementor-section elementor-top-section elementor-element elementor-element-e0d085f elementor-section-boxed elementor-section-height-default elementor-section-height-default\" data-id=\"e0d085f\" data-element_type=\"section\">\n\t\t\t\t\t\t<div class=\"elementor-container elementor-column-gap-default\">\n\t\t\t\t\t\t\t<div class=\"elementor-row\">\n\t\t\t\t\t<div class=\"elementor-column elementor-col-100 elementor-top-column elementor-element elementor-element-9d8f03a\" data-id=\"9d8f03a\" data-element_type=\"column\">\n\t\t\t<div class=\"elementor-column-wrap elementor-element-populated\">\n\t\t\t\t\t\t\t<div class=\"elementor-widget-wrap\">\n\t\t\t\t\t\t<div class=\"elementor-element elementor-element-edd3319 elementor-arrows-position-inside elementor-pagination-position-outside elementor-widget elementor-widget-image-carousel\" data-id=\"edd3319\" data-element_type=\"widget\" data-settings=\"{&quot;navigation&quot;:&quot;both&quot;,&quot;autoplay&quot;:&quot;yes&quot;,&quot;pause_on_hover&quot;:&quot;yes&quot;,&quot;pause_on_interaction&quot;:&quot;yes&quot;,&quot;autoplay_speed&quot;:5000,&quot;infinite&quot;:&quot;yes&quot;,&quot;speed&quot;:500}\" data-widget_type=\"image-carousel.default\">\n\t\t\t\t<div class=\"elementor-widget-container\">\n\t\t\t\t\t<div class=\"elementor-image-carousel-wrapper swiper-container\" dir=\"ltr\">\n\t\t\t<div class=\"elementor-image-carousel swiper-wrapper\">\n\t\t\t\t<div class=\"swiper-slide\"><a data-elementor-open-lightbox=\"yes\" data-elementor-lightbox-slideshow=\"edd3319\" data-elementor-lightbox-title=\"DSC_2976\" href=\"https:\/\/legacy.dia.edu.az\/wp-content\/uploads\/2024\/03\/DSC_2976-scaled.jpg\"><figure class=\"swiper-slide-inner\"><img class=\"swiper-slide-image\" src=\"https:\/\/legacy.dia.edu.az\/wp-content\/uploads\/2024\/03\/DSC_2976-150x150.jpg\" alt=\"1\" \/><\/figure><\/a><\/div><div class=\"swiper-slide\"><a data-elementor-open-lightbox=\"yes\" data-elementor-lightbox-slideshow=\"edd3319\" data-elementor-lightbox-title=\"DSC_2980\" href=\"https:\/\/legacy.dia.edu.az\/wp-content\/uploads\/2024\/03\/DSC_2980-scaled.jpg\"><figure class=\"swiper-slide-inner\"><img class=\"swiper-slide-image\" src=\"https:\/\/legacy.dia.edu.az\/wp-content\/uploads\/2024\/03\/DSC_2980-150x150.jpg\" alt=\"2\" \/><\/figure><\/a><\/div><div class=\"swiper-slide\"><a data-elementor-open-lightbox=\"yes\" data-elementor-lightbox-slideshow=\"edd3319\" data-elementor-lightbox-title=\"DSC_2984\" href=\"https:\/\/legacy.dia.edu.az\/wp-content\/uploads\/2024\/03\/DSC_2984-scaled.jpg\"><figure class=\"swiper-slide-inner\"><img class=\"swiper-slide-image\" src=\"https:\/\/legacy.dia.edu.az\/wp-content\/uploads\/2024\/03\/DSC_2984-150x150.jpg\" alt=\"3\" \/><\/figure><\/a><\/div><div class=\"swiper-slide\"><a data-elementor-open-lightbox=\"yes\" data-elementor-lightbox-slideshow=\"edd3319\" data-elementor-lightbox-title=\"DSC_2967\" href=\"https:\/\/legacy.dia.edu.az\/wp-content\/uploads\/2024\/03\/DSC_2967-scaled.jpg\"><figure class=\"swiper-slide-inner\"><img class=\"swiper-slide-image\" src=\"https:\/\/legacy.dia.edu.az\/wp-content\/uploads\/2024\/03\/DSC_2967-150x150.jpg\" alt=\"4\" \/><\/figure><\/a><\/div>\t\t\t<\/div>\n\t\t\t\t\t\t\t\t\t\t\t\t<div class=\"swiper-pagination\"><\/div>\n\t\t\t\t\t\t\t\t\t\t\t\t\t<div class=\"elementor-swiper-button elementor-swiper-button-prev\">\n\t\t\t\t\t\t<i class=\"eicon-chevron-left\" aria-hidden=\"true\"><\/i>\n\t\t\t\t\t\t<span class=\"elementor-screen-only\">Previous<\/span>\n\t\t\t\t\t<\/div>\n\t\t\t\t\t<div class=\"elementor-swiper-button elementor-swiper-button-next\">\n\t\t\t\t\t\t<i class=\"eicon-chevron-right\" aria-hidden=\"true\"><\/i>\n\t\t\t\t\t\t<span class=\"elementor-screen-only\">Next<\/span>\n\t\t\t\t\t<\/div>\n\t\t\t\t\t\t\t\t\t<\/div>\n\t\t\t\t<\/div>\n\t\t\t\t<\/div>\n\t\t\t\t\t\t<\/div>\n\t\t\t\t\t<\/div>\n\t\t<\/div>\n\t\t\t\t\t\t\t\t<\/div>\n\t\t\t\t\t<\/div>\n\t\t<\/section>\n\t\t\t\t<section class=\"elementor-section elementor-top-section elementor-element elementor-element-30ff540 elementor-section-boxed elementor-section-height-default elementor-section-height-default\" data-id=\"30ff540\" data-element_type=\"section\">\n\t\t\t\t\t\t<div class=\"elementor-container elementor-column-gap-default\">\n\t\t\t\t\t\t\t<div class=\"elementor-row\">\n\t\t\t\t\t<div class=\"elementor-column elementor-col-100 elementor-top-column elementor-element elementor-element-d677b13\" data-id=\"d677b13\" data-element_type=\"column\">\n\t\t\t<div class=\"elementor-column-wrap elementor-element-populated\">\n\t\t\t\t\t\t\t<div class=\"elementor-widget-wrap\">\n\t\t\t\t\t\t<div class=\"elementor-element elementor-element-728253b elementor-widget elementor-widget-text-editor\" data-id=\"728253b\" data-element_type=\"widget\" data-widget_type=\"text-editor.default\">\n\t\t\t\t<div class=\"elementor-widget-container\">\n\t\t\t\t\t\t\t\t<div class=\"elementor-text-editor elementor-clearfix\">\n\t\t\t\t\t<p>Mart\u0131n 28-d\u0259 Az\u0259rbaycan Respublikas\u0131n\u0131n Prezidenti yan\u0131nda D\u00f6vl\u0259t \u0130dar\u0259\u00e7ilik<br>\nAkademiyas\u0131nda 31 mart \u2013 Az\u0259rbaycanl\u0131lar\u0131n Soyq\u0131r\u0131m\u0131 G\u00fcn\u00fcn\u0259 h\u0259sr olunmu\u015f elmi-praktik<br>\nkonfrans ke\u00e7irilib.<br>\nT\u0259dbird\u0259 \u0259vv\u0259lc\u0259 soyq\u0131r\u0131m\u0131 qurbanlar\u0131n\u0131n xatir\u0259si bir d\u0259qiq\u0259lik s\u00fckutla yad edilib, 1918-ci ild\u0259<br>\nerm\u0259nil\u0259r t\u0259r\u0259find\u0259n t\u00f6r\u0259dilmi\u015f m\u00fcs\u0259lman q\u0131r\u011f\u0131nlar\u0131n\u0131n mahiyy\u0259ti, miqyas\u0131 v\u0259 n\u0259tic\u0259l\u0259rind\u0259n<br>\nb\u0259hs ed\u0259n s\u0259n\u0259dli filmi n\u00fcmayi\u015f olunub.&nbsp;<br>\nD\u0130A-n\u0131n I-prorektoru (t\u0259dris i\u015fl\u0259ri \u00fczr\u0259) professor \u018flikram Abdulayev erm\u0259ni mill\u0259t\u00e7il\u0259ri<br>\nt\u0259r\u0259find\u0259n 1918-ci il mart\u0131n 31-d\u0259, el\u0259c\u0259 d\u0259 dig\u0259r d\u00f6vrl\u0259rd\u0259 xalq\u0131m\u0131za qar\u015f\u0131 h\u0259yata ke\u00e7iril\u0259n<br>\netnik t\u0259mizl\u0259m\u0259, soyq\u0131r\u0131m\u0131 v\u0259 t\u0259cav\u00fczkarl\u0131q siyas\u0259tinin mahiyy\u0259tind\u0259n dan\u0131\u015f\u0131b. Bildirib ki,<br>\nerm\u0259ni mill\u0259t\u00e7il\u0259rinin t\u0259cav\u00fczkar siyas\u0259ti n\u0259tic\u0259sind\u0259 t\u0259kc\u0259 XX \u0259srd\u0259 az\u0259rbaycanl\u0131lar d\u00f6rd d\u0259f\u0259<br>\n\u2013 1905-1906-c\u0131, 1918-1920-ci, 1948-1953-c\u00fc v\u0259 n\u0259hay\u0259t, 1988-1993-c\u00fc ill\u0259rd\u0259 soyq\u0131r\u0131m\u0131na<br>\nm\u0259ruz qal\u0131blar. O, erm\u0259nil\u0259rin az\u0259rbaycanl\u0131lara qar\u015f\u0131 zaman-zaman t\u00f6r\u0259tdikl\u0259ri soyq\u0131r\u0131m\u0131 il\u0259<br>\n\u0259laq\u0259dar \u00fcmummilli lider Heyd\u0259r \u018fliyevin 1998-ci il mart\u0131n 26-da imzalad\u0131\u011f\u0131 F\u0259rmanla mart\u0131n<br>\n31-nin Az\u0259rbaycanl\u0131lar\u0131n Soyq\u0131r\u0131m\u0131 G\u00fcn\u00fc elan edildiyini, Prezident \u0130lham \u018fliyevin 2009-cu il 30<br>\ndekabr tarixli \u201cQuba \u015f\u0259h\u0259rind\u0259 Soyq\u0131r\u0131m\u0131 Memorial Kompleksinin yarad\u0131lmas\u0131 haqq\u0131nda\u201d<br>\nS\u0259r\u0259ncam\u0131n\u0131 Az\u0259rbaycan h\u0259qiq\u0259tl\u0259rinin d\u00fcnya ictimaiyy\u0259tin\u0259 \u00e7atd\u0131r\u0131lmas\u0131 istiqam\u0259tind\u0259 at\u0131lan<br>\nm\u00fch\u00fcm add\u0131m kimi t\u0259dbir i\u015ftirak\u00e7\u0131lar\u0131n\u0131n diqq\u0259tin\u0259 \u00e7atd\u0131r\u0131b.<br>\nElmi konfransda D\u0130A-n\u0131n \u201cTarix\u201d kafedras\u0131n\u0131n m\u00fcdiri, dosent Firdovsiyy\u0259 \u018fhm\u0259dova \u201c21 mart<br>\nsoyq\u0131r\u0131m\u0131n\u0131n tarixi h\u0259d\u0259fl\u0259ri\u201d, tarix \u00fczr\u0259 f\u0259ls\u0259f\u0259 doktoru, dosent S\u00fcbhan Tal\u0131bl\u0131 \u201c1918 \u2013ci il<br>\nL\u0259nk\u0259ran, Cavad v\u0259 G\u00f6y\u00e7ay q\u0259zalar\u0131nda az\u0259rbaycanl\u0131lar\u0131n soyq\u0131r\u0131m\u0131\u201d, Quba Soyq\u0131r\u0131m<br>\nMemorial Kompleksin apar\u0131c\u0131 m\u00fct\u0259x\u0259ssisi Nazil\u0259 M\u0259mm\u0259dova \u201c1918 \u2013ci il soyq\u0131r\u0131ml\u0131lar\u0131n\u0131n<br>\ntan\u0131d\u0131lmas\u0131nda Soyq\u0131r\u0131m\u0131 Memorial Kompleksinin rolu\u201d m\u00f6vzular\u0131nda m\u0259ruz\u0259 il\u0259 \u00e7\u0131x\u0131\u015f ed\u0259r\u0259k<br>\nerm\u0259nil\u0259rin 1918-ci ilin mart ay\u0131nda az\u0259rbaycanl\u0131lara qar\u015f\u0131 t\u00f6r\u0259tdikl\u0259ri v\u0259h\u015filikl\u0259rd\u0259n s\u00f6z<br>\na\u00e7\u0131blar, bu faci\u0259nin yadda\u015flardan he\u00e7 zaman silinm\u0259y\u0259c\u0259yini bildiribl\u0259r.<\/p>\t\t\t\t\t<\/div>\n\t\t\t\t\t\t<\/div>\n\t\t\t\t<\/div>\n\t\t\t\t\t\t<\/div>\n\t\t\t\t\t<\/div>\n\t\t<\/div>\n\t\t\t\t\t\t\t\t<\/div>\n\t\t\t\t\t<\/div>\n\t\t<\/section>\n\t\t\t\t\t\t<\/div>\n\t\t\t\t\t\t<\/div>\n\t\t\t\t\t<\/div>","protected":false},"excerpt":{"rendered":"<p>Mart\u0131n 28-d\u0259 Az\u0259rbaycan Respublikas\u0131n\u0131n Prezidenti yan\u0131nda D\u00f6vl\u0259t \u0130dar\u0259\u00e7ilik<br \/>\nAkademiyas\u0131nda 31 mart \u2013 Az\u0259rbaycanl\u0131lar\u0131n Soyq\u0131r\u0131m\u0131 G\u00fcn\u00fcn\u0259 h\u0259sr olunmu\u015f elmi-praktik<br \/>\nkonfrans ke\u00e7irilib.<\/p>","protected":false},"author":2,"featured_media":22370,"comment_status":"closed","ping_status":"closed","sticky":false,"template":"","format":"standard","meta":[],"categories":[137],"tags":[],"_links":{"self":[{"href":"https:\/\/legacy.dia.edu.az\/en\/wp-json\/wp\/v2\/posts\/22371"}],"collection":[{"href":"https:\/\/legacy.dia.edu.az\/en\/wp-json\/wp\/v2\/posts"}],"about":[{"href":"https:\/\/legacy.dia.edu.az\/en\/wp-json\/wp\/v2\/types\/post"}],"author":[{"embeddable":true,"href":"https:\/\/legacy.dia.edu.az\/en\/wp-json\/wp\/v2\/users\/2"}],"replies":[{"embeddable":true,"href":"https:\/\/legacy.dia.edu.az\/en\/wp-json\/wp\/v2\/comments?post=22371"}],"version-history":[{"count":14,"href":"https:\/\/legacy.dia.edu.az\/en\/wp-json\/wp\/v2\/posts\/22371\/revisions"}],"predecessor-version":[{"id":22385,"href":"https:\/\/legacy.dia.edu.az\/en\/wp-json\/wp\/v2\/posts\/22371\/revisions\/22385"}],"wp:featuredmedia":[{"embeddable":true,"href":"https:\/\/legacy.dia.edu.az\/en\/wp-json\/wp\/v2\/media\/22370"}],"wp:attachment":[{"href":"https:\/\/legacy.dia.edu.az\/en\/wp-json\/wp\/v2\/media?parent=22371"}],"wp:term":[{"taxonomy":"category","embeddable":true,"href":"https:\/\/legacy.dia.edu.az\/en\/wp-json\/wp\/v2\/categories?post=22371"},{"taxonomy":"post_tag","embeddable":true,"href":"https:\/\/legacy.dia.edu.az\/en\/wp-json\/wp\/v2\/tags?post=22371"}],"curies":[{"name":"wp","href":"https:\/\/api.w.org\/{rel}","templated":true}]}}