{"id":21982,"date":"2024-02-05T20:26:48","date_gmt":"2024-02-05T16:26:48","guid":{"rendered":"https:\/\/dia.edu.az\/?p=21982"},"modified":"2024-02-05T20:31:02","modified_gmt":"2024-02-05T16:31:02","slug":"dovl%c9%99t-idar%c9%99cilik-akademiyasinda-t%c9%99lim-yeni-cagirislar-kontekstind%c9%99-g%c9%99ncl%c9%99r-siyas%c9%99ti","status":"publish","type":"post","link":"https:\/\/legacy.dia.edu.az\/en\/arxivl\u0259r\/21982","title":{"rendered":"D\u00f6vl\u0259t \u0130dar\u0259\u00e7ilik Akademiyas\u0131nda t\u0259lim: Yeni \u00e7a\u011f\u0131r\u0131\u015flar kontekstind\u0259 g\u0259ncl\u0259r siyas\u0259ti"},"content":{"rendered":"<div data-elementor-type=\"wp-post\" data-elementor-id=\"21982\" class=\"elementor elementor-21982\" data-elementor-settings=\"[]\">\n\t\t\t\t\t\t<div class=\"elementor-inner\">\n\t\t\t\t\t\t\t<div class=\"elementor-section-wrap\">\n\t\t\t\t\t\t\t<section class=\"elementor-section elementor-top-section elementor-element elementor-element-c87c775 elementor-section-boxed elementor-section-height-default elementor-section-height-default\" data-id=\"c87c775\" data-element_type=\"section\">\n\t\t\t\t\t\t<div class=\"elementor-container elementor-column-gap-default\">\n\t\t\t\t\t\t\t<div class=\"elementor-row\">\n\t\t\t\t\t<div class=\"elementor-column elementor-col-100 elementor-top-column elementor-element elementor-element-ed929f3\" data-id=\"ed929f3\" data-element_type=\"column\">\n\t\t\t<div class=\"elementor-column-wrap elementor-element-populated\">\n\t\t\t\t\t\t\t<div class=\"elementor-widget-wrap\">\n\t\t\t\t\t\t<div class=\"elementor-element elementor-element-b0c565c elementor-widget elementor-widget-text-editor\" data-id=\"b0c565c\" data-element_type=\"widget\" data-widget_type=\"text-editor.default\">\n\t\t\t\t<div class=\"elementor-widget-container\">\n\t\t\t\t\t\t\t\t<div class=\"elementor-text-editor elementor-clearfix\">\n\t\t\t\t\tD\u00f6vl\u0259t \u0130dar\u0259\u00e7ilik Akademiyas\u0131nda t\u0259lim: Yeni \u00e7a\u011f\u0131r\u0131\u015flar kontekstind\u0259 g\u0259ncl\u0259r siyas\u0259ti\t\t\t\t\t<\/div>\n\t\t\t\t\t\t<\/div>\n\t\t\t\t<\/div>\n\t\t\t\t\t\t<\/div>\n\t\t\t\t\t<\/div>\n\t\t<\/div>\n\t\t\t\t\t\t\t\t<\/div>\n\t\t\t\t\t<\/div>\n\t\t<\/section>\n\t\t\t\t<section class=\"elementor-section elementor-top-section elementor-element elementor-element-b57af7c elementor-section-boxed elementor-section-height-default elementor-section-height-default\" data-id=\"b57af7c\" data-element_type=\"section\">\n\t\t\t\t\t\t<div class=\"elementor-container elementor-column-gap-default\">\n\t\t\t\t\t\t\t<div class=\"elementor-row\">\n\t\t\t\t\t<div class=\"elementor-column elementor-col-100 elementor-top-column elementor-element elementor-element-70a253c\" data-id=\"70a253c\" data-element_type=\"column\">\n\t\t\t<div class=\"elementor-column-wrap elementor-element-populated\">\n\t\t\t\t\t\t\t<div class=\"elementor-widget-wrap\">\n\t\t\t\t\t\t<div class=\"elementor-element elementor-element-f9f56d6 elementor-widget elementor-widget-text-editor\" data-id=\"f9f56d6\" data-element_type=\"widget\" data-widget_type=\"text-editor.default\">\n\t\t\t\t<div class=\"elementor-widget-container\">\n\t\t\t\t\t\t\t\t<div class=\"elementor-text-editor elementor-clearfix\">\n\t\t\t\t\t<p>Az\u0259rbaycan Respublikas\u0131n\u0131n Prezidenti yan\u0131nda D\u00f6vl\u0259t \u0130dar\u0259\u00e7ilik Akademiyas\u0131nda (D\u0130A) D\u00f6vl\u0259t Miqrasiya Xidm\u0259tinin \u0259m\u0259kda\u015flar\u0131 \u00fc\u00e7\u00fcn \u201cYeni \u00e7a\u011f\u0131r\u0131\u015flar kontekstind\u0259 g\u0259ncl\u0259r siyas\u0259ti\u201d m\u00f6vzusunda onlayn t\u0259lim ke\u00e7irilib.<\/p>\n<p>Dinl\u0259yicil\u0259r qar\u015f\u0131s\u0131nda \u00e7\u0131x\u0131\u015f ed\u0259n D\u00f6vl\u0259t \u0130dar\u0259\u00e7ilik Akademiyas\u0131n\u0131n Politologiya kafedras\u0131n\u0131n ba\u015f m\u00fc\u0259llimi, Bak\u0131 Politoloqlar klubunun s\u0259dri Zaur M\u0259mm\u0259dov \u00f6lk\u0259d\u0259 g\u0259ncl\u0259r siyas\u0259tinin \u0259sas istiqam\u0259tl\u0259ri, Az\u0259rbaycan\u0131n sosial-iqtisadi inki\u015faf\u0131nda g\u0259ncl\u0259rin rolu, el\u0259c\u0259 d\u0259 g\u0259ncl\u0259rin h\u0259rt\u0259r\u0259fli inki\u015faf\u0131 \u00fc\u00e7\u00fcn d\u00f6vl\u0259t t\u0259r\u0259find\u0259n yarad\u0131lan imkanlar bar\u0259d\u0259 m\u0259lumat verib.\n\nT\u0259lim proqram\u0131n\u0131n i\u015ftirak\u00e7\u0131lar\u0131 interaktiv t\u0259liml\u0259rin g\u0259ncl\u0259r t\u0259\u015fkilatlar\u0131n\u0131n institusional v\u0259 metodiki inki\u015faf\u0131, g\u0259ncl\u0259r sektoru \u00fczr\u0259 m\u00fct\u0259x\u0259ssisl\u0259rin v\u0259 bacar\u0131ql\u0131 insan resurslar\u0131n\u0131n haz\u0131rlanmas\u0131 v\u0259 d\u00f6vl\u0259t t\u0259r\u0259find\u0259n yarad\u0131lan m\u00fcvafiq inki\u015faf al\u0259tl\u0259ri bar\u0259d\u0259 m\u0259lumatl\u0131l\u0131\u011f\u0131n art\u0131r\u0131lmas\u0131 bax\u0131m\u0131ndan x\u00fcsusi \u0259h\u0259miyy\u0259ti oldu\u011funu vur\u011fulad\u0131lar.\n\nT\u0259limd\u0259 Az\u0259rbaycanda k\u00f6n\u00fcll\u00fcl\u00fck h\u0259r\u0259kat\u0131, g\u0259ncl\u0259rin ideya v\u0259 t\u0259\u015f\u0259bb\u00fcsl\u0259rinin realla\u015fmas\u0131na d\u00f6vl\u0259t d\u0259st\u0259yi mexanizml\u0259ri, g\u0259ncl\u0259rl\u0259 i\u015f sah\u0259sind\u0259 beyn\u0259lxalq t\u0259cr\u00fcb\u0259, el\u0259c\u0259 d\u0259, g\u0259ncl\u0259rd\u0259 d\u00f6vl\u0259t\u00e7ilik v\u0259 v\u0259t\u0259np\u0259rv\u0259rlik \u015f\u00fcurunun formala\u015fmas\u0131n\u0131n \u0259h\u0259miyy\u0259tind\u0259n dan\u0131\u015f\u0131b.\n\nSonra i\u015ftirak\u00e7\u0131lar\u0131n suallar\u0131 cavabland\u0131r\u0131l\u0131b.<\/p>\t\t\t\t\t<\/div>\n\t\t\t\t\t\t<\/div>\n\t\t\t\t<\/div>\n\t\t\t\t\t\t<\/div>\n\t\t\t\t\t<\/div>\n\t\t<\/div>\n\t\t\t\t\t\t\t\t<\/div>\n\t\t\t\t\t<\/div>\n\t\t<\/section>\n\t\t\t\t\t\t<\/div>\n\t\t\t\t\t\t<\/div>\n\t\t\t\t\t<\/div>","protected":false},"excerpt":{"rendered":"<p>Az\u0259rbaycan Respublikas\u0131n\u0131n Prezidenti yan\u0131nda D\u00f6vl\u0259t \u0130dar\u0259\u00e7ilik Akademiyas\u0131nda (D\u0130A) D\u00f6vl\u0259t Miqrasiya Xidm\u0259tinin \u0259m\u0259kda\u015flar\u0131 \u00fc\u00e7\u00fcn \u201cYeni \u00e7a\u011f\u0131r\u0131\u015flar kontekstind\u0259 g\u0259ncl\u0259r siyas\u0259ti\u201d m\u00f6vzusunda onlayn t\u0259lim ke\u00e7irilib.<\/p>","protected":false},"author":2,"featured_media":21983,"comment_status":"closed","ping_status":"closed","sticky":false,"template":"","format":"standard","meta":[],"categories":[137],"tags":[],"_links":{"self":[{"href":"https:\/\/legacy.dia.edu.az\/en\/wp-json\/wp\/v2\/posts\/21982"}],"collection":[{"href":"https:\/\/legacy.dia.edu.az\/en\/wp-json\/wp\/v2\/posts"}],"about":[{"href":"https:\/\/legacy.dia.edu.az\/en\/wp-json\/wp\/v2\/types\/post"}],"author":[{"embeddable":true,"href":"https:\/\/legacy.dia.edu.az\/en\/wp-json\/wp\/v2\/users\/2"}],"replies":[{"embeddable":true,"href":"https:\/\/legacy.dia.edu.az\/en\/wp-json\/wp\/v2\/comments?post=21982"}],"version-history":[{"count":5,"href":"https:\/\/legacy.dia.edu.az\/en\/wp-json\/wp\/v2\/posts\/21982\/revisions"}],"predecessor-version":[{"id":21988,"href":"https:\/\/legacy.dia.edu.az\/en\/wp-json\/wp\/v2\/posts\/21982\/revisions\/21988"}],"wp:featuredmedia":[{"embeddable":true,"href":"https:\/\/legacy.dia.edu.az\/en\/wp-json\/wp\/v2\/media\/21983"}],"wp:attachment":[{"href":"https:\/\/legacy.dia.edu.az\/en\/wp-json\/wp\/v2\/media?parent=21982"}],"wp:term":[{"taxonomy":"category","embeddable":true,"href":"https:\/\/legacy.dia.edu.az\/en\/wp-json\/wp\/v2\/categories?post=21982"},{"taxonomy":"post_tag","embeddable":true,"href":"https:\/\/legacy.dia.edu.az\/en\/wp-json\/wp\/v2\/tags?post=21982"}],"curies":[{"name":"wp","href":"https:\/\/api.w.org\/{rel}","templated":true}]}}