{"id":21263,"date":"2023-11-01T15:18:20","date_gmt":"2023-11-01T11:18:20","guid":{"rendered":"https:\/\/dia.edu.az\/?p=21263"},"modified":"2023-11-02T11:22:31","modified_gmt":"2023-11-02T07:22:31","slug":"dovl%c9%99t-idar%c9%99cilik-akademiyasi-v%c9%99-iqtisadiyyat-nazirliyi-yaninda-antiinhisar-v%c9%99-istehlak-bazarina-n%c9%99zar%c9%99t-dovl%c9%99t-xidm%c9%99ti-arasinda-%c9%99m%c9%99kdasliga-dair-memo","status":"publish","type":"post","link":"https:\/\/legacy.dia.edu.az\/en\/arxivl\u0259r\/21263","title":{"rendered":"D\u00f6vl\u0259t \u0130dar\u0259\u00e7ilik Akademiyas\u0131 v\u0259 \u0130qtisadiyyat Nazirliyi yan\u0131nda Antiinhisar v\u0259 \u0130stehlak Bazar\u0131na N\u0259zar\u0259t D\u00f6vl\u0259t Xidm\u0259ti aras\u0131nda \u0259m\u0259kda\u015fl\u0131\u011fa dair memorandum imzalan\u0131b"},"content":{"rendered":"<div data-elementor-type=\"wp-post\" data-elementor-id=\"21263\" class=\"elementor elementor-21263\" data-elementor-settings=\"[]\">\n\t\t\t\t\t\t<div class=\"elementor-inner\">\n\t\t\t\t\t\t\t<div class=\"elementor-section-wrap\">\n\t\t\t\t\t\t\t<section class=\"elementor-section elementor-top-section elementor-element elementor-element-4f88cef elementor-section-boxed elementor-section-height-default elementor-section-height-default\" data-id=\"4f88cef\" data-element_type=\"section\">\n\t\t\t\t\t\t<div class=\"elementor-container elementor-column-gap-default\">\n\t\t\t\t\t\t\t<div class=\"elementor-row\">\n\t\t\t\t\t<div class=\"elementor-column elementor-col-100 elementor-top-column elementor-element elementor-element-c6f64fc\" data-id=\"c6f64fc\" data-element_type=\"column\">\n\t\t\t<div class=\"elementor-column-wrap elementor-element-populated\">\n\t\t\t\t\t\t\t<div class=\"elementor-widget-wrap\">\n\t\t\t\t\t\t<div class=\"elementor-element elementor-element-5527c33 elementor-widget elementor-widget-text-editor\" data-id=\"5527c33\" data-element_type=\"widget\" data-widget_type=\"text-editor.default\">\n\t\t\t\t<div class=\"elementor-widget-container\">\n\t\t\t\t\t\t\t\t<div class=\"elementor-text-editor elementor-clearfix\">\n\t\t\t\t\tD\u00f6vl\u0259t \u0130dar\u0259\u00e7ilik Akademiyas\u0131 v\u0259 \u0130qtisadiyyat Nazirliyi yan\u0131nda Antiinhisar v\u0259 \u0130stehlak Bazar\u0131na N\u0259zar\u0259t D\u00f6vl\u0259t Xidm\u0259ti aras\u0131nda \u0259m\u0259kda\u015fl\u0131\u011fa dair memorandum imzalan\u0131b\t\t\t\t\t<\/div>\n\t\t\t\t\t\t<\/div>\n\t\t\t\t<\/div>\n\t\t\t\t\t\t<\/div>\n\t\t\t\t\t<\/div>\n\t\t<\/div>\n\t\t\t\t\t\t\t\t<\/div>\n\t\t\t\t\t<\/div>\n\t\t<\/section>\n\t\t\t\t<section class=\"elementor-section elementor-top-section elementor-element elementor-element-0ec21f4 elementor-section-boxed elementor-section-height-default elementor-section-height-default\" data-id=\"0ec21f4\" data-element_type=\"section\">\n\t\t\t\t\t\t<div class=\"elementor-container elementor-column-gap-default\">\n\t\t\t\t\t\t\t<div class=\"elementor-row\">\n\t\t\t\t\t<div class=\"elementor-column elementor-col-100 elementor-top-column elementor-element elementor-element-d55992b\" data-id=\"d55992b\" data-element_type=\"column\">\n\t\t\t<div class=\"elementor-column-wrap elementor-element-populated\">\n\t\t\t\t\t\t\t<div class=\"elementor-widget-wrap\">\n\t\t\t\t\t\t<div class=\"elementor-element elementor-element-1d0e5c8 elementor-arrows-position-inside elementor-pagination-position-outside elementor-widget elementor-widget-image-carousel\" data-id=\"1d0e5c8\" data-element_type=\"widget\" data-settings=\"{&quot;navigation&quot;:&quot;both&quot;,&quot;autoplay&quot;:&quot;yes&quot;,&quot;pause_on_hover&quot;:&quot;yes&quot;,&quot;pause_on_interaction&quot;:&quot;yes&quot;,&quot;autoplay_speed&quot;:5000,&quot;infinite&quot;:&quot;yes&quot;,&quot;speed&quot;:500}\" data-widget_type=\"image-carousel.default\">\n\t\t\t\t<div class=\"elementor-widget-container\">\n\t\t\t\t\t<div class=\"elementor-image-carousel-wrapper swiper-container\" dir=\"ltr\">\n\t\t\t<div class=\"elementor-image-carousel swiper-wrapper\">\n\t\t\t\t<div class=\"swiper-slide\"><a data-elementor-open-lightbox=\"yes\" data-elementor-lightbox-slideshow=\"1d0e5c8\" data-elementor-lightbox-title=\"DSC_1446\" href=\"https:\/\/legacy.dia.edu.az\/wp-content\/uploads\/2023\/11\/DSC_1446-scaled.jpg\"><figure class=\"swiper-slide-inner\"><img class=\"swiper-slide-image\" src=\"https:\/\/legacy.dia.edu.az\/wp-content\/uploads\/2023\/11\/DSC_1446-150x150.jpg\" alt=\"DSC_1446\" \/><\/figure><\/a><\/div><div class=\"swiper-slide\"><a data-elementor-open-lightbox=\"yes\" data-elementor-lightbox-slideshow=\"1d0e5c8\" data-elementor-lightbox-title=\"DSC_1439\" href=\"https:\/\/legacy.dia.edu.az\/wp-content\/uploads\/2023\/11\/DSC_1439-scaled.jpg\"><figure class=\"swiper-slide-inner\"><img class=\"swiper-slide-image\" src=\"https:\/\/legacy.dia.edu.az\/wp-content\/uploads\/2023\/11\/DSC_1439-150x150.jpg\" alt=\"DSC_1439\" \/><\/figure><\/a><\/div><div class=\"swiper-slide\"><a data-elementor-open-lightbox=\"yes\" data-elementor-lightbox-slideshow=\"1d0e5c8\" data-elementor-lightbox-title=\"DSC_1450\" href=\"https:\/\/legacy.dia.edu.az\/wp-content\/uploads\/2023\/11\/DSC_1450-scaled.jpg\"><figure class=\"swiper-slide-inner\"><img class=\"swiper-slide-image\" src=\"https:\/\/legacy.dia.edu.az\/wp-content\/uploads\/2023\/11\/DSC_1450-150x150.jpg\" alt=\"DSC_1450\" \/><\/figure><\/a><\/div><div class=\"swiper-slide\"><a data-elementor-open-lightbox=\"yes\" data-elementor-lightbox-slideshow=\"1d0e5c8\" data-elementor-lightbox-title=\"DSC_1437\" href=\"https:\/\/legacy.dia.edu.az\/wp-content\/uploads\/2023\/11\/DSC_1437-scaled.jpg\"><figure class=\"swiper-slide-inner\"><img class=\"swiper-slide-image\" src=\"https:\/\/legacy.dia.edu.az\/wp-content\/uploads\/2023\/11\/DSC_1437-150x150.jpg\" alt=\"DSC_1437\" \/><\/figure><\/a><\/div><div class=\"swiper-slide\"><a data-elementor-open-lightbox=\"yes\" data-elementor-lightbox-slideshow=\"1d0e5c8\" data-elementor-lightbox-title=\"DSC_1442\" href=\"https:\/\/legacy.dia.edu.az\/wp-content\/uploads\/2023\/11\/DSC_1442-scaled.jpg\"><figure class=\"swiper-slide-inner\"><img class=\"swiper-slide-image\" src=\"https:\/\/legacy.dia.edu.az\/wp-content\/uploads\/2023\/11\/DSC_1442-150x150.jpg\" alt=\"DSC_1442\" \/><\/figure><\/a><\/div>\t\t\t<\/div>\n\t\t\t\t\t\t\t\t\t\t\t\t<div class=\"swiper-pagination\"><\/div>\n\t\t\t\t\t\t\t\t\t\t\t\t\t<div class=\"elementor-swiper-button elementor-swiper-button-prev\">\n\t\t\t\t\t\t<i class=\"eicon-chevron-left\" aria-hidden=\"true\"><\/i>\n\t\t\t\t\t\t<span class=\"elementor-screen-only\">Previous<\/span>\n\t\t\t\t\t<\/div>\n\t\t\t\t\t<div class=\"elementor-swiper-button elementor-swiper-button-next\">\n\t\t\t\t\t\t<i class=\"eicon-chevron-right\" aria-hidden=\"true\"><\/i>\n\t\t\t\t\t\t<span class=\"elementor-screen-only\">Next<\/span>\n\t\t\t\t\t<\/div>\n\t\t\t\t\t\t\t\t\t<\/div>\n\t\t\t\t<\/div>\n\t\t\t\t<\/div>\n\t\t\t\t\t\t<\/div>\n\t\t\t\t\t<\/div>\n\t\t<\/div>\n\t\t\t\t\t\t\t\t<\/div>\n\t\t\t\t\t<\/div>\n\t\t<\/section>\n\t\t\t\t<section class=\"elementor-section elementor-top-section elementor-element elementor-element-9c1c019 elementor-section-boxed elementor-section-height-default elementor-section-height-default\" data-id=\"9c1c019\" data-element_type=\"section\">\n\t\t\t\t\t\t<div class=\"elementor-container elementor-column-gap-default\">\n\t\t\t\t\t\t\t<div class=\"elementor-row\">\n\t\t\t\t\t<div class=\"elementor-column elementor-col-100 elementor-top-column elementor-element elementor-element-c7fafaa\" data-id=\"c7fafaa\" data-element_type=\"column\">\n\t\t\t<div class=\"elementor-column-wrap elementor-element-populated\">\n\t\t\t\t\t\t\t<div class=\"elementor-widget-wrap\">\n\t\t\t\t\t\t<div class=\"elementor-element elementor-element-ebced5b elementor-widget elementor-widget-text-editor\" data-id=\"ebced5b\" data-element_type=\"widget\" data-widget_type=\"text-editor.default\">\n\t\t\t\t<div class=\"elementor-widget-container\">\n\t\t\t\t\t\t\t\t<div class=\"elementor-text-editor elementor-clearfix\">\n\t\t\t\t\t<p>Oktyabr ay\u0131n\u0131n 31-d\u0259 Az\u0259rbaycan Respublikas\u0131n\u0131n Prezidenti yan\u0131nda D\u00f6vl\u0259t \u0130dar\u0259\u00e7ilik\nAkademiyas\u0131 il\u0259 \u0130qtisadiyyat Nazirliyi yan\u0131nda Antiinhisar v\u0259 \u0130stehlak Bazar\u0131na N\u0259zar\u0259t\nD\u00f6vl\u0259t Xidm\u0259ti aras\u0131nda \u0259m\u0259kda\u015fl\u0131\u011fa dair memorandum imzalan\u0131b.\nMemorandumu D\u00f6vl\u0259t \u0130dar\u0259\u00e7ilik Akademiyas\u0131n\u0131n rektoru, akademik Urxan \u018fl\u0259kb\u0259rov v\u0259\n\u0130qtisadiyyat Nazirliyi yan\u0131nda Antiinhisar v\u0259 \u0130stehlak Bazar\u0131na N\u0259zar\u0259t D\u00f6vl\u0259t Xidm\u0259tinin\nr\u0259isi M\u0259mm\u0259d Abbasb\u0259yli imzalay\u0131blar.\nMemorandum kadr potensial\u0131n\u0131n g\u00fccl\u0259ndirilm\u0259si m\u0259qs\u0259dil\u0259 y\u00fcks\u0259kixtisasl\u0131 kadrlar\u0131n\nhaz\u0131rlanmas\u0131, d\u00f6vl\u0259t qullu\u011fu sistemind\u0259 \u00e7al\u0131\u015fan g\u0259nc kadrlar\u0131n ixtisas\u0131n\u0131n art\u0131r\u0131lmas\u0131\n\u00fczr\u0259 ixtisasart\u0131rma kurslar\u0131n\u0131n t\u0259\u015fkili, idar\u0259etm\u0259 v\u0259 iqtisadiyyat sah\u0259l\u0259ri \u00fczr\u0259 t\u0259hsil alan\ng\u0259nc kadrlar\u0131n k\u00f6n\u00fcll\u00fcl\u00fck proqramlar\u0131nda i\u015ftirak\u0131, onlar\u0131n praktik t\u0259cr\u00fcb\u0259 \u0259ld\u0259 etm\u0259l\u0259rini\nd\u0259st\u0259kl\u0259m\u0259k istiqam\u0259tind\u0259 \u0259m\u0259kda\u015fl\u0131q v\u0259 dig\u0259r m\u0259s\u0259l\u0259l\u0259ri \u0259hat\u0259 edir.\nAntiinhisar v\u0259 \u0130stehlak Bazar\u0131na N\u0259zar\u0259t D\u00f6vl\u0259t Xidm\u0259ti v\u0259 D\u00f6vl\u0259t \u0130dar\u0259\u00e7ilik\nAkademiyas\u0131 t\u0259l\u0259b\u0259l\u0259rin t\u0259cr\u00fcb\u0259 proqramlar\u0131na c\u0259lb edilm\u0259si, istehsalat v\u0259 elmi-t\u0259dqiqat\nt\u0259cr\u00fcb\u0259l\u0259rind\u0259, o c\u00fcml\u0259d\u0259n seminar v\u0259 t\u0259liml\u0259rd\u0259 i\u015ftirak\u0131n\u0131n t\u0259min edilm\u0259si\nistiqam\u0259tind\u0259 \u0259m\u0259kda\u015fl\u0131q ed\u0259c\u0259kl\u0259r. Eyni zamanda memorandum D\u00f6vl\u0259t Xidm\u0259ti v\u0259\nD\u00f6vl\u0259t \u0130dar\u0259\u00e7ilik Akademiyas\u0131 aras\u0131nda \u0259m\u0259kda\u015fl\u0131q v\u0259 t\u0259r\u0259fda\u015fl\u0131q m\u00fcnasib\u0259tl\u0259rini t\u0259min\netm\u0259kl\u0259 elmi-praktiki m\u0259lumatlar\u0131n m\u00fcbadil\u0259si v\u0259 inki\u015faf\u0131n\u0131n, h\u0259m\u00e7inin d\u00f6vl\u0259t idar\u0259\u00e7iliyi,\ndavaml\u0131 iqtisadi inki\u015faf, insan potensial\u0131, antiinhisar, haqs\u0131z r\u0259qab\u0259t, istehlak\u00e7\u0131lar\u0131n\nh\u00fcquqlar\u0131n\u0131n m\u00fcdafi\u0259si v\u0259 qar\u015f\u0131l\u0131ql\u0131 maraq k\u0259sb ed\u0259n dig\u0259r sah\u0259l\u0259rd\u0259 \u0259m\u0259kda\u015fl\u0131q\nedilm\u0259sin\u0259 y\u00f6n\u0259lmi\u015fdir.\n\u0130mzalanma m\u0259rasimind\u0259 \u00e7\u0131x\u0131\u015f ed\u0259n rektor Urxan \u018fl\u0259kb\u0259rov \u00fcmummilli lider Heyd\u0259r\n\u018fliyevin m\u00fc\u0259llifi oldu\u011fu inki\u015faf strategiyas\u0131n\u0131n nailiyy\u0259tl\u0259ri v\u0259 Ulu \u00d6nd\u0259rin layiqli\ndavam\u00e7\u0131s\u0131 Prezident \u0130lham \u018fliyevin \u00f6lk\u0259d\u0259 h\u0259yata ke\u00e7irdiyi davaml\u0131 inki\u015faf\u0131n u\u011furlu\nn\u0259tic\u0259l\u0259ri, inkl\u00fcziv c\u0259miyy\u0259tin formala\u015fmas\u0131 sah\u0259sind\u0259 g\u00f6r\u00fcl\u0259n i\u015fl\u0259rin m\u00fcsb\u0259t\nn\u0259tic\u0259l\u0259rini vur\u011fulay\u0131b. Rektor \u00f6lk\u0259mizd\u0259 nadir idar\u0259\u00e7ilik texnologiyalar\u0131n\u0131n t\u0259tbiqi, \u00e7evik\nd\u00f6vl\u0259t idar\u0259etm\u0259 sisteminin formala\u015fd\u0131r\u0131lmas\u0131, elm\u0259 \u0259saslanan innovativ inki\u015faf\nstrategiyas\u0131n\u0131n realla\u015fd\u0131r\u0131lmas\u0131, d\u00f6vl\u0259t quruculu\u011fu v\u0259 d\u00f6vl\u0259t qullu\u011funun inki\u015faf\u0131na diqq\u0259t\n\u00e7\u0259kib. U.\u018fl\u0259kb\u0259rov vur\u011fulay\u0131b ki, \u00f6lk\u0259mizin q\u0131sa m\u00fcdd\u0259td\u0259 iqtisadi, sosial, siyasi,\nhumanitar v\u0259 dig\u0259r sah\u0259l\u0259rd\u0259 qazand\u0131\u011f\u0131 y\u00fcks\u0259k nailiyy\u0259tl\u0259r, XXI \u0259srin \u00e7a\u011f\u0131r\u0131\u015flar\u0131n\u0131n\nh\u0259llin\u0259 y\u00f6n\u0259lmi\u015f d\u00fcnya \u0259h\u0259miyy\u0259tli t\u0259\u015f\u0259bb\u00fcsl\u0259ri, ild\u0259n-il\u0259 artan beyn\u0259lxalq n\u00fcfuzu\n\nAz\u0259rbaycan\u0131 bir \u00e7ox istiqam\u0259tl\u0259rd\u0259 regional v\u0259 qlobal lider\u0259 \u00e7evirib. Son 44 g\u00fcnl\u00fck\nm\u00fcharib\u0259 v\u0259 \u00f6lk\u0259nin z\u0259f\u0259ri bunu bir daha n\u00fcmayi\u015f etdirib.\nSonra \u0130qtisadiyyat Nazirliyi yan\u0131nda Antiinhisar v\u0259 \u0130stehlak Bazar\u0131na N\u0259zar\u0259t D\u00f6vl\u0259t\nXidm\u0259tinin r\u0259isi M\u0259mm\u0259d Abbasb\u0259yli \u00e7\u0131x\u0131\u015f ed\u0259r\u0259k bildirib ki, \u00f6lk\u0259mizd\u0259 idar\u0259\u00e7ilik\nsah\u0259sind\u0259 pe\u015f\u0259kar kadrlar\u0131n yeti\u015fdirilm\u0259sin\u0259 x\u00fcsusi diqq\u0259t ay\u0131ran qabaqc\u0131l apar\u0131c\u0131\nt\u0259dris, metodik, elm v\u0259 analitik informasiya m\u0259rk\u0259zi olan D\u00f6vl\u0259t \u0130dar\u0259\u00e7ilik Akademiyas\u0131\nil\u0259 birg\u0259 \u0259m\u0259kda\u015fl\u0131q \u00f6n\u0259mli add\u0131mlardan biridir. Anla\u015fma Memorandumu \u00e7\u0259r\u00e7iv\u0259sind\u0259\nt\u0259hsilalanlar\u0131 D\u00f6vl\u0259t Xidm\u0259tinin f\u0259aliyy\u0259ti bar\u0259d\u0259 m\u0259lumatland\u0131rmaq m\u0259qs\u0259dil\u0259\nAkademiyada \u201cKaryera g\u00fcnl\u0259ri\u201dnin ke\u00e7irilm\u0259si n\u0259z\u0259rd\u0259 tutulur. D\u00f6vl\u0259t Xidm\u0259tinin r\u0259isi\nM\u0259mm\u0259d Abbasb\u0259yli bildirib ki, \u00f6lk\u0259d\u0259 g\u0259ncl\u0259r siyas\u0259ti istiqam\u0259tind\u0259 bir s\u0131ra proqramlar\nv\u0259 layih\u0259l\u0259r h\u0259yata ke\u00e7irilir. D\u00f6vl\u0259t Xidm\u0259tind\u0259 apar\u0131lan g\u0259ncl\u0259\u015fdirm\u0259 siyas\u0259tin\u0259\ntoxunan Xidm\u0259t r\u0259isi savadl\u0131 v\u0259 potensiall\u0131 g\u0259nc kadrlar\u0131n i\u015fl\u0259 t\u0259min olunmas\u0131 v\u0259 r\u0259hb\u0259r\nv\u0259zif\u0259l\u0259rd\u0259 \u00e7al\u0131\u015fmalar\u0131 \u00fc\u00e7\u00fcn \u015f\u0259raitin yarad\u0131ld\u0131\u011f\u0131n\u0131 qeyd edib. Vur\u011fulan\u0131b ki, g\u0259ncl\u0259rin\nd\u00f6vl\u0259t qurumlar\u0131nda f\u0259aliyy\u0259ti d\u00f6vl\u0259t idar\u0259etm\u0259sind\u0259 innovativ d\u00fc\u015f\u00fcnc\u0259l\u0259rin, m\u00fcasir\nyana\u015fmalar\u0131n t\u0259tbiqin\u0259 \u015f\u0259rait yarad\u0131b.\nAnla\u015fma Memorandumu haq\u0131nda dan\u0131\u015fan xidm\u0259t r\u0259isi burada \u0259sas m\u0259qs\u0259d idar\u0259etm\u0259\nixtisas\u0131 \u00fczr\u0259 t\u0259hsil alan t\u0259l\u0259b\u0259l\u0259rin Agentliyin struktur b\u00f6lm\u0259l\u0259rind\u0259 t\u0259cr\u00fcb\u0259 ke\u00e7m\u0259l\u0259ri,\nbirg\u0259 elmi-praktiki ara\u015fd\u0131rmalar\u0131n apar\u0131lmas\u0131 v\u0259 sair m\u0259s\u0259l\u0259l\u0259r n\u0259z\u0259rd\u0259 tutur.\nT\u0259dbirin sonunda D\u00f6vl\u0259t \u0130dar\u0259\u00e7ilik Akademiyas\u0131 il\u0259 \u0130qtisadiyyat Nazirliyi yan\u0131nda\nAntiinhisar v\u0259 \u0130stehlak Bazar\u0131na N\u0259zar\u0259t D\u00f6vl\u0259t Xidm\u0259ti aras\u0131nda anla\u015fma\nmemorandumu imzalan\u0131b.<\/p>\t\t\t\t\t<\/div>\n\t\t\t\t\t\t<\/div>\n\t\t\t\t<\/div>\n\t\t\t\t\t\t<\/div>\n\t\t\t\t\t<\/div>\n\t\t<\/div>\n\t\t\t\t\t\t\t\t<\/div>\n\t\t\t\t\t<\/div>\n\t\t<\/section>\n\t\t\t\t\t\t<\/div>\n\t\t\t\t\t\t<\/div>\n\t\t\t\t\t<\/div>","protected":false},"excerpt":{"rendered":"<p>D\u00f6vl\u0259t \u0130dar\u0259\u00e7ilik Akademiyas\u0131 v\u0259 \u0130qtisadiyyat Nazirliyi yan\u0131nda Antiinhisar v\u0259 \u0130stehlak Bazar\u0131na N\u0259zar\u0259t D\u00f6vl\u0259t Xidm\u0259ti aras\u0131nda \u0259m\u0259kda\u015fl\u0131\u011fa dair memorandum imzalan\u0131b<\/p>","protected":false},"author":2,"featured_media":21265,"comment_status":"closed","ping_status":"closed","sticky":false,"template":"","format":"standard","meta":[],"categories":[137],"tags":[],"_links":{"self":[{"href":"https:\/\/legacy.dia.edu.az\/en\/wp-json\/wp\/v2\/posts\/21263"}],"collection":[{"href":"https:\/\/legacy.dia.edu.az\/en\/wp-json\/wp\/v2\/posts"}],"about":[{"href":"https:\/\/legacy.dia.edu.az\/en\/wp-json\/wp\/v2\/types\/post"}],"author":[{"embeddable":true,"href":"https:\/\/legacy.dia.edu.az\/en\/wp-json\/wp\/v2\/users\/2"}],"replies":[{"embeddable":true,"href":"https:\/\/legacy.dia.edu.az\/en\/wp-json\/wp\/v2\/comments?post=21263"}],"version-history":[{"count":6,"href":"https:\/\/legacy.dia.edu.az\/en\/wp-json\/wp\/v2\/posts\/21263\/revisions"}],"predecessor-version":[{"id":21274,"href":"https:\/\/legacy.dia.edu.az\/en\/wp-json\/wp\/v2\/posts\/21263\/revisions\/21274"}],"wp:featuredmedia":[{"embeddable":true,"href":"https:\/\/legacy.dia.edu.az\/en\/wp-json\/wp\/v2\/media\/21265"}],"wp:attachment":[{"href":"https:\/\/legacy.dia.edu.az\/en\/wp-json\/wp\/v2\/media?parent=21263"}],"wp:term":[{"taxonomy":"category","embeddable":true,"href":"https:\/\/legacy.dia.edu.az\/en\/wp-json\/wp\/v2\/categories?post=21263"},{"taxonomy":"post_tag","embeddable":true,"href":"https:\/\/legacy.dia.edu.az\/en\/wp-json\/wp\/v2\/tags?post=21263"}],"curies":[{"name":"wp","href":"https:\/\/api.w.org\/{rel}","templated":true}]}}