{"id":21201,"date":"2023-10-19T14:00:30","date_gmt":"2023-10-19T10:00:30","guid":{"rendered":"https:\/\/dia.edu.az\/?p=21201"},"modified":"2023-10-19T14:17:24","modified_gmt":"2023-10-19T10:17:24","slug":"dovl%c9%99t-idar%c9%99cilik-akademiyasina-q%c9%99bul-olunan-prezident-t%c9%99qaudcul%c9%99ri-say-nisb%c9%99ti-s%c9%99m%c9%99r%c9%99liliyin%c9%99-gor%c9%99-reytinqd%c9%99-on-siralardadir","status":"publish","type":"post","link":"https:\/\/legacy.dia.edu.az\/en\/arxivl\u0259r\/21201","title":{"rendered":"D\u00f6vl\u0259t \u0130dar\u0259\u00e7ilik Akademiyas\u0131na q\u0259bul olunan Prezident t\u0259qa\u00fcd\u00e7\u00fcl\u0259ri say nisb\u0259ti s\u0259m\u0259r\u0259liliyin\u0259 g\u00f6r\u0259 reytinqd\u0259 \u00f6n s\u0131ralardad\u0131r"},"content":{"rendered":"<div data-elementor-type=\"wp-post\" data-elementor-id=\"21201\" class=\"elementor elementor-21201\" data-elementor-settings=\"[]\">\n\t\t\t\t\t\t<div class=\"elementor-inner\">\n\t\t\t\t\t\t\t<div class=\"elementor-section-wrap\">\n\t\t\t\t\t\t\t<section class=\"elementor-section elementor-top-section elementor-element elementor-element-ff693e7 elementor-section-boxed elementor-section-height-default elementor-section-height-default\" data-id=\"ff693e7\" data-element_type=\"section\">\n\t\t\t\t\t\t<div class=\"elementor-container elementor-column-gap-default\">\n\t\t\t\t\t\t\t<div class=\"elementor-row\">\n\t\t\t\t\t<div class=\"elementor-column elementor-col-100 elementor-top-column elementor-element elementor-element-3e8b67d\" data-id=\"3e8b67d\" data-element_type=\"column\">\n\t\t\t<div class=\"elementor-column-wrap elementor-element-populated\">\n\t\t\t\t\t\t\t<div class=\"elementor-widget-wrap\">\n\t\t\t\t\t\t<div class=\"elementor-element elementor-element-80be8ba elementor-widget elementor-widget-text-editor\" data-id=\"80be8ba\" data-element_type=\"widget\" data-widget_type=\"text-editor.default\">\n\t\t\t\t<div class=\"elementor-widget-container\">\n\t\t\t\t\t\t\t\t<div class=\"elementor-text-editor elementor-clearfix\">\n\t\t\t\t\tD\u00f6vl\u0259t \u0130dar\u0259\u00e7ilik Akademiyas\u0131na q\u0259bul olunan Prezident t\u0259qa\u00fcd\u00e7\u00fcl\u0259ri say nisb\u0259ti s\u0259m\u0259r\u0259liliyin\u0259 g\u00f6r\u0259 reytinqd\u0259 \u00f6n s\u0131ralardad\u0131r\t\t\t\t\t<\/div>\n\t\t\t\t\t\t<\/div>\n\t\t\t\t<\/div>\n\t\t\t\t\t\t<\/div>\n\t\t\t\t\t<\/div>\n\t\t<\/div>\n\t\t\t\t\t\t\t\t<\/div>\n\t\t\t\t\t<\/div>\n\t\t<\/section>\n\t\t\t\t<section class=\"elementor-section elementor-top-section elementor-element elementor-element-9ba5eb1 elementor-section-boxed elementor-section-height-default elementor-section-height-default\" data-id=\"9ba5eb1\" data-element_type=\"section\">\n\t\t\t\t\t\t<div class=\"elementor-container elementor-column-gap-default\">\n\t\t\t\t\t\t\t<div class=\"elementor-row\">\n\t\t\t\t\t<div class=\"elementor-column elementor-col-100 elementor-top-column elementor-element elementor-element-e72fe13\" data-id=\"e72fe13\" data-element_type=\"column\">\n\t\t\t<div class=\"elementor-column-wrap elementor-element-populated\">\n\t\t\t\t\t\t\t<div class=\"elementor-widget-wrap\">\n\t\t\t\t\t\t<div class=\"elementor-element elementor-element-4e789a9 elementor-widget elementor-widget-text-editor\" data-id=\"4e789a9\" data-element_type=\"widget\" data-widget_type=\"text-editor.default\">\n\t\t\t\t<div class=\"elementor-widget-container\">\n\t\t\t\t\t\t\t\t<div class=\"elementor-text-editor elementor-clearfix\">\n\t\t\t\t\t<p>Prezident \u0130lham \u018fliyev \u201c2023\u20132024-c\u00fc t\u0259dris ilind\u0259 Az\u0259rbaycan Respublikas\u0131n\u0131n ali m\u0259kt\u0259bl\u0259rin\u0259 daxil olmu\u015f t\u0259l\u0259b\u0259l\u0259r\u0259 Prezident t\u0259qa\u00fcd\u00fcn\u00fcn verilm\u0259si haqq\u0131nda\u201d S\u0259r\u0259ncam imzalay\u0131b. Prezident t\u0259qa\u00fcd\u00fcn\u0259 layiq g\u00f6r\u00fcl\u0259nl\u0259r aras\u0131nda Az\u0259rbaycan Respublikas\u0131n\u0131n Prezidenti yan\u0131nda D\u00f6vl\u0259t \u0130dar\u0259\u00e7ilik Akademiyas\u0131n\u0131n (D\u0130A) da t\u0259l\u0259b\u0259l\u0259ri var.\n\nPrezident t\u0259qa\u00fcd\u00fcn\u00fcn verilm\u0259si haqq\u0131nda Az\u0259rbaycan Respublikas\u0131 Prezidentinin S\u0259r\u0259ncam\u0131na \u0259sas\u0259n t\u0259l\u0259b\u0259 q\u0259bulu imtahanlar\u0131nda ixtisas qruplar\u0131 \u00fczr\u0259 \u0259n y\u00fcks\u0259k n\u0259tic\u0259 g\u00f6st\u0259rmi\u015f 102 n\u0259f\u0259r t\u0259l\u0259b\u0259 Prezident t\u0259qa\u00fcd\u00fcn\u0259 layiq g\u00f6r\u00fcl\u00fcb.\n\nBuilki m\u00fcsabiq\u0259nin n\u0259tic\u0259l\u0259rin\u0259 \u0259sas\u0259n 438 n\u0259f\u0259r D\u00f6vl\u0259t \u0130dar\u0259\u00e7ilik Akademiyas\u0131na q\u0259bul olub.\n\nD\u00f6vl\u0259t \u0130dar\u0259\u00e7ilik Akademiyas\u0131nda t\u0259hsil alacaq Prezident t\u0259qa\u00fcd\u00e7\u00fcl\u0259rinin say nisb\u0259ti s\u0259m\u0259r\u0259liliyin\u0259 n\u0259z\u0259r salsaq g\u00f6r\u0259rik ki, onlar \u00f6lk\u0259 \u00fczr\u0259 \u00fcmumi q\u0259bul olan t\u0259l\u0259b\u0259l\u0259rin say nisb\u0259ti il\u0259 m\u00fcqayis\u0259d\u0259 0,8 %, Prezident t\u0259qa\u00fcd\u00fcn\u0259 layiq g\u00f6r\u00fcl\u0259n 102 n\u0259f\u0259rin say nisb\u0259ti il\u0259 m\u00fcqayis\u0259d\u0259 is\u0259 5,9 %-i t\u0259\u015fkil edir. Bu statistika \u0259sas\u0259n D\u0130A-ya q\u0259bul olunan Prezident t\u0259qa\u00fcd\u00e7\u00fcl\u0259rinin say nisb\u0259ti s\u0259m\u0259r\u0259lilik g\u00f6st\u0259ricisini 6 d\u0259f\u0259 \u00fcst\u0259l\u0259yir. Prezident t\u0259qa\u00fcd\u00fcn\u0259 layiq g\u00f6r\u00fcl\u0259n 102 n\u0259f\u0259r t\u0259l\u0259b\u0259nin 6 n\u0259f\u0259ri D\u0130A-n\u0131n h\u00fcquq\u015f\u00fcnasl\u0131q ixtisas\u0131nda t\u0259hsil alacaqlar.<\/p>\t\t\t\t\t<\/div>\n\t\t\t\t\t\t<\/div>\n\t\t\t\t<\/div>\n\t\t\t\t\t\t<\/div>\n\t\t\t\t\t<\/div>\n\t\t<\/div>\n\t\t\t\t\t\t\t\t<\/div>\n\t\t\t\t\t<\/div>\n\t\t<\/section>\n\t\t\t\t\t\t<\/div>\n\t\t\t\t\t\t<\/div>\n\t\t\t\t\t<\/div>","protected":false},"excerpt":{"rendered":"<p>D\u00f6vl\u0259t \u0130dar\u0259\u00e7ilik Akademiyas\u0131na q\u0259bul olunan Prezident t\u0259qa\u00fcd\u00e7\u00fcl\u0259ri say nisb\u0259ti s\u0259m\u0259r\u0259liliyin\u0259 g\u00f6r\u0259 reytinqd\u0259 \u00f6n s\u0131ralardad\u0131r Prezident \u0130lham \u018fliyev \u201c2023\u20132024-c\u00fc t\u0259dris ilind\u0259 Az\u0259rbaycan Respublikas\u0131n\u0131n ali m\u0259kt\u0259bl\u0259rin\u0259 daxil olmu\u015f t\u0259l\u0259b\u0259l\u0259r\u0259 Prezident t\u0259qa\u00fcd\u00fcn\u00fcn verilm\u0259si haqq\u0131nda\u201d S\u0259r\u0259ncam imzalay\u0131b. Prezident t\u0259qa\u00fcd\u00fcn\u0259 layiq g\u00f6r\u00fcl\u0259nl\u0259r aras\u0131nda Az\u0259rbaycan Respublikas\u0131n\u0131n Prezidenti yan\u0131nda D\u00f6vl\u0259t \u0130dar\u0259\u00e7ilik Akademiyas\u0131n\u0131n (D\u0130A) da t\u0259l\u0259b\u0259l\u0259ri var. Prezident t\u0259qa\u00fcd\u00fcn\u00fcn verilm\u0259si haqq\u0131nda Az\u0259rbaycan Respublikas\u0131 [&hellip;]<\/p>","protected":false},"author":2,"featured_media":19451,"comment_status":"closed","ping_status":"closed","sticky":false,"template":"","format":"standard","meta":[],"categories":[137],"tags":[],"_links":{"self":[{"href":"https:\/\/legacy.dia.edu.az\/en\/wp-json\/wp\/v2\/posts\/21201"}],"collection":[{"href":"https:\/\/legacy.dia.edu.az\/en\/wp-json\/wp\/v2\/posts"}],"about":[{"href":"https:\/\/legacy.dia.edu.az\/en\/wp-json\/wp\/v2\/types\/post"}],"author":[{"embeddable":true,"href":"https:\/\/legacy.dia.edu.az\/en\/wp-json\/wp\/v2\/users\/2"}],"replies":[{"embeddable":true,"href":"https:\/\/legacy.dia.edu.az\/en\/wp-json\/wp\/v2\/comments?post=21201"}],"version-history":[{"count":11,"href":"https:\/\/legacy.dia.edu.az\/en\/wp-json\/wp\/v2\/posts\/21201\/revisions"}],"predecessor-version":[{"id":21212,"href":"https:\/\/legacy.dia.edu.az\/en\/wp-json\/wp\/v2\/posts\/21201\/revisions\/21212"}],"wp:featuredmedia":[{"embeddable":true,"href":"https:\/\/legacy.dia.edu.az\/en\/wp-json\/wp\/v2\/media\/19451"}],"wp:attachment":[{"href":"https:\/\/legacy.dia.edu.az\/en\/wp-json\/wp\/v2\/media?parent=21201"}],"wp:term":[{"taxonomy":"category","embeddable":true,"href":"https:\/\/legacy.dia.edu.az\/en\/wp-json\/wp\/v2\/categories?post=21201"},{"taxonomy":"post_tag","embeddable":true,"href":"https:\/\/legacy.dia.edu.az\/en\/wp-json\/wp\/v2\/tags?post=21201"}],"curies":[{"name":"wp","href":"https:\/\/api.w.org\/{rel}","templated":true}]}}