{"id":21120,"date":"2023-10-18T12:13:14","date_gmt":"2023-10-18T08:13:14","guid":{"rendered":"https:\/\/dia.edu.az\/?p=21120"},"modified":"2023-10-18T12:17:08","modified_gmt":"2023-10-18T08:17:08","slug":"dovl%c9%99t-idar%c9%99cilik-akademiyasinda-elmi-konfrans","status":"publish","type":"post","link":"https:\/\/legacy.dia.edu.az\/en\/arxivl\u0259r\/21120","title":{"rendered":"D\u00f6vl\u0259t \u0130dar\u0259\u00e7ilik Akademiyas\u0131nda elmi konfrans"},"content":{"rendered":"<div data-elementor-type=\"wp-post\" data-elementor-id=\"21120\" class=\"elementor elementor-21120\" data-elementor-settings=\"[]\">\n\t\t\t\t\t\t<div class=\"elementor-inner\">\n\t\t\t\t\t\t\t<div class=\"elementor-section-wrap\">\n\t\t\t\t\t\t\t<section class=\"elementor-section elementor-top-section elementor-element elementor-element-a579ebc elementor-section-boxed elementor-section-height-default elementor-section-height-default\" data-id=\"a579ebc\" data-element_type=\"section\">\n\t\t\t\t\t\t<div class=\"elementor-container elementor-column-gap-default\">\n\t\t\t\t\t\t\t<div class=\"elementor-row\">\n\t\t\t\t\t<div class=\"elementor-column elementor-col-100 elementor-top-column elementor-element elementor-element-33c8bd4\" data-id=\"33c8bd4\" data-element_type=\"column\">\n\t\t\t<div class=\"elementor-column-wrap elementor-element-populated\">\n\t\t\t\t\t\t\t<div class=\"elementor-widget-wrap\">\n\t\t\t\t\t\t<div class=\"elementor-element elementor-element-b9724d7 elementor-widget elementor-widget-text-editor\" data-id=\"b9724d7\" data-element_type=\"widget\" data-widget_type=\"text-editor.default\">\n\t\t\t\t<div class=\"elementor-widget-container\">\n\t\t\t\t\t\t\t\t<div class=\"elementor-text-editor elementor-clearfix\">\n\t\t\t\t\tD\u00f6vl\u0259t \u0130dar\u0259\u00e7ilik Akademiyas\u0131nda elmi konfrans\t\t\t\t\t<\/div>\n\t\t\t\t\t\t<\/div>\n\t\t\t\t<\/div>\n\t\t\t\t\t\t<\/div>\n\t\t\t\t\t<\/div>\n\t\t<\/div>\n\t\t\t\t\t\t\t\t<\/div>\n\t\t\t\t\t<\/div>\n\t\t<\/section>\n\t\t\t\t<section class=\"elementor-section elementor-top-section elementor-element elementor-element-f1ff4d0 elementor-section-boxed elementor-section-height-default elementor-section-height-default\" data-id=\"f1ff4d0\" data-element_type=\"section\">\n\t\t\t\t\t\t<div class=\"elementor-container elementor-column-gap-default\">\n\t\t\t\t\t\t\t<div class=\"elementor-row\">\n\t\t\t\t\t<div class=\"elementor-column elementor-col-25 elementor-top-column elementor-element elementor-element-15dfa69\" data-id=\"15dfa69\" data-element_type=\"column\">\n\t\t\t<div class=\"elementor-column-wrap elementor-element-populated\">\n\t\t\t\t\t\t\t<div class=\"elementor-widget-wrap\">\n\t\t\t\t\t\t<div class=\"elementor-element elementor-element-af05517 elementor-widget elementor-widget-image\" data-id=\"af05517\" data-element_type=\"widget\" data-widget_type=\"image.default\">\n\t\t\t\t<div class=\"elementor-widget-container\">\n\t\t\t\t\t\t\t\t<div class=\"elementor-image\">\n\t\t\t\t\t\t\t\t\t\t\t\t\t<a href=\"https:\/\/dia.edu.az\/wp-content\/uploads\/2023\/10\/1697545761652062952_1200x630.jpg\">\n\t\t\t\t\t\t\t<img width=\"450\" height=\"298\" src=\"https:\/\/legacy.dia.edu.az\/wp-content\/uploads\/2023\/10\/1697545761652062952_1200x630-450x298.jpg\" class=\"attachment-large size-large\" alt=\"\" srcset=\"https:\/\/legacy.dia.edu.az\/wp-content\/uploads\/2023\/10\/1697545761652062952_1200x630-450x298.jpg 450w, https:\/\/legacy.dia.edu.az\/wp-content\/uploads\/2023\/10\/1697545761652062952_1200x630-200x132.jpg 200w, https:\/\/legacy.dia.edu.az\/wp-content\/uploads\/2023\/10\/1697545761652062952_1200x630-18x12.jpg 18w, https:\/\/legacy.dia.edu.az\/wp-content\/uploads\/2023\/10\/1697545761652062952_1200x630-150x100.jpg 150w, https:\/\/legacy.dia.edu.az\/wp-content\/uploads\/2023\/10\/1697545761652062952_1200x630.jpg 951w, https:\/\/legacy.dia.edu.az\/wp-content\/uploads\/2023\/10\/1697545761652062952_1200x630-450x298@2x.jpg 900w, https:\/\/legacy.dia.edu.az\/wp-content\/uploads\/2023\/10\/1697545761652062952_1200x630-200x132@2x.jpg 400w\" sizes=\"(max-width: 450px) 100vw, 450px\" \/>\t\t\t\t\t\t\t\t<\/a>\n\t\t\t\t\t\t\t\t\t\t\t\t\t\t<\/div>\n\t\t\t\t\t\t<\/div>\n\t\t\t\t<\/div>\n\t\t\t\t\t\t<\/div>\n\t\t\t\t\t<\/div>\n\t\t<\/div>\n\t\t\t\t<div class=\"elementor-column elementor-col-25 elementor-top-column elementor-element elementor-element-3e55930\" data-id=\"3e55930\" data-element_type=\"column\">\n\t\t\t<div class=\"elementor-column-wrap elementor-element-populated\">\n\t\t\t\t\t\t\t<div class=\"elementor-widget-wrap\">\n\t\t\t\t\t\t<div class=\"elementor-element elementor-element-3643378 elementor-widget elementor-widget-image\" data-id=\"3643378\" data-element_type=\"widget\" data-widget_type=\"image.default\">\n\t\t\t\t<div class=\"elementor-widget-container\">\n\t\t\t\t\t\t\t\t<div class=\"elementor-image\">\n\t\t\t\t\t\t\t\t\t\t\t\t\t<a href=\"https:\/\/dia.edu.az\/wp-content\/uploads\/2023\/10\/16975457613999526812_1200x630.jpg\">\n\t\t\t\t\t\t\t<img width=\"450\" height=\"298\" src=\"https:\/\/legacy.dia.edu.az\/wp-content\/uploads\/2023\/10\/16975457613999526812_1200x630-450x298.jpg\" class=\"attachment-large size-large\" alt=\"\" srcset=\"https:\/\/legacy.dia.edu.az\/wp-content\/uploads\/2023\/10\/16975457613999526812_1200x630-450x298.jpg 450w, https:\/\/legacy.dia.edu.az\/wp-content\/uploads\/2023\/10\/16975457613999526812_1200x630-200x132.jpg 200w, https:\/\/legacy.dia.edu.az\/wp-content\/uploads\/2023\/10\/16975457613999526812_1200x630-18x12.jpg 18w, https:\/\/legacy.dia.edu.az\/wp-content\/uploads\/2023\/10\/16975457613999526812_1200x630-150x100.jpg 150w, https:\/\/legacy.dia.edu.az\/wp-content\/uploads\/2023\/10\/16975457613999526812_1200x630.jpg 951w, https:\/\/legacy.dia.edu.az\/wp-content\/uploads\/2023\/10\/16975457613999526812_1200x630-450x298@2x.jpg 900w, https:\/\/legacy.dia.edu.az\/wp-content\/uploads\/2023\/10\/16975457613999526812_1200x630-200x132@2x.jpg 400w\" sizes=\"(max-width: 450px) 100vw, 450px\" \/>\t\t\t\t\t\t\t\t<\/a>\n\t\t\t\t\t\t\t\t\t\t\t\t\t\t<\/div>\n\t\t\t\t\t\t<\/div>\n\t\t\t\t<\/div>\n\t\t\t\t\t\t<\/div>\n\t\t\t\t\t<\/div>\n\t\t<\/div>\n\t\t\t\t<div class=\"elementor-column elementor-col-25 elementor-top-column elementor-element elementor-element-9695ab7\" data-id=\"9695ab7\" data-element_type=\"column\">\n\t\t\t<div class=\"elementor-column-wrap elementor-element-populated\">\n\t\t\t\t\t\t\t<div class=\"elementor-widget-wrap\">\n\t\t\t\t\t\t<div class=\"elementor-element elementor-element-793f808 elementor-widget elementor-widget-image\" data-id=\"793f808\" data-element_type=\"widget\" data-widget_type=\"image.default\">\n\t\t\t\t<div class=\"elementor-widget-container\">\n\t\t\t\t\t\t\t\t<div class=\"elementor-image\">\n\t\t\t\t\t\t\t\t\t\t\t\t\t<a href=\"https:\/\/dia.edu.az\/wp-content\/uploads\/2023\/10\/16975457612108445097_1200x630.jpg\">\n\t\t\t\t\t\t\t<img width=\"450\" height=\"298\" src=\"https:\/\/legacy.dia.edu.az\/wp-content\/uploads\/2023\/10\/16975457612108445097_1200x630-450x298.jpg\" class=\"attachment-large size-large\" alt=\"\" srcset=\"https:\/\/legacy.dia.edu.az\/wp-content\/uploads\/2023\/10\/16975457612108445097_1200x630-450x298.jpg 450w, https:\/\/legacy.dia.edu.az\/wp-content\/uploads\/2023\/10\/16975457612108445097_1200x630-200x132.jpg 200w, https:\/\/legacy.dia.edu.az\/wp-content\/uploads\/2023\/10\/16975457612108445097_1200x630-18x12.jpg 18w, https:\/\/legacy.dia.edu.az\/wp-content\/uploads\/2023\/10\/16975457612108445097_1200x630-150x100.jpg 150w, https:\/\/legacy.dia.edu.az\/wp-content\/uploads\/2023\/10\/16975457612108445097_1200x630.jpg 951w, https:\/\/legacy.dia.edu.az\/wp-content\/uploads\/2023\/10\/16975457612108445097_1200x630-450x298@2x.jpg 900w, https:\/\/legacy.dia.edu.az\/wp-content\/uploads\/2023\/10\/16975457612108445097_1200x630-200x132@2x.jpg 400w\" sizes=\"(max-width: 450px) 100vw, 450px\" \/>\t\t\t\t\t\t\t\t<\/a>\n\t\t\t\t\t\t\t\t\t\t\t\t\t\t<\/div>\n\t\t\t\t\t\t<\/div>\n\t\t\t\t<\/div>\n\t\t\t\t\t\t<\/div>\n\t\t\t\t\t<\/div>\n\t\t<\/div>\n\t\t\t\t<div class=\"elementor-column elementor-col-25 elementor-top-column elementor-element elementor-element-69b5638\" data-id=\"69b5638\" data-element_type=\"column\">\n\t\t\t<div class=\"elementor-column-wrap elementor-element-populated\">\n\t\t\t\t\t\t\t<div class=\"elementor-widget-wrap\">\n\t\t\t\t\t\t<div class=\"elementor-element elementor-element-d1d83a0 elementor-widget elementor-widget-image\" data-id=\"d1d83a0\" data-element_type=\"widget\" data-widget_type=\"image.default\">\n\t\t\t\t<div class=\"elementor-widget-container\">\n\t\t\t\t\t\t\t\t<div class=\"elementor-image\">\n\t\t\t\t\t\t\t\t\t\t\t\t\t<a href=\"https:\/\/dia.edu.az\/wp-content\/uploads\/2023\/10\/16975457612026937084_1200x630.jpg\">\n\t\t\t\t\t\t\t<img width=\"450\" height=\"298\" src=\"https:\/\/legacy.dia.edu.az\/wp-content\/uploads\/2023\/10\/16975457612026937084_1200x630-450x298.jpg\" class=\"attachment-large size-large\" alt=\"\" srcset=\"https:\/\/legacy.dia.edu.az\/wp-content\/uploads\/2023\/10\/16975457612026937084_1200x630-450x298.jpg 450w, https:\/\/legacy.dia.edu.az\/wp-content\/uploads\/2023\/10\/16975457612026937084_1200x630-200x132.jpg 200w, https:\/\/legacy.dia.edu.az\/wp-content\/uploads\/2023\/10\/16975457612026937084_1200x630-18x12.jpg 18w, https:\/\/legacy.dia.edu.az\/wp-content\/uploads\/2023\/10\/16975457612026937084_1200x630-150x100.jpg 150w, https:\/\/legacy.dia.edu.az\/wp-content\/uploads\/2023\/10\/16975457612026937084_1200x630.jpg 951w, https:\/\/legacy.dia.edu.az\/wp-content\/uploads\/2023\/10\/16975457612026937084_1200x630-450x298@2x.jpg 900w, https:\/\/legacy.dia.edu.az\/wp-content\/uploads\/2023\/10\/16975457612026937084_1200x630-200x132@2x.jpg 400w\" sizes=\"(max-width: 450px) 100vw, 450px\" \/>\t\t\t\t\t\t\t\t<\/a>\n\t\t\t\t\t\t\t\t\t\t\t\t\t\t<\/div>\n\t\t\t\t\t\t<\/div>\n\t\t\t\t<\/div>\n\t\t\t\t\t\t<\/div>\n\t\t\t\t\t<\/div>\n\t\t<\/div>\n\t\t\t\t\t\t\t\t<\/div>\n\t\t\t\t\t<\/div>\n\t\t<\/section>\n\t\t\t\t<section class=\"elementor-section elementor-top-section elementor-element elementor-element-6fcac32 elementor-section-boxed elementor-section-height-default elementor-section-height-default\" data-id=\"6fcac32\" data-element_type=\"section\">\n\t\t\t\t\t\t<div class=\"elementor-container elementor-column-gap-default\">\n\t\t\t\t\t\t\t<div class=\"elementor-row\">\n\t\t\t\t\t<div class=\"elementor-column elementor-col-100 elementor-top-column elementor-element elementor-element-b87ff46\" data-id=\"b87ff46\" data-element_type=\"column\">\n\t\t\t<div class=\"elementor-column-wrap elementor-element-populated\">\n\t\t\t\t\t\t\t<div class=\"elementor-widget-wrap\">\n\t\t\t\t\t\t<div class=\"elementor-element elementor-element-8b25c7a elementor-widget elementor-widget-text-editor\" data-id=\"8b25c7a\" data-element_type=\"widget\" data-widget_type=\"text-editor.default\">\n\t\t\t\t<div class=\"elementor-widget-container\">\n\t\t\t\t\t\t\t\t<div class=\"elementor-text-editor elementor-clearfix\">\n\t\t\t\t\t<p>Az\u0259rbaycan Respublikas\u0131n\u0131n Prezidenti yan\u0131nda D\u00f6vl\u0259t \u0130dar\u0259\u00e7ilik Akademiyas\u0131nda (D\u0130A) elmi konfrans ke\u00e7irilib.\n\n\n\nT\u0259dbird\u0259 D\u00f6vl\u0259t \u0130dar\u0259\u00e7ilik Akademiyas\u0131n\u0131n rektoru akademik Urxan \u018fl\u0259kb\u0259rov \u00f6lk\u0259nin son iyirmi ild\u0259 b\u00fct\u00fcn sah\u0259l\u0259rd\u0259 b\u00f6y\u00fck u\u011furlar \u0259ld\u0259 etdiyini s\u00f6yl\u0259yib. O, \u00f6lk\u0259nin u\u011furlu inki\u015faf\u0131 say\u0259sind\u0259 d\u00f6vl\u0259t\u00e7ilik \u0259n\u0259n\u0259l\u0259rimizin m\u00f6hk\u0259ml\u0259ndiyini, iqtisadi v\u0259 siyasi g\u00fcc\u00fcm\u00fcz\u00fcn artd\u0131\u011f\u0131n\u0131 bildirib. Qeyd edilib ki, m\u00fcst\u0259qil Az\u0259rbaycan Respublikas\u0131 bu g\u00fcn h\u0259r bir soyda\u015f\u0131m\u0131z \u00fc\u00e7\u00fcn \u0259sl q\u00fcrur m\u0259nb\u0259yin\u0259 \u00e7evrilib.\n\nAkademik U.\u018fl\u0259kb\u0259rov Az\u0259rbaycan Prezidenti, M\u00fcz\u0259ff\u0259r Ali Ba\u015f Komandan \u0130lham \u018fliyevin r\u0259hb\u0259rliyi, \u015fanl\u0131 Ordumuzun g\u00fcc\u00fc il\u0259 V\u0259t\u0259n m\u00fcharib\u0259si zaman\u0131 qazand\u0131\u011f\u0131m\u0131z b\u00f6y\u00fck Q\u0259l\u0259b\u0259d\u0259n, \u0259razi b\u00fct\u00f6vl\u00fcy\u00fcm\u00fcz\u00fcn t\u0259min olunmas\u0131ndan, Xank\u0259ndid\u0259 v\u0259 dig\u0259r i\u015f\u011faldan azad olunmu\u015f \u015f\u0259h\u0259r v\u0259 \u0259razil\u0259rimizd\u0259 Az\u0259rbaycan\u0131n D\u00f6vl\u0259t Bayra\u011f\u0131n\u0131n qald\u0131r\u0131lmas\u0131n\u0131n \u0259h\u0259miyy\u0259tind\u0259n s\u00f6z a\u00e7\u0131b. Rektor bildirib ki, Q\u0259l\u0259b\u0259mizin ba\u015fl\u0131ca amili Prezident, Ali Ba\u015f Komandan \u0130lham \u018fliyevin h\u0259yata ke\u00e7irdiyi g\u00fccl\u00fc d\u00f6vl\u0259t, g\u00fccl\u00fc xalq v\u0259 g\u00fccl\u00fc ordu strategiyas\u0131 olub.\n\nDiqq\u0259t\u0259 \u00e7atd\u0131r\u0131l\u0131b ki, son 20 ild\u0259 Az\u0259rbaycan Prezidenti \u0130lham \u018fliyevin r\u0259hb\u0259rliyi alt\u0131nda bir \u00e7ox sah\u0259l\u0259rd\u0259 oldu\u011fu kimi, elm sah\u0259sind\u0259 d\u0259 y\u00fcks\u0259k u\u011furlara imza at\u0131l\u0131b. Bel\u0259 ki, 2003-2023-c\u00fc ill\u0259rd\u0259 elmin inki\u015faf\u0131 d\u00f6vl\u0259t siyas\u0259tinin strateji \u0259h\u0259miyy\u0259tli prioritetl\u0259rind\u0259n birin\u0259 \u00e7evrilib, d\u00f6vl\u0259t v\u0259 v\u0259t\u0259nda\u015f c\u0259miyy\u0259ti quruculu\u011funda elmin yeri v\u0259 rolu m\u00fc\u0259yy\u0259nl\u0259\u015fdirilib, elmi f\u0259aliyy\u0259tin stimulla\u015fd\u0131r\u0131lmas\u0131 istiqam\u0259tind\u0259 ard\u0131c\u0131l t\u0259dbirl\u0259r h\u0259yata ke\u00e7irilib.\n\nAkademik U.\u018fl\u0259kb\u0259rov xat\u0131rlad\u0131b ki, 2018-ci ild\u0259 \u00f6lk\u0259l\u0259rin inki\u015faf\u0131n\u0131 d\u0259y\u0259rl\u0259ndirm\u0259k \u00fc\u00e7\u00fcn inkl\u00fcziv inki\u015faf indeksi t\u0259klif edildi. Bu g\u00f6st\u0259rici \u00f6lk\u0259nin indiki v\u0259 g\u0259l\u0259c\u0259k n\u0259sill\u0259rin h\u0259rt\u0259r\u0259fli v\u0259 \u0259hat\u0259li inki\u015faf\u0131na n\u0259 d\u0259r\u0259c\u0259d\u0259 haz\u0131r oldu\u011funu n\u00fcmayi\u015f etdirir. Prezident \u0130lham \u018fliyevin \u00f6lk\u0259d\u0259, ilk n\u00f6vb\u0259d\u0259, i\u015f\u011faldan azad edilmi\u015f \u0259razil\u0259rd\u0259 davaml\u0131 inki\u015faf ed\u0259n inkl\u00fcziv c\u0259miyy\u0259tin formala\u015fmas\u0131n\u0131 milli prioritet kimi m\u00fc\u0259yy\u0259nl\u0259\u015fdirm\u0259si uzaqg\u00f6r\u0259nliyin v\u0259 perspektivl\u0259rin d\u00fczg\u00fcn h\u0259d\u0259fl\u0259nm\u0259sinin bariz t\u0259zah\u00fcr\u00fcd\u00fcr. Son 20 ild\u0259 Az\u0259rbaycan Respublikas\u0131 inkl\u00fcziv inki\u015faf\u0131n s\u0259m\u0259r\u0259li idar\u0259edilm\u0259si sah\u0259sind\u0259 d\u00fcnya liderin\u0259 \u00e7evrilib. D\u00fcnya Bank\u0131 v\u0259 Davos D\u00fcnya \u0130qtisadi Forumunun d\u0259rc etdiyi r\u0259smi hesabatlara \u0259sas\u0259n Az\u0259rbaycan Respublikas\u0131n\u0131n \u0130nkl\u00fcziv \u0130nki\u015faf \u0130ndeksi 4,69 b\u0259rab\u0259rdir v\u0259 bu g\u00f6st\u0259rici il\u0259 \u00f6lk\u0259miz d\u00fcnyada 25-ci yerd\u0259dir. N\u0259z\u0259r\u0259 al\u0131nmal\u0131d\u0131r ki, iqtisadi imkanlar\u0131na g\u00f6r\u0259 \u00f6lk\u0259miz d\u00fcnyada 83-c\u00fc yerd\u0259dir. Bu o dem\u0259kdir ki, \u00f6lk\u0259mizd\u0259 unikal d\u00f6vl\u0259t idar\u0259\u00e7ilik texnologiyalar\u0131 t\u0259tbiq edilir. Ad\u0259t\u0259n iqtisadi imkanlarla inkl\u00fcziv inki\u015faf sah\u0259sind\u0259 d\u00fcnya \u00f6lk\u0259l\u0259rinin reytinqi ya \u00fcst-\u00fcst\u0259 d\u00fc\u015f\u00fcr v\u0259 ya \u00e7ox yax\u0131n olur. Nisb\u0259t\u0259n m\u0259hdud imkanlarla y\u00fcks\u0259k n\u0259tic\u0259nin qazan\u0131lmas\u0131 yaln\u0131z u\u011furlu idar\u0259etm\u0259nin n\u0259tic\u0259si ola bil\u0259r. Az\u0259rbaycan Respublikas\u0131nda Prezident \u0130lham \u018fliyevin son 20 ild\u0259 realla\u015fd\u0131rd\u0131\u011f\u0131 u\u011furlu siyas\u0259t bu nailiyy\u0259tl\u0259rin qazan\u0131lmas\u0131n\u0131 t\u0259min edib.\n\nKonfransda D\u00f6vl\u0259t \u0130dar\u0259\u00e7ilik Akademiyas\u0131n\u0131n D\u00f6vl\u0259t qullu\u011fu v\u0259 kadr siyas\u0259ti kafedras\u0131n\u0131n m\u00fcdiri, siyasi elml\u0259r doktoru, Milli M\u0259clisin deputat\u0131, professor Hikm\u0259t Babao\u011flu, Tarix kafedras\u0131n\u0131n m\u00fcdiri dosent Firdovsiyy\u0259 \u018fhm\u0259dova, H\u00fcquq kafedras\u0131n\u0131n m\u00fcdiri professor \u0130saxan V\u0259liyev v\u0259 dig\u0259rl\u0259ri \u00e7\u0131x\u0131\u015f ed\u0259r\u0259k d\u00f6vl\u0259t m\u00fcst\u0259qilliyimizin b\u0259rpas\u0131 u\u011frunda ged\u0259n m\u00fcbariz\u0259l\u0259rd\u0259n, \u0259ld\u0259 olunan u\u011furlardan b\u0259hs edibl\u0259r.\n\n\u00c7\u0131x\u0131\u015f ed\u0259nl\u0259r Az\u0259rbaycan\u0131n d\u00f6vl\u0259t m\u00fcst\u0259qilliyinin b\u0259rpa edilm\u0259sini xalq\u0131m\u0131z\u0131n tarixind\u0259 b\u00f6y\u00fck hadis\u0259 kimi qiym\u0259tl\u0259ndirib, \u00f6lk\u0259nin \u0259ld\u0259 etdiyi nailiyy\u0259tl\u0259r bar\u0259d\u0259 fikirl\u0259rini b\u00f6l\u00fc\u015f\u00fcbl\u0259r. Bildirilib ki, m\u00fcst\u0259qilliyi qoruyub saxlama\u011f\u0131n onu qazanmaqdan qat-qat \u00e7\u0259tin oldu\u011funu tarix d\u0259f\u0259l\u0259rl\u0259 s\u00fcbut edib. Az\u0259rbaycan xalq\u0131 bu il \u0259lam\u0259tdar g\u00fcnl\u0259ri \u00f6z \u0259razi b\u00fct\u00f6vl\u00fcy\u00fcn\u00fc b\u0259rpa etmi\u015f qalib xalq kimi qeyd edir.\n\nVur\u011fulan\u0131b ki, \u0259ld\u0259 edil\u0259n b\u00fct\u00fcn u\u011furlar\u0131n, bu tarixi hadis\u0259nin yarad\u0131c\u0131s\u0131, memar\u0131 Prezident \u0130lham \u018fliyevdir. Xank\u0259ndid\u0259 Az\u0259rbaycan\u0131n D\u00f6vl\u0259t Bayra\u011f\u0131n\u0131n ucald\u0131lmas\u0131 il\u0259 xalq\u0131m\u0131z\u0131n v\u0259 d\u00f6vl\u0259timizin inki\u015faf\u0131nda yeni m\u0259rh\u0259l\u0259 ba\u015flan\u0131r.<\/p>\t\t\t\t\t<\/div>\n\t\t\t\t\t\t<\/div>\n\t\t\t\t<\/div>\n\t\t\t\t\t\t<\/div>\n\t\t\t\t\t<\/div>\n\t\t<\/div>\n\t\t\t\t\t\t\t\t<\/div>\n\t\t\t\t\t<\/div>\n\t\t<\/section>\n\t\t\t\t\t\t<\/div>\n\t\t\t\t\t\t<\/div>\n\t\t\t\t\t<\/div>","protected":false},"excerpt":{"rendered":"<p>D\u00f6vl\u0259t \u0130dar\u0259\u00e7ilik Akademiyas\u0131nda elmi konfrans Az\u0259rbaycan Respublikas\u0131n\u0131n Prezidenti yan\u0131nda D\u00f6vl\u0259t \u0130dar\u0259\u00e7ilik Akademiyas\u0131nda (D\u0130A) elmi konfrans ke\u00e7irilib. T\u0259dbird\u0259 D\u00f6vl\u0259t \u0130dar\u0259\u00e7ilik Akademiyas\u0131n\u0131n rektoru akademik Urxan \u018fl\u0259kb\u0259rov \u00f6lk\u0259nin son iyirmi ild\u0259 b\u00fct\u00fcn sah\u0259l\u0259rd\u0259 b\u00f6y\u00fck u\u011furlar \u0259ld\u0259 etdiyini s\u00f6yl\u0259yib. O, \u00f6lk\u0259nin u\u011furlu inki\u015faf\u0131 say\u0259sind\u0259 d\u00f6vl\u0259t\u00e7ilik \u0259n\u0259n\u0259l\u0259rimizin m\u00f6hk\u0259ml\u0259ndiyini, iqtisadi v\u0259 siyasi g\u00fcc\u00fcm\u00fcz\u00fcn artd\u0131\u011f\u0131n\u0131 bildirib. Qeyd edilib ki, m\u00fcst\u0259qil Az\u0259rbaycan Respublikas\u0131 [&hellip;]<\/p>","protected":false},"author":2,"featured_media":21124,"comment_status":"closed","ping_status":"closed","sticky":false,"template":"","format":"standard","meta":[],"categories":[137],"tags":[],"_links":{"self":[{"href":"https:\/\/legacy.dia.edu.az\/en\/wp-json\/wp\/v2\/posts\/21120"}],"collection":[{"href":"https:\/\/legacy.dia.edu.az\/en\/wp-json\/wp\/v2\/posts"}],"about":[{"href":"https:\/\/legacy.dia.edu.az\/en\/wp-json\/wp\/v2\/types\/post"}],"author":[{"embeddable":true,"href":"https:\/\/legacy.dia.edu.az\/en\/wp-json\/wp\/v2\/users\/2"}],"replies":[{"embeddable":true,"href":"https:\/\/legacy.dia.edu.az\/en\/wp-json\/wp\/v2\/comments?post=21120"}],"version-history":[{"count":8,"href":"https:\/\/legacy.dia.edu.az\/en\/wp-json\/wp\/v2\/posts\/21120\/revisions"}],"predecessor-version":[{"id":21132,"href":"https:\/\/legacy.dia.edu.az\/en\/wp-json\/wp\/v2\/posts\/21120\/revisions\/21132"}],"wp:featuredmedia":[{"embeddable":true,"href":"https:\/\/legacy.dia.edu.az\/en\/wp-json\/wp\/v2\/media\/21124"}],"wp:attachment":[{"href":"https:\/\/legacy.dia.edu.az\/en\/wp-json\/wp\/v2\/media?parent=21120"}],"wp:term":[{"taxonomy":"category","embeddable":true,"href":"https:\/\/legacy.dia.edu.az\/en\/wp-json\/wp\/v2\/categories?post=21120"},{"taxonomy":"post_tag","embeddable":true,"href":"https:\/\/legacy.dia.edu.az\/en\/wp-json\/wp\/v2\/tags?post=21120"}],"curies":[{"name":"wp","href":"https:\/\/api.w.org\/{rel}","templated":true}]}}