{"id":20867,"date":"2023-09-20T21:43:21","date_gmt":"2023-09-20T17:43:21","guid":{"rendered":"https:\/\/dia.edu.az\/?p=20867"},"modified":"2023-09-20T21:49:26","modified_gmt":"2023-09-20T17:49:26","slug":"elmi-t%c9%99dqiqatlarin-s%c9%99m%c9%99r%c9%99liliyinin-artirilmasi-m%c9%99qs%c9%99di-il%c9%99-akademik-yazi-bacariqlari-adli-seminar-kecirilib","status":"publish","type":"post","link":"https:\/\/legacy.dia.edu.az\/en\/arxivl\u0259r\/20867","title":{"rendered":"Elmi t\u0259dqiqatlar\u0131n s\u0259m\u0259r\u0259liliyinin art\u0131r\u0131lmas\u0131 m\u0259qs\u0259di il\u0259 \u201cAkademik yaz\u0131 bacar\u0131qlar\u0131\u201d adl\u0131 seminar ke\u00e7irilib"},"content":{"rendered":"<div data-elementor-type=\"wp-post\" data-elementor-id=\"20867\" class=\"elementor elementor-20867\" data-elementor-settings=\"[]\">\n\t\t\t\t\t\t<div class=\"elementor-inner\">\n\t\t\t\t\t\t\t<div class=\"elementor-section-wrap\">\n\t\t\t\t\t\t\t<section class=\"elementor-section elementor-top-section elementor-element elementor-element-5dc0339 elementor-section-boxed elementor-section-height-default elementor-section-height-default\" data-id=\"5dc0339\" data-element_type=\"section\">\n\t\t\t\t\t\t<div class=\"elementor-container elementor-column-gap-default\">\n\t\t\t\t\t\t\t<div class=\"elementor-row\">\n\t\t\t\t\t<div class=\"elementor-column elementor-col-100 elementor-top-column elementor-element elementor-element-57b0e61\" data-id=\"57b0e61\" data-element_type=\"column\">\n\t\t\t<div class=\"elementor-column-wrap elementor-element-populated\">\n\t\t\t\t\t\t\t<div class=\"elementor-widget-wrap\">\n\t\t\t\t\t\t<div class=\"elementor-element elementor-element-f5bad74 elementor-widget elementor-widget-text-editor\" data-id=\"f5bad74\" data-element_type=\"widget\" data-widget_type=\"text-editor.default\">\n\t\t\t\t<div class=\"elementor-widget-container\">\n\t\t\t\t\t\t\t\t<div class=\"elementor-text-editor elementor-clearfix\">\n\t\t\t\t\tElmi t\u0259dqiqatlar\u0131n s\u0259m\u0259r\u0259liliyinin art\u0131r\u0131lmas\u0131 m\u0259qs\u0259di il\u0259\n\u201cAkademik yaz\u0131 bacar\u0131qlar\u0131\u201d adl\u0131 seminar ke\u00e7irilib\t\t\t\t\t<\/div>\n\t\t\t\t\t\t<\/div>\n\t\t\t\t<\/div>\n\t\t\t\t\t\t<\/div>\n\t\t\t\t\t<\/div>\n\t\t<\/div>\n\t\t\t\t\t\t\t\t<\/div>\n\t\t\t\t\t<\/div>\n\t\t<\/section>\n\t\t\t\t<section class=\"elementor-section elementor-top-section elementor-element elementor-element-5c25ec0 elementor-section-boxed elementor-section-height-default elementor-section-height-default\" data-id=\"5c25ec0\" data-element_type=\"section\">\n\t\t\t\t\t\t<div class=\"elementor-container elementor-column-gap-default\">\n\t\t\t\t\t\t\t<div class=\"elementor-row\">\n\t\t\t\t\t<div class=\"elementor-column elementor-col-100 elementor-top-column elementor-element elementor-element-b1e9970\" data-id=\"b1e9970\" data-element_type=\"column\">\n\t\t\t<div class=\"elementor-column-wrap elementor-element-populated\">\n\t\t\t\t\t\t\t<div class=\"elementor-widget-wrap\">\n\t\t\t\t\t\t<div class=\"elementor-element elementor-element-589f6d0 elementor-widget elementor-widget-image\" data-id=\"589f6d0\" data-element_type=\"widget\" data-widget_type=\"image.default\">\n\t\t\t\t<div class=\"elementor-widget-container\">\n\t\t\t\t\t\t\t\t<div class=\"elementor-image\">\n\t\t\t\t\t\t\t\t\t\t\t\t\t<a href=\"https:\/\/dia.edu.az\/wp-content\/uploads\/2023\/09\/DSC_0645-scaled.jpg\" data-elementor-open-lightbox=\"yes\" data-elementor-lightbox-title=\"DSC_0645\">\n\t\t\t\t\t\t\t<img width=\"450\" height=\"322\" src=\"https:\/\/legacy.dia.edu.az\/wp-content\/uploads\/2023\/09\/DSC_0645-450x322.jpg\" class=\"attachment-large size-large\" alt=\"\" srcset=\"https:\/\/legacy.dia.edu.az\/wp-content\/uploads\/2023\/09\/DSC_0645-450x322.jpg 450w, https:\/\/legacy.dia.edu.az\/wp-content\/uploads\/2023\/09\/DSC_0645-200x143.jpg 200w, https:\/\/legacy.dia.edu.az\/wp-content\/uploads\/2023\/09\/DSC_0645-1536x1098.jpg 1536w, https:\/\/legacy.dia.edu.az\/wp-content\/uploads\/2023\/09\/DSC_0645-2048x1464.jpg 2048w, https:\/\/legacy.dia.edu.az\/wp-content\/uploads\/2023\/09\/DSC_0645-18x12.jpg 18w, https:\/\/legacy.dia.edu.az\/wp-content\/uploads\/2023\/09\/DSC_0645-450x322@2x.jpg 900w, https:\/\/legacy.dia.edu.az\/wp-content\/uploads\/2023\/09\/DSC_0645-200x143@2x.jpg 400w\" sizes=\"(max-width: 450px) 100vw, 450px\" \/>\t\t\t\t\t\t\t\t<\/a>\n\t\t\t\t\t\t\t\t\t\t\t\t\t\t<\/div>\n\t\t\t\t\t\t<\/div>\n\t\t\t\t<\/div>\n\t\t\t\t\t\t<\/div>\n\t\t\t\t\t<\/div>\n\t\t<\/div>\n\t\t\t\t\t\t\t\t<\/div>\n\t\t\t\t\t<\/div>\n\t\t<\/section>\n\t\t\t\t<section class=\"elementor-section elementor-top-section elementor-element elementor-element-2993015 elementor-section-boxed elementor-section-height-default elementor-section-height-default\" data-id=\"2993015\" data-element_type=\"section\">\n\t\t\t\t\t\t<div class=\"elementor-container elementor-column-gap-default\">\n\t\t\t\t\t\t\t<div class=\"elementor-row\">\n\t\t\t\t\t<div class=\"elementor-column elementor-col-100 elementor-top-column elementor-element elementor-element-74a9bb4\" data-id=\"74a9bb4\" data-element_type=\"column\">\n\t\t\t<div class=\"elementor-column-wrap elementor-element-populated\">\n\t\t\t\t\t\t\t<div class=\"elementor-widget-wrap\">\n\t\t\t\t\t\t<div class=\"elementor-element elementor-element-42ed4b9 elementor-widget elementor-widget-text-editor\" data-id=\"42ed4b9\" data-element_type=\"widget\" data-widget_type=\"text-editor.default\">\n\t\t\t\t<div class=\"elementor-widget-container\">\n\t\t\t\t\t\t\t\t<div class=\"elementor-text-editor elementor-clearfix\">\n\t\t\t\t\t<p>Az\u0259rbaycan Respublikas\u0131n\u0131n Prezidenti yan\u0131nda D\u00f6vl\u0259t\n\u0130dar\u0259\u00e7ilik Akademiyas\u0131nda elmi t\u0259dqiqatlar\u0131n s\u0259m\u0259r\u0259liliyinin\nart\u0131r\u0131lmas\u0131, elmi n\u0259tic\u0259l\u0259rin y\u00fcks\u0259k t\u0259sir \u0259msall\u0131 (impact\nfactor) jurnallar\u0131n t\u0259l\u0259bl\u0259rin\u0259 uy\u011fun t\u0259rtib olunmas\u0131 m\u0259qs\u0259di\nil\u0259 seminar ke\u00e7irilib. Seminar \u201c\u0130ntellektual sisteml\u0259rin idar\u0259\nolunmas\u0131\u201d kafedras\u0131n\u0131n m\u00fcdiri, dosent Elvin \u018fzizb\u0259yov\nt\u0259r\u0259find\u0259n apar\u0131l\u0131b. M\u0259qs\u0259d elmi t\u0259dqiqatlar\u0131n s\u0259m\u0259r\u0259liliyinin\nart\u0131r\u0131lmas\u0131, elmi n\u0259tic\u0259l\u0259rin y\u00fcks\u0259k t\u0259sir \u0259msall\u0131 (impact\nfactor) jurnallar\u0131n t\u0259l\u0259bl\u0259rin\u0259 uy\u011fun t\u0259rtib olunmas\u0131 v\u0259 D\u0130A-\nn\u0131n \u0259m\u0259kda\u015flar\u0131n\u0131n elmi m\u0259qal\u0259l\u0259rinin Web of Science,\nScopus, Springer v\u0259 s. kimi elmmetrik bazalarda\nindeksl\u0259n\u0259n jurnallarda n\u0259\u015fr olunmas\u0131 m\u0259s\u0259l\u0259l\u0259ri il\u0259\n\u0259laq\u0259dard\u0131r.\nSeminarda D\u0130A-n\u0131n rektoru akademik Urxan \u018fl\u0259kb\u0259rov dahi\n\u015f\u0259xsiyy\u0259t Heyd\u0259r \u018fliyevin elm\u0259 v\u0259 t\u0259hsil\u0259 verdiyi m\u00fcst\u0259sna\ntarixi xidm\u0259tl\u0259rind\u0259n dan\u0131\u015f\u0131b, Ulu \u00d6nd\u0259rin hakimiyy\u0259t\u0259\nqay\u0131d\u0131\u015f\u0131ndan sonra Az\u0259rbaycan elmind\u0259 \u0259sasl\u0131 d\u00f6n\u00fc\u015f\u00fcn\nyarand\u0131\u011f\u0131n\u0131 qeyd edib. O, \u00f6lk\u0259mizd\u0259 qazan\u0131lan u\u011furlar\u0131n\ndahi r\u0259hb\u0259r Heyd\u0259r \u018fliyev siyas\u0259tinin b\u0259hr\u0259si oldu\u011funu\ndeyib.\n\nRektor \u00dcmummilli Lider Heyd\u0259r \u018fliyev t\u0259r\u0259find\u0259n\nm\u00fc\u0259yy\u0259nl\u0259\u015fdirilmi\u015f v\u0259 Prezident \u0130lham \u018fliyevin u\u011furla\ndavam etdirdiyi inki\u015faf strategiyas\u0131 say\u0259sind\u0259 Az\u0259rbaycan\u0131n\nqazand\u0131\u011f\u0131 nailiyy\u0259tl\u0259r\u0259 diqq\u0259t \u00e7\u0259kib. \u018fld\u0259 edil\u0259n u\u011furlar\u0131n\n\u0259sas\u0131nda elmi \u0259sasland\u0131rma v\u0259 yana\u015fman\u0131n dayand\u0131\u011f\u0131n\u0131\nqeyd edib.\n\u201cAkademik yaz\u0131 bacar\u0131qlar\u0131\u201d adl\u0131 seminarda D\u0130A-n\u0131n\nprofessor-m\u00fc\u0259llim hey\u0259ti, dostorantlar v\u0259 magistrlar i\u015ftirak\nedib. Sonda i\u015ftirak\u00e7\u0131lar\u0131n suallar\u0131 cavabland\u0131r\u0131l\u0131b.<\/p>\t\t\t\t\t<\/div>\n\t\t\t\t\t\t<\/div>\n\t\t\t\t<\/div>\n\t\t\t\t\t\t<\/div>\n\t\t\t\t\t<\/div>\n\t\t<\/div>\n\t\t\t\t\t\t\t\t<\/div>\n\t\t\t\t\t<\/div>\n\t\t<\/section>\n\t\t\t\t\t\t<\/div>\n\t\t\t\t\t\t<\/div>\n\t\t\t\t\t<\/div>","protected":false},"excerpt":{"rendered":"<p>Elmi t\u0259dqiqatlar\u0131n s\u0259m\u0259r\u0259liliyinin art\u0131r\u0131lmas\u0131 m\u0259qs\u0259di il\u0259 \u201cAkademik yaz\u0131 bacar\u0131qlar\u0131\u201d adl\u0131 seminar ke\u00e7irilib Az\u0259rbaycan Respublikas\u0131n\u0131n Prezidenti yan\u0131nda D\u00f6vl\u0259t \u0130dar\u0259\u00e7ilik Akademiyas\u0131nda elmi t\u0259dqiqatlar\u0131n s\u0259m\u0259r\u0259liliyinin art\u0131r\u0131lmas\u0131, elmi n\u0259tic\u0259l\u0259rin y\u00fcks\u0259k t\u0259sir \u0259msall\u0131 (impact factor) jurnallar\u0131n t\u0259l\u0259bl\u0259rin\u0259 uy\u011fun t\u0259rtib olunmas\u0131 m\u0259qs\u0259di il\u0259 seminar ke\u00e7irilib. Seminar \u201c\u0130ntellektual sisteml\u0259rin idar\u0259 olunmas\u0131\u201d kafedras\u0131n\u0131n m\u00fcdiri, dosent Elvin \u018fzizb\u0259yov t\u0259r\u0259find\u0259n apar\u0131l\u0131b. M\u0259qs\u0259d elmi t\u0259dqiqatlar\u0131n s\u0259m\u0259r\u0259liliyinin [&hellip;]<\/p>","protected":false},"author":2,"featured_media":20844,"comment_status":"closed","ping_status":"closed","sticky":false,"template":"","format":"standard","meta":[],"categories":[137],"tags":[],"_links":{"self":[{"href":"https:\/\/legacy.dia.edu.az\/en\/wp-json\/wp\/v2\/posts\/20867"}],"collection":[{"href":"https:\/\/legacy.dia.edu.az\/en\/wp-json\/wp\/v2\/posts"}],"about":[{"href":"https:\/\/legacy.dia.edu.az\/en\/wp-json\/wp\/v2\/types\/post"}],"author":[{"embeddable":true,"href":"https:\/\/legacy.dia.edu.az\/en\/wp-json\/wp\/v2\/users\/2"}],"replies":[{"embeddable":true,"href":"https:\/\/legacy.dia.edu.az\/en\/wp-json\/wp\/v2\/comments?post=20867"}],"version-history":[{"count":5,"href":"https:\/\/legacy.dia.edu.az\/en\/wp-json\/wp\/v2\/posts\/20867\/revisions"}],"predecessor-version":[{"id":20872,"href":"https:\/\/legacy.dia.edu.az\/en\/wp-json\/wp\/v2\/posts\/20867\/revisions\/20872"}],"wp:featuredmedia":[{"embeddable":true,"href":"https:\/\/legacy.dia.edu.az\/en\/wp-json\/wp\/v2\/media\/20844"}],"wp:attachment":[{"href":"https:\/\/legacy.dia.edu.az\/en\/wp-json\/wp\/v2\/media?parent=20867"}],"wp:term":[{"taxonomy":"category","embeddable":true,"href":"https:\/\/legacy.dia.edu.az\/en\/wp-json\/wp\/v2\/categories?post=20867"},{"taxonomy":"post_tag","embeddable":true,"href":"https:\/\/legacy.dia.edu.az\/en\/wp-json\/wp\/v2\/tags?post=20867"}],"curies":[{"name":"wp","href":"https:\/\/api.w.org\/{rel}","templated":true}]}}