{"id":20432,"date":"2023-06-14T16:52:55","date_gmt":"2023-06-14T12:52:55","guid":{"rendered":"https:\/\/dia.edu.az\/?p=20432"},"modified":"2023-10-19T11:19:52","modified_gmt":"2023-10-19T07:19:52","slug":"dovl%c9%99t-idar%c9%99cilik-akademiyasinda-milli-qurtulus-gunu-qeyd-edilib-3","status":"publish","type":"post","link":"https:\/\/legacy.dia.edu.az\/en\/arxivl\u0259r\/20432","title":{"rendered":"D\u00f6vl\u0259t \u0130dar\u0259\u00e7ilik Akademiyas\u0131nda Milli Qurtulu\u015f G\u00fcn\u00fc qeyd edilib"},"content":{"rendered":"<div data-elementor-type=\"wp-post\" data-elementor-id=\"20432\" class=\"elementor elementor-20432\" data-elementor-settings=\"[]\">\n\t\t\t\t\t\t<div class=\"elementor-inner\">\n\t\t\t\t\t\t\t<div class=\"elementor-section-wrap\">\n\t\t\t\t\t\t\t<section class=\"elementor-section elementor-top-section elementor-element elementor-element-6abadb4 elementor-section-boxed elementor-section-height-default elementor-section-height-default\" data-id=\"6abadb4\" data-element_type=\"section\">\n\t\t\t\t\t\t<div class=\"elementor-container elementor-column-gap-default\">\n\t\t\t\t\t\t\t<div class=\"elementor-row\">\n\t\t\t\t\t<div class=\"elementor-column elementor-col-100 elementor-top-column elementor-element elementor-element-b20a344\" data-id=\"b20a344\" data-element_type=\"column\">\n\t\t\t<div class=\"elementor-column-wrap elementor-element-populated\">\n\t\t\t\t\t\t\t<div class=\"elementor-widget-wrap\">\n\t\t\t\t\t\t<div class=\"elementor-element elementor-element-b1906de elementor-widget elementor-widget-text-editor\" data-id=\"b1906de\" data-element_type=\"widget\" data-widget_type=\"text-editor.default\">\n\t\t\t\t<div class=\"elementor-widget-container\">\n\t\t\t\t\t\t\t\t<div class=\"elementor-text-editor elementor-clearfix\">\n\t\t\t\t\tD\u00f6vl\u0259t \u0130dar\u0259\u00e7ilik Akademiyas\u0131nda Milli Qurtulu\u015f G\u00fcn\u00fc qeyd edilib\t\t\t\t\t<\/div>\n\t\t\t\t\t\t<\/div>\n\t\t\t\t<\/div>\n\t\t\t\t\t\t<\/div>\n\t\t\t\t\t<\/div>\n\t\t<\/div>\n\t\t\t\t\t\t\t\t<\/div>\n\t\t\t\t\t<\/div>\n\t\t<\/section>\n\t\t\t\t<section class=\"elementor-section elementor-top-section elementor-element elementor-element-18ac6ea elementor-section-boxed elementor-section-height-default elementor-section-height-default\" data-id=\"18ac6ea\" data-element_type=\"section\">\n\t\t\t\t\t\t<div class=\"elementor-container elementor-column-gap-default\">\n\t\t\t\t\t\t\t<div class=\"elementor-row\">\n\t\t\t\t\t<div class=\"elementor-column elementor-col-100 elementor-top-column elementor-element elementor-element-ca471f7\" data-id=\"ca471f7\" data-element_type=\"column\">\n\t\t\t<div class=\"elementor-column-wrap elementor-element-populated\">\n\t\t\t\t\t\t\t<div class=\"elementor-widget-wrap\">\n\t\t\t\t\t\t<div class=\"elementor-element elementor-element-3026c56 elementor-arrows-position-inside elementor-pagination-position-outside elementor-widget elementor-widget-image-carousel\" data-id=\"3026c56\" data-element_type=\"widget\" data-settings=\"{&quot;navigation&quot;:&quot;both&quot;,&quot;autoplay&quot;:&quot;yes&quot;,&quot;pause_on_hover&quot;:&quot;yes&quot;,&quot;pause_on_interaction&quot;:&quot;yes&quot;,&quot;autoplay_speed&quot;:5000,&quot;infinite&quot;:&quot;yes&quot;,&quot;speed&quot;:500}\" data-widget_type=\"image-carousel.default\">\n\t\t\t\t<div class=\"elementor-widget-container\">\n\t\t\t\t\t<div class=\"elementor-image-carousel-wrapper swiper-container\" dir=\"ltr\">\n\t\t\t<div class=\"elementor-image-carousel swiper-wrapper\">\n\t\t\t\t<div class=\"swiper-slide\"><a data-elementor-open-lightbox=\"yes\" data-elementor-lightbox-slideshow=\"3026c56\" data-elementor-lightbox-title=\"2136\" href=\"https:\/\/legacy.dia.edu.az\/wp-content\/uploads\/2023\/06\/2136.jpg\"><figure class=\"swiper-slide-inner\"><img class=\"swiper-slide-image\" src=\"https:\/\/legacy.dia.edu.az\/wp-content\/uploads\/2023\/06\/2136-150x150.jpg\" alt=\"2136\" \/><\/figure><\/a><\/div><div class=\"swiper-slide\"><a data-elementor-open-lightbox=\"yes\" data-elementor-lightbox-slideshow=\"3026c56\" data-elementor-lightbox-title=\"2135\" href=\"https:\/\/legacy.dia.edu.az\/wp-content\/uploads\/2023\/06\/2135.jpg\"><figure class=\"swiper-slide-inner\"><img class=\"swiper-slide-image\" src=\"https:\/\/legacy.dia.edu.az\/wp-content\/uploads\/2023\/06\/2135-150x150.jpg\" alt=\"2135\" \/><\/figure><\/a><\/div><div class=\"swiper-slide\"><a data-elementor-open-lightbox=\"yes\" data-elementor-lightbox-slideshow=\"3026c56\" data-elementor-lightbox-title=\"2134\" href=\"https:\/\/legacy.dia.edu.az\/wp-content\/uploads\/2023\/06\/2134.jpg\"><figure class=\"swiper-slide-inner\"><img class=\"swiper-slide-image\" src=\"https:\/\/legacy.dia.edu.az\/wp-content\/uploads\/2023\/06\/2134-150x150.jpg\" alt=\"2134\" \/><\/figure><\/a><\/div><div class=\"swiper-slide\"><a data-elementor-open-lightbox=\"yes\" data-elementor-lightbox-slideshow=\"3026c56\" data-elementor-lightbox-title=\"2133\" href=\"https:\/\/legacy.dia.edu.az\/wp-content\/uploads\/2023\/06\/2133.jpg\"><figure class=\"swiper-slide-inner\"><img class=\"swiper-slide-image\" src=\"https:\/\/legacy.dia.edu.az\/wp-content\/uploads\/2023\/06\/2133-150x150.jpg\" alt=\"2133\" \/><\/figure><\/a><\/div><div class=\"swiper-slide\"><a data-elementor-open-lightbox=\"yes\" data-elementor-lightbox-slideshow=\"3026c56\" data-elementor-lightbox-title=\"2131\" href=\"https:\/\/legacy.dia.edu.az\/wp-content\/uploads\/2023\/06\/2131-1.jpg\"><figure class=\"swiper-slide-inner\"><img class=\"swiper-slide-image\" src=\"https:\/\/legacy.dia.edu.az\/wp-content\/uploads\/2023\/06\/2131-1-150x150.jpg\" alt=\"2131\" \/><\/figure><\/a><\/div>\t\t\t<\/div>\n\t\t\t\t\t\t\t\t\t\t\t\t<div class=\"swiper-pagination\"><\/div>\n\t\t\t\t\t\t\t\t\t\t\t\t\t<div class=\"elementor-swiper-button elementor-swiper-button-prev\">\n\t\t\t\t\t\t<i class=\"eicon-chevron-left\" aria-hidden=\"true\"><\/i>\n\t\t\t\t\t\t<span class=\"elementor-screen-only\">Previous<\/span>\n\t\t\t\t\t<\/div>\n\t\t\t\t\t<div class=\"elementor-swiper-button elementor-swiper-button-next\">\n\t\t\t\t\t\t<i class=\"eicon-chevron-right\" aria-hidden=\"true\"><\/i>\n\t\t\t\t\t\t<span class=\"elementor-screen-only\">Next<\/span>\n\t\t\t\t\t<\/div>\n\t\t\t\t\t\t\t\t\t<\/div>\n\t\t\t\t<\/div>\n\t\t\t\t<\/div>\n\t\t\t\t\t\t<\/div>\n\t\t\t\t\t<\/div>\n\t\t<\/div>\n\t\t\t\t\t\t\t\t<\/div>\n\t\t\t\t\t<\/div>\n\t\t<\/section>\n\t\t\t\t<section class=\"elementor-section elementor-top-section elementor-element elementor-element-bba6203 elementor-section-boxed elementor-section-height-default elementor-section-height-default\" data-id=\"bba6203\" data-element_type=\"section\">\n\t\t\t\t\t\t<div class=\"elementor-container elementor-column-gap-default\">\n\t\t\t\t\t\t\t<div class=\"elementor-row\">\n\t\t\t\t\t<div class=\"elementor-column elementor-col-100 elementor-top-column elementor-element elementor-element-175657f\" data-id=\"175657f\" data-element_type=\"column\">\n\t\t\t<div class=\"elementor-column-wrap elementor-element-populated\">\n\t\t\t\t\t\t\t<div class=\"elementor-widget-wrap\">\n\t\t\t\t\t\t<div class=\"elementor-element elementor-element-4957dd4 elementor-widget elementor-widget-text-editor\" data-id=\"4957dd4\" data-element_type=\"widget\" data-widget_type=\"text-editor.default\">\n\t\t\t\t<div class=\"elementor-widget-container\">\n\t\t\t\t\t\t\t\t<div class=\"elementor-text-editor elementor-clearfix\">\n\t\t\t\t\t<p>Az\u0259rbaycan Respublikas\u0131n\u0131n Prezidenti yan\u0131nda D\u00f6vl\u0259t \u0130dar\u0259\u00e7ilik Akademiyas\u0131n\u0131n (D\u0130A) n\u0259zdind\u0259 f\u0259aliyy\u0259t g\u00f6st\u0259r\u0259n \u201cHeyd\u0259r \u018fliyev D\u00f6vl\u0259t \u0130dar\u0259\u00e7ilik M\u0259kt\u0259bi\u201dnd\u0259 15 \u0130yun &#8211; Milli Qurtulu\u015f G\u00fcn\u00fcn\u0259 h\u0259sr olunmu\u015f elmi-praktik konfrans ke\u00e7irilib.\nKonfransda D\u0130A-n\u0131n rektoru akademik Urxan \u018fl\u0259kb\u0259rov m\u00fcst\u0259qil d\u00f6vl\u0259timizin qurucusu \u00dcmummilli Lider Heyd\u0259r \u018fliyevin tarixi xidm\u0259tl\u0259ri bar\u0259d\u0259 m\u0259lumat verib. Rektor m\u00fcst\u0259qil Az\u0259rbaycan\u0131n qurucusu, \u00dcmummilli Lider Heyd\u0259r \u018fliyevin siyasi hakimiyy\u0259t\u0259 qay\u0131d\u0131\u015f\u0131n\u0131n m\u00fcst\u0259qillik tarixin\u0259 Milli Qurtulu\u015f G\u00fcn\u00fc kimi daxil olmas\u0131ndan, 1993-c\u00fc ild\u0259 xalq\u0131n t\u0259l\u0259bi il\u0259 hakimiyy\u0259t\u0259 yenid\u0259n g\u0259l\u0259n Ulu \u00d6nd\u0259rin Az\u0259rbaycan\u0131 par\u00e7alanmaqdan v\u0259 v\u0259t\u0259nda\u015f m\u00fcharib\u0259sind\u0259n xilas etdiyini xat\u0131rlad\u0131b.\n\nRektor qeyd edib ki, bu g\u00fcn dahi r\u0259hb\u0259r Heyd\u0259r \u018fliyev t\u0259r\u0259find\u0259n \u0259sas\u0131 qoyulmu\u015f v\u0259 Prezident \u0130lham \u018fliyevin u\u011furla inki\u015faf etdirdiyi innovativ idar\u0259etm\u0259 texnologiyalar\u0131n\u0131n n\u0259z\u0259ri \u0259saslar\u0131n\u0131n i\u015fl\u0259nilm\u0259si, onlar\u0131n t\u0259cr\u00fcb\u0259d\u0259 t\u0259tbiqi n\u0259tic\u0259sind\u0259 bir \u00e7ox u\u011furlara imza at\u0131l\u0131b. U.\u018fl\u0259kb\u0259rov m\u00fcst\u0259qil Az\u0259rbaycan\u0131n u\u011furlu inki\u015faf\u0131nda Az\u0259rbaycan Respublikas\u0131n\u0131n Birinci vitse-prezidenti Mehriban \u018fliyevan\u0131n x\u00fcsusi rolu oldu\u011funu qeyd edib.\n\nElmi-praktik konfransda \u00e7\u0131x\u0131\u015f ed\u0259n Milli M\u0259clisin T\u0259bii ehtiyatlar, energetika v\u0259 ekologiya komit\u0259sinin s\u0259dri Sadiq Qurbanov, Milli M\u0259clisin deputat\u0131 professor Hikm\u0259t Babao\u011flu, Xarici \u0130\u015fl\u0259r Nazirliyinin x\u00fcsusi tap\u015f\u0131r\u0131qlar \u00fczr\u0259 s\u0259firi El\u015fad \u0130sg\u0259nd\u0259rov \u00dcmummilli Lider Heyd\u0259r \u018fliyevin \u015f\u0259xsiyy\u0259tinin b\u00f6y\u00fckl\u00fcy\u00fcnd\u0259n, \u00f6lk\u0259mizd\u0259 demokratik, h\u00fcquqi d\u00f6vl\u0259t quruculu\u011fu istiqam\u0259tind\u0259 h\u0259yata ke\u00e7irdiyi u\u011furlu islahatlardan dan\u0131\u015f\u0131blar. \u00c7\u0131x\u0131\u015flarda Ulu \u00d6nd\u0259rin Az\u0259rbaycan\u0131n d\u00f6vl\u0259t\u00e7ilik maraqlar\u0131n\u0131 h\u0259mi\u015f\u0259 \u00fcst\u00fcn tutdu\u011fu vur\u011fulan\u0131b.\n\nQeyd edilib ki, \u00dcmummilli Lider Heyd\u0259r \u018fliyev xalq\u0131n t\u0259l\u0259bi il\u0259 Bak\u0131ya g\u0259ldi. Xilaskarl\u0131q missiyas\u0131n\u0131 \u00f6z \u00fcz\u0259rin\u0259 g\u00f6t\u00fcr\u0259n dahi \u015f\u0259xsiyy\u0259t m\u00fcdrik q\u0259rarlar q\u0259bul ed\u0259r\u0259k xalq\u0131n etimad\u0131n\u0131 do\u011frultdu. Hadis\u0259l\u0259rin daha faci\u0259li n\u0259tic\u0259l\u0259r\u0259 g\u0259tirib \u00e7\u0131xarmamas\u0131 \u00fc\u00e7\u00fcn \u00f6z m\u00fcdrik s\u00f6z\u00fcn\u00fc dedi, v\u0259t\u0259nda\u015f qar\u015f\u0131durmas\u0131n\u0131n qar\u015f\u0131s\u0131n\u0131 ald\u0131. Ulu \u00d6nd\u0259r Heyd\u0259r \u018fliyevin xilaskarl\u0131q missiyas\u0131 tariximiz\u0259 Milli Qurtulu\u015f G\u00fcn\u00fc kimi daxil oldu. \u00dcmummilli Lider Heyd\u0259r \u018fliyevin respublika r\u0259hb\u0259rliyin\u0259 vaxt\u0131nda v\u0259 yenid\u0259n qay\u0131d\u0131\u015f\u0131 \u00f6lk\u0259mizi m\u0259hv olmaqdan qurtard\u0131\u011f\u0131, onun q\u0259tiyy\u0259ti xalqa ruh y\u00fcks\u0259kliyi g\u0259tirdiyi, eyni zamanda, \u00f6lk\u0259d\u0259 sabitlik v\u0259 \u0259min-amanl\u0131q yaratd\u0131\u011f\u0131 qeyd olunub.\n\n<\/p>\t\t\t\t\t<\/div>\n\t\t\t\t\t\t<\/div>\n\t\t\t\t<\/div>\n\t\t\t\t\t\t<\/div>\n\t\t\t\t\t<\/div>\n\t\t<\/div>\n\t\t\t\t\t\t\t\t<\/div>\n\t\t\t\t\t<\/div>\n\t\t<\/section>\n\t\t\t\t\t\t<\/div>\n\t\t\t\t\t\t<\/div>\n\t\t\t\t\t<\/div>","protected":false},"excerpt":{"rendered":"<p>Az\u0259rbaycan Respublikas\u0131n\u0131n Prezidenti yan\u0131nda D\u00f6vl\u0259t \u0130dar\u0259\u00e7ilik Akademiyas\u0131n\u0131n (D\u0130A) n\u0259zdind\u0259 f\u0259aliyy\u0259t g\u00f6st\u0259r\u0259n \u201cHeyd\u0259r \u018fliyev D\u00f6vl\u0259t \u0130dar\u0259\u00e7ilik M\u0259kt\u0259bi\u201dnd\u0259 15 \u0130yun &#8211; Milli Qurtulu\u015f G\u00fcn\u00fcn\u0259 h\u0259sr olunmu\u015f elmi-praktik konfrans ke\u00e7irilib.<\/p>","protected":false},"author":2,"featured_media":20433,"comment_status":"closed","ping_status":"closed","sticky":false,"template":"","format":"standard","meta":[],"categories":[137],"tags":[],"_links":{"self":[{"href":"https:\/\/legacy.dia.edu.az\/en\/wp-json\/wp\/v2\/posts\/20432"}],"collection":[{"href":"https:\/\/legacy.dia.edu.az\/en\/wp-json\/wp\/v2\/posts"}],"about":[{"href":"https:\/\/legacy.dia.edu.az\/en\/wp-json\/wp\/v2\/types\/post"}],"author":[{"embeddable":true,"href":"https:\/\/legacy.dia.edu.az\/en\/wp-json\/wp\/v2\/users\/2"}],"replies":[{"embeddable":true,"href":"https:\/\/legacy.dia.edu.az\/en\/wp-json\/wp\/v2\/comments?post=20432"}],"version-history":[{"count":12,"href":"https:\/\/legacy.dia.edu.az\/en\/wp-json\/wp\/v2\/posts\/20432\/revisions"}],"predecessor-version":[{"id":21194,"href":"https:\/\/legacy.dia.edu.az\/en\/wp-json\/wp\/v2\/posts\/20432\/revisions\/21194"}],"wp:featuredmedia":[{"embeddable":true,"href":"https:\/\/legacy.dia.edu.az\/en\/wp-json\/wp\/v2\/media\/20433"}],"wp:attachment":[{"href":"https:\/\/legacy.dia.edu.az\/en\/wp-json\/wp\/v2\/media?parent=20432"}],"wp:term":[{"taxonomy":"category","embeddable":true,"href":"https:\/\/legacy.dia.edu.az\/en\/wp-json\/wp\/v2\/categories?post=20432"},{"taxonomy":"post_tag","embeddable":true,"href":"https:\/\/legacy.dia.edu.az\/en\/wp-json\/wp\/v2\/tags?post=20432"}],"curies":[{"name":"wp","href":"https:\/\/api.w.org\/{rel}","templated":true}]}}