{"id":20322,"date":"2023-06-06T21:24:30","date_gmt":"2023-06-06T17:24:30","guid":{"rendered":"https:\/\/dia.edu.az\/?p=20322"},"modified":"2023-06-07T10:16:09","modified_gmt":"2023-06-07T06:16:09","slug":"t%c9%99l%c9%99b%c9%99-t%c9%99dqiqatlari-viii-beyn%c9%99lxalq-elmi-t%c9%99dqiqat-isl%c9%99rinin-musabiq%c9%99si-kecirilib","status":"publish","type":"post","link":"https:\/\/legacy.dia.edu.az\/en\/arxivl\u0259r\/20322","title":{"rendered":"D\u0130A-n\u0131n t\u0259l\u0259b\u0259l\u0259ri beyn\u0259lxalq m\u00fcsabiq\u0259d\u0259 u\u011fur qazan\u0131blar"},"content":{"rendered":"<div data-elementor-type=\"wp-post\" data-elementor-id=\"20322\" class=\"elementor elementor-20322\" data-elementor-settings=\"[]\">\n\t\t\t\t\t\t<div class=\"elementor-inner\">\n\t\t\t\t\t\t\t<div class=\"elementor-section-wrap\">\n\t\t\t\t\t\t\t<section class=\"elementor-section elementor-top-section elementor-element elementor-element-b7ef923 elementor-section-boxed elementor-section-height-default elementor-section-height-default\" data-id=\"b7ef923\" data-element_type=\"section\">\n\t\t\t\t\t\t<div class=\"elementor-container elementor-column-gap-default\">\n\t\t\t\t\t\t\t<div class=\"elementor-row\">\n\t\t\t\t\t<div class=\"elementor-column elementor-col-100 elementor-top-column elementor-element elementor-element-62af591\" data-id=\"62af591\" data-element_type=\"column\">\n\t\t\t<div class=\"elementor-column-wrap elementor-element-populated\">\n\t\t\t\t\t\t\t<div class=\"elementor-widget-wrap\">\n\t\t\t\t\t\t<div class=\"elementor-element elementor-element-530202e elementor-widget elementor-widget-text-editor\" data-id=\"530202e\" data-element_type=\"widget\" data-widget_type=\"text-editor.default\">\n\t\t\t\t<div class=\"elementor-widget-container\">\n\t\t\t\t\t\t\t\t<div class=\"elementor-text-editor elementor-clearfix\">\n\t\t\t\t\tD\u0130A-n\u0131n t\u0259l\u0259b\u0259l\u0259ri beyn\u0259lxalq m\u00fcsabiq\u0259d\u0259 u\u011fur qazan\u0131blar\n\t\t\t\t\t<\/div>\n\t\t\t\t\t\t<\/div>\n\t\t\t\t<\/div>\n\t\t\t\t\t\t<\/div>\n\t\t\t\t\t<\/div>\n\t\t<\/div>\n\t\t\t\t\t\t\t\t<\/div>\n\t\t\t\t\t<\/div>\n\t\t<\/section>\n\t\t\t\t<section class=\"elementor-section elementor-top-section elementor-element elementor-element-639b8cb elementor-section-boxed elementor-section-height-default elementor-section-height-default\" data-id=\"639b8cb\" data-element_type=\"section\">\n\t\t\t\t\t\t<div class=\"elementor-container elementor-column-gap-default\">\n\t\t\t\t\t\t\t<div class=\"elementor-row\">\n\t\t\t\t\t<div class=\"elementor-column elementor-col-100 elementor-top-column elementor-element elementor-element-24e0b88\" data-id=\"24e0b88\" data-element_type=\"column\">\n\t\t\t<div class=\"elementor-column-wrap elementor-element-populated\">\n\t\t\t\t\t\t\t<div class=\"elementor-widget-wrap\">\n\t\t\t\t\t\t<div class=\"elementor-element elementor-element-499c1e7 elementor-widget elementor-widget-text-editor\" data-id=\"499c1e7\" data-element_type=\"widget\" data-widget_type=\"text-editor.default\">\n\t\t\t\t<div class=\"elementor-widget-container\">\n\t\t\t\t\t\t\t\t<div class=\"elementor-text-editor elementor-clearfix\">\n\t\t\t\t\t<p>Sankt-Peterburq \u015f\u0259h\u0259rind\u0259 t\u0259l\u0259b\u0259l\u0259rin v\u0259 g\u0259nc aliml\u0259rin \u201cT\u0259l\u0259b\u0259 t\u0259dqiqatlar\u0131\u201d VIII beyn\u0259lxalq elmi-t\u0259dqiqat i\u015fl\u0259rinin onlayn m\u00fcsabiq\u0259si ke\u00e7irilib.\n\nM\u00fcsabiq\u0259d\u0259 \u00f6lk\u0259mizi Az\u0259rbaycan Respublikas\u0131n\u0131n Prezidenti yan\u0131nda D\u00f6vl\u0259t \u0130dar\u0259\u00e7ilik Akademiyas\u0131n\u0131n (D\u0130A) Siyasi idar\u0259etm\u0259 fak\u00fclt\u0259sinin 2-ci kurs t\u0259l\u0259b\u0259l\u0259ri t\u0259msil edibl\u0259r.\n H\u00fcquq kafedras\u0131n\u0131n m\u00fc\u0259llimi, h\u00fcquq \u00fczr\u0259 f\u0259ls\u0259f\u0259 doktoru Reyhan C\u0259f\u0259rovan\u0131n elmi r\u0259hb\u0259rliyi il\u0259 t\u0259l\u0259b\u0259l\u0259r &#8211; Murad Alm\u0259mm\u0259dov \u201cBeyn\u0259lxalq kosmik h\u00fcquq\u201d, N\u0259rmin \u0130sg\u0259nd\u0259rli \u201cBeyn\u0259lxalq h\u00fcququn inki\u015faf\u0131nda BMT-nin rolu\u201d v\u0259 \u00dclviyy\u0259 Babayeva \u201cQad\u0131nlar\u0131n beyn\u0259lxalq v\u0259 milli aspektl\u0259rd\u0259 m\u00fcdafi\u0259si m\u0259s\u0259l\u0259si\u201d m\u00f6vzular\u0131nda elmi i\u015fl\u0259rini t\u0259qdim edibl\u0259r.\n\nM\u00fcsabiq\u0259nin n\u0259tic\u0259l\u0259rin\u0259 g\u00f6r\u0259, h\u00fcquq elml\u0259ri istiqam\u0259ti \u00fczr\u0259 I yer\u0259 Sibir Federal Universitetinin t\u0259l\u0259b\u0259si, II yer\u0259 D\u0130A-n\u0131n t\u0259l\u0259b\u0259si N\u0259rmin \u0130sg\u0259nd\u0259rli, III yer\u0259 Murad Alm\u0259mm\u0259dov layiq g\u00f6r\u00fcl\u00fcb. \u00dclviyy\u0259 Babayeva is\u0259 sosiologiya elml\u0259ri istiqam\u0259ti \u00fczr\u0259 II yeri tutub.\n\n\u201cOtkr\u0131t\u0131ye\u201d Elmi-N\u0259\u015friyyat M\u0259rk\u0259zinin T\u0259\u015fkilat Komit\u0259si t\u0259brik m\u00fcraci\u0259tind\u0259 az\u0259rbaycanl\u0131 t\u0259l\u0259b\u0259l\u0259rin \u0259m\u0259yini x\u00fcsusi qeyd edib. Qalibl\u0259rin diplomlar\u0131 m\u00fcsabiq\u0259nin qalibl\u0259rin\u0259 g\u00f6nd\u0259rilib.\n\nQeyd ed\u0259k ki, m\u00fcsabiq\u0259nin ke\u00e7irilm\u0259sinin m\u0259qs\u0259di t\u0259l\u0259b\u0259 v\u0259 g\u0259nc aliml\u0259rin m\u00fcxt\u0259lif istiqam\u0259tl\u0259r \u00fczr\u0259 intellektual potensial\u0131n\u0131 \u00fcz\u0259 \u00e7\u0131xarmaq, onlar\u0131n elmi-t\u0259dqiqat f\u0259aliyy\u0259tini stimulla\u015fd\u0131rmaqd\u0131r. M\u00fcsabiq\u0259 \u201cOtkr\u0131t\u0131ye\u201d Elmi-N\u0259\u015friyyat M\u0259rk\u0259zinin bazas\u0131nda Rusiya Federasiyas\u0131n\u0131n ali m\u0259kt\u0259bl\u0259rinin m\u00fc\u0259lliml\u0259rinin daxil oldu\u011fu komissiya t\u0259r\u0259find\u0259n ke\u00e7irilir. M\u00fcsabiq\u0259, ilk n\u00f6vb\u0259d\u0259, i\u015fl\u0259rin q\u0259bulundan, sonra is\u0259 yekun n\u0259tic\u0259l\u0259rin elan olunmas\u0131ndan ibar\u0259t iki m\u0259rh\u0259l\u0259d\u0259 t\u0259\u015fkil edilir. \u201cT\u0259l\u0259b\u0259l\u0259rin t\u0259dqiqat\u0131\u201d t\u0259l\u0259b\u0259 v\u0259 g\u0259nc aliml\u0259rin VIII beyn\u0259lxalq elmi-t\u0259dqiqat i\u015fl\u0259rinin m\u00fcsabiq\u0259sind\u0259 Rusiya, Belarus, Qazax\u0131stan, Q\u0131r\u011f\u0131z\u0131stan, Macar\u0131stan\u0131n m\u00fcxt\u0259lif regionlar\u0131ndan 32 \u0259s\u0259r t\u0259qdim edilib.\n<\/p>\t\t\t\t\t<\/div>\n\t\t\t\t\t\t<\/div>\n\t\t\t\t<\/div>\n\t\t\t\t\t\t<\/div>\n\t\t\t\t\t<\/div>\n\t\t<\/div>\n\t\t\t\t\t\t\t\t<\/div>\n\t\t\t\t\t<\/div>\n\t\t<\/section>\n\t\t\t\t\t\t<\/div>\n\t\t\t\t\t\t<\/div>\n\t\t\t\t\t<\/div>","protected":false},"excerpt":{"rendered":"<p>D\u0130A-n\u0131n t\u0259l\u0259b\u0259l\u0259ri beyn\u0259lxalq m\u00fcsabiq\u0259d\u0259 u\u011fur qazan\u0131blar Sankt-Peterburq \u015f\u0259h\u0259rind\u0259 t\u0259l\u0259b\u0259l\u0259rin v\u0259 g\u0259nc aliml\u0259rin \u201cT\u0259l\u0259b\u0259 t\u0259dqiqatlar\u0131\u201d VIII beyn\u0259lxalq elmi-t\u0259dqiqat i\u015fl\u0259rinin onlayn m\u00fcsabiq\u0259si ke\u00e7irilib. M\u00fcsabiq\u0259d\u0259 \u00f6lk\u0259mizi Az\u0259rbaycan Respublikas\u0131n\u0131n Prezidenti yan\u0131nda D\u00f6vl\u0259t \u0130dar\u0259\u00e7ilik Akademiyas\u0131n\u0131n (D\u0130A) Siyasi idar\u0259etm\u0259 fak\u00fclt\u0259sinin 2-ci kurs t\u0259l\u0259b\u0259l\u0259ri t\u0259msil edibl\u0259r. H\u00fcquq kafedras\u0131n\u0131n m\u00fc\u0259llimi, h\u00fcquq \u00fczr\u0259 f\u0259ls\u0259f\u0259 doktoru Reyhan C\u0259f\u0259rovan\u0131n elmi r\u0259hb\u0259rliyi il\u0259 t\u0259l\u0259b\u0259l\u0259r &#8211; Murad Alm\u0259mm\u0259dov [&hellip;]<\/p>","protected":false},"author":2,"featured_media":20323,"comment_status":"closed","ping_status":"closed","sticky":false,"template":"","format":"standard","meta":[],"categories":[137],"tags":[],"_links":{"self":[{"href":"https:\/\/legacy.dia.edu.az\/en\/wp-json\/wp\/v2\/posts\/20322"}],"collection":[{"href":"https:\/\/legacy.dia.edu.az\/en\/wp-json\/wp\/v2\/posts"}],"about":[{"href":"https:\/\/legacy.dia.edu.az\/en\/wp-json\/wp\/v2\/types\/post"}],"author":[{"embeddable":true,"href":"https:\/\/legacy.dia.edu.az\/en\/wp-json\/wp\/v2\/users\/2"}],"replies":[{"embeddable":true,"href":"https:\/\/legacy.dia.edu.az\/en\/wp-json\/wp\/v2\/comments?post=20322"}],"version-history":[{"count":11,"href":"https:\/\/legacy.dia.edu.az\/en\/wp-json\/wp\/v2\/posts\/20322\/revisions"}],"predecessor-version":[{"id":20334,"href":"https:\/\/legacy.dia.edu.az\/en\/wp-json\/wp\/v2\/posts\/20322\/revisions\/20334"}],"wp:featuredmedia":[{"embeddable":true,"href":"https:\/\/legacy.dia.edu.az\/en\/wp-json\/wp\/v2\/media\/20323"}],"wp:attachment":[{"href":"https:\/\/legacy.dia.edu.az\/en\/wp-json\/wp\/v2\/media?parent=20322"}],"wp:term":[{"taxonomy":"category","embeddable":true,"href":"https:\/\/legacy.dia.edu.az\/en\/wp-json\/wp\/v2\/categories?post=20322"},{"taxonomy":"post_tag","embeddable":true,"href":"https:\/\/legacy.dia.edu.az\/en\/wp-json\/wp\/v2\/tags?post=20322"}],"curies":[{"name":"wp","href":"https:\/\/api.w.org\/{rel}","templated":true}]}}