{"id":20139,"date":"2023-05-23T09:59:01","date_gmt":"2023-05-23T05:59:01","guid":{"rendered":"https:\/\/dia.edu.az\/?p=20139"},"modified":"2023-05-30T14:02:11","modified_gmt":"2023-05-30T10:02:11","slug":"dovl%c9%99t-idar%c9%99cilik-akademiyasinin-professoruelcin-%c9%99hm%c9%99dovun-susa-haqqinda-kitabis%c9%99kkiz-xarici-olk%c9%99d%c9%99-muxt%c9%99lif-dill%c9%99rd%c9%99-n%c9%99sr-edilmisdir","status":"publish","type":"post","link":"https:\/\/legacy.dia.edu.az\/en\/arxivl\u0259r\/20139","title":{"rendered":"D\u00f6vl\u0259t \u0130dar\u0259\u00e7ilik Akademiyas\u0131n\u0131n professoru<br>El\u00e7in \u018fhm\u0259dovun \u015eu\u015fa haqq\u0131nda kitab\u0131<br>s\u0259kkiz xarici \u00f6lk\u0259d\u0259, m\u00fcxt\u0259lif dill\u0259rd\u0259 n\u0259\u015fr edilmi\u015fdir"},"content":{"rendered":"<div data-elementor-type=\"wp-post\" data-elementor-id=\"20139\" class=\"elementor elementor-20139\" data-elementor-settings=\"[]\">\n\t\t\t\t\t\t<div class=\"elementor-inner\">\n\t\t\t\t\t\t\t<div class=\"elementor-section-wrap\">\n\t\t\t\t\t\t\t<section class=\"elementor-section elementor-top-section elementor-element elementor-element-44c118e elementor-section-boxed elementor-section-height-default elementor-section-height-default\" data-id=\"44c118e\" data-element_type=\"section\">\n\t\t\t\t\t\t<div class=\"elementor-container elementor-column-gap-default\">\n\t\t\t\t\t\t\t<div class=\"elementor-row\">\n\t\t\t\t\t<div class=\"elementor-column elementor-col-100 elementor-top-column elementor-element elementor-element-03d9b5b\" data-id=\"03d9b5b\" data-element_type=\"column\">\n\t\t\t<div class=\"elementor-column-wrap elementor-element-populated\">\n\t\t\t\t\t\t\t<div class=\"elementor-widget-wrap\">\n\t\t\t\t\t\t<div class=\"elementor-element elementor-element-48d56ed elementor-widget elementor-widget-text-editor\" data-id=\"48d56ed\" data-element_type=\"widget\" data-widget_type=\"text-editor.default\">\n\t\t\t\t<div class=\"elementor-widget-container\">\n\t\t\t\t\t\t\t\t<div class=\"elementor-text-editor elementor-clearfix\">\n\t\t\t\t\tD\u00f6vl\u0259t \u0130dar\u0259\u00e7ilik Akademiyas\u0131n\u0131n professoru\nEl\u00e7in \u018fhm\u0259dovun \u015eu\u015fa haqq\u0131nda kitab\u0131 s\u0259kkiz xarici \u00f6lk\u0259d\u0259, m\u00fcxt\u0259lif dill\u0259rd\u0259 n\u0259\u015fr edilmi\u015fdir\t\t\t\t\t<\/div>\n\t\t\t\t\t\t<\/div>\n\t\t\t\t<\/div>\n\t\t\t\t\t\t<\/div>\n\t\t\t\t\t<\/div>\n\t\t<\/div>\n\t\t\t\t\t\t\t\t<\/div>\n\t\t\t\t\t<\/div>\n\t\t<\/section>\n\t\t\t\t<section class=\"elementor-section elementor-top-section elementor-element elementor-element-0cbb1b2 elementor-section-boxed elementor-section-height-default elementor-section-height-default\" data-id=\"0cbb1b2\" data-element_type=\"section\">\n\t\t\t\t\t\t<div class=\"elementor-container elementor-column-gap-default\">\n\t\t\t\t\t\t\t<div class=\"elementor-row\">\n\t\t\t\t\t<div class=\"elementor-column elementor-col-100 elementor-top-column elementor-element elementor-element-fb5a897\" data-id=\"fb5a897\" data-element_type=\"column\">\n\t\t\t<div class=\"elementor-column-wrap elementor-element-populated\">\n\t\t\t\t\t\t\t<div class=\"elementor-widget-wrap\">\n\t\t\t\t\t\t<div class=\"elementor-element elementor-element-59c3d81 elementor-arrows-position-inside elementor-pagination-position-outside elementor-widget elementor-widget-image-carousel\" data-id=\"59c3d81\" data-element_type=\"widget\" data-settings=\"{&quot;navigation&quot;:&quot;both&quot;,&quot;autoplay&quot;:&quot;yes&quot;,&quot;pause_on_hover&quot;:&quot;yes&quot;,&quot;pause_on_interaction&quot;:&quot;yes&quot;,&quot;autoplay_speed&quot;:5000,&quot;infinite&quot;:&quot;yes&quot;,&quot;speed&quot;:500}\" data-widget_type=\"image-carousel.default\">\n\t\t\t\t<div class=\"elementor-widget-container\">\n\t\t\t\t\t<div class=\"elementor-image-carousel-wrapper swiper-container\" dir=\"ltr\">\n\t\t\t<div class=\"elementor-image-carousel swiper-wrapper\">\n\t\t\t\t<div class=\"swiper-slide\"><a data-elementor-open-lightbox=\"yes\" data-elementor-lightbox-slideshow=\"59c3d81\" data-elementor-lightbox-title=\"7.SHUSHA_ TAC\u0130K\u0130STAN\" href=\"https:\/\/legacy.dia.edu.az\/wp-content\/uploads\/2023\/05\/7.SHUSHA_-TACIKISTAN.jpg\"><figure class=\"swiper-slide-inner\"><img class=\"swiper-slide-image\" src=\"https:\/\/legacy.dia.edu.az\/wp-content\/uploads\/2023\/05\/7.SHUSHA_-TACIKISTAN-150x150.jpg\" alt=\"7.SHUSHA_ TAC\u0130K\u0130STAN\" \/><\/figure><\/a><\/div><div class=\"swiper-slide\"><a data-elementor-open-lightbox=\"yes\" data-elementor-lightbox-slideshow=\"59c3d81\" data-elementor-lightbox-title=\"4.SHUSHA_ YUNAN\u0130STAN\" href=\"https:\/\/legacy.dia.edu.az\/wp-content\/uploads\/2023\/05\/4.SHUSHA_-YUNANISTAN.jpg\"><figure class=\"swiper-slide-inner\"><img class=\"swiper-slide-image\" src=\"https:\/\/legacy.dia.edu.az\/wp-content\/uploads\/2023\/05\/4.SHUSHA_-YUNANISTAN-150x150.jpg\" alt=\"4.SHUSHA_ YUNAN\u0130STAN\" \/><\/figure><\/a><\/div><div class=\"swiper-slide\"><a data-elementor-open-lightbox=\"yes\" data-elementor-lightbox-slideshow=\"59c3d81\" data-elementor-lightbox-title=\"5. SHUSHA_ BOLQAR\u0130STAN\" href=\"https:\/\/legacy.dia.edu.az\/wp-content\/uploads\/2023\/05\/5.-SHUSHA_-BOLQARISTAN.jpg\"><figure class=\"swiper-slide-inner\"><img class=\"swiper-slide-image\" src=\"https:\/\/legacy.dia.edu.az\/wp-content\/uploads\/2023\/05\/5.-SHUSHA_-BOLQARISTAN-150x150.jpg\" alt=\"5. SHUSHA_ BOLQAR\u0130STAN\" \/><\/figure><\/a><\/div><div class=\"swiper-slide\"><a data-elementor-open-lightbox=\"yes\" data-elementor-lightbox-slideshow=\"59c3d81\" data-elementor-lightbox-title=\"3.SHUSHA_ \u0130ORDAN\u0130YA\" href=\"https:\/\/legacy.dia.edu.az\/wp-content\/uploads\/2023\/05\/3.SHUSHA_-IORDANIYA.jpg\"><figure class=\"swiper-slide-inner\"><img class=\"swiper-slide-image\" src=\"https:\/\/legacy.dia.edu.az\/wp-content\/uploads\/2023\/05\/3.SHUSHA_-IORDANIYA-150x150.jpg\" alt=\"3.SHUSHA_ \u0130ORDAN\u0130YA\" \/><\/figure><\/a><\/div><div class=\"swiper-slide\"><a data-elementor-open-lightbox=\"yes\" data-elementor-lightbox-slideshow=\"59c3d81\" data-elementor-lightbox-title=\"2.SHUSHA_ \u0130TAL\u0130YA\" href=\"https:\/\/legacy.dia.edu.az\/wp-content\/uploads\/2023\/05\/2.SHUSHA_-ITALIYA.jpg\"><figure class=\"swiper-slide-inner\"><img class=\"swiper-slide-image\" src=\"https:\/\/legacy.dia.edu.az\/wp-content\/uploads\/2023\/05\/2.SHUSHA_-ITALIYA-150x150.jpg\" alt=\"2.SHUSHA_ \u0130TAL\u0130YA\" \/><\/figure><\/a><\/div><div class=\"swiper-slide\"><a data-elementor-open-lightbox=\"yes\" data-elementor-lightbox-slideshow=\"59c3d81\" data-elementor-lightbox-title=\"1.SHUSHA_ GURGUSTAN\" href=\"https:\/\/legacy.dia.edu.az\/wp-content\/uploads\/2023\/05\/1.SHUSHA_-GURGUSTAN.jpg\"><figure class=\"swiper-slide-inner\"><img class=\"swiper-slide-image\" src=\"https:\/\/legacy.dia.edu.az\/wp-content\/uploads\/2023\/05\/1.SHUSHA_-GURGUSTAN-150x150.jpg\" alt=\"1.SHUSHA_ GURGUSTAN\" \/><\/figure><\/a><\/div><div class=\"swiper-slide\"><a data-elementor-open-lightbox=\"yes\" data-elementor-lightbox-slideshow=\"59c3d81\" data-elementor-lightbox-title=\"6.SHUSHA_ LATV\u0130A\" href=\"https:\/\/legacy.dia.edu.az\/wp-content\/uploads\/2023\/05\/6.SHUSHA_-LATVIA.jpg\"><figure class=\"swiper-slide-inner\"><img class=\"swiper-slide-image\" src=\"https:\/\/legacy.dia.edu.az\/wp-content\/uploads\/2023\/05\/6.SHUSHA_-LATVIA-150x150.jpg\" alt=\"6.SHUSHA_ LATV\u0130A\" \/><\/figure><\/a><\/div><div class=\"swiper-slide\"><a data-elementor-open-lightbox=\"yes\" data-elementor-lightbox-slideshow=\"59c3d81\" data-elementor-lightbox-title=\"8.SHUSHA_ FRANCE\" href=\"https:\/\/legacy.dia.edu.az\/wp-content\/uploads\/2023\/05\/8.SHUSHA_-FRANCE.jpeg\"><figure class=\"swiper-slide-inner\"><img class=\"swiper-slide-image\" src=\"https:\/\/legacy.dia.edu.az\/wp-content\/uploads\/2023\/05\/8.SHUSHA_-FRANCE-150x150.jpeg\" alt=\"8.SHUSHA_ FRANCE\" \/><\/figure><\/a><\/div>\t\t\t<\/div>\n\t\t\t\t\t\t\t\t\t\t\t\t<div class=\"swiper-pagination\"><\/div>\n\t\t\t\t\t\t\t\t\t\t\t\t\t<div class=\"elementor-swiper-button elementor-swiper-button-prev\">\n\t\t\t\t\t\t<i class=\"eicon-chevron-left\" aria-hidden=\"true\"><\/i>\n\t\t\t\t\t\t<span class=\"elementor-screen-only\">Previous<\/span>\n\t\t\t\t\t<\/div>\n\t\t\t\t\t<div class=\"elementor-swiper-button elementor-swiper-button-next\">\n\t\t\t\t\t\t<i class=\"eicon-chevron-right\" aria-hidden=\"true\"><\/i>\n\t\t\t\t\t\t<span class=\"elementor-screen-only\">Next<\/span>\n\t\t\t\t\t<\/div>\n\t\t\t\t\t\t\t\t\t<\/div>\n\t\t\t\t<\/div>\n\t\t\t\t<\/div>\n\t\t\t\t\t\t<\/div>\n\t\t\t\t\t<\/div>\n\t\t<\/div>\n\t\t\t\t\t\t\t\t<\/div>\n\t\t\t\t\t<\/div>\n\t\t<\/section>\n\t\t\t\t<section class=\"elementor-section elementor-top-section elementor-element elementor-element-f1e0468 elementor-section-boxed elementor-section-height-default elementor-section-height-default\" data-id=\"f1e0468\" data-element_type=\"section\">\n\t\t\t\t\t\t<div class=\"elementor-container elementor-column-gap-default\">\n\t\t\t\t\t\t\t<div class=\"elementor-row\">\n\t\t\t\t\t<div class=\"elementor-column elementor-col-100 elementor-top-column elementor-element elementor-element-428631a\" data-id=\"428631a\" data-element_type=\"column\">\n\t\t\t<div class=\"elementor-column-wrap elementor-element-populated\">\n\t\t\t\t\t\t\t<div class=\"elementor-widget-wrap\">\n\t\t\t\t\t\t<div class=\"elementor-element elementor-element-a697627 elementor-widget elementor-widget-text-editor\" data-id=\"a697627\" data-element_type=\"widget\" data-widget_type=\"text-editor.default\">\n\t\t\t\t<div class=\"elementor-widget-container\">\n\t\t\t\t\t\t\t\t<div class=\"elementor-text-editor elementor-clearfix\">\n\t\t\t\t\t<p>\u015eu\u015fa &#8211; Qaraba\u011f\u0131n tac\u0131, Qafqaz\u0131n s\u0259n\u0259t m\u0259b\u0259di, \u015e\u0259rqin konservatoriyas\u0131,<br>\nAz\u0259rbaycan\u0131n ictimai-siyasi, m\u0259d\u0259ni h\u0259yat\u0131nda m\u00fch\u00fcm xidm\u0259tl\u0259ri olan g\u00f6rk\u0259mli<br>\nxadiml\u0259rin v\u0259t\u0259ni, do\u011fma \u015f\u0259h\u0259r, \u0259ziz bir torpaq, h\u0259rbi-strateji \u0259h\u0259miyy\u0259tli qala v\u0259<br>\nm\u00fcq\u0259dd\u0259s abid\u0259dir. Bu bax\u0131m\u0131ndan, Az\u0259rbaycan\u0131n m\u0259d\u0259niyy\u0259t paytaxt\u0131 \u015eu\u015fan\u0131n z\u0259ngin<br>\ntarixi irsinin t\u0259bli\u011fi, Qaraba\u011fla ba\u011fl\u0131 h\u0259qiq\u0259tl\u0259rin beyn\u0259lxalq ictimaiyy\u0259t\u0259 \u00e7atd\u0131r\u0131lmas\u0131<br>\nm\u00fch\u00fcm \u0259h\u0259miy\u0259t k\u0259sb edir. Eyni zamanda, Az\u0259rbaycan Prezidenti, Ali Ba\u015f Komandan<br>\n\u0130lham \u018fliyevin r\u0259hb\u0259rliyi il\u0259 2020-ci il noyabr\u0131n 8-d\u0259 Az\u0259rbaycan Ordusu t\u0259r\u0259find\u0259n<br>\n\u015eu\u015fan\u0131n i\u015f\u011fal\u00e7\u0131lardan azad edilm\u0259si, el\u0259c\u0259 d\u0259 \u015f\u0259h\u0259rin \u0259sl tarixi simas\u0131, \u0259n\u0259n\u0259l\u0259ri v\u0259<br>\nq\u0259dim m\u0259d\u0259ni abid\u0259l\u0259rinin&nbsp;b\u0259rpas\u0131 istiqam\u0259tind\u0259 apar\u0131lan i\u015fl\u0259rin diqq\u0259t\u0259 \u00e7atd\u0131r\u0131lmas\u0131<br>\nbeyn\u0259lxalq ictimaiyy\u0259tin daha yax\u0131ndan tan\u0131\u015f olmas\u0131 bax\u0131m\u0131ndan da z\u0259ruridir.<br>\nAz\u0259rbaycan&nbsp;Respublikas\u0131n\u0131n&nbsp;Prezidenti yan\u0131nda D\u00f6vl\u0259t \u0130dar\u0259\u00e7ilik Akademiyas\u0131n\u0131n<br>\n\u201cQaraba\u011f \u0130rsini Ara\u015fd\u0131rma M\u0259rk\u0259zi\u201dnin r\u0259hb\u0259ri, professor, siyasi elml\u0259r doktoru El\u00e7in<br>\n\u018fhm\u0259dovun Az\u0259rbaycan\u0131n m\u0259d\u0259niyy\u0259t paytaxt\u0131 \u015eu\u015fa haqq\u0131nda kitablar\u0131 8 xarici<br>\nolk\u0259d\u0259 v\u0259 m\u00fcxt\u0259lif dill\u0259rd\u0259 &#8211; \u0130taliyada italyan, G\u00fcrc\u00fcstanda g\u00fcrc\u00fc, Yunan\u0131standa yunan,<br>\n\u0130ordaniyada \u0259r\u0259b, Bolqar\u0131standa bolqar, Latviyada lat\u0131\u015f, Tacikistanda tacik, Fransada<br>\nfrans\u0131z dill\u0259rind\u0259 n\u0259\u015fr edilmi\u015fdir. Kitablar\u0131n Romada, Tbilisid\u0259, Sofiyada, Ammanda,<br>\nRiqada, D\u00fc\u015f\u0259nb\u0259d\u0259 h\u0259min \u00f6lk\u0259l\u0259rin d\u00f6vl\u0259t qurumlar\u0131n\u0131n, r\u0259hb\u0259r-siyasi \u00e7evr\u0259l\u0259rinin,<br>\nparlamentaril\u0259rin, m\u0259d\u0259niyy\u0259t, akademik v\u0259 elmi dair\u0259l\u0259rin, k\u00fctl\u0259vi informasiya<br>\nvasit\u0259l\u0259rinin, o c\u00fcml\u0259d\u0259n h\u0259min \u00f6lk\u0259l\u0259rd\u0259ki akkredit\u0259 olunan diplomatik korpusun<br>\nn\u00fcmay\u0259nd\u0259l\u0259rinin i\u015ftirak\u0131 il\u0259 geni\u015f t\u0259qdimatlar\u0131 ke\u00e7irilmi\u015fdir.<br>\nT\u0259qdim edil\u0259n kitablarda Qaraba\u011f xanl\u0131\u011f\u0131n\u0131n yarad\u0131lmas\u0131n\u0131 \u015f\u0259rtl\u0259ndir\u0259n amill\u0259r,<br>\nAz\u0259rbaycan\u0131n m\u0259d\u0259niyy\u0259t paytaxt\u0131, Qaraba\u011f\u0131n tac\u0131 olan \u015eu\u015fan\u0131n q\u0259dim tarixi, m\u0259d\u0259ni<br>\nv\u0259 strateji \u0259h\u0259miyy\u0259ti t\u0259dqiq edilir. H\u0259m\u00e7inin, n\u0259\u015frl\u0259rd\u0259 \u015eu\u015fan\u0131n \u0259sas\u0131n\u0131n<br>\nqoyulmas\u0131ndan indiy\u0259 q\u0259d\u0259r ke\u00e7diyi b\u00fct\u00fcn tarixi m\u0259rh\u0259l\u0259l\u0259r geni\u015f \u015f\u0259kild\u0259 \u0259hat\u0259 edilir. \u0130lk<br>\nn\u00f6vb\u0259d\u0259, Qaraba\u011f xanl\u0131\u011f\u0131n\u0131n paytaxt\u0131 \u2013 \u015eu\u015fa qalas\u0131n\u0131n v\u0259 \u015f\u0259h\u0259rin q\u0259dim qap\u0131, meydan,<br>\nk\u00fc\u00e7\u0259 m\u0259h\u0259ll\u0259l\u0259rinin sal\u0131nmas\u0131 a\u00e7\u0131qlan\u0131r. X\u00fcsusil\u0259, \u015eu\u015fa Az\u0259rbaycan\u0131n \u00e7ox\u0259srlik, z\u0259ngin<br>\n\u015f\u0259h\u0259rsalma m\u0259d\u0259niyy\u0259tinin nadir n\u00fcmun\u0259si kimi \u00f6yr\u0259nilir. Bununla yana\u015f\u0131,<br>\nAz\u0259rbaycan\u0131n ictimai-siyasi v\u0259 m\u0259d\u0259ni h\u0259yat\u0131nda m\u00fch\u00fcm xidm\u0259tl\u0259r g\u00f6st\u0259r\u0259n v\u0259 \u0259sl\u0259n<br>\n\u015eu\u015fadan olan Az\u0259rbaycan\u0131n \u00e7oxsayl\u0131 g\u00f6rk\u0259mli \u015f\u0259xsiyy\u0259tl\u0259ri haqq\u0131nda geni\u015f m\u0259lumat<br>\nverilir. Eyni zamanda, \u015eu\u015fan\u0131n i\u015f\u011fal\u0131ndan \u0259vv\u0259lki tarixi yerl\u0259ri v\u0259 memarl\u0131q abid\u0259l\u0259rinin<br>\nfotolar\u0131 da verilmi\u015fdir. Bununla yana\u015f\u0131, XX \u0259srin sonunda Erm\u0259nistan\u0131n Az\u0259rbaycana<br>\nh\u0259rbi t\u0259cav\u00fcz\u00fc n\u0259tic\u0259sind\u0259 \u015eu\u015fan\u0131n i\u015f\u011fal\u0131 zaman\u0131 \u015f\u0259h\u0259rd\u0259 m\u0259d\u0259ni soyq\u0131r\u0131m\u0131 siyas\u0259ti,<br>\nx\u00fcsusil\u0259 tarixi-memarl\u0131q abid\u0259l\u0259rinin erm\u0259ni vandalizmin\u0259 m\u0259ruz qalmas\u0131 fotolarla<br>\ndiqq\u0259t\u0259 \u00e7atd\u0131r\u0131l\u0131r. \u00dcm\u00fcmilikd\u0259, n\u0259\u015frl\u0259rd\u0259 qala-\u015f\u0259h\u0259rin i\u015f\u011faldan \u0259vv\u0259l, i\u015f\u011fal vaxt\u0131 v\u0259<br>\ni\u015f\u011faldan azad edilm\u0259sind\u0259n sonrak\u0131 d\u00f6vr\u00fc \u0259ks etdir\u0259n \u00e7oxsayl\u0131 fotolar\u0131 izahl\u0131 \u015f\u0259kild\u0259 \u00f6z<br>\n\u0259ksini tapm\u0131\u015fd\u0131r.<br>\nBundan \u0259lav\u0259, Az\u0259rbaycan\u0131n \u0130kinci Qaraba\u011f m\u00fcharib\u0259sind\u0259 q\u0259l\u0259b\u0259sini \u015f\u0259rtl\u0259ndir\u0259n<br>\namill\u0259r, x\u00fcsusil\u0259 h\u0259rbi-diplomatik v\u0259 informasiya m\u0259kan\u0131nda u\u011furlar t\u0259hlil edilir. Bununla<br>\nyana\u015f\u0131, g\u00f6rk\u0259mli d\u00f6vl\u0259t xadimi Heyd\u0259r \u018fliyevin 1969-1982-ci ill\u0259rd\u0259 Qaraba\u011fa milli<br>\nruhun y\u00fcks\u0259ldilm\u0259si istiqam\u0259tind\u0259 \u00e7ox\u015fax\u0259li f\u0259aliyy\u0259ti, x\u00fcsusil\u0259 \u015eu\u015faya z\u0259ngin tarixi<br>\nabid\u0259 kimi qay\u011f\u0131s\u0131 geni\u015f t\u0259qdiq edilir. Eyni zamanda, Az\u0259rbaycan Prezidenti, Ali Ba\u015f<br>\nKomandan \u0130lham \u018fliyevin r\u0259hb\u0259rliyi il\u0259 2020-ci il noyabr\u0131n 8-d\u0259 Az\u0259rbaycan Ordusu<br>\nt\u0259r\u0259find\u0259n \u015eu\u015fan\u0131n i\u015f\u011fal\u00e7\u0131lardan azad edilm\u0259si, el\u0259c\u0259 d\u0259 \u015f\u0259h\u0259rin \u0259sl tarixi simas\u0131,<br>\n\u0259n\u0259n\u0259l\u0259ri v\u0259 q\u0259dim m\u0259d\u0259ni abid\u0259l\u0259rinin&nbsp;b\u0259rpas\u0131 istiqam\u0259tind\u0259 apar\u0131lan i\u015fl\u0259r sistemli\u0131<br>\n\u015f\u0259kild\u0259 tarixi faktlar v\u0259 fotolarla diqq\u0259t\u0259 \u00e7atd\u0131r\u0131l\u0131r.<br>\nQaraba\u011f h\u0259qiq\u0259tl\u0259rinin beyn\u0259lxalq ictimaiyy\u0259t\u0259 \u00e7atd\u0131r\u0131lmas\u0131 bax\u0131m\u0131ndan m\u00fch\u00fcm<br>\n\u0259h\u0259miyy\u0259t k\u0259sb ed\u0259n v\u0259 Y\u00fcnan\u0131stan, Bolqar\u0131stan, \u0130ordaniya, G\u00fcrc\u00fcstan, Tacikistanda<br>\nn\u0259\u015fr edilmi\u015f kitablar Az\u0259rbaycan&nbsp;Respublikas\u0131n\u0131n&nbsp;Prezidenti yan\u0131nda D\u00f6vl\u0259t \u0130dar\u0259\u00e7ilik<\/p>\n<p>Akademiyas\u0131n\u0131n&nbsp; &nbsp;\u201cQaraba\u011f \u0130rsini Ara\u015fd\u0131rma M\u0259rk\u0259zi\u201dnin r\u0259hb\u0259ri,&nbsp; professor, siyasi elml\u0259r<br>\ndoktoru El\u00e7in \u018fhm\u0259dovun m\u00fc\u0259llifliyi, \u0130taliyada professor Daniel Pommier Vin\u00e7elli,<br>\nLatviyada professor Kaspars Klavin\u015f v\u0259 dosent Nigar Sultanova, Fransada is\u0259 Jean-<br>\nMichel Brun il\u0259 birg\u0259 h\u0259mm\u00fc\u0259llifliyi il\u0259 n\u0259\u015fr edilmi\u015fdir.<br>\nM\u0259lum oldu\u011fu kimi, 2022-ci il mart\u0131n 31-d\u0259 Beyn\u0259lxalq T\u00fcrk M\u0259d\u0259niyy\u0259ti<br>\nT\u0259\u015fkilat\u0131na (T\u00dcRKSOY) \u00fczv \u00f6lk\u0259l\u0259rin M\u0259d\u0259niyy\u0259t Nazirl\u0259rinin Daimi \u015euras\u0131n\u0131n<br>\nT\u00fcrkiy\u0259nin Bursa \u015f\u0259h\u0259rind\u0259 ke\u00e7iril\u0259n iclas\u0131nda \u015eu\u015fa \u015f\u0259h\u0259ri 2023-c\u00fc il \u00fc\u00e7\u00fcn \u201cT\u00fcrk<br>\nd\u00fcnyas\u0131n\u0131n m\u0259d\u0259niyy\u0259t paytaxt\u0131\u201d se\u00e7ilmi\u015fdir.<br>\n\u015eu\u015fa \u015f\u0259h\u0259rinin Az\u0259rbaycan tarixinin v\u0259 m\u0259d\u0259niyy\u0259tinin r\u0259mzi olmas\u0131n\u0131 t\u0259c\u0259ss\u00fcm<br>\netdir\u0259n kitablar\u0131n daha \u00e7ox xarici dill\u0259rd\u0259 n\u0259\u015fr edilm\u0259si v\u0259 geni\u015f t\u0259qdimatlar\u0131n\u0131n<br>\nke\u00e7irilm\u0259si Qaraba\u011f h\u0259qiq\u0259tl\u0259rinin, x\u00fcsusil\u0259 Qaraba\u011f\u0131n tac\u0131 v\u0259 Qafqaz\u0131n mirvarisi olan<br>\nbu b\u0259nz\u0259rsiz \u015f\u0259h\u0259rinin d\u00fcnyada t\u0259bli\u011fi 2023-c\u00fc il \u00fc\u00e7\u00fcn \u201cT\u00fcrk d\u00fcnyas\u0131n\u0131n m\u0259d\u0259niyy\u0259t<br>\npaytaxt\u0131\u201d se\u00e7ildiyi il bax\u0131m\u0131ndan da \u00e7ox m\u00fch\u00fcm \u0259h\u0259miyy\u0259t k\u0259sb edir.<\/p>\t\t\t\t\t<\/div>\n\t\t\t\t\t\t<\/div>\n\t\t\t\t<\/div>\n\t\t\t\t\t\t<\/div>\n\t\t\t\t\t<\/div>\n\t\t<\/div>\n\t\t\t\t\t\t\t\t<\/div>\n\t\t\t\t\t<\/div>\n\t\t<\/section>\n\t\t\t\t\t\t<\/div>\n\t\t\t\t\t\t<\/div>\n\t\t\t\t\t<\/div>","protected":false},"excerpt":{"rendered":"<p>D\u00f6vl\u0259t \u0130dar\u0259\u00e7ilik Akademiyas\u0131n\u0131n professoru El\u00e7in \u018fhm\u0259dovun \u015eu\u015fa haqq\u0131nda kitab\u0131 s\u0259kkiz xarici \u00f6lk\u0259d\u0259, m\u00fcxt\u0259lif dill\u0259rd\u0259 n\u0259\u015fr edilmi\u015fdir Previous Next \u015eu\u015fa &#8211; Qaraba\u011f\u0131n tac\u0131, Qafqaz\u0131n s\u0259n\u0259t m\u0259b\u0259di, \u015e\u0259rqin konservatoriyas\u0131, Az\u0259rbaycan\u0131n ictimai-siyasi, m\u0259d\u0259ni h\u0259yat\u0131nda m\u00fch\u00fcm xidm\u0259tl\u0259ri olan g\u00f6rk\u0259mli xadiml\u0259rin v\u0259t\u0259ni, do\u011fma \u015f\u0259h\u0259r, \u0259ziz bir torpaq, h\u0259rbi-strateji \u0259h\u0259miyy\u0259tli qala v\u0259 m\u00fcq\u0259dd\u0259s abid\u0259dir. Bu bax\u0131m\u0131ndan, Az\u0259rbaycan\u0131n m\u0259d\u0259niyy\u0259t paytaxt\u0131 \u015eu\u015fan\u0131n z\u0259ngin [&hellip;]<\/p>","protected":false},"author":2,"featured_media":20140,"comment_status":"closed","ping_status":"closed","sticky":false,"template":"","format":"standard","meta":[],"categories":[137],"tags":[],"_links":{"self":[{"href":"https:\/\/legacy.dia.edu.az\/en\/wp-json\/wp\/v2\/posts\/20139"}],"collection":[{"href":"https:\/\/legacy.dia.edu.az\/en\/wp-json\/wp\/v2\/posts"}],"about":[{"href":"https:\/\/legacy.dia.edu.az\/en\/wp-json\/wp\/v2\/types\/post"}],"author":[{"embeddable":true,"href":"https:\/\/legacy.dia.edu.az\/en\/wp-json\/wp\/v2\/users\/2"}],"replies":[{"embeddable":true,"href":"https:\/\/legacy.dia.edu.az\/en\/wp-json\/wp\/v2\/comments?post=20139"}],"version-history":[{"count":12,"href":"https:\/\/legacy.dia.edu.az\/en\/wp-json\/wp\/v2\/posts\/20139\/revisions"}],"predecessor-version":[{"id":20223,"href":"https:\/\/legacy.dia.edu.az\/en\/wp-json\/wp\/v2\/posts\/20139\/revisions\/20223"}],"wp:featuredmedia":[{"embeddable":true,"href":"https:\/\/legacy.dia.edu.az\/en\/wp-json\/wp\/v2\/media\/20140"}],"wp:attachment":[{"href":"https:\/\/legacy.dia.edu.az\/en\/wp-json\/wp\/v2\/media?parent=20139"}],"wp:term":[{"taxonomy":"category","embeddable":true,"href":"https:\/\/legacy.dia.edu.az\/en\/wp-json\/wp\/v2\/categories?post=20139"},{"taxonomy":"post_tag","embeddable":true,"href":"https:\/\/legacy.dia.edu.az\/en\/wp-json\/wp\/v2\/tags?post=20139"}],"curies":[{"name":"wp","href":"https:\/\/api.w.org\/{rel}","templated":true}]}}