{"id":20079,"date":"2022-05-25T11:58:00","date_gmt":"2022-05-25T07:58:00","guid":{"rendered":"https:\/\/dia.edu.az\/?p=20079"},"modified":"2023-05-18T14:08:35","modified_gmt":"2023-05-18T10:08:35","slug":"az%c9%99rbaycan-respublikasinin-prezidenti-yaninda-dovl%c9%99t-idar%c9%99cilik-akademiyasinda-idar%c9%99etm%c9%99d%c9%99-yeni-trendl%c9%99r-v%c9%99-paradiqmalar-movzusunda-respublika","status":"publish","type":"post","link":"https:\/\/legacy.dia.edu.az\/en\/arxivl\u0259r\/20079","title":{"rendered":"Az\u0259rbaycan Respublikas\u0131n\u0131n Prezidenti yan\u0131nda D\u00f6vl\u0259t \u0130dar\u0259\u00e7ilik Akademiyas\u0131nda \u201c\u0130dar\u0259etm\u0259d\u0259 yeni trendl\u0259r v\u0259 paradiqmalar\u201d m\u00f6vzusunda Respublika elmi-praktik konfrans"},"content":{"rendered":"<div data-elementor-type=\"wp-post\" data-elementor-id=\"20079\" class=\"elementor elementor-20079\" data-elementor-settings=\"[]\">\n\t\t\t\t\t\t<div class=\"elementor-inner\">\n\t\t\t\t\t\t\t<div class=\"elementor-section-wrap\">\n\t\t\t\t\t\t\t<section class=\"elementor-section elementor-top-section elementor-element elementor-element-34af1cb elementor-section-boxed elementor-section-height-default elementor-section-height-default\" data-id=\"34af1cb\" data-element_type=\"section\">\n\t\t\t\t\t\t<div class=\"elementor-container elementor-column-gap-default\">\n\t\t\t\t\t\t\t<div class=\"elementor-row\">\n\t\t\t\t\t<div class=\"elementor-column elementor-col-100 elementor-top-column elementor-element elementor-element-9d42d10\" data-id=\"9d42d10\" data-element_type=\"column\">\n\t\t\t<div class=\"elementor-column-wrap elementor-element-populated\">\n\t\t\t\t\t\t\t<div class=\"elementor-widget-wrap\">\n\t\t\t\t\t\t<div class=\"elementor-element elementor-element-5553f5d elementor-widget elementor-widget-text-editor\" data-id=\"5553f5d\" data-element_type=\"widget\" data-widget_type=\"text-editor.default\">\n\t\t\t\t<div class=\"elementor-widget-container\">\n\t\t\t\t\t\t\t\t<div class=\"elementor-text-editor elementor-clearfix\">\n\t\t\t\t\t<p>&nbsp;Az\u0259rbaycan Respublikas\u0131n\u0131n Prezidenti yan\u0131nda D\u00f6vl\u0259t \u0130dar\u0259\u00e7ilik Akademiyas\u0131nda 27 may 2022-ci il tarixind\u0259 \u201c\u0130dar\u0259etm\u0259d\u0259 yeni trendl\u0259r v\u0259 paradiqmalar\u201d m\u00f6vzusunda Respublika elmi-praktik konfrans\u0131 ke\u00e7iril\u0259c\u0259kdir&nbsp;<\/p>\t\t\t\t\t<\/div>\n\t\t\t\t\t\t<\/div>\n\t\t\t\t<\/div>\n\t\t\t\t\t\t<\/div>\n\t\t\t\t\t<\/div>\n\t\t<\/div>\n\t\t\t\t\t\t\t\t<\/div>\n\t\t\t\t\t<\/div>\n\t\t<\/section>\n\t\t\t\t<section class=\"elementor-section elementor-top-section elementor-element elementor-element-5f34779 elementor-section-boxed elementor-section-height-default elementor-section-height-default\" data-id=\"5f34779\" data-element_type=\"section\">\n\t\t\t\t\t\t<div class=\"elementor-container elementor-column-gap-default\">\n\t\t\t\t\t\t\t<div class=\"elementor-row\">\n\t\t\t\t\t<div class=\"elementor-column elementor-col-100 elementor-top-column elementor-element elementor-element-ea1bc4e\" data-id=\"ea1bc4e\" data-element_type=\"column\">\n\t\t\t<div class=\"elementor-column-wrap elementor-element-populated\">\n\t\t\t\t\t\t\t<div class=\"elementor-widget-wrap\">\n\t\t\t\t\t\t<div class=\"elementor-element elementor-element-aad9d90 elementor-widget elementor-widget-text-editor\" data-id=\"aad9d90\" data-element_type=\"widget\" data-widget_type=\"text-editor.default\">\n\t\t\t\t<div class=\"elementor-widget-container\">\n\t\t\t\t\t\t\t\t<div class=\"elementor-text-editor elementor-clearfix\">\n\t\t\t\t\t<p>&nbsp;<\/p>\n<p style=\"text-align: center;\"><strong>&nbsp; &nbsp;&nbsp;<\/strong><\/p>\n<p style=\"text-align: center;\"><strong><a href=\"https:\/\/dia.edu.az\/wp-content\/uploads\/2023\/05\/2022-KONFRANS-PROQ.YENI-181818.pdf\"><span style=\"color: #0000ff;\">KONFRANSIN PROQRAMINA KE&Ccedil;\u0130D<\/span><\/a><\/strong><\/p>\t\t\t\t\t<\/div>\n\t\t\t\t\t\t<\/div>\n\t\t\t\t<\/div>\n\t\t\t\t\t\t<\/div>\n\t\t\t\t\t<\/div>\n\t\t<\/div>\n\t\t\t\t\t\t\t\t<\/div>\n\t\t\t\t\t<\/div>\n\t\t<\/section>\n\t\t\t\t<section class=\"elementor-section elementor-top-section elementor-element elementor-element-6b7515b elementor-section-boxed elementor-section-height-default elementor-section-height-default\" data-id=\"6b7515b\" data-element_type=\"section\">\n\t\t\t\t\t\t<div class=\"elementor-container elementor-column-gap-default\">\n\t\t\t\t\t\t\t<div class=\"elementor-row\">\n\t\t\t\t\t<div class=\"elementor-column elementor-col-100 elementor-top-column elementor-element elementor-element-5a809ef\" data-id=\"5a809ef\" data-element_type=\"column\">\n\t\t\t<div class=\"elementor-column-wrap elementor-element-populated\">\n\t\t\t\t\t\t\t<div class=\"elementor-widget-wrap\">\n\t\t\t\t\t\t<div class=\"elementor-element elementor-element-89be6f3 elementor-widget elementor-widget-text-editor\" data-id=\"89be6f3\" data-element_type=\"widget\" data-widget_type=\"text-editor.default\">\n\t\t\t\t<div class=\"elementor-widget-container\">\n\t\t\t\t\t\t\t\t<div class=\"elementor-text-editor elementor-clearfix\">\n\t\t\t\t\t\n<p style=\"text-align: justify;\">\u00a0 \u00a0 \u00a0 \u00a0\u00d6lk\u0259 iqtisadiyyat\u0131n\u0131n davaml\u0131 v\u0259 keyfiyy\u0259tli inki\u015faf\u0131n\u0131n idar\u0259 olunmas\u0131 m\u00fcasir texnologiyalara v\u0259 innovasiyalara \u0259saslanan iqtisadiyyat\u0131n formala\u015fmas\u0131n\u0131 \u00f6n plana \u00e7\u0259kir. Qloballa\u015fan d\u00fcnyada yeni iqtisadi \u00e7a\u011f\u0131r\u0131\u015flar davaml\u0131 r\u0259qab\u0259t \u00fcst\u00fcnl\u00fcy\u00fc \u00fc\u00e7\u00fcn b\u00fct\u00fcn aspektl\u0259rd\u0259 (texnoloji, bazar, maliyy\u0259 v\u0259 s.) innovasiya f\u0259all\u0131\u011f\u0131n\u0131, iqtisadi v\u0259 t\u0259\u015fkilati-idar\u0259etm\u0259 yenilikl\u0259rini z\u0259ruri edir.\u00a0<\/p>\n<p style=\"text-align: justify;\">Konfrans\u0131n ke\u00e7irilm\u0259sind\u0259 \u0259sas m\u0259qs\u0259d \u00a0sosial &#8211;\u00a0 iqtisadi sah\u0259 prioritetl\u0259rinin realla\u015fmas\u0131\u00a0 istiqam\u0259tind\u0259 perspektiv imkanlar\u0131n \u00f6yr\u0259nilm\u0259sidir.<\/p>\n<p style=\"text-align: justify;\">&#8220;<strong>\u0130dar\u0259etm\u0259d\u0259 yeni trendl\u0259r v\u0259 paradiqmalar<\/strong>&#8221; m\u00f6vzusunda elmi-praktik konfrans\u0131n m\u0259qs\u0259di professor, m\u00fc\u0259llim hey\u0259ti, t\u0259dqiqat\u00e7\u0131lar, doktorantlar\u0131n,magistrlar, menecerl\u0259rin yeni nailiyy\u0259tl\u0259r v\u0259 t\u0259dqiqatlar\u0131 il\u0259 ba\u011fl\u0131 t\u0259qdimatlar\u0131n\u0131n t\u0259qdimi v\u0259 t\u0259cr\u00fcb\u0259 m\u00fcbadil\u0259sinin apar\u0131lmas\u0131d\u0131r.<\/p>\n<p>Konfransda iqtisadi inki\u015fafda \u00a0yeni layih\u0259l\u0259r v\u0259 innovasiyalar t\u0259qdim etm\u0259k ist\u0259y\u0259n t\u0259dqiqat\u00e7\u0131lar, professor-m\u00fc\u0259llim hey\u0259ti, m\u00fct\u0259x\u0259ssisl\u0259r i\u015ftirak ed\u0259 bil\u0259rl\u0259r. \u00a0<\/p>\n<p><strong><em><u>Konfransa a\u015fa\u011f\u0131dak\u0131 istiqam\u0259tl\u0259r \u00fczr\u0259 m\u0259qal\u0259l\u0259r q\u0259bul olunur:<\/u><\/em><\/strong><\/p>\n<ol>\n<li><em>\u0130nkluziv c\u0259miyy\u0259ytin formala\u015fmas\u0131 davaml\u0131 inki\u015faf m\u0259qs\u0259di kimi\u00a0 <\/em><\/li>\n<li><em>D\u00f6vl\u0259t idar\u0259\u00e7iliyin<\/em><em>d\u0259<\/em><em> yeni texnologiyalar<\/em><\/li>\n<li><em>M\u00fcasir sahibkarl\u0131q f\u0259aliyy\u0259tind\u0259 yeni yana\u015fmalar <\/em><\/li>\n<li><em>R\u0259q\u0259msal idar\u0259etm\u0259<\/em><\/li>\n<\/ol>\n<p><strong><em><u>M\u0259qal\u0259l\u0259rin t\u0259rtib olunma qaydalar\u0131:<\/u><\/em><\/strong><\/p>\n<p>M\u0259tnin y\u0131\u011f\u0131lmas\u0131-A4-d\u0259, h\u0259r t\u0259r\u0259fd\u0259n 2,5 sm, \u015frift 14pt, interval 1,5, Times New Roman. M\u0259qal\u0259l\u0259r \u041cicrosoft Word format\u0131nda v\u0259 <strong>se\u00e7diyi b\u00f6lm\u0259 \u00fczr\u0259 haz\u0131rlanmal\u0131d\u0131r<\/strong>. M\u0259qal\u0259l\u0259r 5-8 s\u0259hif\u0259d\u0259n ibar\u0259t olmaqla, az\u0259rbaycan v\u0259 rus \u00a0dilind\u0259 t\u0259qdim olunmal\u0131d\u0131r.<\/p>\n<p>\u00a0\u00a0\u00a0\u00a0\u00a0 Konfrans haqq\u0131nda m\u0259lumat D\u00f6vl\u0259t \u0130dar\u0259\u00e7ilik Akademiyas\u0131n\u0131n sayt\u0131nda yerl\u0259\u015fdiril\u0259c\u0259k. (<a href=\"http:\/\/www.dia.edu.az\">http:\/\/www.dia.edu.az<\/a>)<\/p>\n<p>M\u0259qal\u0259 elektron \u015f\u0259kild\u0259 <strong><em>11.05.2022 tarixind\u0259n 25.05.2022 tarixin\u0259d\u0259k diamanagment@yandex.ru <\/em><\/strong>\u00a0elektron \u00fcnvan\u0131na g\u00f6nd\u0259ril\u00adm\u0259lidir.<\/p>\n<p><strong><em>\u018flaq\u0259 telefonu: \u00a0(012) 4978331<\/em><\/strong><\/p>\n<p><strong><em>\u00dcnvan: \u00a0Bak\u0131, Lermontov 74<\/em><\/strong><\/p>\n<p><strong><em>E-mail: <\/em><\/strong><strong><em>diamanagment@yandex.ru <\/em><\/strong>\u00a0<\/p>\n<p><strong><em><u>M\u0259qal\u0259nin t\u0259rtibi \u00fc\u00e7\u00fcn n\u00fcmun\u0259<\/u><\/em><\/strong><\/p>\n<p><em>\u00a0<\/em><\/p>\n<p style=\"text-align: center;\"><strong>M\u018fQAL\u018fN\u0130N ADI<\/strong><\/p>\n<p style=\"text-align: center;\"><strong>M\u00fc\u0259llifin ad\u0131, atas\u0131n\u0131n ad\u0131, soyad\u0131<\/strong><\/p>\n<p style=\"text-align: center;\"><strong>Elmi d\u0259r\u0259c\u0259si, v\u0259zif\u0259si<\/strong><\/p>\n<p style=\"text-align: center;\"><strong>T\u0259msil etdiyi m\u00fc\u0259ssis\u0259nin ad\u0131<\/strong><\/p>\n<p style=\"text-align: center;\"><strong><em>e-mail<\/em><\/strong><\/p>\n<p style=\"text-align: center;\"><em>\u00a0<\/em><\/p>\n<p style=\"text-align: center;\"><strong>X\u00fclas\u0259 <\/strong><\/p>\n<p style=\"text-align: center;\">X\u00fclas\u0259 adi h\u0259rfl\u0259rl\u0259<strong>, <\/strong>M\u0259qal\u0259nin yaz\u0131ld\u0131\u011f\u0131 dild\u0259, 350-400 simvol.<\/p>\n<p style=\"text-align: center;\"><strong>\u00a0\u00a0\u00a0\u00a0\u00a0\u00a0 A\u00e7ar s\u00f6zl\u0259r:<\/strong> 3-5 s\u00f6z<\/p>\n<p style=\"text-align: center;\"><strong>\u00a0<\/strong><\/p>\n<p style=\"text-align: center;\"><strong>M\u0259qal\u0259nin m\u0259tni <\/strong>&#8230;.. &#8230;&#8230;&#8230;&#8230;&#8230;&#8230; &#8230;&#8230;..<\/p>\n<p style=\"text-align: center;\">M\u0259qal\u0259d\u0259 istinad olunan \u0259d\u0259biyyat [1, s.78] kimi verilm\u0259lidir.\u00a0\u00a0\u00a0<\/p>\n<p style=\"text-align: center;\"><strong>\u00a0<\/strong><\/p>\n<p style=\"text-align: center;\"><strong>\u018fd\u0259biyyat<\/strong><\/p>\n<p style=\"text-align: center;\">\u00a0<\/p>\n<p style=\"text-align: right;\"><strong><em>T\u0259\u015fkilat Komit\u0259si\u00a0\u00a0\u00a0\u00a0\u00a0\u00a0\u00a0\u00a0\u00a0\u00a0\u00a0\u00a0\u00a0\u00a0\u00a0\u00a0\u00a0\u00a0\u00a0\u00a0\u00a0\u00a0\u00a0\u00a0 \u00a0\u00a0\u00a0\u00a0\u00a0\u00a0\u00a0\u00a0\u00a0\u00a0\u00a0\u00a0\u00a0\u00a0\u00a0\u00a0\u00a0\u00a0\u00a0\u00a0\u00a0\u00a0\u00a0\u00a0\u00a0\u00a0\u00a0\u00a0\u00a0\u00a0<\/em><\/strong><\/p><\/p>\t\t\t\t\t<\/div>\n\t\t\t\t\t\t<\/div>\n\t\t\t\t<\/div>\n\t\t\t\t\t\t<\/div>\n\t\t\t\t\t<\/div>\n\t\t<\/div>\n\t\t\t\t\t\t\t\t<\/div>\n\t\t\t\t\t<\/div>\n\t\t<\/section>\n\t\t\t\t\t\t<\/div>\n\t\t\t\t\t\t<\/div>\n\t\t\t\t\t<\/div>","protected":false},"excerpt":{"rendered":"<p>&nbsp;Az\u0259rbaycan Respublikas\u0131n\u0131n Prezidenti yan\u0131nda D\u00f6vl\u0259t \u0130dar\u0259\u00e7ilik Akademiyas\u0131nda 27 may 2022-ci il tarixind\u0259 \u201c\u0130dar\u0259etm\u0259d\u0259 yeni trendl\u0259r v\u0259 paradiqmalar\u201d m\u00f6vzusunda Respublika elmi-praktik konfrans\u0131 ke\u00e7iril\u0259c\u0259kdir&nbsp; &nbsp; &nbsp; &nbsp;&nbsp; KONFRANSIN PROQRAMINA KE\u00c7\u0130D &nbsp; &nbsp; &nbsp; &nbsp;\u00d6lk\u0259 iqtisadiyyat\u0131n\u0131n davaml\u0131 v\u0259 keyfiyy\u0259tli inki\u015faf\u0131n\u0131n idar\u0259 olunmas\u0131 m\u00fcasir texnologiyalara v\u0259 innovasiyalara \u0259saslanan iqtisadiyyat\u0131n formala\u015fmas\u0131n\u0131 \u00f6n plana \u00e7\u0259kir. Qloballa\u015fan d\u00fcnyada yeni iqtisadi \u00e7a\u011f\u0131r\u0131\u015flar davaml\u0131 [&hellip;]<\/p>","protected":false},"author":2,"featured_media":15676,"comment_status":"closed","ping_status":"closed","sticky":false,"template":"","format":"standard","meta":[],"categories":[137],"tags":[],"_links":{"self":[{"href":"https:\/\/legacy.dia.edu.az\/en\/wp-json\/wp\/v2\/posts\/20079"}],"collection":[{"href":"https:\/\/legacy.dia.edu.az\/en\/wp-json\/wp\/v2\/posts"}],"about":[{"href":"https:\/\/legacy.dia.edu.az\/en\/wp-json\/wp\/v2\/types\/post"}],"author":[{"embeddable":true,"href":"https:\/\/legacy.dia.edu.az\/en\/wp-json\/wp\/v2\/users\/2"}],"replies":[{"embeddable":true,"href":"https:\/\/legacy.dia.edu.az\/en\/wp-json\/wp\/v2\/comments?post=20079"}],"version-history":[{"count":16,"href":"https:\/\/legacy.dia.edu.az\/en\/wp-json\/wp\/v2\/posts\/20079\/revisions"}],"predecessor-version":[{"id":20118,"href":"https:\/\/legacy.dia.edu.az\/en\/wp-json\/wp\/v2\/posts\/20079\/revisions\/20118"}],"wp:featuredmedia":[{"embeddable":true,"href":"https:\/\/legacy.dia.edu.az\/en\/wp-json\/wp\/v2\/media\/15676"}],"wp:attachment":[{"href":"https:\/\/legacy.dia.edu.az\/en\/wp-json\/wp\/v2\/media?parent=20079"}],"wp:term":[{"taxonomy":"category","embeddable":true,"href":"https:\/\/legacy.dia.edu.az\/en\/wp-json\/wp\/v2\/categories?post=20079"},{"taxonomy":"post_tag","embeddable":true,"href":"https:\/\/legacy.dia.edu.az\/en\/wp-json\/wp\/v2\/tags?post=20079"}],"curies":[{"name":"wp","href":"https:\/\/api.w.org\/{rel}","templated":true}]}}