{"id":19988,"date":"2023-05-08T11:51:04","date_gmt":"2023-05-08T07:51:04","guid":{"rendered":"https:\/\/dia.edu.az\/?p=19988"},"modified":"2023-05-08T12:06:35","modified_gmt":"2023-05-08T08:06:35","slug":"heyd%c9%99r-%c9%99liyevin-dovl%c9%99tcilik-f%c9%99ls%c9%99f%c9%99si-v%c9%99-az%c9%99rbaycanciliq-ideologiyasi","status":"publish","type":"post","link":"https:\/\/legacy.dia.edu.az\/en\/arxivl\u0259r\/19988","title":{"rendered":"<strong>\u201cHeyd\u0259r \u018fliyevin d\u00f6vl\u0259t\u00e7ilik f\u0259ls\u0259f\u0259si v\u0259 az\u0259rbaycan\u00e7\u0131l\u0131q ideologiyas\u0131\u201d<\/strong><strong><\/strong>"},"content":{"rendered":"<div data-elementor-type=\"wp-post\" data-elementor-id=\"19988\" class=\"elementor elementor-19988\" data-elementor-settings=\"[]\">\n\t\t\t\t\t\t<div class=\"elementor-inner\">\n\t\t\t\t\t\t\t<div class=\"elementor-section-wrap\">\n\t\t\t\t\t\t\t<section class=\"elementor-section elementor-top-section elementor-element elementor-element-1ee37577 elementor-section-boxed elementor-section-height-default elementor-section-height-default\" data-id=\"1ee37577\" data-element_type=\"section\">\n\t\t\t\t\t\t<div class=\"elementor-container elementor-column-gap-default\">\n\t\t\t\t\t\t\t<div class=\"elementor-row\">\n\t\t\t\t\t<div class=\"elementor-column elementor-col-100 elementor-top-column elementor-element elementor-element-689a0b4d\" data-id=\"689a0b4d\" data-element_type=\"column\">\n\t\t\t<div class=\"elementor-column-wrap elementor-element-populated\">\n\t\t\t\t\t\t\t<div class=\"elementor-widget-wrap\">\n\t\t\t\t\t\t<div class=\"elementor-element elementor-element-28f14d69 elementor-widget elementor-widget-text-editor\" data-id=\"28f14d69\" data-element_type=\"widget\" data-widget_type=\"text-editor.default\">\n\t\t\t\t<div class=\"elementor-widget-container\">\n\t\t\t\t\t\t\t\t<div class=\"elementor-text-editor elementor-clearfix\">\n\t\t\t\t\t\u201cHeyd\u0259r \u018fliyevin d\u00f6vl\u0259t\u00e7ilik f\u0259ls\u0259f\u0259si v\u0259 az\u0259rbaycan\u00e7\u0131l\u0131q ideologiyas\u0131\u201d\nm\u00f6vzusunda elmi seminar ke\u00e7irilib\n\t\t\t\t\t<\/div>\n\t\t\t\t\t\t<\/div>\n\t\t\t\t<\/div>\n\t\t\t\t\t\t<\/div>\n\t\t\t\t\t<\/div>\n\t\t<\/div>\n\t\t\t\t\t\t\t\t<\/div>\n\t\t\t\t\t<\/div>\n\t\t<\/section>\n\t\t\t\t<section class=\"elementor-section elementor-top-section elementor-element elementor-element-b1f9f26 elementor-section-boxed elementor-section-height-default elementor-section-height-default\" data-id=\"b1f9f26\" data-element_type=\"section\">\n\t\t\t\t\t\t<div class=\"elementor-container elementor-column-gap-default\">\n\t\t\t\t\t\t\t<div class=\"elementor-row\">\n\t\t\t\t\t<div class=\"elementor-column elementor-col-100 elementor-top-column elementor-element elementor-element-7479ada\" data-id=\"7479ada\" data-element_type=\"column\">\n\t\t\t<div class=\"elementor-column-wrap elementor-element-populated\">\n\t\t\t\t\t\t\t<div class=\"elementor-widget-wrap\">\n\t\t\t\t\t\t<div class=\"elementor-element elementor-element-3bd7149 elementor-arrows-position-inside elementor-pagination-position-outside elementor-widget elementor-widget-image-carousel\" data-id=\"3bd7149\" data-element_type=\"widget\" data-settings=\"{&quot;navigation&quot;:&quot;both&quot;,&quot;autoplay&quot;:&quot;yes&quot;,&quot;pause_on_hover&quot;:&quot;yes&quot;,&quot;pause_on_interaction&quot;:&quot;yes&quot;,&quot;autoplay_speed&quot;:5000,&quot;infinite&quot;:&quot;yes&quot;,&quot;speed&quot;:500}\" data-widget_type=\"image-carousel.default\">\n\t\t\t\t<div class=\"elementor-widget-container\">\n\t\t\t\t\t<div class=\"elementor-image-carousel-wrapper swiper-container\" dir=\"ltr\">\n\t\t\t<div class=\"elementor-image-carousel swiper-wrapper\">\n\t\t\t\t<div class=\"swiper-slide\"><a data-elementor-open-lightbox=\"yes\" data-elementor-lightbox-slideshow=\"3bd7149\" data-elementor-lightbox-title=\"DSC_9586\" href=\"https:\/\/legacy.dia.edu.az\/wp-content\/uploads\/2023\/05\/DSC_9586.jpg\"><figure class=\"swiper-slide-inner\"><img class=\"swiper-slide-image\" src=\"https:\/\/legacy.dia.edu.az\/wp-content\/uploads\/2023\/05\/DSC_9586-150x150.jpg\" alt=\"DSC_9586\" \/><\/figure><\/a><\/div><div class=\"swiper-slide\"><a data-elementor-open-lightbox=\"yes\" data-elementor-lightbox-slideshow=\"3bd7149\" data-elementor-lightbox-title=\"DSC_9576\" href=\"https:\/\/legacy.dia.edu.az\/wp-content\/uploads\/2023\/05\/DSC_9576.jpg\"><figure class=\"swiper-slide-inner\"><img class=\"swiper-slide-image\" src=\"https:\/\/legacy.dia.edu.az\/wp-content\/uploads\/2023\/05\/DSC_9576-150x150.jpg\" alt=\"DSC_9576\" \/><\/figure><\/a><\/div><div class=\"swiper-slide\"><a data-elementor-open-lightbox=\"yes\" data-elementor-lightbox-slideshow=\"3bd7149\" data-elementor-lightbox-title=\"DSC_9573\" href=\"https:\/\/legacy.dia.edu.az\/wp-content\/uploads\/2023\/05\/DSC_9573.jpg\"><figure class=\"swiper-slide-inner\"><img class=\"swiper-slide-image\" src=\"https:\/\/legacy.dia.edu.az\/wp-content\/uploads\/2023\/05\/DSC_9573-150x150.jpg\" alt=\"DSC_9573\" \/><\/figure><\/a><\/div><div class=\"swiper-slide\"><a data-elementor-open-lightbox=\"yes\" data-elementor-lightbox-slideshow=\"3bd7149\" data-elementor-lightbox-title=\"DSC_9564\" href=\"https:\/\/legacy.dia.edu.az\/wp-content\/uploads\/2023\/05\/DSC_9564.jpg\"><figure class=\"swiper-slide-inner\"><img class=\"swiper-slide-image\" src=\"https:\/\/legacy.dia.edu.az\/wp-content\/uploads\/2023\/05\/DSC_9564-150x150.jpg\" alt=\"DSC_9564\" \/><\/figure><\/a><\/div><div class=\"swiper-slide\"><a data-elementor-open-lightbox=\"yes\" data-elementor-lightbox-slideshow=\"3bd7149\" data-elementor-lightbox-title=\"DSC_9580\" href=\"https:\/\/legacy.dia.edu.az\/wp-content\/uploads\/2023\/05\/DSC_9580.jpg\"><figure class=\"swiper-slide-inner\"><img class=\"swiper-slide-image\" src=\"https:\/\/legacy.dia.edu.az\/wp-content\/uploads\/2023\/05\/DSC_9580-150x150.jpg\" alt=\"DSC_9580\" \/><\/figure><\/a><\/div><div class=\"swiper-slide\"><a data-elementor-open-lightbox=\"yes\" data-elementor-lightbox-slideshow=\"3bd7149\" data-elementor-lightbox-title=\"DSC_9557\" href=\"https:\/\/legacy.dia.edu.az\/wp-content\/uploads\/2023\/05\/DSC_9557.jpg\"><figure class=\"swiper-slide-inner\"><img class=\"swiper-slide-image\" src=\"https:\/\/legacy.dia.edu.az\/wp-content\/uploads\/2023\/05\/DSC_9557-150x150.jpg\" alt=\"DSC_9557\" \/><\/figure><\/a><\/div><div class=\"swiper-slide\"><a data-elementor-open-lightbox=\"yes\" data-elementor-lightbox-slideshow=\"3bd7149\" data-elementor-lightbox-title=\"DSC_9576 (1)\" href=\"https:\/\/legacy.dia.edu.az\/wp-content\/uploads\/2023\/05\/DSC_9576-1.jpg\"><figure class=\"swiper-slide-inner\"><img class=\"swiper-slide-image\" src=\"https:\/\/legacy.dia.edu.az\/wp-content\/uploads\/2023\/05\/DSC_9576-1-150x150.jpg\" alt=\"DSC_9576 (1)\" \/><\/figure><\/a><\/div><div class=\"swiper-slide\"><a data-elementor-open-lightbox=\"yes\" data-elementor-lightbox-slideshow=\"3bd7149\" data-elementor-lightbox-title=\"DSC_9566\" href=\"https:\/\/legacy.dia.edu.az\/wp-content\/uploads\/2023\/05\/DSC_9566.jpg\"><figure class=\"swiper-slide-inner\"><img class=\"swiper-slide-image\" src=\"https:\/\/legacy.dia.edu.az\/wp-content\/uploads\/2023\/05\/DSC_9566-150x150.jpg\" alt=\"DSC_9566\" \/><\/figure><\/a><\/div><div class=\"swiper-slide\"><a data-elementor-open-lightbox=\"yes\" data-elementor-lightbox-slideshow=\"3bd7149\" data-elementor-lightbox-title=\"DSC_9571\" href=\"https:\/\/legacy.dia.edu.az\/wp-content\/uploads\/2023\/05\/DSC_9571.jpg\"><figure class=\"swiper-slide-inner\"><img class=\"swiper-slide-image\" src=\"https:\/\/legacy.dia.edu.az\/wp-content\/uploads\/2023\/05\/DSC_9571-150x150.jpg\" alt=\"DSC_9571\" \/><\/figure><\/a><\/div>\t\t\t<\/div>\n\t\t\t\t\t\t\t\t\t\t\t\t<div class=\"swiper-pagination\"><\/div>\n\t\t\t\t\t\t\t\t\t\t\t\t\t<div class=\"elementor-swiper-button elementor-swiper-button-prev\">\n\t\t\t\t\t\t<i class=\"eicon-chevron-left\" aria-hidden=\"true\"><\/i>\n\t\t\t\t\t\t<span class=\"elementor-screen-only\">Previous<\/span>\n\t\t\t\t\t<\/div>\n\t\t\t\t\t<div class=\"elementor-swiper-button elementor-swiper-button-next\">\n\t\t\t\t\t\t<i class=\"eicon-chevron-right\" aria-hidden=\"true\"><\/i>\n\t\t\t\t\t\t<span class=\"elementor-screen-only\">Next<\/span>\n\t\t\t\t\t<\/div>\n\t\t\t\t\t\t\t\t\t<\/div>\n\t\t\t\t<\/div>\n\t\t\t\t<\/div>\n\t\t\t\t\t\t<\/div>\n\t\t\t\t\t<\/div>\n\t\t<\/div>\n\t\t\t\t\t\t\t\t<\/div>\n\t\t\t\t\t<\/div>\n\t\t<\/section>\n\t\t\t\t<section class=\"elementor-section elementor-top-section elementor-element elementor-element-5baaa67 elementor-section-boxed elementor-section-height-default elementor-section-height-default\" data-id=\"5baaa67\" data-element_type=\"section\">\n\t\t\t\t\t\t<div class=\"elementor-container elementor-column-gap-default\">\n\t\t\t\t\t\t\t<div class=\"elementor-row\">\n\t\t\t\t\t<div class=\"elementor-column elementor-col-100 elementor-top-column elementor-element elementor-element-36dab85\" data-id=\"36dab85\" data-element_type=\"column\">\n\t\t\t<div class=\"elementor-column-wrap elementor-element-populated\">\n\t\t\t\t\t\t\t<div class=\"elementor-widget-wrap\">\n\t\t\t\t\t\t<div class=\"elementor-element elementor-element-11e7633 elementor-widget elementor-widget-text-editor\" data-id=\"11e7633\" data-element_type=\"widget\" data-widget_type=\"text-editor.default\">\n\t\t\t\t<div class=\"elementor-widget-container\">\n\t\t\t\t\t\t\t\t<div class=\"elementor-text-editor elementor-clearfix\">\n\t\t\t\t\t<p>May\u0131n 4-d\u0259 Az\u0259rbaycan Respublikas\u0131n\u0131n Prezidenti yan\u0131nda D\u00f6vl\u0259t \u0130dar\u0259\u00e7ilik Akademiyas\u0131n\u0131n Heyd\u0259r \u018fliyev D\u00f6vl\u0259t \u0130dar\u0259\u00e7ilik M\u0259kt\u0259bi v\u0259 Heyd\u0259r \u018fliyev M\u0259rk\u0259zinin t\u0259\u015fkilat\u00e7\u0131l\u0131\u011f\u0131 il\u0259 \u00fcmummilli lider Heyd\u0259r \u018fliyevin anadan olmas\u0131n\u0131n 100 illiyin\u0259 h\u0259sr edilmi\u015f \u201cHeyd\u0259r \u018fliyevin d\u00f6vl\u0259t\u00e7ilik f\u0259ls\u0259f\u0259si v\u0259 az\u0259rbaycan\u00e7\u0131l\u0131q ideologiyas\u0131\u201d m\u00f6vzusunda elmi seminar ke\u00e7irilib.\nAZ\u018fRTAC x\u0259b\u0259r verir ki, seminar\u0131 giri\u015f nitqi il\u0259 a\u00e7an D\u00f6vl\u0259t \u0130dar\u0259\u00e7ilik Akademiyas\u0131n\u0131n rektoru akademik Urxan \u018fl\u0259kb\u0259rov Az\u0259rbaycan\u0131n son ill\u0259rd\u0259 iqtisadi, sosial v\u0259 humanitar inki\u015faf, el\u0259c\u0259 d\u0259 \u00f6lk\u0259nin t\u0259hl\u00fck\u0259sizliyinin t\u0259min edilm\u0259si sah\u0259l\u0259rind\u0259 \u0259n y\u00fcks\u0259k nailiyy\u0259tl\u0259r qazand\u0131\u011f\u0131n\u0131 bildirib. Bu nailiyy\u0259tl\u0259r Az\u0259rbaycanda t\u0259tbiq edil\u0259n innovativ d\u00f6vl\u0259t idar\u0259\u00e7ilik texnologiyalar\u0131n\u0131n, u\u011furla h\u0259yata ke\u00e7iril\u0259n insan inki\u015faf\u0131 siyas\u0259tinin, ard\u0131c\u0131l v\u0259 m\u0259qs\u0259dy\u00f6nl\u00fc islahatlar\u0131n, d\u00f6vl\u0259t qullu\u011fu sistemi \u00fc\u00e7\u00fcn y\u00fcks\u0259k s\u0259viyy\u0259li kadr potensial\u0131n\u0131n formala\u015fd\u0131r\u0131lmas\u0131n\u0131n v\u0259 s\u0259f\u0259rb\u0259r olunmas\u0131n\u0131n m\u0259ntiqi n\u0259tic\u0259si oldu\u011funu dey\u0259n rektor vur\u011fulay\u0131b ki, b\u00fct\u00fcn bu prosesl\u0259rin \u0259sas\u0131 Ulu \u00d6nd\u0259r Heyd\u0259r \u018fliyev t\u0259r\u0259find\u0259n qoyulub, Prezident \u0130lham \u018fliyev t\u0259r\u0259find\u0259n yarad\u0131c\u0131l\u0131qla inki\u015faf etdirilib v\u0259 yeni s\u0259viyy\u0259y\u0259 qald\u0131r\u0131l\u0131b.\nAkademik Urxan \u018fl\u0259kb\u0259rov davaml\u0131 inki\u015faf, inkl\u00fcziv c\u0259miyy\u0259tin formala\u015fmas\u0131 \u00fc\u00e7\u00fcn d\u00f6vl\u0259t idar\u0259\u00e7iliyinin yeni texnologiyalar\u0131 sah\u0259sind\u0259 \u00f6lk\u0259nin \u0259ld\u0259 etdiyi u\u011furlar\u0131 qeyd edib. Bildirilib ki, Az\u0259rbaycan\u0131n haz\u0131rk\u0131 davaml\u0131 inki\u015faf\u0131 d\u00f6vl\u0259t idar\u0259\u00e7iliyi sah\u0259sind\u0259 realla\u015fd\u0131r\u0131lan ard\u0131c\u0131l u\u011furlu islahatlar\u0131n n\u0259tic\u0259sidir. O, h\u0259m\u00e7inin Az\u0259rbaycan Respublikas\u0131n\u0131n Birinci vitse-prezidenti, Heyd\u0259r \u018fliyev Fondunun prezidenti Mehriban \u018fliyevan\u0131n r\u0259hb\u0259rliyi il\u0259 h\u0259yata ke\u00e7iril\u0259n f\u0259aliyy\u0259tin u\u011furlar\u0131n\u0131 qeyd edib.\nPrezident yan\u0131nda D\u00f6vl\u0259t \u0130dar\u0259\u00e7ilik Akademiyas\u0131n\u0131n I prorektoru professor \u018flikram Abdullayev bildirib ki, milli d\u00f6vl\u0259t\u0259 m\u0259nsubluq \u0259srl\u0259r boyu h\u0259r bir xalq\u0131n n\u0259y\u0259 qadir oldu\u011funu, \u015f\u0259r\u0259fli m\u00fcbariz\u0259 yolunu n\u00fcmayi\u015f etdirib. Qeyd edib ki, milli identikliyin y\u00fcks\u0259k s\u0259viyy\u0259d\u0259 formala\u015fmas\u0131 d\u00f6vl\u0259t\u00e7iliyimizin v\u0259 birliyimizin m\u00f6hk\u0259ml\u0259nm\u0259si, Az\u0259rbaycan\u0131n modernl\u0259\u015fm\u0259si istiqam\u0259tind\u0259 \u0259n z\u0259ruri amill\u0259rd\u0259n biri olub. H\u0259m\u00e7inin Az\u0259rbaycanda tolerantl\u0131q kimi multikulturalizm ideyalar\u0131na sadiqlik h\u0259r zaman g\u00fccl\u00fc olub. O vur\u011fulay\u0131b ki, \u00dcmummilli Lider Heyd\u0259r \u018fliyevin r\u0259hb\u0259rliyi alt\u0131nda \u00f6lk\u0259mizd\u0259 Az\u0259rbaycan xalq\u0131n\u0131n multikultural \u0259n\u0259n\u0259l\u0259rinin qorunmas\u0131 v\u0259 inki\u015faf etdirilm\u0259si sah\u0259sind\u0259 h\u0259yata ke\u00e7iril\u0259n siyasi istiqam\u0259ti yeni m\u0259rh\u0259l\u0259d\u0259 Prezident \u0130lham \u018fliyev u\u011furla inki\u015faf etdirir.\nElmi seminarda Heyd\u0259r \u018fliyev M\u0259rk\u0259zinin n\u00fcmay\u0259nd\u0259si Nail\u0259 H\u0259s\u0259nova bildirib ki, \u00dcmummilli Lider Heyd\u0259r \u018fliyevin siyasi x\u0259tti, siyasi idar\u0259\u00e7ilik n\u0259z\u0259riyy\u0259si alternativi olmayan d\u00f6vl\u0259t\u00e7ilik f\u0259ls\u0259f\u0259sin\u0259, milli quruculu\u011fun n\u0259z\u0259riyy\u0259 v\u0259 t\u0259cr\u00fcb\u0259sin\u0259 \u00e7evrilir v\u0259 h\u0259r g\u0259l\u0259n n\u0259sil yenid\u0259n v\u0259 yenid\u0259n bu siyasi irsi \u00f6yr\u0259nm\u0259lidir. &#8220;Bu bax\u0131mdan, Heyd\u0259r \u018fliyev M\u0259rk\u0259zi Ulu \u00d6nd\u0259rin irsinin d\u0259rind\u0259n \u00f6yr\u0259nilm\u0259sind\u0259, onun az\u0259rbaycan\u00e7\u0131l\u0131q m\u0259fkur\u0259si v\u0259 d\u00f6vl\u0259t\u00e7ilik f\u0259ls\u0259f\u0259sinin t\u0259bli\u011find\u0259 m\u00fch\u00fcm v\u0259zif\u0259l\u0259ri icra edir\u201d, &#8211; dey\u0259 Nail\u0259 H\u0259s\u0259nova diqq\u0259t\u0259 \u00e7atd\u0131r\u0131b.\n\u201cHeyd\u0259r \u018fliyevin kadr siyas\u0259ti m\u00fcasir Az\u0259rbaycan Respublikas\u0131n\u0131n inki\u015faf strategiyas\u0131n\u0131n t\u0259m\u0259li kimi\u201d m\u00f6vzusunda \u00e7\u0131x\u0131\u015f ed\u0259n D\u00f6vl\u0259t \u0130dar\u0259\u00e7ilik Akademiyas\u0131n\u0131n &#8220;D\u00f6vl\u0259t qullu\u011fu v\u0259 kadr siyas\u0259ti&#8221; kafedras\u0131n\u0131n m\u00fcdiri, siyasi elml\u0259r \u00fczr\u0259 f\u0259ls\u0259f\u0259 doktoru, dosent R\u0259c\u0259b R\u0259himli h\u0259l\u0259 sovet d\u00f6vr\u00fcnd\u0259 \u00dcmummilli Lider Heyd\u0259r \u018fliyevin d\u00f6vl\u0259t aparat\u0131n\u0131n millil\u0259\u015fdirilm\u0259si, Az\u0259rbaycanda yeni idar\u0259\u00e7i kadrlar\u0131n haz\u0131rlanmas\u0131 i\u015fin\u0259 b\u00f6y\u00fck diqq\u0259t ay\u0131rd\u0131\u011f\u0131n\u0131 vur\u011fulay\u0131b. &#8220;\u00dcmummilli Lider Heyd\u0259r \u018fliyevin Az\u0259rbaycan\u0131n d\u00f6vl\u0259t idar\u0259\u00e7ilik sisteminin qurulmas\u0131 \u00fc\u00e7\u00fcn atd\u0131\u011f\u0131 n\u00f6vb\u0259ti add\u0131m 2000-ci il iyulun 21-d\u0259 &#8220;D\u00f6vl\u0259t qullu\u011fu haqq\u0131nda&#8221; Az\u0259rbaycan Respublikas\u0131n\u0131n Qanununun q\u0259bul edilm\u0259si il\u0259 ba\u011fl\u0131 olub. Bu qanun Az\u0259rbaycanda d\u00f6vl\u0259t qullu\u011fu sah\u0259sind\u0259 vahid d\u00f6vl\u0259t siyas\u0259tinin formala\u015fd\u0131r\u0131lmas\u0131, bu sah\u0259d\u0259 kadr siyas\u0259tinin \u0259sas prinsipl\u0259rini, d\u00f6vl\u0259t qulluq\u00e7ular\u0131n\u0131n c\u0259miyy\u0259td\u0259ki yerini v\u0259 onlar\u0131n h\u00fcquq v\u0259 v\u0259zif\u0259l\u0259rini m\u00fc\u0259yy\u0259nl\u0259\u015fdirib\u201d, &#8211; dey\u0259 o diqq\u0259t\u0259 \u00e7atd\u0131r\u0131b. R.R\u0259himli qeyd edib ki, u\u011furla davam etdiril\u0259n effektiv d\u00f6vl\u0259t idar\u0259etm\u0259 sistemi tam qurulub, h\u00f6kum\u0259tin uzunm\u00fcdd\u0259tli vizyonu formala\u015fd\u0131r\u0131l\u0131b, d\u00f6vl\u0259t xidm\u0259tl\u0259rind\u0259n v\u0259t\u0259nda\u015flar\u0131n m\u0259mnunluq s\u0259viyy\u0259si y\u00fcks\u0259k s\u0259viyy\u0259d\u0259 t\u0259min olunub.\n<\/p>\t\t\t\t\t<\/div>\n\t\t\t\t\t\t<\/div>\n\t\t\t\t<\/div>\n\t\t\t\t\t\t<\/div>\n\t\t\t\t\t<\/div>\n\t\t<\/div>\n\t\t\t\t\t\t\t\t<\/div>\n\t\t\t\t\t<\/div>\n\t\t<\/section>\n\t\t\t\t\t\t<\/div>\n\t\t\t\t\t\t<\/div>\n\t\t\t\t\t<\/div>","protected":false},"excerpt":{"rendered":"<p>\u201cHeyd\u0259r \u018fliyevin d\u00f6vl\u0259t\u00e7ilik f\u0259ls\u0259f\u0259si v\u0259 az\u0259rbaycan\u00e7\u0131l\u0131q ideologiyas\u0131\u201d m\u00f6vzusunda elmi seminar ke\u00e7irilib Previous Next May\u0131n 4-d\u0259 Az\u0259rbaycan Respublikas\u0131n\u0131n Prezidenti yan\u0131nda D\u00f6vl\u0259t \u0130dar\u0259\u00e7ilik Akademiyas\u0131n\u0131n Heyd\u0259r \u018fliyev D\u00f6vl\u0259t \u0130dar\u0259\u00e7ilik M\u0259kt\u0259bi v\u0259 Heyd\u0259r \u018fliyev M\u0259rk\u0259zinin t\u0259\u015fkilat\u00e7\u0131l\u0131\u011f\u0131 il\u0259 \u00fcmummilli lider Heyd\u0259r \u018fliyevin anadan olmas\u0131n\u0131n 100 illiyin\u0259 h\u0259sr edilmi\u015f \u201cHeyd\u0259r \u018fliyevin d\u00f6vl\u0259t\u00e7ilik f\u0259ls\u0259f\u0259si v\u0259 az\u0259rbaycan\u00e7\u0131l\u0131q ideologiyas\u0131\u201d m\u00f6vzusunda elmi seminar ke\u00e7irilib. AZ\u018fRTAC [&hellip;]<\/p>","protected":false},"author":2,"featured_media":19981,"comment_status":"closed","ping_status":"closed","sticky":false,"template":"","format":"standard","meta":[],"categories":[137],"tags":[],"_links":{"self":[{"href":"https:\/\/legacy.dia.edu.az\/en\/wp-json\/wp\/v2\/posts\/19988"}],"collection":[{"href":"https:\/\/legacy.dia.edu.az\/en\/wp-json\/wp\/v2\/posts"}],"about":[{"href":"https:\/\/legacy.dia.edu.az\/en\/wp-json\/wp\/v2\/types\/post"}],"author":[{"embeddable":true,"href":"https:\/\/legacy.dia.edu.az\/en\/wp-json\/wp\/v2\/users\/2"}],"replies":[{"embeddable":true,"href":"https:\/\/legacy.dia.edu.az\/en\/wp-json\/wp\/v2\/comments?post=19988"}],"version-history":[{"count":9,"href":"https:\/\/legacy.dia.edu.az\/en\/wp-json\/wp\/v2\/posts\/19988\/revisions"}],"predecessor-version":[{"id":20000,"href":"https:\/\/legacy.dia.edu.az\/en\/wp-json\/wp\/v2\/posts\/19988\/revisions\/20000"}],"wp:featuredmedia":[{"embeddable":true,"href":"https:\/\/legacy.dia.edu.az\/en\/wp-json\/wp\/v2\/media\/19981"}],"wp:attachment":[{"href":"https:\/\/legacy.dia.edu.az\/en\/wp-json\/wp\/v2\/media?parent=19988"}],"wp:term":[{"taxonomy":"category","embeddable":true,"href":"https:\/\/legacy.dia.edu.az\/en\/wp-json\/wp\/v2\/categories?post=19988"},{"taxonomy":"post_tag","embeddable":true,"href":"https:\/\/legacy.dia.edu.az\/en\/wp-json\/wp\/v2\/tags?post=19988"}],"curies":[{"name":"wp","href":"https:\/\/api.w.org\/{rel}","templated":true}]}}