{"id":19845,"date":"2023-04-16T13:38:14","date_gmt":"2023-04-16T09:38:14","guid":{"rendered":"https:\/\/dia.edu.az\/?p=19845"},"modified":"2023-04-16T16:48:34","modified_gmt":"2023-04-16T12:48:34","slug":"dovl%c9%99t-idar%c9%99cilik-akademiyasi-t%c9%99r%c9%99find%c9%99n-h%c9%99rbi-prokurorlugunun-%c9%99m%c9%99kdaslari-ucun-t%c9%99lim-kecirilib","status":"publish","type":"post","link":"https:\/\/legacy.dia.edu.az\/en\/arxivl\u0259r\/19845","title":{"rendered":"D\u00f6vl\u0259t \u0130dar\u0259\u00e7ilik Akademiyas\u0131 t\u0259r\u0259find\u0259n H\u0259rbi Prokurorlu\u011funun \u0259m\u0259kda\u015flar\u0131 \u00fc\u00e7\u00fcn t\u0259lim ke\u00e7irilib"},"content":{"rendered":"<div data-elementor-type=\"wp-post\" data-elementor-id=\"19845\" class=\"elementor elementor-19845\" data-elementor-settings=\"[]\">\n\t\t\t\t\t\t<div class=\"elementor-inner\">\n\t\t\t\t\t\t\t<div class=\"elementor-section-wrap\">\n\t\t\t\t\t\t\t<section class=\"elementor-section elementor-top-section elementor-element elementor-element-81c9d04 elementor-section-boxed elementor-section-height-default elementor-section-height-default\" data-id=\"81c9d04\" data-element_type=\"section\">\n\t\t\t\t\t\t<div class=\"elementor-container elementor-column-gap-default\">\n\t\t\t\t\t\t\t<div class=\"elementor-row\">\n\t\t\t\t\t<div class=\"elementor-column elementor-col-100 elementor-top-column elementor-element elementor-element-fd5e9cf\" data-id=\"fd5e9cf\" data-element_type=\"column\">\n\t\t\t<div class=\"elementor-column-wrap elementor-element-populated\">\n\t\t\t\t\t\t\t<div class=\"elementor-widget-wrap\">\n\t\t\t\t\t\t<div class=\"elementor-element elementor-element-8e346e1 elementor-widget elementor-widget-text-editor\" data-id=\"8e346e1\" data-element_type=\"widget\" data-widget_type=\"text-editor.default\">\n\t\t\t\t<div class=\"elementor-widget-container\">\n\t\t\t\t\t\t\t\t<div class=\"elementor-text-editor elementor-clearfix\">\n\t\t\t\t\tD\u00f6vl\u0259t \u0130dar\u0259\u00e7ilik Akademiyas\u0131 t\u0259r\u0259find\u0259n H\u0259rbi Prokurorlu\u011funun \u0259m\u0259kda\u015flar\u0131 \u00fc\u00e7\u00fcn t\u0259lim ke\u00e7irilib\t\t\t\t\t<\/div>\n\t\t\t\t\t\t<\/div>\n\t\t\t\t<\/div>\n\t\t\t\t\t\t<\/div>\n\t\t\t\t\t<\/div>\n\t\t<\/div>\n\t\t\t\t\t\t\t\t<\/div>\n\t\t\t\t\t<\/div>\n\t\t<\/section>\n\t\t\t\t<section class=\"elementor-section elementor-top-section elementor-element elementor-element-3d65134 elementor-section-boxed elementor-section-height-default elementor-section-height-default\" data-id=\"3d65134\" data-element_type=\"section\">\n\t\t\t\t\t\t<div class=\"elementor-container elementor-column-gap-default\">\n\t\t\t\t\t\t\t<div class=\"elementor-row\">\n\t\t\t\t\t<div class=\"elementor-column elementor-col-100 elementor-top-column elementor-element elementor-element-6245cb7\" data-id=\"6245cb7\" data-element_type=\"column\">\n\t\t\t<div class=\"elementor-column-wrap elementor-element-populated\">\n\t\t\t\t\t\t\t<div class=\"elementor-widget-wrap\">\n\t\t\t\t\t\t<div class=\"elementor-element elementor-element-538bb4f elementor-position-top elementor-vertical-align-top elementor-widget elementor-widget-image-box\" data-id=\"538bb4f\" data-element_type=\"widget\" data-widget_type=\"image-box.default\">\n\t\t\t\t<div class=\"elementor-widget-container\">\n\t\t\t<div class=\"elementor-image-box-wrapper\"><figure class=\"elementor-image-box-img\"><a href=\"https:\/\/dia.edu.az\/wp-content\/uploads\/2023\/04\/yus1.jpg\"><img width=\"1000\" height=\"496\" src=\"https:\/\/legacy.dia.edu.az\/wp-content\/uploads\/2023\/04\/yus1.jpg\" class=\"attachment-full size-full\" alt=\"\" srcset=\"https:\/\/legacy.dia.edu.az\/wp-content\/uploads\/2023\/04\/yus1.jpg 1000w, https:\/\/legacy.dia.edu.az\/wp-content\/uploads\/2023\/04\/yus1-200x99.jpg 200w, https:\/\/legacy.dia.edu.az\/wp-content\/uploads\/2023\/04\/yus1-450x223.jpg 450w, https:\/\/legacy.dia.edu.az\/wp-content\/uploads\/2023\/04\/yus1-18x9.jpg 18w, https:\/\/legacy.dia.edu.az\/wp-content\/uploads\/2023\/04\/yus1-200x99@2x.jpg 400w, https:\/\/legacy.dia.edu.az\/wp-content\/uploads\/2023\/04\/yus1-450x223@2x.jpg 900w\" sizes=\"(max-width: 1000px) 100vw, 1000px\" \/><\/a><\/figure><div class=\"elementor-image-box-content\"><h3 class=\"elementor-image-box-title\"><a href=\"https:\/\/dia.edu.az\/wp-content\/uploads\/2023\/04\/yus1.jpg\">This is the heading<\/a><\/h3><p class=\"elementor-image-box-description\">Az\u0259rbaycan Respublikas\u0131n\u0131n Prezidenti yan\u0131nda D\u00f6vl\u0259t \u0130dar\u0259\u00e7ilik Akademiyas\u0131nda n\u0259z\u0259rd\u0259 tutulan t\u0259dbirl\u0259r plan\u0131na uy\u011fun olaraq, d\u00f6vl\u0259t m\u00fc\u0259ssis\u0259l\u0259rind\u0259 \u00e7al\u0131\u015fanlar \u00fc\u00e7\u00fcn t\u0259liml\u0259rin ke\u00e7irilm\u0259si planla\u015fd\u0131r\u0131l\u0131r.\n\nBu m\u0259qs\u0259dl\u0259 H\u0259rbi Prokurorlu\u011fun \u0259m\u0259kda\u015flar\u0131 \u00fc\u00e7\u00fcn D\u00f6vl\u0259t \u0130dar\u0259\u00e7ilik Akademiyas\u0131n\u0131n rektoru akademik Urxan \u018fl\u0259kb\u0259rov t\u0259r\u0259find\u0259n \u201cD\u00f6vl\u0259t idar\u0259\u00e7iliyind\u0259 Heyd\u0259r \u018fliyev fenomeni v\u0259 m\u00fcasir Az\u0259rbaycan\u0131n davaml\u0131 inkl\u00fcziv inki\u015faf\u0131\u201d m\u00f6vzusunda t\u0259lim ke\u00e7irilib.\n\nAkademik U.\u018fl\u0259kb\u0259rov \u00e7\u0131x\u0131\u015f\u0131nda Ulu \u00d6nd\u0259r Heyd\u0259r \u018fliyevin Az\u0259rbaycan d\u00f6vl\u0259ti v\u0259 xalq\u0131 qar\u015f\u0131s\u0131nda m\u00fcst\u0259sna xidm\u0259tl\u0259rind\u0259n, z\u0259ngin siyasi irsinin, d\u00f6vl\u0259t idar\u0259\u00e7ilik t\u0259cr\u00fcb\u0259sinin \u0259h\u0259miyy\u0259tind\u0259n dan\u0131\u015f\u0131b. O qeyd edib ki, Az\u0259rbaycan Respublikas\u0131 son ill\u0259rd\u0259 iqtisadi, sosial v\u0259 humanitar inki\u015faf, el\u0259c\u0259 d\u0259 \u00f6lk\u0259nin t\u0259hl\u00fck\u0259sizliyinin t\u0259min edilm\u0259si sah\u0259l\u0259rind\u0259 \u0259n y\u00fcks\u0259k nailiyy\u0259tl\u0259r qazan\u0131b. Bu nailiyy\u0259tl\u0259r Az\u0259rbaycanda t\u0259tbiq edil\u0259n innovativ d\u00f6vl\u0259t idar\u0259\u00e7iliyi texnologiyalar\u0131n\u0131n, u\u011furla h\u0259yata ke\u00e7iril\u0259n insan inki\u015faf\u0131 siyas\u0259tinin, ard\u0131c\u0131l v\u0259 m\u0259qs\u0259dy\u00f6nl\u00fc islahatlar\u0131n, d\u00f6vl\u0259t qullu\u011fu sistemi \u00fc\u00e7\u00fcn y\u00fcks\u0259k s\u0259viyy\u0259li kadr potensial\u0131n\u0131n formala\u015fd\u0131r\u0131lmas\u0131 v\u0259 s\u0259f\u0259rb\u0259r olunmas\u0131n\u0131n m\u0259ntiqi n\u0259tic\u0259sidir. B\u00fct\u00fcn bu prosesl\u0259rin \u0259sas\u0131 Ulu \u00d6nd\u0259r Heyd\u0259r \u018fliyev t\u0259r\u0259find\u0259n qoyulub. Prezident \u0130lham \u018fliyev is\u0259 bu siyas\u0259ti u\u011furla inki\u015faf etdir\u0259r\u0259k yeni s\u0259viyy\u0259y\u0259 y\u00fcks\u0259ldib.\n\nU.\u018fl\u0259kb\u0259rov davaml\u0131 inki\u015faf, inkl\u00fcziv c\u0259miyy\u0259tin formala\u015fmas\u0131 \u00fc\u00e7\u00fcn d\u00f6vl\u0259t idar\u0259\u00e7iliyinin yeni texnologiyalar\u0131 sah\u0259sind\u0259 \u00f6lk\u0259mizin qazand\u0131\u011f\u0131 u\u011furlar\u0131 diqq\u0259t\u0259 \u00e7atd\u0131r\u0131b. Qeyd olunub ki, Az\u0259rbaycan Respublikas\u0131 qlobal miqyasda prioritet kimi q\u0259bul edil\u0259n inkl\u00fcziv inki\u015faf\u0131n s\u0259m\u0259r\u0259li planla\u015fd\u0131r\u0131lmas\u0131 v\u0259 idar\u0259 olunmas\u0131 \u00fczr\u0259 d\u00fcnya lideridir. \u0130nkl\u00fcziv inki\u015faf sah\u0259sind\u0259 Az\u0259rbaycan\u0131n y\u00fcks\u0259k g\u00f6st\u0259ricil\u0259r \u0259ld\u0259 etm\u0259sinin v\u0259 sosial siyas\u0259tin realla\u015fd\u0131r\u0131lmas\u0131 bax\u0131m\u0131ndan d\u00fcnya liderin\u0259 \u00e7evrilm\u0259sinin t\u0259m\u0259lind\u0259 Prezident \u0130lham \u018fliyevin innovativ d\u00f6vl\u0259t idar\u0259\u00e7iliyi strategiyas\u0131 dayan\u0131r. Qazan\u0131lan u\u011furlar\u0131n 44 g\u00fcnl\u00fck V\u0259t\u0259n m\u00fcharib\u0259sind\u0259ki parlaq Q\u0259l\u0259b\u0259d\u0259 b\u00f6y\u00fck rolu olub.\n\nBildirilib ki, Az\u0259rbaycan\u0131n haz\u0131rk\u0131 davaml\u0131 inki\u015faf\u0131 d\u00f6vl\u0259t idar\u0259\u00e7iliyi sah\u0259sind\u0259 realla\u015fd\u0131r\u0131lan ard\u0131c\u0131l u\u011furlu islahatlar\u0131n n\u0259tic\u0259sidir.\n\nRektor \u00f6lk\u0259mizin qazand\u0131\u011f\u0131 u\u011furlarda Az\u0259rbaycan Respublikas\u0131n\u0131n Birinci vitse-prezidenti, Heyd\u0259r \u018fliyev Fondunun prezidenti Mehriban \u018fliyevan\u0131n r\u0259hb\u0259rliyi il\u0259 h\u0259yata ke\u00e7iril\u0259n f\u0259aliyy\u0259tin \u0259h\u0259miyy\u0259tini vur\u011fulay\u0131b.<\/p><\/div><\/div>\t\t<\/div>\n\t\t\t\t<\/div>\n\t\t\t\t\t\t<\/div>\n\t\t\t\t\t<\/div>\n\t\t<\/div>\n\t\t\t\t\t\t\t\t<\/div>\n\t\t\t\t\t<\/div>\n\t\t<\/section>\n\t\t\t\t\t\t<\/div>\n\t\t\t\t\t\t<\/div>\n\t\t\t\t\t<\/div>","protected":false},"excerpt":{"rendered":"<p>D\u00f6vl\u0259t \u0130dar\u0259\u00e7ilik Akademiyas\u0131 t\u0259r\u0259find\u0259n H\u0259rbi Prokurorlu\u011funun \u0259m\u0259kda\u015flar\u0131 \u00fc\u00e7\u00fcn t\u0259lim ke\u00e7irilib This is the heading Az\u0259rbaycan Respublikas\u0131n\u0131n Prezidenti yan\u0131nda D\u00f6vl\u0259t \u0130dar\u0259\u00e7ilik Akademiyas\u0131nda n\u0259z\u0259rd\u0259 tutulan t\u0259dbirl\u0259r plan\u0131na uy\u011fun olaraq, d\u00f6vl\u0259t m\u00fc\u0259ssis\u0259l\u0259rind\u0259 \u00e7al\u0131\u015fanlar \u00fc\u00e7\u00fcn t\u0259liml\u0259rin ke\u00e7irilm\u0259si planla\u015fd\u0131r\u0131l\u0131r. Bu m\u0259qs\u0259dl\u0259 H\u0259rbi Prokurorlu\u011fun \u0259m\u0259kda\u015flar\u0131 \u00fc\u00e7\u00fcn D\u00f6vl\u0259t \u0130dar\u0259\u00e7ilik Akademiyas\u0131n\u0131n rektoru akademik Urxan \u018fl\u0259kb\u0259rov t\u0259r\u0259find\u0259n \u201cD\u00f6vl\u0259t idar\u0259\u00e7iliyind\u0259 Heyd\u0259r \u018fliyev fenomeni v\u0259 m\u00fcasir [&hellip;]<\/p>","protected":false},"author":2,"featured_media":19847,"comment_status":"closed","ping_status":"closed","sticky":false,"template":"","format":"standard","meta":[],"categories":[137],"tags":[],"_links":{"self":[{"href":"https:\/\/legacy.dia.edu.az\/en\/wp-json\/wp\/v2\/posts\/19845"}],"collection":[{"href":"https:\/\/legacy.dia.edu.az\/en\/wp-json\/wp\/v2\/posts"}],"about":[{"href":"https:\/\/legacy.dia.edu.az\/en\/wp-json\/wp\/v2\/types\/post"}],"author":[{"embeddable":true,"href":"https:\/\/legacy.dia.edu.az\/en\/wp-json\/wp\/v2\/users\/2"}],"replies":[{"embeddable":true,"href":"https:\/\/legacy.dia.edu.az\/en\/wp-json\/wp\/v2\/comments?post=19845"}],"version-history":[{"count":5,"href":"https:\/\/legacy.dia.edu.az\/en\/wp-json\/wp\/v2\/posts\/19845\/revisions"}],"predecessor-version":[{"id":19852,"href":"https:\/\/legacy.dia.edu.az\/en\/wp-json\/wp\/v2\/posts\/19845\/revisions\/19852"}],"wp:featuredmedia":[{"embeddable":true,"href":"https:\/\/legacy.dia.edu.az\/en\/wp-json\/wp\/v2\/media\/19847"}],"wp:attachment":[{"href":"https:\/\/legacy.dia.edu.az\/en\/wp-json\/wp\/v2\/media?parent=19845"}],"wp:term":[{"taxonomy":"category","embeddable":true,"href":"https:\/\/legacy.dia.edu.az\/en\/wp-json\/wp\/v2\/categories?post=19845"},{"taxonomy":"post_tag","embeddable":true,"href":"https:\/\/legacy.dia.edu.az\/en\/wp-json\/wp\/v2\/tags?post=19845"}],"curies":[{"name":"wp","href":"https:\/\/api.w.org\/{rel}","templated":true}]}}