{"id":19779,"date":"2023-04-06T08:09:02","date_gmt":"2023-04-06T04:09:02","guid":{"rendered":"https:\/\/dia.edu.az\/?p=19779"},"modified":"2023-04-10T12:12:10","modified_gmt":"2023-04-10T08:12:10","slug":"dovl%c9%99t-idar%c9%99ciliyind%c9%99-innovativ-texnologiyalar-v%c9%99-olk%c9%99l%c9%99rin-davamli-inkluziv-inkisafi-beyn%c9%99lxalq-elmi-konfrans","status":"publish","type":"post","link":"https:\/\/legacy.dia.edu.az\/en\/arxivl\u0259r\/19779","title":{"rendered":"D\u00f6vl\u0259t idar\u0259\u00e7iliyind\u0259 innovativ texnologiyalar v\u0259 \u00f6lk\u0259l\u0259rin davaml\u0131 inkl\u00fcziv inki\u015faf\u0131 &#8211;\u00a0beyn\u0259lxalq elmi konfrans"},"content":{"rendered":"<div data-elementor-type=\"wp-post\" data-elementor-id=\"19779\" class=\"elementor elementor-19779\" data-elementor-settings=\"[]\">\n\t\t\t\t\t\t<div class=\"elementor-inner\">\n\t\t\t\t\t\t\t<div class=\"elementor-section-wrap\">\n\t\t\t\t\t\t\t<section class=\"elementor-section elementor-top-section elementor-element elementor-element-021275a elementor-section-boxed elementor-section-height-default elementor-section-height-default\" data-id=\"021275a\" data-element_type=\"section\">\n\t\t\t\t\t\t<div class=\"elementor-container elementor-column-gap-default\">\n\t\t\t\t\t\t\t<div class=\"elementor-row\">\n\t\t\t\t\t<div class=\"elementor-column elementor-col-100 elementor-top-column elementor-element elementor-element-2606480\" data-id=\"2606480\" data-element_type=\"column\">\n\t\t\t<div class=\"elementor-column-wrap elementor-element-populated\">\n\t\t\t\t\t\t\t<div class=\"elementor-widget-wrap\">\n\t\t\t\t\t\t<div class=\"elementor-element elementor-element-f40f330 elementor-widget elementor-widget-text-editor\" data-id=\"f40f330\" data-element_type=\"widget\" data-widget_type=\"text-editor.default\">\n\t\t\t\t<div class=\"elementor-widget-container\">\n\t\t\t\t\t\t\t\t<div class=\"elementor-text-editor elementor-clearfix\">\n\t\t\t\t\tD\u00f6vl\u0259t idar\u0259\u00e7iliyind\u0259 innovativ texnologiyalar v\u0259 \u00f6lk\u0259l\u0259rin davaml\u0131 inkl\u00fcziv inki\u015faf\u0131 &#8211; beyn\u0259lxalq elmi konfrans\t\t\t\t\t<\/div>\n\t\t\t\t\t\t<\/div>\n\t\t\t\t<\/div>\n\t\t\t\t\t\t<\/div>\n\t\t\t\t\t<\/div>\n\t\t<\/div>\n\t\t\t\t\t\t\t\t<\/div>\n\t\t\t\t\t<\/div>\n\t\t<\/section>\n\t\t\t\t<section class=\"elementor-section elementor-top-section elementor-element elementor-element-dad23c2 elementor-section-boxed elementor-section-height-default elementor-section-height-default\" data-id=\"dad23c2\" data-element_type=\"section\">\n\t\t\t\t\t\t<div class=\"elementor-container elementor-column-gap-default\">\n\t\t\t\t\t\t\t<div class=\"elementor-row\">\n\t\t\t\t\t<div class=\"elementor-column elementor-col-100 elementor-top-column elementor-element elementor-element-135fa6a\" data-id=\"135fa6a\" data-element_type=\"column\">\n\t\t\t<div class=\"elementor-column-wrap elementor-element-populated\">\n\t\t\t\t\t\t\t<div class=\"elementor-widget-wrap\">\n\t\t\t\t\t\t<div class=\"elementor-element elementor-element-5c4e7ba elementor-arrows-position-inside elementor-pagination-position-outside elementor-widget elementor-widget-image-carousel\" data-id=\"5c4e7ba\" data-element_type=\"widget\" data-settings=\"{&quot;navigation&quot;:&quot;both&quot;,&quot;autoplay&quot;:&quot;yes&quot;,&quot;pause_on_hover&quot;:&quot;yes&quot;,&quot;pause_on_interaction&quot;:&quot;yes&quot;,&quot;autoplay_speed&quot;:5000,&quot;infinite&quot;:&quot;yes&quot;,&quot;speed&quot;:500}\" data-widget_type=\"image-carousel.default\">\n\t\t\t\t<div class=\"elementor-widget-container\">\n\t\t\t\t\t<div class=\"elementor-image-carousel-wrapper swiper-container\" dir=\"ltr\">\n\t\t\t<div class=\"elementor-image-carousel swiper-wrapper\">\n\t\t\t\t<div class=\"swiper-slide\"><figure class=\"swiper-slide-inner\"><img class=\"swiper-slide-image\" src=\"https:\/\/legacy.dia.edu.az\/wp-content\/uploads\/2023\/04\/DSC_9306-150x150.jpg\" alt=\"DSC_9306\" \/><\/figure><\/div><div class=\"swiper-slide\"><figure class=\"swiper-slide-inner\"><img class=\"swiper-slide-image\" src=\"https:\/\/legacy.dia.edu.az\/wp-content\/uploads\/2023\/04\/M-20-150x150.jpg\" alt=\"M 20\" \/><\/figure><\/div><div class=\"swiper-slide\"><figure class=\"swiper-slide-inner\"><img class=\"swiper-slide-image\" src=\"https:\/\/legacy.dia.edu.az\/wp-content\/uploads\/2023\/04\/M-10-150x150.jpg\" alt=\"M 10\" \/><\/figure><\/div><div class=\"swiper-slide\"><figure class=\"swiper-slide-inner\"><img class=\"swiper-slide-image\" src=\"https:\/\/legacy.dia.edu.az\/wp-content\/uploads\/2023\/04\/DSC_9317-150x150.jpg\" alt=\"DSC_9317\" \/><\/figure><\/div><div class=\"swiper-slide\"><figure class=\"swiper-slide-inner\"><img class=\"swiper-slide-image\" src=\"https:\/\/legacy.dia.edu.az\/wp-content\/uploads\/2023\/04\/DSC_9303-150x150.jpg\" alt=\"DSC_9303\" \/><\/figure><\/div><div class=\"swiper-slide\"><figure class=\"swiper-slide-inner\"><img class=\"swiper-slide-image\" src=\"https:\/\/legacy.dia.edu.az\/wp-content\/uploads\/2023\/04\/DSC_9315-150x150.jpg\" alt=\"DSC_9315\" \/><\/figure><\/div><div class=\"swiper-slide\"><figure class=\"swiper-slide-inner\"><img class=\"swiper-slide-image\" src=\"https:\/\/legacy.dia.edu.az\/wp-content\/uploads\/2023\/04\/DSC_9319-150x150.jpg\" alt=\"DSC_9319\" \/><\/figure><\/div><div class=\"swiper-slide\"><figure class=\"swiper-slide-inner\"><img class=\"swiper-slide-image\" src=\"https:\/\/legacy.dia.edu.az\/wp-content\/uploads\/2023\/04\/cixisci7-150x150.png\" alt=\"cixisci7\" \/><\/figure><\/div><div class=\"swiper-slide\"><figure class=\"swiper-slide-inner\"><img class=\"swiper-slide-image\" src=\"https:\/\/legacy.dia.edu.az\/wp-content\/uploads\/2023\/04\/iclas--150x150.png\" alt=\"iclas\" \/><\/figure><\/div><div class=\"swiper-slide\"><figure class=\"swiper-slide-inner\"><img class=\"swiper-slide-image\" src=\"https:\/\/legacy.dia.edu.az\/wp-content\/uploads\/2023\/04\/iclas3-150x150.png\" alt=\"iclas3\" \/><\/figure><\/div>\t\t\t<\/div>\n\t\t\t\t\t\t\t\t\t\t\t\t<div class=\"swiper-pagination\"><\/div>\n\t\t\t\t\t\t\t\t\t\t\t\t\t<div class=\"elementor-swiper-button elementor-swiper-button-prev\">\n\t\t\t\t\t\t<i class=\"eicon-chevron-left\" aria-hidden=\"true\"><\/i>\n\t\t\t\t\t\t<span class=\"elementor-screen-only\">Previous<\/span>\n\t\t\t\t\t<\/div>\n\t\t\t\t\t<div class=\"elementor-swiper-button elementor-swiper-button-next\">\n\t\t\t\t\t\t<i class=\"eicon-chevron-right\" aria-hidden=\"true\"><\/i>\n\t\t\t\t\t\t<span class=\"elementor-screen-only\">Next<\/span>\n\t\t\t\t\t<\/div>\n\t\t\t\t\t\t\t\t\t<\/div>\n\t\t\t\t<\/div>\n\t\t\t\t<\/div>\n\t\t\t\t\t\t<\/div>\n\t\t\t\t\t<\/div>\n\t\t<\/div>\n\t\t\t\t\t\t\t\t<\/div>\n\t\t\t\t\t<\/div>\n\t\t<\/section>\n\t\t\t\t<section class=\"elementor-section elementor-top-section elementor-element elementor-element-3c5bb47 elementor-section-boxed elementor-section-height-default elementor-section-height-default\" data-id=\"3c5bb47\" data-element_type=\"section\">\n\t\t\t\t\t\t<div class=\"elementor-container elementor-column-gap-default\">\n\t\t\t\t\t\t\t<div class=\"elementor-row\">\n\t\t\t\t\t<div class=\"elementor-column elementor-col-100 elementor-top-column elementor-element elementor-element-c25a409\" data-id=\"c25a409\" data-element_type=\"column\">\n\t\t\t<div class=\"elementor-column-wrap elementor-element-populated\">\n\t\t\t\t\t\t\t<div class=\"elementor-widget-wrap\">\n\t\t\t\t\t\t<div class=\"elementor-element elementor-element-9a52f6c elementor-widget elementor-widget-text-editor\" data-id=\"9a52f6c\" data-element_type=\"widget\" data-widget_type=\"text-editor.default\">\n\t\t\t\t<div class=\"elementor-widget-container\">\n\t\t\t\t\t\t\t\t<div class=\"elementor-text-editor elementor-clearfix\">\n\t\t\t\t\t<p>Az\u0259rbaycan Respublikas\u0131n\u0131n Prezidenti yan\u0131nda D\u00f6vl\u0259t \u0130dar\u0259\u00e7ilik Akademiyas\u0131nda (D\u0130A) \u00dcmummilli Lider Heyd\u0259r \u018fliyevin 100 illik yubileyin\u0259 h\u0259sr olunmu\u015f \u201cD\u00f6vl\u0259t idar\u0259\u00e7iliyind\u0259 innovativ texnologiyalar v\u0259 \u00f6lk\u0259l\u0259rin davaml\u0131 inkl\u00fcziv inki\u015faf\u0131\u201d m\u00f6vzusunda beyn\u0259lxalq elmi konfrans ke\u00e7irilib.<\/p>\n<p>Beyn\u0259lxalq t\u0259dbir Az\u0259rbaycan Respublikas\u0131 Prezidentinin m\u00fcvafiq S\u0259r\u0259ncam\u0131 il\u0259 t\u0259sdiq edilmi\u015f 2023-c\u00fc ilin \u00f6lk\u0259mizd\u0259 \u201cHeyd\u0259r \u018fliyev \u0130li\u201d elan edilm\u0259si il\u0259 ba\u011fl\u0131 T\u0259dbirl\u0259r Plan\u0131na uy\u011fun olaraq t\u0259\u015fkil edilib.<\/p>\n<p>Beyn\u0259lxalq elmi konfransda Qazax\u0131stan Respublikas\u0131n\u0131n Prezidenti yan\u0131nda D\u00f6vl\u0259t \u0130dar\u0259\u00e7ilik Akademiyas\u0131n\u0131n rektoru iqtisad elml\u0259ri namiz\u0259di Abil Yerlan, Q\u0131r\u011f\u0131z Respublikas\u0131n\u0131n Prezidenti yan\u0131nda D\u00f6vl\u0259t \u0130dar\u0259\u00e7ilik Akademiyas\u0131n\u0131n rektoru professor Almazbek Akmataliyev, T\u00fcrkm\u0259nistan Prezidenti yan\u0131nda D\u00f6vl\u0259t Qullu\u011fu Akademiyas\u0131n\u0131n rektoru professor Al\u0131m Annamuradov, Ankara Sosial Elml\u0259r Universitetinin b\u00f6lm\u0259 r\u0259hb\u0259ri professor Aslan Onur Ender,\u00a0 \u0130srail-Az\u0259rbaycan Beyn\u0259lxalq Assosiasiyas\u0131n\u0131n \u201cAziznews.com\u201d sayt\u0131n\u0131n ba\u015f redaktoru, siyasi elml\u0259r namiz\u0259di Yuriy Bo\u00e7arov, Tacikistan Prezidenti yan\u0131nda D\u00f6vl\u0259t \u0130dar\u0259\u00e7ilik Akademiyas\u0131n\u0131n rektoru h\u00fcquq elml\u0259ri doktoru, professor Abduxalil Qafurzoda, Rusiya Federasiyas\u0131n\u0131n \u018fm\u0259kdar iqtisad\u00e7\u0131s\u0131 Andrey Marqolin m\u0259ruz\u0259 il\u0259 \u00e7\u0131x\u0131\u015f edibl\u0259r.<\/p>\n<p>T\u0259dbird\u0259 Az\u0259rbaycan Respublikas\u0131n\u0131n Prezidenti yan\u0131nda D\u00f6vl\u0259t \u0130dar\u0259\u00e7ilik Akademiyas\u0131n\u0131n rektoru akademik Urxan \u018fl\u0259kb\u0259rovun t\u0259qdimat\u0131 dinl\u0259nilib.<\/p>\n<p>Akademik U.\u018fl\u0259kb\u0259rov dahi \u015f\u0259xsiyy\u0259t Heyd\u0259r \u018fliyevin tarixi xidm\u0259tl\u0259rind\u0259n b\u0259hs ed\u0259r\u0259k, Ulu \u00d6nd\u0259rin hakimiyy\u0259t\u0259 qay\u0131d\u0131\u015f\u0131ndan sonra Az\u0259rbaycan d\u00f6vl\u0259t\u00e7iliyinin b\u00f6y\u00fck t\u0259hl\u00fck\u0259l\u0259rd\u0259n xilas oldu\u011funu, \u00f6lk\u0259nin ictimai-siyasi, sosial-iqtisadi v\u0259 elmi-m\u0259d\u0259ni h\u0259yat\u0131nda \u0259sasl\u0131 d\u00f6n\u00fc\u015f\u00fcn yarand\u0131\u011f\u0131n\u0131 qeyd edib. O, \u00f6lk\u0259mizd\u0259 qazan\u0131lan u\u011furlar\u0131n dahi r\u0259hb\u0259r Heyd\u0259r \u018fliyev siyas\u0259tinin b\u0259hr\u0259si oldu\u011funu deyib.<\/p>\n<p>U.\u018fl\u0259kb\u0259rov \u00dcmummilli Lider t\u0259r\u0259find\u0259n m\u00fc\u0259yy\u0259nl\u0259\u015fdirilmi\u015f v\u0259 Prezident \u0130lham \u018fliyevin u\u011furla davam etdirdiyi inki\u015faf strategiyas\u0131 say\u0259sind\u0259 Az\u0259rbaycan\u0131n qazand\u0131\u011f\u0131 nailiyy\u0259tl\u0259r\u0259 diqq\u0259t \u00e7\u0259kib. O, Prezident \u0130lham \u018fliyev t\u0259r\u0259find\u0259n i\u015fl\u0259n\u0259r\u0259k t\u0259tbiq edilmi\u015f yeni d\u00f6vl\u0259t idar\u0259\u00e7iliyi texnologiyalar\u0131n\u0131n Az\u0259rbaycan\u0131n davaml\u0131 inkl\u00fcziv inki\u015faf\u0131 namin\u0259 resurslardan s\u0259m\u0259r\u0259li istifad\u0259 sah\u0259sind\u0259 regional v\u0259 qlobal lider\u0259 \u00e7evrilm\u0259sin\u0259 g\u0259tirib \u00e7\u0131xard\u0131\u011f\u0131n\u0131 x\u00fcsusi vur\u011fulay\u0131b. Eyni zamanda, Az\u0259rbaycanda t\u0259tbiq edil\u0259n innovativ idar\u0259\u00e7ilik texnologiyalar\u0131 kompleksinin y\u00fcks\u0259k s\u0259m\u0259r\u0259liliyinin BMT T\u0259hl\u00fck\u0259sizlik \u015euras\u0131n\u0131n 4 q\u0259tnam\u0259sinin u\u011furla yerin\u0259 yetirilm\u0259sind\u0259 v\u0259 torpaqlar\u0131m\u0131z\u0131n i\u015f\u011faldan azad edilm\u0259sind\u0259 t\u0259sdiqini tapd\u0131\u011f\u0131n\u0131 bildirib. V\u0259t\u0259n m\u00fcharib\u0259sind\u0259 B\u00f6y\u00fck Z\u0259f\u0259rin 44 g\u00fcn\u0259 qazan\u0131lmas\u0131n\u0131 v\u0259 Az\u0259rbaycan\u0131n \u0259razi b\u00fct\u00f6vl\u00fcy\u00fcn\u00fcn tam b\u0259rpas\u0131n\u0131 d\u00f6vl\u0259timizin ba\u015f\u00e7\u0131s\u0131n\u0131n innovativ inki\u015faf strategiyas\u0131n\u0131n t\u0259nt\u0259n\u0259li yekunu kimi d\u0259y\u0259rl\u0259ndirilib.<\/p>\n<p>Rektor Az\u0259rbaycan Respublikas\u0131n\u0131n b\u00fct\u00fcn d\u00fcnya \u00fc\u00e7\u00fcn prioritet kimi q\u0259bul edil\u0259n davaml\u0131 inkl\u00fcziv inki\u015faf siyas\u0259tini s\u0259m\u0259r\u0259li \u015f\u0259kild\u0259 realla\u015fd\u0131ran lider oldu\u011funu bildirib. Diqq\u0259t\u0259 \u00e7atd\u0131r\u0131l\u0131b ki, m\u0259hdud maliyy\u0259 imkanlar\u0131 \u015f\u0259raitind\u0259 Az\u0259rbaycan\u0131n inkl\u00fcziv inki\u015faf\u0131 indeksinin daha inki\u015faf etmi\u015f \u00f6lk\u0259l\u0259rd\u0259kind\u0259n y\u00fcks\u0259k olmas\u0131 respublikan\u0131n iqtisadi potensial\u0131n\u0131n h\u0259rt\u0259r\u0259fli inki\u015faf\u0131 v\u0259 \u0259halinin rifah\u0131n\u0131n y\u00fcks\u0259ldilm\u0259si \u00fc\u00e7\u00fcn daha s\u0259m\u0259r\u0259li istifad\u0259sinin beyn\u0259lxalq t\u0259sdiqidir. U.\u018fl\u0259kb\u0259rov vur\u011fulay\u0131b ki, inkl\u00fcziv inki\u015faf sah\u0259sind\u0259 Az\u0259rbaycan Respublikas\u0131n\u0131n y\u00fcks\u0259k g\u00f6st\u0259ricil\u0259r \u0259ld\u0259 etm\u0259si v\u0259 sosial siyas\u0259tin realla\u015fd\u0131r\u0131lmas\u0131 bax\u0131m\u0131ndan d\u00fcnya liderin\u0259 \u00e7evrilm\u0259sind\u0259 \u00f6lk\u0259nin Birinci vitse-prezidenti Mehriban \u018fliyevan\u0131n m\u00fcst\u0259sna xidm\u0259tl\u0259ri var.<\/p>\n<p>Rektor m\u00fcst\u0259qil v\u0259 suveren Az\u0259rbaycan d\u00f6vl\u0259tinin keyfiyy\u0259tc\u0259 yeni olan v\u0259 2021\u20122030-cu ill\u0259ri \u0259hat\u0259 ed\u0259n strateji m\u0259rh\u0259l\u0259y\u0259 daxil oldu\u011funu qeyd ed\u0259r\u0259k, inkl\u00fcziv c\u0259miyy\u0259tin qurulmas\u0131 prosesinin \u00f6lk\u0259nin 2030-cu il \u00fc\u00e7\u00fcn planla\u015fd\u0131r\u0131lm\u0131\u015f \u0259sas prioritetl\u0259ri s\u0131ras\u0131nda oldu\u011funu qeyd edib. O, beyn\u0259lxalq t\u0259\u015fkilatlar\u0131n hesabatlar\u0131na \u0259saslanaraq \u00f6lk\u0259nin \u0259razi b\u00fct\u00f6vl\u00fcy\u00fcn\u00fcn b\u0259rpas\u0131 il\u0259 s\u0259ciyy\u0259l\u0259n\u0259n bu yeni strateji d\u00f6vrd\u0259 Az\u0259rbaycan Respublikas\u0131n\u0131n b\u00fct\u00fcn d\u00fcnya \u00fc\u00e7\u00fcn prioritet kimi q\u0259bul edil\u0259n inkl\u00fcziv inki\u015faf\u0131n planla\u015fd\u0131r\u0131lmas\u0131 v\u0259 idar\u0259edilm\u0259si sah\u0259sind\u0259ki u\u011furlar\u0131n\u0131 dinl\u0259yicil\u0259rin diqq\u0259tin\u0259 \u00e7atd\u0131r\u0131b.<\/p>\n<p>U.\u018fl\u0259kb\u0259rov m\u0259ruz\u0259sini i\u015f\u011faldan azad olunmu\u015f \u0259razil\u0259rd\u0259 apar\u0131lan quruculuq i\u015fl\u0259ri, m\u00fcst\u0259qillik d\u00f6vr\u00fcnd\u0259 qazan\u0131lan siyasi, iqtisadi, h\u0259rbi u\u011furlar, inkl\u00fcziv inki\u015faf\u0131n idar\u0259 edilm\u0259si sah\u0259sind\u0259 \u00f6lk\u0259nin \u0259ld\u0259 etdiyi nailiyy\u0259tl\u0259r bar\u0259d\u0259 geni\u015f elmi statistik t\u0259hlil\u0259 \u0259saslanan m\u0259lumatlarla yekunla\u015fd\u0131r\u0131b.<\/p> \t\t\t\t\t<\/div>\n\t\t\t\t\t\t<\/div>\n\t\t\t\t<\/div>\n\t\t\t\t\t\t<\/div>\n\t\t\t\t\t<\/div>\n\t\t<\/div>\n\t\t\t\t\t\t\t\t<\/div>\n\t\t\t\t\t<\/div>\n\t\t<\/section>\n\t\t\t\t\t\t<\/div>\n\t\t\t\t\t\t<\/div>\n\t\t\t\t\t<\/div>","protected":false},"excerpt":{"rendered":"<p>D\u00f6vl\u0259t idar\u0259\u00e7iliyind\u0259 innovativ texnologiyalar v\u0259 \u00f6lk\u0259l\u0259rin davaml\u0131 inkl\u00fcziv inki\u015faf\u0131 &#8211; beyn\u0259lxalq elmi konfrans Previous Next Az\u0259rbaycan Respublikas\u0131n\u0131n Prezidenti yan\u0131nda D\u00f6vl\u0259t \u0130dar\u0259\u00e7ilik Akademiyas\u0131nda (D\u0130A) \u00dcmummilli Lider Heyd\u0259r \u018fliyevin 100 illik yubileyin\u0259 h\u0259sr olunmu\u015f \u201cD\u00f6vl\u0259t idar\u0259\u00e7iliyind\u0259 innovativ texnologiyalar v\u0259 \u00f6lk\u0259l\u0259rin davaml\u0131 inkl\u00fcziv inki\u015faf\u0131\u201d m\u00f6vzusunda beyn\u0259lxalq elmi konfrans ke\u00e7irilib. Beyn\u0259lxalq t\u0259dbir Az\u0259rbaycan Respublikas\u0131 Prezidentinin m\u00fcvafiq S\u0259r\u0259ncam\u0131 il\u0259 t\u0259sdiq [&hellip;]<\/p>","protected":false},"author":2,"featured_media":19778,"comment_status":"closed","ping_status":"closed","sticky":false,"template":"","format":"standard","meta":[],"categories":[137],"tags":[],"_links":{"self":[{"href":"https:\/\/legacy.dia.edu.az\/en\/wp-json\/wp\/v2\/posts\/19779"}],"collection":[{"href":"https:\/\/legacy.dia.edu.az\/en\/wp-json\/wp\/v2\/posts"}],"about":[{"href":"https:\/\/legacy.dia.edu.az\/en\/wp-json\/wp\/v2\/types\/post"}],"author":[{"embeddable":true,"href":"https:\/\/legacy.dia.edu.az\/en\/wp-json\/wp\/v2\/users\/2"}],"replies":[{"embeddable":true,"href":"https:\/\/legacy.dia.edu.az\/en\/wp-json\/wp\/v2\/comments?post=19779"}],"version-history":[{"count":20,"href":"https:\/\/legacy.dia.edu.az\/en\/wp-json\/wp\/v2\/posts\/19779\/revisions"}],"predecessor-version":[{"id":19820,"href":"https:\/\/legacy.dia.edu.az\/en\/wp-json\/wp\/v2\/posts\/19779\/revisions\/19820"}],"wp:featuredmedia":[{"embeddable":true,"href":"https:\/\/legacy.dia.edu.az\/en\/wp-json\/wp\/v2\/media\/19778"}],"wp:attachment":[{"href":"https:\/\/legacy.dia.edu.az\/en\/wp-json\/wp\/v2\/media?parent=19779"}],"wp:term":[{"taxonomy":"category","embeddable":true,"href":"https:\/\/legacy.dia.edu.az\/en\/wp-json\/wp\/v2\/categories?post=19779"},{"taxonomy":"post_tag","embeddable":true,"href":"https:\/\/legacy.dia.edu.az\/en\/wp-json\/wp\/v2\/tags?post=19779"}],"curies":[{"name":"wp","href":"https:\/\/api.w.org\/{rel}","templated":true}]}}