{"id":19753,"date":"2023-04-05T14:21:19","date_gmt":"2023-04-05T10:21:19","guid":{"rendered":"https:\/\/dia.edu.az\/?p=19753"},"modified":"2023-04-05T14:38:29","modified_gmt":"2023-04-05T10:38:29","slug":"dovl%c9%99t-idar%c9%99cilik-akademiyasi-asan-xidm%c9%99tin-%c9%99m%c9%99kdaslari-ucun-t%c9%99lim-kecirib","status":"publish","type":"post","link":"https:\/\/legacy.dia.edu.az\/en\/arxivl\u0259r\/19753","title":{"rendered":"D\u00f6vl\u0259t \u0130dar\u0259\u00e7ilik Akademiyas\u0131 \u201cASAN xidm\u0259t\u201din \u0259m\u0259kda\u015flar\u0131 \u00fc\u00e7\u00fcn t\u0259lim ke\u00e7irib"},"content":{"rendered":"<div data-elementor-type=\"wp-post\" data-elementor-id=\"19753\" class=\"elementor elementor-19753\" data-elementor-settings=\"[]\">\n\t\t\t\t\t\t<div class=\"elementor-inner\">\n\t\t\t\t\t\t\t<div class=\"elementor-section-wrap\">\n\t\t\t\t\t\t\t<section class=\"elementor-section elementor-top-section elementor-element elementor-element-5e0add6 elementor-section-boxed elementor-section-height-default elementor-section-height-default\" data-id=\"5e0add6\" data-element_type=\"section\">\n\t\t\t\t\t\t<div class=\"elementor-container elementor-column-gap-default\">\n\t\t\t\t\t\t\t<div class=\"elementor-row\">\n\t\t\t\t\t<div class=\"elementor-column elementor-col-100 elementor-top-column elementor-element elementor-element-d266ddb\" data-id=\"d266ddb\" data-element_type=\"column\">\n\t\t\t<div class=\"elementor-column-wrap elementor-element-populated\">\n\t\t\t\t\t\t\t<div class=\"elementor-widget-wrap\">\n\t\t\t\t\t\t<div class=\"elementor-element elementor-element-0609d50 elementor-widget elementor-widget-text-editor\" data-id=\"0609d50\" data-element_type=\"widget\" data-widget_type=\"text-editor.default\">\n\t\t\t\t<div class=\"elementor-widget-container\">\n\t\t\t\t\t\t\t\t<div class=\"elementor-text-editor elementor-clearfix\">\n\t\t\t\t\tD\u00f6vl\u0259t \u0130dar\u0259\u00e7ilik Akademiyas\u0131 \u201cASAN xidm\u0259t\u201din \u0259m\u0259kda\u015flar\u0131 \u00fc\u00e7\u00fcn t\u0259lim ke\u00e7irib\t\t\t\t\t<\/div>\n\t\t\t\t\t\t<\/div>\n\t\t\t\t<\/div>\n\t\t\t\t\t\t<\/div>\n\t\t\t\t\t<\/div>\n\t\t<\/div>\n\t\t\t\t\t\t\t\t<\/div>\n\t\t\t\t\t<\/div>\n\t\t<\/section>\n\t\t\t\t<section class=\"elementor-section elementor-top-section elementor-element elementor-element-aaff13a elementor-section-boxed elementor-section-height-default elementor-section-height-default\" data-id=\"aaff13a\" data-element_type=\"section\">\n\t\t\t\t\t\t<div class=\"elementor-container elementor-column-gap-default\">\n\t\t\t\t\t\t\t<div class=\"elementor-row\">\n\t\t\t\t\t<div class=\"elementor-column elementor-col-100 elementor-top-column elementor-element elementor-element-458ed59\" data-id=\"458ed59\" data-element_type=\"column\">\n\t\t\t<div class=\"elementor-column-wrap elementor-element-populated\">\n\t\t\t\t\t\t\t<div class=\"elementor-widget-wrap\">\n\t\t\t\t\t\t<div class=\"elementor-element elementor-element-80fadbc pp-ins-normal pp-ins-hover-normal elementor-widget elementor-widget-pp-album\" data-id=\"80fadbc\" data-element_type=\"widget\" data-widget_type=\"pp-album.default\">\n\t\t\t\t<div class=\"elementor-widget-container\">\n\t\t\t\t\t<div class=\"pp-album-container\">\n\t\t\t\t\t\t<div class=\"pp-album pp-album-cover-wrap pp-ins-filter-hover\" data-id=\"pp-album-80fadbc\" data-fancybox-class=\"pp-fancybox-thumbs-y\" data-fancybox-axis=\"y\">\n\t\t\t\t\t\t\t<a data-elementor-open-lightbox=\"yes\" data-elementor-lightbox-slideshow=\"80fadbc\" data-elementor-lightbox-index=\"0\" href=\"https:\/\/legacy.dia.edu.az\/wp-content\/uploads\/2023\/04\/050423.jpg\" class=\"elementor-clickable\">\n\t\t\t\t<div class=\"pp-album-cover pp-media-content pp-ins-filter-target\">\n\t\t\t\t<img src=\"https:\/\/legacy.dia.edu.az\/wp-content\/uploads\/2023\/04\/050423.jpg\" alt=\"050423\"\/><div class=\"pp-album-cover-overlay pp-media-overlay\"><\/div>\t\t\t\t<\/div>\n\t\t\t<\/a>\n\t\t\t\t\t\t\t<div class=\"pp-album-gallery\">\n\t\t\t\t\t<a class=\"pp-album-image elementor-clickable\" data-elementor-open-lightbox=\"yes\" data-elementor-lightbox-slideshow=\"80fadbc\" data-elementor-lightbox-index=\"1\" href=\"https:\/\/legacy.dia.edu.az\/wp-content\/uploads\/2023\/04\/0504.jpg\"><\/a><a class=\"pp-album-image elementor-clickable\" data-elementor-open-lightbox=\"yes\" data-elementor-lightbox-slideshow=\"80fadbc\" data-elementor-lightbox-index=\"2\" href=\"https:\/\/legacy.dia.edu.az\/wp-content\/uploads\/2023\/04\/05.04.jpg\"><\/a>\t\t\t\t<\/div>\n\t\t\t<\/div>\n\t\t\t\t\t\t<\/div>\n\t\t\t\t<\/div>\n\t\t\t\t<\/div>\n\t\t\t\t\t\t<\/div>\n\t\t\t\t\t<\/div>\n\t\t<\/div>\n\t\t\t\t\t\t\t\t<\/div>\n\t\t\t\t\t<\/div>\n\t\t<\/section>\n\t\t\t\t<section class=\"elementor-section elementor-top-section elementor-element elementor-element-105a2a5 elementor-section-boxed elementor-section-height-default elementor-section-height-default\" data-id=\"105a2a5\" data-element_type=\"section\">\n\t\t\t\t\t\t<div class=\"elementor-container elementor-column-gap-default\">\n\t\t\t\t\t\t\t<div class=\"elementor-row\">\n\t\t\t\t\t<div class=\"elementor-column elementor-col-100 elementor-top-column elementor-element elementor-element-a8381b2\" data-id=\"a8381b2\" data-element_type=\"column\">\n\t\t\t<div class=\"elementor-column-wrap elementor-element-populated\">\n\t\t\t\t\t\t\t<div class=\"elementor-widget-wrap\">\n\t\t\t\t\t\t<div class=\"elementor-element elementor-element-748569f elementor-widget elementor-widget-text-editor\" data-id=\"748569f\" data-element_type=\"widget\" data-widget_type=\"text-editor.default\">\n\t\t\t\t<div class=\"elementor-widget-container\">\n\t\t\t\t\t\t\t\t<div class=\"elementor-text-editor elementor-clearfix\">\n\t\t\t\t\t<p>Az\u0259rbaycan Respublikas\u0131n\u0131n Prezidenti yan\u0131nda D\u00f6vl\u0259t \u0130dar\u0259\u00e7ilik Akademiyas\u0131 (D\u0130A) Az\u0259rbaycan Respublikas\u0131n\u0131n Prezidenti yan\u0131nda  V\u0259t\u0259nda\u015flara Xidm\u0259t v\u0259 Sosial \u0130nnovasiyalar \u00fczr\u0259 D\u00f6vl\u0259t Agentliyinin (\u201cASAN xidm\u0259t\u201d) \u0259m\u0259kda\u015flar\u0131 \u00fc\u00e7\u00fcn n\u00f6vb\u0259ti t\u0259lim ke\u00e7irib.\nD\u00f6vl\u0259t \u0130dar\u0259\u00e7ilik Akademiyas\u0131 \u201cASAN xidm\u0259t\u201dl\u0259 \u0259m\u0259kda\u015fl\u0131q memorandumu \u00e7\u0259r\u00e7iv\u0259sind\u0259 f\u0259aliyy\u0259tini davam etdirir. Az\u0259rbaycan Respublikas\u0131n\u0131n Prezidenti \u0130lham \u018fliyev t\u0259r\u0259find\u0259n 2023-c\u00fc ilin \u201cHeyd\u0259r \u018fliyev \u0130li\u201d elan etm\u0259si il\u0259 \u0259laq\u0259dar D\u0130A-da n\u0259z\u0259rd\u0259 tutulan t\u0259dbirl\u0259r plan\u0131nda d\u00f6vl\u0259t qulluq\u00e7ular\u0131 \u00fc\u00e7\u00fcn t\u0259liml\u0259rin ke\u00e7irilm\u0259si planla\u015fd\u0131r\u0131l\u0131b. Bu m\u0259qs\u0259dl\u0259 \u201cASAN xidm\u0259t\u201d m\u0259rk\u0259zl\u0259rinin \u0259m\u0259kda\u015flar\u0131 \u00fc\u00e7\u00fcn D\u00f6vl\u0259t \u0130dar\u0259\u00e7ilik Akademiyas\u0131n\u0131n rektoru akademik Urxan \u018fl\u0259kb\u0259rov t\u0259r\u0259find\u0259n \u201cD\u00f6vl\u0259t idar\u0259\u00e7iliyind\u0259 Heyd\u0259r \u018fliyev fenomeni v\u0259 m\u00fcasir Az\u0259rbaycan\u0131n davaml\u0131 inkl\u00fcziv inki\u015faf\u0131\u201d m\u00f6vzusunda t\u0259lim ke\u00e7irilib.\n\nAkademik U.\u018fl\u0259kb\u0259rov \u00e7\u0131x\u0131\u015f\u0131nda Ulu \u00d6nd\u0259r Heyd\u0259r \u018fliyevin Az\u0259rbaycan d\u00f6vl\u0259ti v\u0259 xalq\u0131 qar\u015f\u0131s\u0131nda m\u00fcst\u0259sna xidm\u0259tl\u0259rind\u0259n, onun z\u0259ngin siyasi irsinin, d\u00f6vl\u0259t idar\u0259\u00e7ilik t\u0259cr\u00fcb\u0259sinin \u0259h\u0259miyy\u0259tind\u0259n dan\u0131\u015f\u0131b. O qeyd edib ki, Az\u0259rbaycan Respublikas\u0131 son ill\u0259rd\u0259 iqtisadi, sosial v\u0259 humanitar inki\u015faf, el\u0259c\u0259 d\u0259 \u00f6lk\u0259nin t\u0259hl\u00fck\u0259sizliyinin t\u0259min edilm\u0259si sah\u0259l\u0259rind\u0259 \u0259n y\u00fcks\u0259k nailiyy\u0259tl\u0259r qazan\u0131b. Bu nailiyy\u0259tl\u0259r Az\u0259rbaycanda t\u0259tbiq edil\u0259n innovativ d\u00f6vl\u0259t idar\u0259\u00e7ilik texnologiyalar\u0131n\u0131n, u\u011furla h\u0259yata ke\u00e7iril\u0259n insan inki\u015faf\u0131 siyas\u0259tinin, ard\u0131c\u0131l v\u0259 m\u0259qs\u0259dy\u00f6nl\u00fc islahatlar\u0131n, d\u00f6vl\u0259t qullu\u011fu sistemi \u00fc\u00e7\u00fcn y\u00fcks\u0259k s\u0259viyy\u0259li kadr potensial\u0131n\u0131n formala\u015fd\u0131r\u0131lmas\u0131 v\u0259 s\u0259f\u0259rb\u0259r olunmas\u0131n\u0131n m\u0259ntiqi n\u0259tic\u0259sidir. B\u00fct\u00fcn bu prosesl\u0259rin \u0259sas\u0131 Ulu \u00d6nd\u0259r Heyd\u0259r \u018fliyev t\u0259r\u0259find\u0259n qoyulub, Prezident \u0130lham \u018fliyev t\u0259r\u0259find\u0259n yarad\u0131c\u0131l\u0131qla inki\u015faf etdiril\u0259r\u0259k yeni s\u0259viyy\u0259y\u0259 y\u00fcks\u0259ldilib.\n\nT\u0259lim zaman\u0131 \u00dcmummilli Lider Heyd\u0259r \u018fliyevin m\u00fc\u0259llifi oldu\u011fu \u201cYeni neft strategiyas\u0131\u201d v\u0259 h\u0259min strategiyan\u0131n realla\u015fd\u0131r\u0131lmas\u0131 \u00fc\u00e7\u00fcn haz\u0131rlanm\u0131\u015f neft diplomatiyas\u0131ndan s\u00f6z a\u00e7\u0131l\u0131b. H\u0259m\u00e7inin Heyd\u0259r \u018fliyev yolunun layiqli davam\u00e7\u0131s\u0131 \u0130lham \u018fliyevin davaml\u0131 v\u0259 inkluziv inki\u015faf namin\u0259 insan potensial\u0131n\u0131n formala\u015fmas\u0131 siyas\u0259tind\u0259n v\u0259 inkl\u00fcziv inki\u015faf\u0131n s\u0259m\u0259r\u0259li idar\u0259 edilm\u0259si sah\u0259sind\u0259 g\u00f6r\u00fcl\u0259n i\u015fl\u0259rd\u0259n dan\u0131\u015f\u0131l\u0131b.\n\nAkademik U.\u018fl\u0259kb\u0259rov davaml\u0131 inki\u015faf, inkl\u00fcziv c\u0259miyy\u0259tin formala\u015fmas\u0131 \u00fc\u00e7\u00fcn d\u00f6vl\u0259t idar\u0259\u00e7iliyinin yeni texnologiyalar\u0131 sah\u0259sind\u0259 \u00f6lk\u0259nin \u0259ld\u0259 etdiyi u\u011furlar\u0131 diqq\u0259t\u0259 \u00e7atd\u0131r\u0131b. Qeyd olunub ki, Az\u0259rbaycan Respublikas\u0131 qlobal miqyasda prioritet kimi q\u0259bul edil\u0259n inkl\u00fcziv inki\u015faf\u0131n s\u0259m\u0259r\u0259li planla\u015fd\u0131r\u0131lmas\u0131 v\u0259 idar\u0259 edilm\u0259si \u00fczr\u0259 d\u00fcnya lideridir. \u0130nkl\u00fcziv inki\u015faf sah\u0259sind\u0259 Az\u0259rbaycan\u0131n y\u00fcks\u0259k g\u00f6st\u0259ricil\u0259r \u0259ld\u0259 etm\u0259sind\u0259 v\u0259 sosial siyas\u0259tin realla\u015fd\u0131r\u0131lmas\u0131 bax\u0131m\u0131ndan d\u00fcnya liderin\u0259 \u00e7evrilm\u0259sinin t\u0259m\u0259lind\u0259 Prezident \u0130lham \u018fliyevin innovativ d\u00f6vl\u0259t idar\u0259\u00e7iliyi strategiyas\u0131 dayan\u0131r. Qazan\u0131lan u\u011furlar\u0131n 44 g\u00fcnl\u00fck V\u0259t\u0259n m\u00fcharib\u0259sind\u0259ki parlaq Q\u0259l\u0259b\u0259d\u0259 b\u00f6y\u00fck rolu olub.\n\nBildirilib ki, Az\u0259rbaycan\u0131n haz\u0131rk\u0131 davaml\u0131 inki\u015faf\u0131 d\u00f6vl\u0259t idar\u0259\u00e7iliyi sah\u0259sind\u0259 realla\u015fd\u0131r\u0131lan ard\u0131c\u0131l u\u011furlu islahatlar\u0131n n\u0259tic\u0259sidir. Rektor Az\u0259rbaycan Respublikas\u0131n\u0131n Birinci vitse-prezidenti, Heyd\u0259r \u018fliyev Fondunun prezidenti Mehriban \u018fliyevan\u0131n r\u0259hb\u0259rliyi il\u0259 h\u0259yata ke\u00e7iril\u0259n f\u0259aliyy\u0259tin \u0259h\u0259miyy\u0259tini vur\u011fulay\u0131b.<\/p>\t\t\t\t\t<\/div>\n\t\t\t\t\t\t<\/div>\n\t\t\t\t<\/div>\n\t\t\t\t\t\t<\/div>\n\t\t\t\t\t<\/div>\n\t\t<\/div>\n\t\t\t\t\t\t\t\t<\/div>\n\t\t\t\t\t<\/div>\n\t\t<\/section>\n\t\t\t\t\t\t<\/div>\n\t\t\t\t\t\t<\/div>\n\t\t\t\t\t<\/div>","protected":false},"excerpt":{"rendered":"<p>D\u00f6vl\u0259t \u0130dar\u0259\u00e7ilik Akademiyas\u0131 \u201cASAN xidm\u0259t\u201din \u0259m\u0259kda\u015flar\u0131 \u00fc\u00e7\u00fcn t\u0259lim ke\u00e7irib Az\u0259rbaycan Respublikas\u0131n\u0131n Prezidenti yan\u0131nda D\u00f6vl\u0259t \u0130dar\u0259\u00e7ilik Akademiyas\u0131 (D\u0130A) Az\u0259rbaycan Respublikas\u0131n\u0131n Prezidenti yan\u0131nda V\u0259t\u0259nda\u015flara Xidm\u0259t v\u0259 Sosial \u0130nnovasiyalar \u00fczr\u0259 D\u00f6vl\u0259t Agentliyinin (\u201cASAN xidm\u0259t\u201d) \u0259m\u0259kda\u015flar\u0131 \u00fc\u00e7\u00fcn n\u00f6vb\u0259ti t\u0259lim ke\u00e7irib. D\u00f6vl\u0259t \u0130dar\u0259\u00e7ilik Akademiyas\u0131 \u201cASAN xidm\u0259t\u201dl\u0259 \u0259m\u0259kda\u015fl\u0131q memorandumu \u00e7\u0259r\u00e7iv\u0259sind\u0259 f\u0259aliyy\u0259tini davam etdirir. Az\u0259rbaycan Respublikas\u0131n\u0131n Prezidenti \u0130lham \u018fliyev t\u0259r\u0259find\u0259n 2023-c\u00fc ilin [&hellip;]<\/p>","protected":false},"author":2,"featured_media":19751,"comment_status":"closed","ping_status":"closed","sticky":false,"template":"","format":"standard","meta":[],"categories":[137],"tags":[],"_links":{"self":[{"href":"https:\/\/legacy.dia.edu.az\/en\/wp-json\/wp\/v2\/posts\/19753"}],"collection":[{"href":"https:\/\/legacy.dia.edu.az\/en\/wp-json\/wp\/v2\/posts"}],"about":[{"href":"https:\/\/legacy.dia.edu.az\/en\/wp-json\/wp\/v2\/types\/post"}],"author":[{"embeddable":true,"href":"https:\/\/legacy.dia.edu.az\/en\/wp-json\/wp\/v2\/users\/2"}],"replies":[{"embeddable":true,"href":"https:\/\/legacy.dia.edu.az\/en\/wp-json\/wp\/v2\/comments?post=19753"}],"version-history":[{"count":23,"href":"https:\/\/legacy.dia.edu.az\/en\/wp-json\/wp\/v2\/posts\/19753\/revisions"}],"predecessor-version":[{"id":19777,"href":"https:\/\/legacy.dia.edu.az\/en\/wp-json\/wp\/v2\/posts\/19753\/revisions\/19777"}],"wp:featuredmedia":[{"embeddable":true,"href":"https:\/\/legacy.dia.edu.az\/en\/wp-json\/wp\/v2\/media\/19751"}],"wp:attachment":[{"href":"https:\/\/legacy.dia.edu.az\/en\/wp-json\/wp\/v2\/media?parent=19753"}],"wp:term":[{"taxonomy":"category","embeddable":true,"href":"https:\/\/legacy.dia.edu.az\/en\/wp-json\/wp\/v2\/categories?post=19753"},{"taxonomy":"post_tag","embeddable":true,"href":"https:\/\/legacy.dia.edu.az\/en\/wp-json\/wp\/v2\/tags?post=19753"}],"curies":[{"name":"wp","href":"https:\/\/api.w.org\/{rel}","templated":true}]}}