{"id":19263,"date":"2023-01-11T15:46:01","date_gmt":"2023-01-11T11:46:01","guid":{"rendered":"https:\/\/dia.edu.az\/?p=19263"},"modified":"2023-01-11T16:00:56","modified_gmt":"2023-01-11T12:00:56","slug":"dovl%c9%99t-idar%c9%99cilik-akademiyasinda-beyn%c9%99lxalq-munaqis%c9%99l%c9%99r-v%c9%99-onlarin-nizamlanmasi-movzusunda-beyn%c9%99lxalq-elmi-praktik-onlayn-konfrans-k","status":"publish","type":"post","link":"https:\/\/legacy.dia.edu.az\/en\/arxivl\u0259r\/19263","title":{"rendered":"D\u00f6vl\u0259t \u0130dar\u0259\u00e7ilik Akademiyas\u0131nda\u00a0\u201cBeyn\u0259lxalq m\u00fcnaqi\u015f\u0259l\u0259r v\u0259 onlar\u0131n nizamlanmas\u0131\u201d m\u00f6vzusunda beyn\u0259lxalq\u00a0elmi-praktik\u00a0onlayn-konfrans ke\u00e7irilib"},"content":{"rendered":"<div data-elementor-type=\"wp-post\" data-elementor-id=\"19263\" class=\"elementor elementor-19263\" data-elementor-settings=\"[]\">\n\t\t\t\t\t\t<div class=\"elementor-inner\">\n\t\t\t\t\t\t\t<div class=\"elementor-section-wrap\">\n\t\t\t\t\t\t\t<section class=\"elementor-section elementor-top-section elementor-element elementor-element-eb965f4 elementor-section-boxed elementor-section-height-default elementor-section-height-default\" data-id=\"eb965f4\" data-element_type=\"section\">\n\t\t\t\t\t\t<div class=\"elementor-container elementor-column-gap-default\">\n\t\t\t\t\t\t\t<div class=\"elementor-row\">\n\t\t\t\t\t<div class=\"elementor-column elementor-col-100 elementor-top-column elementor-element elementor-element-7398309\" data-id=\"7398309\" data-element_type=\"column\">\n\t\t\t<div class=\"elementor-column-wrap elementor-element-populated\">\n\t\t\t\t\t\t\t<div class=\"elementor-widget-wrap\">\n\t\t\t\t\t\t<div class=\"elementor-element elementor-element-7b0e48a elementor-widget elementor-widget-text-editor\" data-id=\"7b0e48a\" data-element_type=\"widget\" data-widget_type=\"text-editor.default\">\n\t\t\t\t<div class=\"elementor-widget-container\">\n\t\t\t\t\t\t\t\t<div class=\"elementor-text-editor elementor-clearfix\">\n\t\t\t\t\tD\u00f6vl\u0259t \u0130dar\u0259\u00e7ilik Akademiyas\u0131nda\u00a0\u201cBeyn\u0259lxalq m\u00fcnaqi\u015f\u0259l\u0259r v\u0259 onlar\u0131n\nnizamlanmas\u0131\u201d m\u00f6vzusunda beyn\u0259lxalq\u00a0elmi-praktik\u00a0onlayn-konfrans ke\u00e7irilib\t\t\t\t\t<\/div>\n\t\t\t\t\t\t<\/div>\n\t\t\t\t<\/div>\n\t\t\t\t\t\t<\/div>\n\t\t\t\t\t<\/div>\n\t\t<\/div>\n\t\t\t\t\t\t\t\t<\/div>\n\t\t\t\t\t<\/div>\n\t\t<\/section>\n\t\t\t\t<section class=\"elementor-section elementor-top-section elementor-element elementor-element-c3f63a2 elementor-section-boxed elementor-section-height-default elementor-section-height-default\" data-id=\"c3f63a2\" data-element_type=\"section\">\n\t\t\t\t\t\t<div class=\"elementor-container elementor-column-gap-default\">\n\t\t\t\t\t\t\t<div class=\"elementor-row\">\n\t\t\t\t\t<div class=\"elementor-column elementor-col-100 elementor-top-column elementor-element elementor-element-dd167cb\" data-id=\"dd167cb\" data-element_type=\"column\">\n\t\t\t<div class=\"elementor-column-wrap elementor-element-populated\">\n\t\t\t\t\t\t\t<div class=\"elementor-widget-wrap\">\n\t\t\t\t\t\t<div class=\"elementor-element elementor-element-6ba85ed elementor-position-top elementor-vertical-align-top elementor-widget elementor-widget-image-box\" data-id=\"6ba85ed\" data-element_type=\"widget\" data-widget_type=\"image-box.default\">\n\t\t\t\t<div class=\"elementor-widget-container\">\n\t\t\t<div class=\"elementor-image-box-wrapper\"><figure class=\"elementor-image-box-img\"><a href=\"https:\/\/dia.edu.az\/wp-content\/uploads\/2023\/01\/222.png\"><img width=\"952\" height=\"433\" src=\"https:\/\/legacy.dia.edu.az\/wp-content\/uploads\/2023\/01\/222.png\" class=\"attachment-full size-full\" alt=\"\" srcset=\"https:\/\/legacy.dia.edu.az\/wp-content\/uploads\/2023\/01\/222.png 952w, https:\/\/legacy.dia.edu.az\/wp-content\/uploads\/2023\/01\/222-200x91.png 200w, https:\/\/legacy.dia.edu.az\/wp-content\/uploads\/2023\/01\/222-450x205.png 450w, https:\/\/legacy.dia.edu.az\/wp-content\/uploads\/2023\/01\/222-18x8.png 18w, https:\/\/legacy.dia.edu.az\/wp-content\/uploads\/2023\/01\/222-200x91@2x.png 400w, https:\/\/legacy.dia.edu.az\/wp-content\/uploads\/2023\/01\/222-450x205@2x.png 900w\" sizes=\"(max-width: 952px) 100vw, 952px\" \/><\/a><\/figure><div class=\"elementor-image-box-content\"><h3 class=\"elementor-image-box-title\"><a href=\"https:\/\/dia.edu.az\/wp-content\/uploads\/2023\/01\/222.png\">This is the heading<\/a><\/h3><p class=\"elementor-image-box-description\"><p>Az\u0259rbaycan Respublikas\u0131n\u0131n Prezidenti yan\u0131nda D\u00f6vl\u0259t \u0130dar\u0259\u00e7ilik\nAkademiyas\u0131 \u201cBeyn\u0259lxalq m\u00fcnasib\u0259tl\u0259r v\u0259 xarici siyas\u0259t\u201d kafedras\u0131n\u0131n\nt\u0259\u015fkilat\u00e7\u0131l\u0131\u011f\u0131 il\u0259 m\u00fcasir d\u00f6vr\u00fcn \u0259n aktual m\u0259s\u0259l\u0259l\u0259rind\u0259n birin\u0259 h\u0259sr olunan\n\u201cBeyn\u0259lxalq m\u00fcnaqi\u015f\u0259l\u0259r v\u0259 onlar\u0131n nizamlanmas\u0131\u201d m\u00f6vzusunda beyn\u0259lxalq\nelmi-praktik onlayn-konfrans ke\u00e7irilib.\nBeyn\u0259lxalq konfrans\u0131 giri\u015f nitq\u0131 il\u0259 Az\u0259rbaycan Respublikas\u0131n\u0131n Prezidenti\nyan\u0131nda D\u00f6vl\u0259t \u0130dar\u0259\u00e7ilik Akademiyas\u0131 \u201cBeyn\u0259lxalq m\u00fcnasib\u0259tl\u0259r v\u0259 xarici\nsiyas\u0259t\u201d kafedras\u0131n\u0131n r\u0259hb\u0259ri h\u00fcquq elml\u0259ri doktoru, professor Namiq\n\u018fliyev a\u00e7m\u0131\u015fd\u0131r. Natiq, \u00f6z \u00e7\u0131x\u0131\u015f\u0131nda beyn\u0259lxalq m\u00fcnaqi\u015f\u0259l\u0259rin\nnizamlanmas\u0131 il\u0259 ba\u011fl\u0131 yeni yana\u015fmalar\u0131n t\u0259tbiqinin art\u0131q z\u0259rur\u0259t hal\u0131na\ng\u0259ldiyini v\u0259 apar\u0131lan t\u0259dqiqatlarda yeni \u00e7\u00f6z\u00fcm yollar\u0131n\u0131n ortaya\nqoyulmas\u0131n\u0131n \u0259h\u0259miyy\u0259tini diqq\u0259t\u0259 \u00e7atd\u0131rd\u0131.\nDaha sonra 8 \u00f6lk\u0259d\u0259n (Az\u0259rbaycan, Bolqar\u0131stan, G\u00fcrc\u00fcstan, \u0130srail, Litva,\nMoldova, Q\u0131r\u011f\u0131z\u0131stan, v\u0259 Rusiya) konfransa qat\u0131lan tan\u0131nm\u0131\u015f alim v\u0259\nekspertl\u0259r haz\u0131rlad\u0131qlav\u0259r\u0131 t\u0259qdimatlarla \u00e7\u0131x\u0131\u015f ed\u0259r\u0259k m\u00fczakir\u0259l\u0259r apard\u0131lar.\nAz\u0259rbaycan Respublikas\u0131n\u0131n Prezidenti yan\u0131nda D\u00f6vl\u0259t \u0130dar\u0259\u00e7ilik\nAkademiyas\u0131n\u0131n \u201cBeyn\u0259lxalq m\u00fcnasib\u0259tl\u0259r v\u0259 diplomatiya\u201d ixtisas\u0131 \u00fczr\u0259\nt\u0259hsil alan sonuncu kurs magistrantlar\u0131n da i\u015ftirak etdiyi m\u00fczakir\u0259l\u0259rd\u0259\nplanetimizin m\u00fcxt\u0259lif b\u00f6lg\u0259l\u0259rind\u0259, o c\u00fcml\u0259d\u0259n Yax\u0131n \u015e\u0259rq, C\u0259nubi Qafqaz\nv\u0259 M\u0259rk\u0259zi Asiya regionlar\u0131nda ba\u015f vermi\u015f bir \u00e7ox beyn\u0259lxalq m\u00fcnaqi\u015f\u0259l\u0259r\ng\u00f6zd\u0259n ke\u00e7iril\u0259r\u0259k onlar\u0131n nizamlanmas\u0131yla ba\u011fl\u0131 m\u00fcxt\u0259lif yana\u015fmalar\nortaya qoyuldu v\u0259 h\u0259r m\u00fcnaqi\u015f\u0259y\u0259 uy\u011fun \u00f6z\u00fcn\u0259m\u0259xsus yeni h\u0259ll variantlar\u0131\ns\u0259sl\u0259ndirildi.\nSonda konfrans i\u015ftirak\u00e7\u0131lar\u0131na professor Namiq \u018fliyevin elmi redakt\u0259si il\u0259\n\u201cElm v\u0259 t\u0259hsil\u201d n\u0259\u015friyyat\u0131nda Az\u0259rbaycan v\u0259 rus dill\u0259rind\u0259 \u00e7ap olunmu\u015f\n\u201cBeyn\u0259lxalq m\u00fcnaqi\u015f\u0259l\u0259r v\u0259 onlar\u0131n nizamlanmas\u0131\u201d adl\u0131 m\u0259qal\u0259l\u0259r toplusu\nt\u0259qdim olundu.<\/p><\/p><\/div><\/div>\t\t<\/div>\n\t\t\t\t<\/div>\n\t\t\t\t\t\t<\/div>\n\t\t\t\t\t<\/div>\n\t\t<\/div>\n\t\t\t\t\t\t\t\t<\/div>\n\t\t\t\t\t<\/div>\n\t\t<\/section>\n\t\t\t\t\t\t<\/div>\n\t\t\t\t\t\t<\/div>\n\t\t\t\t\t<\/div>","protected":false},"excerpt":{"rendered":"<p>D\u00f6vl\u0259t \u0130dar\u0259\u00e7ilik Akademiyas\u0131nda&nbsp;\u201cBeyn\u0259lxalq m\u00fcnaqi\u015f\u0259l\u0259r v\u0259 onlar\u0131n nizamlanmas\u0131\u201d m\u00f6vzusunda beyn\u0259lxalq&nbsp;elmi-praktik&nbsp;onlayn-konfrans ke\u00e7irilib This is the heading Az\u0259rbaycan Respublikas\u0131n\u0131n Prezidenti yan\u0131nda D\u00f6vl\u0259t \u0130dar\u0259\u00e7ilik Akademiyas\u0131 \u201cBeyn\u0259lxalq m\u00fcnasib\u0259tl\u0259r v\u0259 xarici siyas\u0259t\u201d kafedras\u0131n\u0131n t\u0259\u015fkilat\u00e7\u0131l\u0131\u011f\u0131 il\u0259 m\u00fcasir d\u00f6vr\u00fcn \u0259n aktual m\u0259s\u0259l\u0259l\u0259rind\u0259n birin\u0259 h\u0259sr olunan \u201cBeyn\u0259lxalq m\u00fcnaqi\u015f\u0259l\u0259r v\u0259 onlar\u0131n nizamlanmas\u0131\u201d m\u00f6vzusunda beyn\u0259lxalq elmi-praktik onlayn-konfrans ke\u00e7irilib. Beyn\u0259lxalq konfrans\u0131 giri\u015f nitq\u0131 il\u0259 Az\u0259rbaycan Respublikas\u0131n\u0131n Prezidenti [&hellip;]<\/p>","protected":false},"author":2,"featured_media":19261,"comment_status":"closed","ping_status":"closed","sticky":false,"template":"","format":"standard","meta":[],"categories":[137],"tags":[],"_links":{"self":[{"href":"https:\/\/legacy.dia.edu.az\/en\/wp-json\/wp\/v2\/posts\/19263"}],"collection":[{"href":"https:\/\/legacy.dia.edu.az\/en\/wp-json\/wp\/v2\/posts"}],"about":[{"href":"https:\/\/legacy.dia.edu.az\/en\/wp-json\/wp\/v2\/types\/post"}],"author":[{"embeddable":true,"href":"https:\/\/legacy.dia.edu.az\/en\/wp-json\/wp\/v2\/users\/2"}],"replies":[{"embeddable":true,"href":"https:\/\/legacy.dia.edu.az\/en\/wp-json\/wp\/v2\/comments?post=19263"}],"version-history":[{"count":13,"href":"https:\/\/legacy.dia.edu.az\/en\/wp-json\/wp\/v2\/posts\/19263\/revisions"}],"predecessor-version":[{"id":19276,"href":"https:\/\/legacy.dia.edu.az\/en\/wp-json\/wp\/v2\/posts\/19263\/revisions\/19276"}],"wp:featuredmedia":[{"embeddable":true,"href":"https:\/\/legacy.dia.edu.az\/en\/wp-json\/wp\/v2\/media\/19261"}],"wp:attachment":[{"href":"https:\/\/legacy.dia.edu.az\/en\/wp-json\/wp\/v2\/media?parent=19263"}],"wp:term":[{"taxonomy":"category","embeddable":true,"href":"https:\/\/legacy.dia.edu.az\/en\/wp-json\/wp\/v2\/categories?post=19263"},{"taxonomy":"post_tag","embeddable":true,"href":"https:\/\/legacy.dia.edu.az\/en\/wp-json\/wp\/v2\/tags?post=19263"}],"curies":[{"name":"wp","href":"https:\/\/api.w.org\/{rel}","templated":true}]}}