{"id":19222,"date":"2022-12-28T17:14:49","date_gmt":"2022-12-28T13:14:49","guid":{"rendered":"https:\/\/dia.edu.az\/?p=19222"},"modified":"2022-12-28T17:18:03","modified_gmt":"2022-12-28T13:18:03","slug":"az%c9%99rbaycan-respublikasinin-prezidenti-yaninda-dovl%c9%99t-idar%c9%99cilik-akademiyasinda-v%c9%99kil-gunu-pes%c9%99-bayrami-il%c9%99-%c9%99laq%c9%99dar-gorus-kecirilib","status":"publish","type":"post","link":"https:\/\/legacy.dia.edu.az\/en\/arxivl\u0259r\/19222","title":{"rendered":"Az\u0259rbaycan Respublikas\u0131n\u0131n Prezidenti yan\u0131nda D\u00f6vl\u0259t \u0130dar\u0259\u00e7ilik Akademiyas\u0131nda \u201cV\u0259kil g\u00fcn\u00fc\u201d pe\u015f\u0259 bayram\u0131 il\u0259 \u0259laq\u0259dar g\u00f6r\u00fc\u015f ke\u00e7irilib"},"content":{"rendered":"<div data-elementor-type=\"wp-post\" data-elementor-id=\"19222\" class=\"elementor elementor-19222\" data-elementor-settings=\"[]\">\n\t\t\t\t\t\t<div class=\"elementor-inner\">\n\t\t\t\t\t\t\t<div class=\"elementor-section-wrap\">\n\t\t\t\t\t\t\t<section class=\"elementor-section elementor-top-section elementor-element elementor-element-09dd041 elementor-section-boxed elementor-section-height-default elementor-section-height-default\" data-id=\"09dd041\" data-element_type=\"section\">\n\t\t\t\t\t\t<div class=\"elementor-container elementor-column-gap-default\">\n\t\t\t\t\t\t\t<div class=\"elementor-row\">\n\t\t\t\t\t<div class=\"elementor-column elementor-col-100 elementor-top-column elementor-element elementor-element-67e1b1e\" data-id=\"67e1b1e\" data-element_type=\"column\">\n\t\t\t<div class=\"elementor-column-wrap elementor-element-populated\">\n\t\t\t\t\t\t\t<div class=\"elementor-widget-wrap\">\n\t\t\t\t\t\t<div class=\"elementor-element elementor-element-e520d08 elementor-widget elementor-widget-text-editor\" data-id=\"e520d08\" data-element_type=\"widget\" data-widget_type=\"text-editor.default\">\n\t\t\t\t<div class=\"elementor-widget-container\">\n\t\t\t\t\t\t\t\t<div class=\"elementor-text-editor elementor-clearfix\">\n\t\t\t\t\tAz\u0259rbaycan Respublikas\u0131n\u0131n Prezidenti yan\u0131nda D\u00f6vl\u0259t \u0130dar\u0259\u00e7ilik Akademiyas\u0131nda \u201cV\u0259kil g\u00fcn\u00fc\u201d pe\u015f\u0259 bayram\u0131 il\u0259 \u0259laq\u0259dar g\u00f6r\u00fc\u015f ke\u00e7irilib\t\t\t\t\t<\/div>\n\t\t\t\t\t\t<\/div>\n\t\t\t\t<\/div>\n\t\t\t\t\t\t<\/div>\n\t\t\t\t\t<\/div>\n\t\t<\/div>\n\t\t\t\t\t\t\t\t<\/div>\n\t\t\t\t\t<\/div>\n\t\t<\/section>\n\t\t\t\t<section class=\"elementor-section elementor-top-section elementor-element elementor-element-0288b1f elementor-section-boxed elementor-section-height-default elementor-section-height-default\" data-id=\"0288b1f\" data-element_type=\"section\">\n\t\t\t\t\t\t<div class=\"elementor-container elementor-column-gap-default\">\n\t\t\t\t\t\t\t<div class=\"elementor-row\">\n\t\t\t\t\t<div class=\"elementor-column elementor-col-100 elementor-top-column elementor-element elementor-element-2db0ea6\" data-id=\"2db0ea6\" data-element_type=\"column\">\n\t\t\t<div class=\"elementor-column-wrap elementor-element-populated\">\n\t\t\t\t\t\t\t<div class=\"elementor-widget-wrap\">\n\t\t\t\t\t\t<div class=\"elementor-element elementor-element-083f2d3 elementor-widget elementor-widget-image\" data-id=\"083f2d3\" data-element_type=\"widget\" data-widget_type=\"image.default\">\n\t\t\t\t<div class=\"elementor-widget-container\">\n\t\t\t\t\t\t\t\t<div class=\"elementor-image\">\n\t\t\t\t\t\t\t\t\t\t\t\t\t<a href=\"https:\/\/dia.edu.az\/wp-content\/uploads\/2022\/12\/DSC_8159.jpg\">\n\t\t\t\t\t\t\t<img width=\"450\" height=\"298\" src=\"https:\/\/legacy.dia.edu.az\/wp-content\/uploads\/2022\/12\/DSC_8159-450x298.jpg\" class=\"attachment-large size-large\" alt=\"\" srcset=\"https:\/\/legacy.dia.edu.az\/wp-content\/uploads\/2022\/12\/DSC_8159-450x298.jpg 450w, https:\/\/legacy.dia.edu.az\/wp-content\/uploads\/2022\/12\/DSC_8159-200x132.jpg 200w, https:\/\/legacy.dia.edu.az\/wp-content\/uploads\/2022\/12\/DSC_8159-1536x1017.jpg 1536w, https:\/\/legacy.dia.edu.az\/wp-content\/uploads\/2022\/12\/DSC_8159-2048x1356.jpg 2048w, https:\/\/legacy.dia.edu.az\/wp-content\/uploads\/2022\/12\/DSC_8159-18x12.jpg 18w, https:\/\/legacy.dia.edu.az\/wp-content\/uploads\/2022\/12\/DSC_8159-150x100.jpg 150w, https:\/\/legacy.dia.edu.az\/wp-content\/uploads\/2022\/12\/DSC_8159-450x298@2x.jpg 900w, https:\/\/legacy.dia.edu.az\/wp-content\/uploads\/2022\/12\/DSC_8159-200x132@2x.jpg 400w\" sizes=\"(max-width: 450px) 100vw, 450px\" \/>\t\t\t\t\t\t\t\t<\/a>\n\t\t\t\t\t\t\t\t\t\t\t\t\t\t<\/div>\n\t\t\t\t\t\t<\/div>\n\t\t\t\t<\/div>\n\t\t\t\t\t\t<\/div>\n\t\t\t\t\t<\/div>\n\t\t<\/div>\n\t\t\t\t\t\t\t\t<\/div>\n\t\t\t\t\t<\/div>\n\t\t<\/section>\n\t\t\t\t<section class=\"elementor-section elementor-top-section elementor-element elementor-element-b1f4150 elementor-section-boxed elementor-section-height-default elementor-section-height-default\" data-id=\"b1f4150\" data-element_type=\"section\">\n\t\t\t\t\t\t<div class=\"elementor-container elementor-column-gap-default\">\n\t\t\t\t\t\t\t<div class=\"elementor-row\">\n\t\t\t\t\t<div class=\"elementor-column elementor-col-100 elementor-top-column elementor-element elementor-element-7587562\" data-id=\"7587562\" data-element_type=\"column\">\n\t\t\t<div class=\"elementor-column-wrap elementor-element-populated\">\n\t\t\t\t\t\t\t<div class=\"elementor-widget-wrap\">\n\t\t\t\t\t\t<div class=\"elementor-element elementor-element-2fe1dc3 elementor-widget elementor-widget-text-editor\" data-id=\"2fe1dc3\" data-element_type=\"widget\" data-widget_type=\"text-editor.default\">\n\t\t\t\t<div class=\"elementor-widget-container\">\n\t\t\t\t\t\t\t\t<div class=\"elementor-text-editor elementor-clearfix\">\n\t\t\t\t\t<p>28 dekabr 2022-ci il tarixind\u0259 \u201cV\u0259kil g\u00fcn\u00fc\u201d pe\u015f\u0259 bayram\u0131 il\u0259 ba\u011fl\u0131 V\u0259kill\u0259r Kollegiyas\u0131n\u0131n R\u0259yas\u0259t Hey\u0259ti t\u0259r\u0259find\u0259n Az\u0259rbaycan Respublikas\u0131n\u0131n Prezidenti yan\u0131nda D\u00f6vl\u0259t \u0130dar\u0259\u00e7ilik Akademiyas\u0131n\u0131n  H\u00fcquq\u015f\u00fcnasl\u0131q ixtisas\u0131 \u00fczr\u0259 t\u0259hsil alan t\u0259l\u0259b\u0259l\u0259ri il\u0259 g\u00f6r\u00fc\u015f t\u0259\u015fkil edilmi\u015fdir.\nT\u0259dbird\u0259 \u00e7\u0131x\u0131\u015f ed\u0259n  D\u0130A-n\u0131n T\u0259dris i\u015fl\u0259ri \u00fczr\u0259 prorektoru \u018flikram Abdullayev insan h\u00fcquqlar\u0131n\u0131n m\u00fcdafi\u0259sinin t\u0259min edilm\u0259si sistemind\u0259 v\u0259killik institutunun rolundan b\u0259hs etmi\u015f v\u0259 19 mart 2021-ci il tarixind\u0259 V\u0259kill\u0259r Kollegiyas\u0131 il\u0259 Prezident yan\u0131nda D\u00f6vl\u0259t \u0130dar\u0259\u00e7ilik Akademiyas\u0131 aras\u0131nda imzalanm\u0131\u015f Anla\u015fma Memorandumunun \u0259h\u0259miyy\u0259tini vur\u011fulam\u0131\u015fd\u0131r. Prorektor \u0259lav\u0259 etmi\u015fdir ki, bu s\u0259m\u0259r\u0259li \u0259m\u0259kda\u015fl\u0131q n\u0259tic\u0259sind\u0259 h\u00fcquq\u015f\u00fcnasl\u0131q ixtisas\u0131 \u00fczr\u0259 t\u0259hsil alan t\u0259l\u0259b\u0259l\u0259rimiz V\u0259kill\u0259r Kollegiyas\u0131n\u0131n struktur b\u00f6lm\u0259l\u0259rind\u0259 v\u0259 V\u0259kil b\u00fcrolar\u0131nda t\u0259cr\u00fcb\u0259 ke\u00e7mi\u015fl\u0259r, n\u0259z\u0259ri v\u0259 praktiki bilikl\u0259rin inteqrasiyas\u0131 prosesi t\u0259min edilmi\u015f v\u0259 y\u00fcks\u0259k ixtisasl\u0131 g\u0259nc kadrlar\u0131n haz\u0131rlanmas\u0131nda m\u00fch\u00fcm add\u0131mlar at\u0131lm\u0131\u015fd\u0131r.\nV\u0259kill\u0259r Kollegiyas\u0131n\u0131n R\u0259yas\u0259t Hey\u0259tinin s\u0259dr m\u00fcavini, H\u00fcquqi Yard\u0131m v\u0259 T\u0259dris M\u0259rk\u0259zinin direktoru \u015eahmar M\u0259mm\u0259dov \u201cV\u0259kill\u0259r v\u0259 v\u0259killik f\u0259aliyy\u0259ti haqq\u0131nda\u201d 28 dekabr 1999-cu il tarixli Qanununu n\u0259z\u0259rd\u0259n ke\u00e7ir\u0259r\u0259k v\u0259killik f\u0259aliyy\u0259tinin f\u0259ls\u0259fi v\u0259 praktiki aspektl\u0259ri bar\u0259d\u0259 dinl\u0259yicil\u0259r\u0259 m\u0259lumat vermi\u015fdir. Qeyd edilmi\u015fdir ki, h\u0259r il  dekabr\u0131n  28-nin \u201cV\u0259kil g\u00fcn\u00fc\u201d pe\u015f\u0259 bayram\u0131 kimi t\u0259sis edilm\u0259si Heyd\u0259r \u018fliyevin layiqli davam\u00e7\u0131s\u0131 olan Prezident \u0130lham \u018fliyevin 25 dekabr 2019-cu il tarixli S\u0259r\u0259ncam\u0131na \u0259sas\u0259n h\u0259yata ke\u00e7irilir.\nDaha sonra g\u00f6r\u00fc\u015f interaktiv formada davam etmi\u015f, \u015eahmar M\u0259mm\u0259dov t\u0259l\u0259b\u0259l\u0259rin v\u0259killik institutu il\u0259 \u0259laq\u0259dar onlar\u0131 maraqland\u0131ran suallar\u0131n\u0131 cavabland\u0131rm\u0131\u015f v\u0259 v\u0259killikl\u0259 ba\u011fl\u0131 maarifl\u0259ndirm\u0259 t\u0259dbirinin D\u0130A-da ke\u00e7irilm\u0259si m\u0259s\u0259l\u0259sin\u0259 d\u0259st\u0259k g\u00f6st\u0259rildiyi \u00fc\u00e7\u00fcn Akademiya r\u0259hb\u0259rliyin\u0259 t\u0259\u015f\u0259kk\u00fcr\u00fcn\u00fc bildirmi\u015fdir.\n<\/p>\t\t\t\t\t<\/div>\n\t\t\t\t\t\t<\/div>\n\t\t\t\t<\/div>\n\t\t\t\t\t\t<\/div>\n\t\t\t\t\t<\/div>\n\t\t<\/div>\n\t\t\t\t\t\t\t\t<\/div>\n\t\t\t\t\t<\/div>\n\t\t<\/section>\n\t\t\t\t\t\t<\/div>\n\t\t\t\t\t\t<\/div>\n\t\t\t\t\t<\/div>","protected":false},"excerpt":{"rendered":"<p>Az\u0259rbaycan Respublikas\u0131n\u0131n Prezidenti yan\u0131nda D\u00f6vl\u0259t \u0130dar\u0259\u00e7ilik Akademiyas\u0131nda \u201cV\u0259kil g\u00fcn\u00fc\u201d pe\u015f\u0259 bayram\u0131 il\u0259 \u0259laq\u0259dar g\u00f6r\u00fc\u015f ke\u00e7irilib 28 dekabr 2022-ci il tarixind\u0259 \u201cV\u0259kil g\u00fcn\u00fc\u201d pe\u015f\u0259 bayram\u0131 il\u0259 ba\u011fl\u0131 V\u0259kill\u0259r Kollegiyas\u0131n\u0131n R\u0259yas\u0259t Hey\u0259ti t\u0259r\u0259find\u0259n Az\u0259rbaycan Respublikas\u0131n\u0131n Prezidenti yan\u0131nda D\u00f6vl\u0259t \u0130dar\u0259\u00e7ilik Akademiyas\u0131n\u0131n H\u00fcquq\u015f\u00fcnasl\u0131q ixtisas\u0131 \u00fczr\u0259 t\u0259hsil alan t\u0259l\u0259b\u0259l\u0259ri il\u0259 g\u00f6r\u00fc\u015f t\u0259\u015fkil edilmi\u015fdir. T\u0259dbird\u0259 \u00e7\u0131x\u0131\u015f ed\u0259n D\u0130A-n\u0131n T\u0259dris i\u015fl\u0259ri \u00fczr\u0259 [&hellip;]<\/p>","protected":false},"author":2,"featured_media":19221,"comment_status":"closed","ping_status":"closed","sticky":false,"template":"","format":"standard","meta":[],"categories":[137],"tags":[],"_links":{"self":[{"href":"https:\/\/legacy.dia.edu.az\/en\/wp-json\/wp\/v2\/posts\/19222"}],"collection":[{"href":"https:\/\/legacy.dia.edu.az\/en\/wp-json\/wp\/v2\/posts"}],"about":[{"href":"https:\/\/legacy.dia.edu.az\/en\/wp-json\/wp\/v2\/types\/post"}],"author":[{"embeddable":true,"href":"https:\/\/legacy.dia.edu.az\/en\/wp-json\/wp\/v2\/users\/2"}],"replies":[{"embeddable":true,"href":"https:\/\/legacy.dia.edu.az\/en\/wp-json\/wp\/v2\/comments?post=19222"}],"version-history":[{"count":9,"href":"https:\/\/legacy.dia.edu.az\/en\/wp-json\/wp\/v2\/posts\/19222\/revisions"}],"predecessor-version":[{"id":19231,"href":"https:\/\/legacy.dia.edu.az\/en\/wp-json\/wp\/v2\/posts\/19222\/revisions\/19231"}],"wp:featuredmedia":[{"embeddable":true,"href":"https:\/\/legacy.dia.edu.az\/en\/wp-json\/wp\/v2\/media\/19221"}],"wp:attachment":[{"href":"https:\/\/legacy.dia.edu.az\/en\/wp-json\/wp\/v2\/media?parent=19222"}],"wp:term":[{"taxonomy":"category","embeddable":true,"href":"https:\/\/legacy.dia.edu.az\/en\/wp-json\/wp\/v2\/categories?post=19222"},{"taxonomy":"post_tag","embeddable":true,"href":"https:\/\/legacy.dia.edu.az\/en\/wp-json\/wp\/v2\/tags?post=19222"}],"curies":[{"name":"wp","href":"https:\/\/api.w.org\/{rel}","templated":true}]}}