{"id":19202,"date":"2022-12-27T11:36:08","date_gmt":"2022-12-27T07:36:08","guid":{"rendered":"https:\/\/dia.edu.az\/?p=19202"},"modified":"2022-12-27T11:39:32","modified_gmt":"2022-12-27T07:39:32","slug":"az%c9%99rbaycan-respublikasinin-prezidenti-yaninda-dovl%c9%99t-idar%c9%99cilik-akademiyasi-il%c9%99-mediasiya-surasi-arasinda-memorandumunun-imzalanib","status":"publish","type":"post","link":"https:\/\/legacy.dia.edu.az\/en\/arxivl\u0259r\/19202","title":{"rendered":"Az\u0259rbaycan Respublikas\u0131n\u0131n Prezidenti\u00a0 yan\u0131nda D\u00f6vl\u0259t\u00a0 \u0130dar\u0259\u00e7ilik Akademiyas\u0131 \u0130l\u0259 Mediasiya \u015euras\u0131 aras\u0131nda Memorandumunun imzalan\u0131b"},"content":{"rendered":"<div data-elementor-type=\"wp-post\" data-elementor-id=\"19202\" class=\"elementor elementor-19202\" data-elementor-settings=\"[]\">\n\t\t\t\t\t\t<div class=\"elementor-inner\">\n\t\t\t\t\t\t\t<div class=\"elementor-section-wrap\">\n\t\t\t\t\t\t\t<section class=\"elementor-section elementor-top-section elementor-element elementor-element-012adda elementor-section-boxed elementor-section-height-default elementor-section-height-default\" data-id=\"012adda\" data-element_type=\"section\">\n\t\t\t\t\t\t<div class=\"elementor-container elementor-column-gap-default\">\n\t\t\t\t\t\t\t<div class=\"elementor-row\">\n\t\t\t\t\t<div class=\"elementor-column elementor-col-100 elementor-top-column elementor-element elementor-element-4e9a604\" data-id=\"4e9a604\" data-element_type=\"column\">\n\t\t\t<div class=\"elementor-column-wrap elementor-element-populated\">\n\t\t\t\t\t\t\t<div class=\"elementor-widget-wrap\">\n\t\t\t\t\t\t<div class=\"elementor-element elementor-element-647b9e4 elementor-widget elementor-widget-text-editor\" data-id=\"647b9e4\" data-element_type=\"widget\" data-widget_type=\"text-editor.default\">\n\t\t\t\t<div class=\"elementor-widget-container\">\n\t\t\t\t\t\t\t\t<div class=\"elementor-text-editor elementor-clearfix\">\n\t\t\t\t\tAz\u0259rbaycan Respublikas\u0131n\u0131n Prezidenti  yan\u0131nda D\u00f6vl\u0259t  \u0130dar\u0259\u00e7ilik Akademiyas\u0131 \u0130l\u0259 Mediasiya \u015euras\u0131 aras\u0131nda Memorandumunun imzalan\u0131b\t\t\t\t\t<\/div>\n\t\t\t\t\t\t<\/div>\n\t\t\t\t<\/div>\n\t\t\t\t\t\t<\/div>\n\t\t\t\t\t<\/div>\n\t\t<\/div>\n\t\t\t\t\t\t\t\t<\/div>\n\t\t\t\t\t<\/div>\n\t\t<\/section>\n\t\t\t\t<section class=\"elementor-section elementor-top-section elementor-element elementor-element-e399678 elementor-section-boxed elementor-section-height-default elementor-section-height-default\" data-id=\"e399678\" data-element_type=\"section\">\n\t\t\t\t\t\t<div class=\"elementor-container elementor-column-gap-default\">\n\t\t\t\t\t\t\t<div class=\"elementor-row\">\n\t\t\t\t\t<div class=\"elementor-column elementor-col-50 elementor-top-column elementor-element elementor-element-ce05587\" data-id=\"ce05587\" data-element_type=\"column\">\n\t\t\t<div class=\"elementor-column-wrap elementor-element-populated\">\n\t\t\t\t\t\t\t<div class=\"elementor-widget-wrap\">\n\t\t\t\t\t\t<div class=\"elementor-element elementor-element-96bb4d1 elementor-widget elementor-widget-image\" data-id=\"96bb4d1\" data-element_type=\"widget\" data-widget_type=\"image.default\">\n\t\t\t\t<div class=\"elementor-widget-container\">\n\t\t\t\t\t\t\t\t<div class=\"elementor-image\">\n\t\t\t\t\t\t\t\t\t\t\t\t\t<a href=\"https:\/\/dia.edu.az\/wp-content\/uploads\/2022\/12\/DSC_8124.jpg\">\n\t\t\t\t\t\t\t<img width=\"450\" height=\"298\" src=\"https:\/\/legacy.dia.edu.az\/wp-content\/uploads\/2022\/12\/DSC_8124-450x298.jpg\" class=\"attachment-large size-large\" alt=\"\" srcset=\"https:\/\/legacy.dia.edu.az\/wp-content\/uploads\/2022\/12\/DSC_8124-450x298.jpg 450w, https:\/\/legacy.dia.edu.az\/wp-content\/uploads\/2022\/12\/DSC_8124-200x132.jpg 200w, https:\/\/legacy.dia.edu.az\/wp-content\/uploads\/2022\/12\/DSC_8124-1536x1017.jpg 1536w, https:\/\/legacy.dia.edu.az\/wp-content\/uploads\/2022\/12\/DSC_8124-2048x1356.jpg 2048w, https:\/\/legacy.dia.edu.az\/wp-content\/uploads\/2022\/12\/DSC_8124-18x12.jpg 18w, https:\/\/legacy.dia.edu.az\/wp-content\/uploads\/2022\/12\/DSC_8124-150x100.jpg 150w, https:\/\/legacy.dia.edu.az\/wp-content\/uploads\/2022\/12\/DSC_8124-450x298@2x.jpg 900w, https:\/\/legacy.dia.edu.az\/wp-content\/uploads\/2022\/12\/DSC_8124-200x132@2x.jpg 400w\" sizes=\"(max-width: 450px) 100vw, 450px\" \/>\t\t\t\t\t\t\t\t<\/a>\n\t\t\t\t\t\t\t\t\t\t\t\t\t\t<\/div>\n\t\t\t\t\t\t<\/div>\n\t\t\t\t<\/div>\n\t\t\t\t\t\t<\/div>\n\t\t\t\t\t<\/div>\n\t\t<\/div>\n\t\t\t\t<div class=\"elementor-column elementor-col-50 elementor-top-column elementor-element elementor-element-6054937\" data-id=\"6054937\" data-element_type=\"column\">\n\t\t\t<div class=\"elementor-column-wrap elementor-element-populated\">\n\t\t\t\t\t\t\t<div class=\"elementor-widget-wrap\">\n\t\t\t\t\t\t<div class=\"elementor-element elementor-element-e8100ee elementor-widget elementor-widget-image\" data-id=\"e8100ee\" data-element_type=\"widget\" data-widget_type=\"image.default\">\n\t\t\t\t<div class=\"elementor-widget-container\">\n\t\t\t\t\t\t\t\t<div class=\"elementor-image\">\n\t\t\t\t\t\t\t\t\t\t\t\t\t<a href=\"https:\/\/dia.edu.az\/wp-content\/uploads\/2022\/12\/DSC_8115.jpg\">\n\t\t\t\t\t\t\t<img width=\"450\" height=\"298\" src=\"https:\/\/legacy.dia.edu.az\/wp-content\/uploads\/2022\/12\/DSC_8115-450x298.jpg\" class=\"attachment-large size-large\" alt=\"\" srcset=\"https:\/\/legacy.dia.edu.az\/wp-content\/uploads\/2022\/12\/DSC_8115-450x298.jpg 450w, https:\/\/legacy.dia.edu.az\/wp-content\/uploads\/2022\/12\/DSC_8115-200x132.jpg 200w, https:\/\/legacy.dia.edu.az\/wp-content\/uploads\/2022\/12\/DSC_8115-1536x1017.jpg 1536w, https:\/\/legacy.dia.edu.az\/wp-content\/uploads\/2022\/12\/DSC_8115-2048x1356.jpg 2048w, https:\/\/legacy.dia.edu.az\/wp-content\/uploads\/2022\/12\/DSC_8115-18x12.jpg 18w, https:\/\/legacy.dia.edu.az\/wp-content\/uploads\/2022\/12\/DSC_8115-150x100.jpg 150w, https:\/\/legacy.dia.edu.az\/wp-content\/uploads\/2022\/12\/DSC_8115-450x298@2x.jpg 900w, https:\/\/legacy.dia.edu.az\/wp-content\/uploads\/2022\/12\/DSC_8115-200x132@2x.jpg 400w\" sizes=\"(max-width: 450px) 100vw, 450px\" \/>\t\t\t\t\t\t\t\t<\/a>\n\t\t\t\t\t\t\t\t\t\t\t\t\t\t<\/div>\n\t\t\t\t\t\t<\/div>\n\t\t\t\t<\/div>\n\t\t\t\t\t\t<\/div>\n\t\t\t\t\t<\/div>\n\t\t<\/div>\n\t\t\t\t\t\t\t\t<\/div>\n\t\t\t\t\t<\/div>\n\t\t<\/section>\n\t\t\t\t<section class=\"elementor-section elementor-top-section elementor-element elementor-element-6cbe218 elementor-section-boxed elementor-section-height-default elementor-section-height-default\" data-id=\"6cbe218\" data-element_type=\"section\">\n\t\t\t\t\t\t<div class=\"elementor-container elementor-column-gap-default\">\n\t\t\t\t\t\t\t<div class=\"elementor-row\">\n\t\t\t\t\t<div class=\"elementor-column elementor-col-100 elementor-top-column elementor-element elementor-element-87c3745\" data-id=\"87c3745\" data-element_type=\"column\">\n\t\t\t<div class=\"elementor-column-wrap elementor-element-populated\">\n\t\t\t\t\t\t\t<div class=\"elementor-widget-wrap\">\n\t\t\t\t\t\t<div class=\"elementor-element elementor-element-f4c117c elementor-widget elementor-widget-text-editor\" data-id=\"f4c117c\" data-element_type=\"widget\" data-widget_type=\"text-editor.default\">\n\t\t\t\t<div class=\"elementor-widget-container\">\n\t\t\t\t\t\t\t\t<div class=\"elementor-text-editor elementor-clearfix\">\n\t\t\t\t\t<p>Az\u0259rbaycan Respublikas\u0131n\u0131n Prezidenti  yan\u0131nda D\u00f6vl\u0259t  \u0130dar\u0259\u00e7ilik Akademiyas\u0131 il\u0259 Mediasiya \u015euras\u0131 aras\u0131nda birg\u0259 \u0259m\u0259kda\u015fl\u0131q haqq\u0131nda anla\u015fma Memorandumunun imzalanmas\u0131 il\u0259 \u0259laq\u0259dar t\u0259dbir ke\u00e7irilib. \nMemorandum n\u0259z\u0259ri v\u0259 t\u0259cr\u00fcbi bilikl\u0259rin art\u0131r\u0131lmas\u0131n\u0131, t\u0259l\u0259b\u0259l\u0259r \u00fc\u00e7\u00fcn t\u0259cr\u00fcb\u0259 imkanlar\u0131n\u0131n yarad\u0131lmas\u0131n\u0131, birg\u0259 t\u0259dqiqatlar\u0131n apar\u0131lmas\u0131n\u0131 v\u0259 dig\u0259r m\u0259s\u0259l\u0259l\u0259ri ehtiva edir. \nT\u0259dbird\u0259 Az\u0259rbaycan Respublikas\u0131n\u0131n Prezidenti yan\u0131nda D\u00f6vl\u0259t \u0130dar\u0259\u00e7ilik Akademiyas\u0131n\u0131n rektoru akademik Urxan \u018fl\u0259kb\u0259rov dig\u0259r ixtisaslarla yana\u015f\u0131, h\u00fcquq\u015f\u00fcnasl\u0131q ixtisas\u0131 \u00fczr\u0259 kadr haz\u0131rlayan v\u0259 t\u0259l\u0259b\u0259l\u0259rin praktik bacar\u0131qlar\u0131n\u0131n inki\u015faf etdirilm\u0259sin\u0259 x\u00fcsusi \u00f6n\u0259m verildiyini qeyd edib v\u0259 Mediasiya \u015euras\u0131 il\u0259 \u0259m\u0259kda\u015fl\u0131\u011f\u0131n s\u0259m\u0259r\u0259li olaca\u011f\u0131na inam\u0131n\u0131 ifad\u0259 edib. \n\u0130mzalanma m\u0259rasimind\u0259 rektor Urxan \u018fl\u0259kb\u0259rov bildirib ki, son 30 ild\u0259 Az\u0259rbaycan b\u00f6y\u00fck inki\u015faf yolu ke\u00e7ib. Az\u0259rbaycan Prezidenti \u0130lham \u018fliyevin u\u011furlu siyas\u0259tinin \u0259h\u0259miyy\u0259tini vur\u011fulayan rektor qeyd edib ki, \u00f6lk\u0259mizd\u0259 yarad\u0131lan innovativ idar\u0259etm\u0259 sistemi n\u0259tic\u0259sind\u0259 respublikam\u0131z inkl\u00fcziv inki\u015fafa nail olub. \u0130ndi h\u0259r k\u0259s \u00f6z h\u0259yat\u0131nda bunu hiss edir. U.\u018fl\u0259kb\u0259rov Az\u0259rbaycan\u0131n inki\u015faf tendensiyas\u0131n\u0131 n\u00fcfuzlu beyn\u0259lxalq qurumlar\u0131n yayd\u0131\u011f\u0131 statistik g\u00f6st\u0259ricil\u0259rl\u0259 \u0259sasland\u0131r\u0131b. \u0130dar\u0259etm\u0259nin innovasiyaya t\u0259sirini v\u0259 inki\u015faf\u0131n \u0259sas amill\u0259rini diqq\u0259t\u0259 \u00e7atd\u0131r\u0131b. Rektor deyib ki, 44 g\u00fcnl\u00fck V\u0259t\u0259n m\u00fcharib\u0259si Az\u0259rbaycan d\u00f6vl\u0259t\u00e7iliyi tarixind\u0259 x\u00fcsusi m\u0259rh\u0259l\u0259 kimi qalacaq. M\u00fcst\u0259qillik ill\u0259rind\u0259 Az\u0259rbaycan\u0131n bir \u00e7ox istiqam\u0259tl\u0259rd\u0259 regional v\u0259 qlobal lider\u0259 \u00e7evrildiyini qeyd ed\u0259n U.\u018fl\u0259kb\u0259rov \u00f6lk\u0259mizin inki\u015faf g\u00f6st\u0259ricil\u0259rinin bir \u00e7ox beyn\u0259lxalq t\u0259\u015fkilatlar\u0131n r\u0259smi s\u0259n\u0259dl\u0259rind\u0259, m\u00fcst\u0259qil ekspertl\u0259r t\u0259r\u0259find\u0259n haz\u0131rlanm\u0131\u015f hesabatlarda t\u0259sdiqini tapd\u0131\u011f\u0131n\u0131 bildirib. \nMediasiya \u015euras\u0131 \u0130dar\u0259 Hey\u0259tinin s\u0259dri Nadir Adilov bildirib ki, D\u00f6vl\u0259t \u0130dar\u0259\u00e7ilik Akademiyas\u0131n\u0131n \u00f6lk\u0259mizin n\u00fcfuzlu ali t\u0259hsil ocaqlar\u0131ndan biri oldu\u011funu vur\u011fulay\u0131b, D\u0130A-n\u0131n m\u0259zunlar\u0131n\u0131n m\u00fcxt\u0259lif d\u00f6vl\u0259t v\u0259 \u00f6z\u0259l qurumlarda apar\u0131c\u0131 v\u0259 r\u0259hb\u0259r v\u0259zif\u0259l\u0259r tutduqlar\u0131n\u0131 bildirib. O, imzalanan memorandumun \u0259m\u0259kda\u015fl\u0131\u011f\u0131n geni\u015fl\u0259ndirilm\u0259si bax\u0131m\u0131ndan \u0259h\u0259miyy\u0259tli s\u0259n\u0259d oldu\u011funu v\u0259 h\u0259r iki t\u0259\u015fkilat \u00fc\u00e7\u00fcn faydal\u0131 olacaq bir s\u0131ra sah\u0259l\u0259rd\u0259 \u0259m\u0259kda\u015fl\u0131\u011f\u0131n v\u0259 m\u00fch\u00fcm layih\u0259l\u0259rin h\u0259yata ke\u00e7irilm\u0259sini n\u0259z\u0259rd\u0259 tutuldu\u011funu qeyd edib. \nT\u0259dbird\u0259 Mediasiya \u015euras\u0131 \u0130ntizam Komissiyas\u0131n\u0131n s\u0259dri May\u0131l \u018fhm\u0259d, 14 sayl\u0131 mediasiya t\u0259\u015fkilat\u0131n\u0131n r\u0259hb\u0259ri G\u0259ray M\u0259mm\u0259dta\u011f\u0131yev, H\u00fcquq kafedras\u0131n\u0131n m\u00fcdiri prof. \u0130saxan V\u0259liyev i\u015ftiraak etmi\u015fl\u0259r. \n<\/p>\t\t\t\t\t<\/div>\n\t\t\t\t\t\t<\/div>\n\t\t\t\t<\/div>\n\t\t\t\t\t\t<\/div>\n\t\t\t\t\t<\/div>\n\t\t<\/div>\n\t\t\t\t\t\t\t\t<\/div>\n\t\t\t\t\t<\/div>\n\t\t<\/section>\n\t\t\t\t\t\t<\/div>\n\t\t\t\t\t\t<\/div>\n\t\t\t\t\t<\/div>","protected":false},"excerpt":{"rendered":"<p>Az\u0259rbaycan Respublikas\u0131n\u0131n Prezidenti yan\u0131nda D\u00f6vl\u0259t \u0130dar\u0259\u00e7ilik Akademiyas\u0131 \u0130l\u0259 Mediasiya \u015euras\u0131 aras\u0131nda Memorandumunun imzalan\u0131b Az\u0259rbaycan Respublikas\u0131n\u0131n Prezidenti yan\u0131nda D\u00f6vl\u0259t \u0130dar\u0259\u00e7ilik Akademiyas\u0131 il\u0259 Mediasiya \u015euras\u0131 aras\u0131nda birg\u0259 \u0259m\u0259kda\u015fl\u0131q haqq\u0131nda anla\u015fma Memorandumunun imzalanmas\u0131 il\u0259 \u0259laq\u0259dar t\u0259dbir ke\u00e7irilib. Memorandum n\u0259z\u0259ri v\u0259 t\u0259cr\u00fcbi bilikl\u0259rin art\u0131r\u0131lmas\u0131n\u0131, t\u0259l\u0259b\u0259l\u0259r \u00fc\u00e7\u00fcn t\u0259cr\u00fcb\u0259 imkanlar\u0131n\u0131n yarad\u0131lmas\u0131n\u0131, birg\u0259 t\u0259dqiqatlar\u0131n apar\u0131lmas\u0131n\u0131 v\u0259 dig\u0259r m\u0259s\u0259l\u0259l\u0259ri ehtiva edir. T\u0259dbird\u0259 Az\u0259rbaycan [&hellip;]<\/p>","protected":false},"author":2,"featured_media":19201,"comment_status":"closed","ping_status":"closed","sticky":false,"template":"","format":"standard","meta":[],"categories":[137],"tags":[],"_links":{"self":[{"href":"https:\/\/legacy.dia.edu.az\/en\/wp-json\/wp\/v2\/posts\/19202"}],"collection":[{"href":"https:\/\/legacy.dia.edu.az\/en\/wp-json\/wp\/v2\/posts"}],"about":[{"href":"https:\/\/legacy.dia.edu.az\/en\/wp-json\/wp\/v2\/types\/post"}],"author":[{"embeddable":true,"href":"https:\/\/legacy.dia.edu.az\/en\/wp-json\/wp\/v2\/users\/2"}],"replies":[{"embeddable":true,"href":"https:\/\/legacy.dia.edu.az\/en\/wp-json\/wp\/v2\/comments?post=19202"}],"version-history":[{"count":5,"href":"https:\/\/legacy.dia.edu.az\/en\/wp-json\/wp\/v2\/posts\/19202\/revisions"}],"predecessor-version":[{"id":19207,"href":"https:\/\/legacy.dia.edu.az\/en\/wp-json\/wp\/v2\/posts\/19202\/revisions\/19207"}],"wp:featuredmedia":[{"embeddable":true,"href":"https:\/\/legacy.dia.edu.az\/en\/wp-json\/wp\/v2\/media\/19201"}],"wp:attachment":[{"href":"https:\/\/legacy.dia.edu.az\/en\/wp-json\/wp\/v2\/media?parent=19202"}],"wp:term":[{"taxonomy":"category","embeddable":true,"href":"https:\/\/legacy.dia.edu.az\/en\/wp-json\/wp\/v2\/categories?post=19202"},{"taxonomy":"post_tag","embeddable":true,"href":"https:\/\/legacy.dia.edu.az\/en\/wp-json\/wp\/v2\/tags?post=19202"}],"curies":[{"name":"wp","href":"https:\/\/api.w.org\/{rel}","templated":true}]}}