{"id":19150,"date":"2022-12-19T11:36:13","date_gmt":"2022-12-19T07:36:13","guid":{"rendered":"https:\/\/dia.edu.az\/?p=19150"},"modified":"2022-12-19T11:41:16","modified_gmt":"2022-12-19T07:41:16","slug":"az%c9%99rbaycan-respublikasinin-prezidenti-yaninda-dovl%c9%99t-idar%c9%99cilik-akademiyasinda-%c9%99hm%c9%99d-cavadin-130-illiyinin-h%c9%99sr-edilmis-t%c9%99dbir-kecirilib","status":"publish","type":"post","link":"https:\/\/legacy.dia.edu.az\/en\/arxivl\u0259r\/19150","title":{"rendered":"Az\u0259rbaycan Respublikas\u0131n\u0131n Prezidenti yan\u0131nda D\u00f6vl\u0259t \u0130dar\u0259\u00e7ilik Akademiyas\u0131nda \u018fhm\u0259d Cavad\u0131n 130 illiyinin h\u0259sr edilmi\u015f t\u0259dbir ke\u00e7irilib"},"content":{"rendered":"<div data-elementor-type=\"wp-post\" data-elementor-id=\"19150\" class=\"elementor elementor-19150\" data-elementor-settings=\"[]\">\n\t\t\t\t\t\t<div class=\"elementor-inner\">\n\t\t\t\t\t\t\t<div class=\"elementor-section-wrap\">\n\t\t\t\t\t\t\t<section class=\"elementor-section elementor-top-section elementor-element elementor-element-ce65aaf elementor-section-boxed elementor-section-height-default elementor-section-height-default\" data-id=\"ce65aaf\" data-element_type=\"section\">\n\t\t\t\t\t\t<div class=\"elementor-container elementor-column-gap-default\">\n\t\t\t\t\t\t\t<div class=\"elementor-row\">\n\t\t\t\t\t<div class=\"elementor-column elementor-col-100 elementor-top-column elementor-element elementor-element-a76d748\" data-id=\"a76d748\" data-element_type=\"column\">\n\t\t\t<div class=\"elementor-column-wrap elementor-element-populated\">\n\t\t\t\t\t\t\t<div class=\"elementor-widget-wrap\">\n\t\t\t\t\t\t<div class=\"elementor-element elementor-element-b6d3bb5 elementor-widget elementor-widget-text-editor\" data-id=\"b6d3bb5\" data-element_type=\"widget\" data-widget_type=\"text-editor.default\">\n\t\t\t\t<div class=\"elementor-widget-container\">\n\t\t\t\t\t\t\t\t<div class=\"elementor-text-editor elementor-clearfix\">\n\t\t\t\t\tAz\u0259rbaycan Respublikas\u0131n\u0131n Prezidenti yan\u0131nda D\u00f6vl\u0259t \u0130dar\u0259\u00e7ilik Akademiyas\u0131nda \u018fhm\u0259d Cavad\u0131n 130 illiyinin h\u0259sr edilmi\u015f t\u0259dbir ke\u00e7irilib\t\t\t\t\t<\/div>\n\t\t\t\t\t\t<\/div>\n\t\t\t\t<\/div>\n\t\t\t\t\t\t<\/div>\n\t\t\t\t\t<\/div>\n\t\t<\/div>\n\t\t\t\t\t\t\t\t<\/div>\n\t\t\t\t\t<\/div>\n\t\t<\/section>\n\t\t\t\t<section class=\"elementor-section elementor-top-section elementor-element elementor-element-8d78ba0 elementor-section-boxed elementor-section-height-default elementor-section-height-default\" data-id=\"8d78ba0\" data-element_type=\"section\">\n\t\t\t\t\t\t<div class=\"elementor-container elementor-column-gap-default\">\n\t\t\t\t\t\t\t<div class=\"elementor-row\">\n\t\t\t\t\t<div class=\"elementor-column elementor-col-33 elementor-top-column elementor-element elementor-element-66098ed\" data-id=\"66098ed\" data-element_type=\"column\">\n\t\t\t<div class=\"elementor-column-wrap elementor-element-populated\">\n\t\t\t\t\t\t\t<div class=\"elementor-widget-wrap\">\n\t\t\t\t\t\t<div class=\"elementor-element elementor-element-9dd2806 elementor-widget elementor-widget-image\" data-id=\"9dd2806\" data-element_type=\"widget\" data-widget_type=\"image.default\">\n\t\t\t\t<div class=\"elementor-widget-container\">\n\t\t\t\t\t\t\t\t<div class=\"elementor-image\">\n\t\t\t\t\t\t\t\t\t\t\t\t\t<a href=\"https:\/\/dia.edu.az\/wp-content\/uploads\/2022\/12\/DSC_7917.jpg\">\n\t\t\t\t\t\t\t<img width=\"450\" height=\"298\" src=\"https:\/\/legacy.dia.edu.az\/wp-content\/uploads\/2022\/12\/DSC_7917-450x298.jpg\" class=\"attachment-large size-large\" alt=\"\" srcset=\"https:\/\/legacy.dia.edu.az\/wp-content\/uploads\/2022\/12\/DSC_7917-450x298.jpg 450w, https:\/\/legacy.dia.edu.az\/wp-content\/uploads\/2022\/12\/DSC_7917-200x132.jpg 200w, https:\/\/legacy.dia.edu.az\/wp-content\/uploads\/2022\/12\/DSC_7917-1536x1017.jpg 1536w, https:\/\/legacy.dia.edu.az\/wp-content\/uploads\/2022\/12\/DSC_7917-2048x1356.jpg 2048w, https:\/\/legacy.dia.edu.az\/wp-content\/uploads\/2022\/12\/DSC_7917-18x12.jpg 18w, https:\/\/legacy.dia.edu.az\/wp-content\/uploads\/2022\/12\/DSC_7917-150x100.jpg 150w, https:\/\/legacy.dia.edu.az\/wp-content\/uploads\/2022\/12\/DSC_7917-450x298@2x.jpg 900w, https:\/\/legacy.dia.edu.az\/wp-content\/uploads\/2022\/12\/DSC_7917-200x132@2x.jpg 400w\" sizes=\"(max-width: 450px) 100vw, 450px\" \/>\t\t\t\t\t\t\t\t<\/a>\n\t\t\t\t\t\t\t\t\t\t\t\t\t\t<\/div>\n\t\t\t\t\t\t<\/div>\n\t\t\t\t<\/div>\n\t\t\t\t\t\t<\/div>\n\t\t\t\t\t<\/div>\n\t\t<\/div>\n\t\t\t\t<div class=\"elementor-column elementor-col-33 elementor-top-column elementor-element elementor-element-75eca72\" data-id=\"75eca72\" data-element_type=\"column\">\n\t\t\t<div class=\"elementor-column-wrap elementor-element-populated\">\n\t\t\t\t\t\t\t<div class=\"elementor-widget-wrap\">\n\t\t\t\t\t\t<div class=\"elementor-element elementor-element-4a8d63b elementor-widget elementor-widget-image\" data-id=\"4a8d63b\" data-element_type=\"widget\" data-widget_type=\"image.default\">\n\t\t\t\t<div class=\"elementor-widget-container\">\n\t\t\t\t\t\t\t\t<div class=\"elementor-image\">\n\t\t\t\t\t\t\t\t\t\t\t\t\t<a href=\"https:\/\/dia.edu.az\/wp-content\/uploads\/2022\/12\/DSC_7913.jpg\">\n\t\t\t\t\t\t\t<img width=\"450\" height=\"298\" src=\"https:\/\/legacy.dia.edu.az\/wp-content\/uploads\/2022\/12\/DSC_7913-450x298.jpg\" class=\"attachment-large size-large\" alt=\"\" srcset=\"https:\/\/legacy.dia.edu.az\/wp-content\/uploads\/2022\/12\/DSC_7913-450x298.jpg 450w, https:\/\/legacy.dia.edu.az\/wp-content\/uploads\/2022\/12\/DSC_7913-200x132.jpg 200w, https:\/\/legacy.dia.edu.az\/wp-content\/uploads\/2022\/12\/DSC_7913-1536x1017.jpg 1536w, https:\/\/legacy.dia.edu.az\/wp-content\/uploads\/2022\/12\/DSC_7913-2048x1356.jpg 2048w, https:\/\/legacy.dia.edu.az\/wp-content\/uploads\/2022\/12\/DSC_7913-18x12.jpg 18w, https:\/\/legacy.dia.edu.az\/wp-content\/uploads\/2022\/12\/DSC_7913-150x100.jpg 150w, https:\/\/legacy.dia.edu.az\/wp-content\/uploads\/2022\/12\/DSC_7913-450x298@2x.jpg 900w, https:\/\/legacy.dia.edu.az\/wp-content\/uploads\/2022\/12\/DSC_7913-200x132@2x.jpg 400w\" sizes=\"(max-width: 450px) 100vw, 450px\" \/>\t\t\t\t\t\t\t\t<\/a>\n\t\t\t\t\t\t\t\t\t\t\t\t\t\t<\/div>\n\t\t\t\t\t\t<\/div>\n\t\t\t\t<\/div>\n\t\t\t\t\t\t<\/div>\n\t\t\t\t\t<\/div>\n\t\t<\/div>\n\t\t\t\t<div class=\"elementor-column elementor-col-33 elementor-top-column elementor-element elementor-element-e3ac5be\" data-id=\"e3ac5be\" data-element_type=\"column\">\n\t\t\t<div class=\"elementor-column-wrap elementor-element-populated\">\n\t\t\t\t\t\t\t<div class=\"elementor-widget-wrap\">\n\t\t\t\t\t\t<div class=\"elementor-element elementor-element-1f8ff6b elementor-widget elementor-widget-image\" data-id=\"1f8ff6b\" data-element_type=\"widget\" data-widget_type=\"image.default\">\n\t\t\t\t<div class=\"elementor-widget-container\">\n\t\t\t\t\t\t\t\t<div class=\"elementor-image\">\n\t\t\t\t\t\t\t\t\t\t\t\t\t<a href=\"https:\/\/dia.edu.az\/wp-content\/uploads\/2022\/12\/DSC_7910.jpg\">\n\t\t\t\t\t\t\t<img width=\"450\" height=\"298\" src=\"https:\/\/legacy.dia.edu.az\/wp-content\/uploads\/2022\/12\/DSC_7910-450x298.jpg\" class=\"attachment-large size-large\" alt=\"\" srcset=\"https:\/\/legacy.dia.edu.az\/wp-content\/uploads\/2022\/12\/DSC_7910-450x298.jpg 450w, https:\/\/legacy.dia.edu.az\/wp-content\/uploads\/2022\/12\/DSC_7910-200x132.jpg 200w, https:\/\/legacy.dia.edu.az\/wp-content\/uploads\/2022\/12\/DSC_7910-1536x1017.jpg 1536w, https:\/\/legacy.dia.edu.az\/wp-content\/uploads\/2022\/12\/DSC_7910-2048x1356.jpg 2048w, https:\/\/legacy.dia.edu.az\/wp-content\/uploads\/2022\/12\/DSC_7910-18x12.jpg 18w, https:\/\/legacy.dia.edu.az\/wp-content\/uploads\/2022\/12\/DSC_7910-150x100.jpg 150w, https:\/\/legacy.dia.edu.az\/wp-content\/uploads\/2022\/12\/DSC_7910-450x298@2x.jpg 900w, https:\/\/legacy.dia.edu.az\/wp-content\/uploads\/2022\/12\/DSC_7910-200x132@2x.jpg 400w\" sizes=\"(max-width: 450px) 100vw, 450px\" \/>\t\t\t\t\t\t\t\t<\/a>\n\t\t\t\t\t\t\t\t\t\t\t\t\t\t<\/div>\n\t\t\t\t\t\t<\/div>\n\t\t\t\t<\/div>\n\t\t\t\t\t\t<\/div>\n\t\t\t\t\t<\/div>\n\t\t<\/div>\n\t\t\t\t\t\t\t\t<\/div>\n\t\t\t\t\t<\/div>\n\t\t<\/section>\n\t\t\t\t<section class=\"elementor-section elementor-top-section elementor-element elementor-element-19bd291 elementor-section-boxed elementor-section-height-default elementor-section-height-default\" data-id=\"19bd291\" data-element_type=\"section\">\n\t\t\t\t\t\t<div class=\"elementor-container elementor-column-gap-default\">\n\t\t\t\t\t\t\t<div class=\"elementor-row\">\n\t\t\t\t\t<div class=\"elementor-column elementor-col-100 elementor-top-column elementor-element elementor-element-21a43e0\" data-id=\"21a43e0\" data-element_type=\"column\">\n\t\t\t<div class=\"elementor-column-wrap elementor-element-populated\">\n\t\t\t\t\t\t\t<div class=\"elementor-widget-wrap\">\n\t\t\t\t\t\t<div class=\"elementor-element elementor-element-20d6990 elementor-widget elementor-widget-text-editor\" data-id=\"20d6990\" data-element_type=\"widget\" data-widget_type=\"text-editor.default\">\n\t\t\t\t<div class=\"elementor-widget-container\">\n\t\t\t\t\t\t\t\t<div class=\"elementor-text-editor elementor-clearfix\">\n\t\t\t\t\t<p>Az\u0259rbaycan Respublikas\u0131 Konstitusiyas\u0131n\u0131n 109-cu madd\u0259sinin 32-ci b\u0259ndini r\u0259hb\u0259r tutaraq, Az\u0259rbaycan xalq\u0131n\u0131n istiqlal m\u00fcbariz\u0259sin\u0259 layiqli t\u00f6hf\u0259l\u0259r vermi\u015f v\u0259t\u0259np\u0259rv\u0259r \u015fair \u018fhm\u0259d Cavad\u0131n anadan olmas\u0131n\u0131n 130-cu ild\u00f6n\u00fcm\u00fcn\u00fcn qeyd olunmas\u0131n\u0131 t\u0259min etm\u0259k m\u0259qs\u0259dil\u0259 \u018fhm\u0259d Cavad\u0131n 130 illiyinin qeyd edilm\u0259si bar\u0259d\u0259 Az\u0259rbaycan Respublikas\u0131n\u0131n Prezidenti c\u0259nab \u0130lham \u018fliyev 20 aprel 2022-ci il tarixli S\u0259r\u0259ncam imzalam\u0131\u015fd\u0131r. Bununla \u0259laq\u0259dar Az\u0259rbaycan Respublikas\u0131n\u0131n Prezidenti yan\u0131nda D\u00f6vl\u0259t \u0130dar\u0259\u00e7ilik Akademiyas\u0131nda \u018fhm\u0259d Cavad\u0131n 130 illiyinin h\u0259sr edilmi\u015f t\u0259dbir ke\u00e7irilib.\n2022-cid\u0259 Az\u0259rbaycan \u0259d\u0259biyyat\u0131n\u0131n g\u00f6rk\u0259mli n\u00fcmay\u0259nd\u0259si, b\u00f6y\u00fck \u015fair, tan\u0131nm\u0131\u015f maarif\u00e7i v\u0259 ictimai xadim \u018fhm\u0259d Cavad\u0131n anadan olmas\u0131n\u0131n 130 illiyi tamam olur. \u018fhm\u0259d Cavad Az\u0259rbaycan \u0259d\u0259bi-b\u0259dii fikri tarixind\u0259 istiqlal \u015fairi kimi \u00f6z\u00fcn\u0259m\u0259xsus d\u0259st-x\u0259tti il\u0259 se\u00e7il\u0259n, m\u00fcst\u0259sna m\u00f6vqey\u0259 malik s\u00f6z ustalar\u0131ndand\u0131r. B\u00fct\u00fcn q\u0259lbi il\u0259 ba\u011fl\u0131 oldu\u011fu do\u011fma xalq\u0131n\u0131n m\u00fcst\u0259qillik ideallar\u0131na h\u0259yat\u0131 boyu sadiq qalm\u0131\u015f s\u0259n\u0259tkar\u0131n azadl\u0131q motivl\u0259ri il\u0259 z\u0259ngin yarad\u0131c\u0131l\u0131\u011f\u0131 milli m\u0259fkur\u0259d\u0259n yo\u011frulmu\u015fdur. Az\u0259rbaycan\u0131n d\u00f6vl\u0259t r\u0259mzl\u0259rini y\u00fcks\u0259k \u015feiriyy\u0259tl\u0259 alovlu t\u0259r\u0259nn\u00fcm ed\u0259n \u015fairin m\u00fcst\u0259qil d\u00f6vl\u0259t\u00e7iliy\u0259 sevgi a\u015f\u0131layan \u0259s\u0259rl\u0259ri d\u0259rin v\u0259t\u0259np\u0259rv\u0259rlik duy\u011fular\u0131n\u0131n heyr\u0259tamiz poetik ifad\u0259sidir. \u018fhm\u0259d Cavad daim ictimai-siyasi hadis\u0259l\u0259rin qaynar n\u00f6qt\u0259l\u0259rind\u0259 olmu\u015f, d\u00f6vr\u00fcn parlaq \u015f\u0259xsiyy\u0259tl\u0259ri s\u0131ras\u0131nda 1930-cu ill\u0259rin a\u011f\u0131r repressiyalar\u0131na m\u0259ruz qalaraq, sovet totalitarizminin qurban\u0131na \u00e7evrilmi\u015fdir.\nD\u0130A-da ke\u00e7iril\u0259n t\u0259dbird\u0259 Az\u0259rbaycan Respublikas\u0131n\u0131n D\u00f6vl\u0259t Himni s\u0259sl\u0259ndirilib, \u015e\u0259hidl\u0259rin xatir\u0259si s\u00fckutla an\u0131l\u0131b.\nA\u00e7\u0131l\u0131\u015f s\u00f6z\u00fc il\u0259 \u00e7\u0131x\u0131\u015f ed\u0259n D\u00f6vl\u0259t \u0130dar\u0259\u00e7ilik Akademiyas\u0131n\u0131n rektoru, akademik Urxan \u018fl\u0259kb\u0259rov  Az\u0259rbaycan xalq\u0131n\u0131n v\u0259t\u0259np\u0259rv\u0259r \u015fairi \u018fhm\u0259d Cavad\u0131n anadan olmas\u0131n\u0131n 130-cu ild\u00f6n\u00fcm\u00fcn\u00fcn qeyd olunmas\u0131n\u0131n, bu bar\u0259d\u0259 Az\u0259rbaycan Respublikas\u0131n\u0131n Prezidenti c\u0259nab \u0130lham \u018fliyev imzalad\u0131\u011f\u0131 S\u0259r\u0259ncam\u0131n \u0259h\u0259miyy\u0259tini qeyd etmi\u015fdir. \nSonra \u018fhm\u0259d Cavad\u0131n 130 illiyinin h\u0259sr edilmi\u015f t\u0259dbird\u0259 D\u0130A-n\u0131n Tarix kafedras\u0131n\u0131n m\u00fcdiri dosent Firdovsiyy\u0259 \u018fhm\u0259dova \u201c\u018fhm\u0259d Cavad\u0131n ictimai-siyasi f\u0259aliyy\u0259ti\u201d, \u201cDill\u0259r\u201d kafedras\u0131n\u0131n m\u00fc\u0259llimi filologiya \u00fczr\u0259 f\u0259ls\u0259f\u0259 doktoru G\u00fcnay Maqsudova \u201c\u018fhm\u0259d Cavad\u0131n \u0259d\u0259bi f\u0259aliyy\u0259ti\u201d, \u0130nzibati idar\u0259 etm\u0259 fak\u00fclt\u0259sinin II-ci kurs t\u0259l\u0259b\u0259si Elmira \u018fliyeva \u201c\u018fhm\u0259d Cavad\u0131n \u00f6m\u00fcr yolu\u201d adl\u0131 m\u0259ruz\u0259 il\u0259 \u00e7\u0131x\u0131\u015f etmi\u015fl\u0259r. Daha sonra D\u0130A-n\u0131n t\u0259l\u0259b\u0259l\u0259rinin ifas\u0131nda \u018fhm\u0259d Cavad irsind\u0259n n\u00fcmun\u0259l\u0259r ifa edilmi\u015fdir.\n<\/p>\t\t\t\t\t<\/div>\n\t\t\t\t\t\t<\/div>\n\t\t\t\t<\/div>\n\t\t\t\t\t\t<\/div>\n\t\t\t\t\t<\/div>\n\t\t<\/div>\n\t\t\t\t\t\t\t\t<\/div>\n\t\t\t\t\t<\/div>\n\t\t<\/section>\n\t\t\t\t\t\t<\/div>\n\t\t\t\t\t\t<\/div>\n\t\t\t\t\t<\/div>","protected":false},"excerpt":{"rendered":"<p>Az\u0259rbaycan Respublikas\u0131n\u0131n Prezidenti yan\u0131nda D\u00f6vl\u0259t \u0130dar\u0259\u00e7ilik Akademiyas\u0131nda \u018fhm\u0259d Cavad\u0131n 130 illiyinin h\u0259sr edilmi\u015f t\u0259dbir ke\u00e7irilib Az\u0259rbaycan Respublikas\u0131 Konstitusiyas\u0131n\u0131n 109-cu madd\u0259sinin 32-ci b\u0259ndini r\u0259hb\u0259r tutaraq, Az\u0259rbaycan xalq\u0131n\u0131n istiqlal m\u00fcbariz\u0259sin\u0259 layiqli t\u00f6hf\u0259l\u0259r vermi\u015f v\u0259t\u0259np\u0259rv\u0259r \u015fair \u018fhm\u0259d Cavad\u0131n anadan olmas\u0131n\u0131n 130-cu ild\u00f6n\u00fcm\u00fcn\u00fcn qeyd olunmas\u0131n\u0131 t\u0259min etm\u0259k m\u0259qs\u0259dil\u0259 \u018fhm\u0259d Cavad\u0131n 130 illiyinin qeyd edilm\u0259si bar\u0259d\u0259 Az\u0259rbaycan Respublikas\u0131n\u0131n Prezidenti c\u0259nab [&hellip;]<\/p>","protected":false},"author":2,"featured_media":19140,"comment_status":"closed","ping_status":"closed","sticky":false,"template":"","format":"standard","meta":[],"categories":[137],"tags":[],"_links":{"self":[{"href":"https:\/\/legacy.dia.edu.az\/en\/wp-json\/wp\/v2\/posts\/19150"}],"collection":[{"href":"https:\/\/legacy.dia.edu.az\/en\/wp-json\/wp\/v2\/posts"}],"about":[{"href":"https:\/\/legacy.dia.edu.az\/en\/wp-json\/wp\/v2\/types\/post"}],"author":[{"embeddable":true,"href":"https:\/\/legacy.dia.edu.az\/en\/wp-json\/wp\/v2\/users\/2"}],"replies":[{"embeddable":true,"href":"https:\/\/legacy.dia.edu.az\/en\/wp-json\/wp\/v2\/comments?post=19150"}],"version-history":[{"count":9,"href":"https:\/\/legacy.dia.edu.az\/en\/wp-json\/wp\/v2\/posts\/19150\/revisions"}],"predecessor-version":[{"id":19159,"href":"https:\/\/legacy.dia.edu.az\/en\/wp-json\/wp\/v2\/posts\/19150\/revisions\/19159"}],"wp:featuredmedia":[{"embeddable":true,"href":"https:\/\/legacy.dia.edu.az\/en\/wp-json\/wp\/v2\/media\/19140"}],"wp:attachment":[{"href":"https:\/\/legacy.dia.edu.az\/en\/wp-json\/wp\/v2\/media?parent=19150"}],"wp:term":[{"taxonomy":"category","embeddable":true,"href":"https:\/\/legacy.dia.edu.az\/en\/wp-json\/wp\/v2\/categories?post=19150"},{"taxonomy":"post_tag","embeddable":true,"href":"https:\/\/legacy.dia.edu.az\/en\/wp-json\/wp\/v2\/tags?post=19150"}],"curies":[{"name":"wp","href":"https:\/\/api.w.org\/{rel}","templated":true}]}}