{"id":18736,"date":"2022-10-22T12:45:30","date_gmt":"2022-10-22T08:45:30","guid":{"rendered":"https:\/\/dia.edu.az\/?p=18736"},"modified":"2022-10-22T13:03:22","modified_gmt":"2022-10-22T09:03:22","slug":"dovl%c9%99t-idar%c9%99cilik-akademiyasinda-beyn%c9%99lxalq-humanitar-huquq-h%c9%99rbi-%c9%99sirl%c9%99r-v%c9%99-itkin-dusmus-s%c9%99xsl%c9%99r-movzusunda-t%c9%99dbir-kecirilib","status":"publish","type":"post","link":"https:\/\/legacy.dia.edu.az\/en\/arxivl\u0259r\/18736","title":{"rendered":"D\u00f6vl\u0259t \u0130dar\u0259\u00e7ilik Akademiyas\u0131nda  \u201cBeyn\u0259lxalq Humanitar H\u00fcquq: H\u0259rbi \u018fsirl\u0259r v\u0259 \u0130tkin D\u00fc\u015fm\u00fc\u015f \u015e\u0259xsl\u0259r\u201d m\u00f6vzusunda t\u0259dbir ke\u00e7irilib"},"content":{"rendered":"<div class=\"vc_row wpb_row vc_row-fluid\"><div class=\"wpb_column vc_column_container vc_col-sm-12\"><div class=\"vc_column-inner\"><div class=\"wpb_wrapper\">\n\t<div class=\"wpb_text_column wpb_content_element\" >\n\t\t<div class=\"wpb_wrapper\">\n\t\t\t<p>D&ouml;vl\u0259t \u0130dar\u0259&ccedil;ilik Akademiyas\u0131nda &ldquo;Beyn\u0259lxalq Humanitar H&uuml;quq: H\u0259rbi \u018fsirl\u0259r v\u0259 \u0130tkin D&uuml;\u015fm&uuml;\u015f \u015e\u0259xsl\u0259r&rdquo; m&ouml;vzusunda tedbir ke&ccedil;irilib<\/p>\n\n\t\t<\/div>\n\t<\/div>\n<\/div><\/div><\/div><\/div><div class=\"vc_row wpb_row vc_row-fluid\"><div class=\"wpb_column vc_column_container vc_col-sm-12\"><div class=\"vc_column-inner\"><div class=\"wpb_wrapper\">\n\t<div class=\"wpb_text_column wpb_content_element\" >\n\t\t<div class=\"wpb_wrapper\">\n\t\t\t<p>20 oktyabr 2022-ci il tarixind\u0259 Az\u0259rbaycan Respublikas\u0131n\u0131n Prezidenti yan\u0131nda D&ouml;vl\u0259t \u0130dar\u0259&ccedil;ilik Akademiyas\u0131nda &ldquo;Beyn\u0259lxalq Humanitar H&uuml;quq: H\u0259rbi \u018fsirl\u0259r v\u0259 \u0130tkin D&uuml;\u015fm&uuml;\u015f \u015e\u0259xsl\u0259r&rdquo; m&ouml;vzusunda Beyn\u0259lxalq Q\u0131z\u0131l Xa&ccedil; Komit\u0259sinin (BQXK) \u015e\u0259rqi Avropa v\u0259 M\u0259rk\u0259zi Asiyadak\u0131 missiya v\u0259 n&uuml;may\u0259nd\u0259liyinin &uuml;zv&uuml; Andrey Kozikin seminar\u0131 ba\u015f tutmu\u015fdur. \u018fsir v\u0259 itkin d&uuml;\u015fm&uuml;\u015fl\u0259r, h\u0259rbi \u0259sirl\u0259r, minalanm\u0131\u015f \u0259razil\u0259r m&ouml;vzusunda ba\u015f tutan seminarda spiker bu istiqam\u0259td\u0259 BQXK- nin g&ouml;rd&uuml;y&uuml; i\u015fl\u0259r haqq\u0131nda m\u0259lumat vermi\u015f, bu sah\u0259d\u0259 t\u0259\u015fkilat\u0131n h&uuml;quq v\u0259 funksiyalar\u0131na ayd\u0131nl\u0131q g\u0259tirmi\u015fdir.<br \/>&Ouml;z n&ouml;vb\u0259sind\u0259, akademiyan\u0131n t\u0259l\u0259b\u0259l\u0259ri bu m&ouml;vzular\u0131n az\u0259rbaycanl\u0131lar &uuml;&ccedil;&uuml;n h\u0259ssas oldu\u011funu, bu istiqam\u0259td\u0259 beyn\u0259lxalq h&uuml;ququn i\u015fl\u0259k olmas\u0131n\u0131n vacibliyi il\u0259 ba\u011fl\u0131 fikirl\u0259rini bildirmi\u015fl\u0259r.<\/p>\n\n\t\t<\/div>\n\t<\/div>\n<\/div><\/div><\/div><\/div>","protected":false},"excerpt":{"rendered":"D&ouml;vl\u0259t \u0130dar\u0259&ccedil;ilik Akademiyas\u0131nda &ldquo;Beyn\u0259lxalq Humanitar H&uuml;quq: H\u0259rbi \u018fsirl\u0259r v\u0259 \u0130tkin D&uuml;\u015fm&uuml;\u015f \u015e\u0259xsl\u0259r&rdquo; m&ouml;vzusunda tedbir ke&ccedil;irilib 20 oktyabr 2022-ci il tarixind\u0259 Az\u0259rbaycan Respublikas\u0131n\u0131n Prezidenti yan\u0131nda D&ouml;vl\u0259t \u0130dar\u0259&ccedil;ilik Akademiyas\u0131nda &ldquo;Beyn\u0259lxalq Humanitar H&uuml;quq: H\u0259rbi \u018fsirl\u0259r v\u0259 \u0130tkin D&uuml;\u015fm&uuml;\u015f \u015e\u0259xsl\u0259r&rdquo; m&ouml;vzusunda Beyn\u0259lxalq Q\u0131z\u0131l Xa&ccedil; Komit\u0259sinin (BQXK) \u015e\u0259rqi Avropa v\u0259 M\u0259rk\u0259zi Asiyadak\u0131 missiya v\u0259 n&uuml;may\u0259nd\u0259liyinin &uuml;zv&uuml; Andrey Kozikin seminar\u0131 ba\u015f [...]","protected":false},"author":2,"featured_media":18737,"comment_status":"closed","ping_status":"closed","sticky":false,"template":"","format":"standard","meta":[],"categories":[137],"tags":[],"_links":{"self":[{"href":"https:\/\/legacy.dia.edu.az\/en\/wp-json\/wp\/v2\/posts\/18736"}],"collection":[{"href":"https:\/\/legacy.dia.edu.az\/en\/wp-json\/wp\/v2\/posts"}],"about":[{"href":"https:\/\/legacy.dia.edu.az\/en\/wp-json\/wp\/v2\/types\/post"}],"author":[{"embeddable":true,"href":"https:\/\/legacy.dia.edu.az\/en\/wp-json\/wp\/v2\/users\/2"}],"replies":[{"embeddable":true,"href":"https:\/\/legacy.dia.edu.az\/en\/wp-json\/wp\/v2\/comments?post=18736"}],"version-history":[{"count":2,"href":"https:\/\/legacy.dia.edu.az\/en\/wp-json\/wp\/v2\/posts\/18736\/revisions"}],"predecessor-version":[{"id":18739,"href":"https:\/\/legacy.dia.edu.az\/en\/wp-json\/wp\/v2\/posts\/18736\/revisions\/18739"}],"wp:featuredmedia":[{"embeddable":true,"href":"https:\/\/legacy.dia.edu.az\/en\/wp-json\/wp\/v2\/media\/18737"}],"wp:attachment":[{"href":"https:\/\/legacy.dia.edu.az\/en\/wp-json\/wp\/v2\/media?parent=18736"}],"wp:term":[{"taxonomy":"category","embeddable":true,"href":"https:\/\/legacy.dia.edu.az\/en\/wp-json\/wp\/v2\/categories?post=18736"},{"taxonomy":"post_tag","embeddable":true,"href":"https:\/\/legacy.dia.edu.az\/en\/wp-json\/wp\/v2\/tags?post=18736"}],"curies":[{"name":"wp","href":"https:\/\/api.w.org\/{rel}","templated":true}]}}