{"id":18540,"date":"2022-10-06T16:49:04","date_gmt":"2022-10-06T12:49:04","guid":{"rendered":"https:\/\/dia.edu.az\/?p=18540"},"modified":"2022-10-10T13:04:28","modified_gmt":"2022-10-10T09:04:28","slug":"az%c9%99rbaycan-respublikasinin-prezidenti-yaninda-dovl%c9%99t-idar%c9%99cilik-akademiyasinin-asan-xidm%c9%99tl%c9%99-h%c9%99yata-kecirdiyi-layih%c9%99nin-novb%c9%99ti-t%c9%99liml","status":"publish","type":"post","link":"https:\/\/legacy.dia.edu.az\/en\/arxivl\u0259r\/18540","title":{"rendered":"D\u00f6vl\u0259t \u0130dar\u0259\u00e7ilik Akademiyas\u0131n\u0131n \u201cASAN xidm\u0259t\u201dl\u0259 h\u0259yata ke\u00e7irdiyi layih\u0259nin n\u00f6vb\u0259ti t\u0259liml\u0259ri olub"},"content":{"rendered":"<div data-elementor-type=\"wp-post\" data-elementor-id=\"18540\" class=\"elementor elementor-18540\" data-elementor-settings=\"[]\">\n\t\t\t\t\t\t<div class=\"elementor-inner\">\n\t\t\t\t\t\t\t<div class=\"elementor-section-wrap\">\n\t\t\t\t\t\t\t<section class=\"elementor-section elementor-top-section elementor-element elementor-element-adf630d elementor-section-boxed elementor-section-height-default elementor-section-height-default\" data-id=\"adf630d\" data-element_type=\"section\">\n\t\t\t\t\t\t<div class=\"elementor-container elementor-column-gap-default\">\n\t\t\t\t\t\t\t<div class=\"elementor-row\">\n\t\t\t\t\t<div class=\"elementor-column elementor-col-100 elementor-top-column elementor-element elementor-element-754a3b4\" data-id=\"754a3b4\" data-element_type=\"column\">\n\t\t\t<div class=\"elementor-column-wrap elementor-element-populated\">\n\t\t\t\t\t\t\t<div class=\"elementor-widget-wrap\">\n\t\t\t\t\t\t<div class=\"elementor-element elementor-element-908a393 elementor-widget elementor-widget-text-editor\" data-id=\"908a393\" data-element_type=\"widget\" data-widget_type=\"text-editor.default\">\n\t\t\t\t<div class=\"elementor-widget-container\">\n\t\t\t\t\t\t\t\t<div class=\"elementor-text-editor elementor-clearfix\">\n\t\t\t\t\tD\u00f6vl\u0259t \u0130dar\u0259\u00e7ilik Akademiyas\u0131n\u0131n \u201cASAN xidm\u0259t\u201dl\u0259 h\u0259yata ke\u00e7irdiyi layih\u0259nin n\u00f6vb\u0259ti t\u0259liml\u0259ri olub\t\t\t\t\t<\/div>\n\t\t\t\t\t\t<\/div>\n\t\t\t\t<\/div>\n\t\t\t\t\t\t<\/div>\n\t\t\t\t\t<\/div>\n\t\t<\/div>\n\t\t\t\t\t\t\t\t<\/div>\n\t\t\t\t\t<\/div>\n\t\t<\/section>\n\t\t\t\t<section class=\"elementor-section elementor-top-section elementor-element elementor-element-e38b0bd elementor-section-boxed elementor-section-height-default elementor-section-height-default\" data-id=\"e38b0bd\" data-element_type=\"section\">\n\t\t\t\t\t\t<div class=\"elementor-container elementor-column-gap-default\">\n\t\t\t\t\t\t\t<div class=\"elementor-row\">\n\t\t\t\t\t<div class=\"elementor-column elementor-col-100 elementor-top-column elementor-element elementor-element-9fc3f31\" data-id=\"9fc3f31\" data-element_type=\"column\">\n\t\t\t<div class=\"elementor-column-wrap elementor-element-populated\">\n\t\t\t\t\t\t\t<div class=\"elementor-widget-wrap\">\n\t\t\t\t\t\t<div class=\"elementor-element elementor-element-61aa361 elementor-widget elementor-widget-text-editor\" data-id=\"61aa361\" data-element_type=\"widget\" data-widget_type=\"text-editor.default\">\n\t\t\t\t<div class=\"elementor-widget-container\">\n\t\t\t\t\t\t\t\t<div class=\"elementor-text-editor elementor-clearfix\">\n\t\t\t\t\t<p>Prezident \u0130lham \u018fliyevin 2021-ci il 2 fevral tarixli S\u0259r\u0259ncam\u0131 il\u0259 t\u0259sdiq edilmi\u015f \u201cAz\u0259rbaycan 2030: sosial-iqtisadi inki\u015fafa dair Milli prioritetl\u0259r\u201dd\u0259n ir\u0259li g\u0259l\u0259n tap\u015f\u0131r\u0131qlar\u0131n icras\u0131 il\u0259 ba\u011fl\u0131 olaraq D\u00f6vl\u0259t \u0130dar\u0259\u00e7ilik Akademiyas\u0131 Az\u0259rbaycan Respublikas\u0131n\u0131n Prezidenti yan\u0131nda V\u0259t\u0259nda\u015flara Xidm\u0259t v\u0259 Sosial \u0130nnovasiyalar \u00fczr\u0259 D\u00f6vl\u0259t Agentliyi (\u201cASAN xidm\u0259t\u201d) il\u0259 \u018fm\u0259kda\u015fl\u0131q Memorandumu \u00e7\u0259r\u00e7iv\u0259sind\u0259 f\u0259aliyy\u0259tini davam etdirir. Bununla \u0259laq\u0259dar sentyabr\u0131n 30-dan oktyabr\u0131n 5-d\u0259k \u201cASAN xidm\u0259t\u201d m\u0259rk\u0259zl\u0259rinin \u0259m\u0259kda\u015flar\u0131 \u00fc\u00e7\u00fcn daim yenil\u0259n\u0259n \u201cPrezident \u0130lham \u018fliyevin innovativ idar\u0259\u00e7ilik texnologiyalar\u0131 v\u0259 Az\u0259rbaycan Respublikas\u0131n\u0131n siyasi, iqtisadi, h\u0259rbi u\u011furlar\u0131\u201d adl\u0131 t\u0259liml\u0259r ke\u00e7irilib.<\/p>\n<p>T\u0259liml\u0259rd\u0259 D\u00f6vl\u0259t \u0130dar\u0259\u00e7ilik Akademiyas\u0131n\u0131n rektoru akademik Urxan \u018fl\u0259kb\u0259rov m\u00f6vzu \u00fczr\u0259 m\u0259ruz\u0259 il\u0259 \u00e7\u0131x\u0131\u015f edib. Rektor \u00e7\u0131x\u0131\u015f\u0131na m\u00fcasir m\u00fcst\u0259qil Az\u0259rbaycan d\u00f6vl\u0259tinin memar\u0131 v\u0259 qurucusu \u00fcmummilli lider Heyd\u0259r \u018fliyevin m\u00fcst\u0259sna tarixi xidm\u0259tl\u0259rinin \u0259h\u0259miyy\u0259tini xat\u0131rladaraq ba\u015flay\u0131b. U.\u018fl\u0259kb\u0259rov vur\u011fulay\u0131b ki, dahi r\u0259hb\u0259r Heyd\u0259r \u018fliyev t\u0259r\u0259find\u0259n \u0259sas\u0131 qoyulan v\u0259 Prezident \u0130lham \u018fliyevin u\u011furla inki\u015faf etdirdiyi innovativ idar\u0259etm\u0259 texnologiyalar\u0131n\u0131n n\u0259z\u0259ri \u0259saslar\u0131n\u0131n i\u015fl\u0259nilm\u0259si, onlar\u0131n t\u0259cr\u00fcb\u0259d\u0259 t\u0259tbiqi n\u0259tic\u0259sind\u0259 respublikam\u0131z s\u00fcr\u0259tli sosial-iqtisadi inki\u015faf\u0131n\u0131 qoruyub saxlay\u0131r, b\u00f6y\u00fck infrastruktur layih\u0259l\u0259ri, regional proqramlar\u0131 h\u0259yata ke\u00e7irir, Avropan\u0131n enerji t\u0259hl\u00fck\u0259sizliyind\u0259 s\u00f6z\u00fcn\u00fc deyir.<\/p>\n<p>Akademik i\u015ftirak\u00e7\u0131lar\u0131n diqq\u0259tin\u0259 \u00e7atd\u0131r\u0131b ki, inkl\u00fcziv c\u0259miyy\u0259tin qurulmas\u0131 \u00f6lk\u0259nin 2030-cu il \u00fc\u00e7\u00fcn planla\u015fd\u0131r\u0131lm\u0131\u015f \u0259sas prioritetl\u0259ri s\u0131ras\u0131ndad\u0131r v\u0259 Az\u0259rbaycan Respublikas\u0131n\u0131n Birinci vitse-prezidenti Mehriban \u018fliyevan\u0131n bu m\u0259s\u0259l\u0259d\u0259 ard\u0131c\u0131l f\u0259aliyy\u0259ti respublikam\u0131z\u0131n m\u00fcvafiq sah\u0259d\u0259 lider olmas\u0131na t\u00f6hf\u0259 verir.<\/p>\n<p>T\u0259liml\u0259r zaman\u0131 m\u00fcst\u0259qil v\u0259 suveren Az\u0259rbaycan d\u00f6vl\u0259tinin keyfiyy\u0259tc\u0259 yeni olan v\u0259 2021\u20122030-cu ill\u0259ri \u0259hat\u0259 ed\u0259n strateji m\u0259rh\u0259l\u0259y\u0259 daxil oldu\u011fu, \u00f6lk\u0259nin \u0259razi b\u00fct\u00f6vl\u00fcy\u00fcn\u00fcn b\u0259rpas\u0131 il\u0259 s\u0259ciyy\u0259l\u0259n\u0259n yeni strateji d\u00f6vrd\u0259 y\u00fcks\u0259k iqtisadi art\u0131m m\u0259nb\u0259l\u0259rinin tap\u0131lmas\u0131 vasit\u0259sil\u0259 Az\u0259rbaycanda y\u00fcks\u0259k rifah c\u0259miyy\u0259tinin qurulmas\u0131n\u0131n, azad edilmi\u015f b\u00f6lg\u0259l\u0259r\u0259 tarixi qay\u0131d\u0131\u015f\u0131n t\u0259min edilm\u0259sinin vacibliyi vur\u011fulan\u0131b.<\/p>\n<p>Rektor Urxan \u018fl\u0259kb\u0259rov t\u0259liml\u0259ri i\u015f\u011faldan azad olunmu\u015f \u0259razil\u0259rd\u0259 apar\u0131lan quruculuq i\u015fl\u0259ri, m\u00fcst\u0259qillik \u0259ld\u0259 etdikd\u0259n bu g\u00fcn\u0259d\u0259k qazan\u0131lan siyasi, iqtisadi, h\u0259rbi u\u011furlar, inkl\u00fcziv inki\u015faf\u0131n idar\u0259 edilm\u0259si sah\u0259sind\u0259 \u00f6lk\u0259nin nailiyy\u0259tl\u0259r bar\u0259d\u0259 geni\u015f m\u0259lumat verm\u0259kl\u0259 yekunla\u015fd\u0131r\u0131b.<\/p>\n<p>T\u0259liml\u0259r diskussiya format\u0131nda davam edib v\u0259 u\u011furla ba\u015fa \u00e7at\u0131b.<br><\/p>\t\t\t\t\t<\/div>\n\t\t\t\t\t\t<\/div>\n\t\t\t\t<\/div>\n\t\t\t\t\t\t<\/div>\n\t\t\t\t\t<\/div>\n\t\t<\/div>\n\t\t\t\t\t\t\t\t<\/div>\n\t\t\t\t\t<\/div>\n\t\t<\/section>\n\t\t\t\t\t\t<\/div>\n\t\t\t\t\t\t<\/div>\n\t\t\t\t\t<\/div>","protected":false},"excerpt":{"rendered":"<p>D\u00f6vl\u0259t \u0130dar\u0259\u00e7ilik Akademiyas\u0131n\u0131n \u201cASAN xidm\u0259t\u201dl\u0259 h\u0259yata ke\u00e7irdiyi layih\u0259nin n\u00f6vb\u0259ti t\u0259liml\u0259ri olub Prezident \u0130lham \u018fliyevin 2021-ci il 2 fevral tarixli S\u0259r\u0259ncam\u0131 il\u0259 t\u0259sdiq edilmi\u015f \u201cAz\u0259rbaycan 2030: sosial-iqtisadi inki\u015fafa dair Milli prioritetl\u0259r\u201dd\u0259n ir\u0259li g\u0259l\u0259n tap\u015f\u0131r\u0131qlar\u0131n icras\u0131 il\u0259 ba\u011fl\u0131 olaraq D\u00f6vl\u0259t \u0130dar\u0259\u00e7ilik Akademiyas\u0131 Az\u0259rbaycan Respublikas\u0131n\u0131n Prezidenti yan\u0131nda V\u0259t\u0259nda\u015flara Xidm\u0259t v\u0259 Sosial \u0130nnovasiyalar \u00fczr\u0259 D\u00f6vl\u0259t Agentliyi (\u201cASAN xidm\u0259t\u201d) il\u0259 [&hellip;]<\/p>","protected":false},"author":2,"featured_media":18541,"comment_status":"closed","ping_status":"closed","sticky":false,"template":"","format":"standard","meta":[],"categories":[137],"tags":[],"_links":{"self":[{"href":"https:\/\/legacy.dia.edu.az\/en\/wp-json\/wp\/v2\/posts\/18540"}],"collection":[{"href":"https:\/\/legacy.dia.edu.az\/en\/wp-json\/wp\/v2\/posts"}],"about":[{"href":"https:\/\/legacy.dia.edu.az\/en\/wp-json\/wp\/v2\/types\/post"}],"author":[{"embeddable":true,"href":"https:\/\/legacy.dia.edu.az\/en\/wp-json\/wp\/v2\/users\/2"}],"replies":[{"embeddable":true,"href":"https:\/\/legacy.dia.edu.az\/en\/wp-json\/wp\/v2\/comments?post=18540"}],"version-history":[{"count":16,"href":"https:\/\/legacy.dia.edu.az\/en\/wp-json\/wp\/v2\/posts\/18540\/revisions"}],"predecessor-version":[{"id":18566,"href":"https:\/\/legacy.dia.edu.az\/en\/wp-json\/wp\/v2\/posts\/18540\/revisions\/18566"}],"wp:featuredmedia":[{"embeddable":true,"href":"https:\/\/legacy.dia.edu.az\/en\/wp-json\/wp\/v2\/media\/18541"}],"wp:attachment":[{"href":"https:\/\/legacy.dia.edu.az\/en\/wp-json\/wp\/v2\/media?parent=18540"}],"wp:term":[{"taxonomy":"category","embeddable":true,"href":"https:\/\/legacy.dia.edu.az\/en\/wp-json\/wp\/v2\/categories?post=18540"},{"taxonomy":"post_tag","embeddable":true,"href":"https:\/\/legacy.dia.edu.az\/en\/wp-json\/wp\/v2\/tags?post=18540"}],"curies":[{"name":"wp","href":"https:\/\/api.w.org\/{rel}","templated":true}]}}