{"id":17761,"date":"2022-05-26T12:43:00","date_gmt":"2022-05-26T08:43:00","guid":{"rendered":"https:\/\/dia.edu.az\/?p=17761"},"modified":"2022-06-30T12:56:08","modified_gmt":"2022-06-30T08:56:08","slug":"dovl%c9%99t-idar%c9%99cilik-akademiyasinda-must%c9%99qillik-gunun%c9%99-h%c9%99sr-edilmis-elmi-konfrans-kecirilib","status":"publish","type":"post","link":"https:\/\/legacy.dia.edu.az\/en\/arxivl\u0259r\/17761","title":{"rendered":"D\u00f6vl\u0259t \u0130dar\u0259\u00e7ilik Akademiyas\u0131nda M\u00fcst\u0259qillik G\u00fcn\u00fcn\u0259 h\u0259sr edilmi\u015f elmi konfrans ke\u00e7irilib"},"content":{"rendered":"<div data-elementor-type=\"wp-post\" data-elementor-id=\"17761\" class=\"elementor elementor-17761\" data-elementor-settings=\"[]\">\n\t\t\t\t\t\t<div class=\"elementor-inner\">\n\t\t\t\t\t\t\t<div class=\"elementor-section-wrap\">\n\t\t\t\t\t\t\t<section class=\"elementor-section elementor-top-section elementor-element elementor-element-c5a5fed elementor-section-boxed elementor-section-height-default elementor-section-height-default\" data-id=\"c5a5fed\" data-element_type=\"section\">\n\t\t\t\t\t\t<div class=\"elementor-container elementor-column-gap-default\">\n\t\t\t\t\t\t\t<div class=\"elementor-row\">\n\t\t\t\t\t<div class=\"elementor-column elementor-col-100 elementor-top-column elementor-element elementor-element-8580a3c\" data-id=\"8580a3c\" data-element_type=\"column\">\n\t\t\t<div class=\"elementor-column-wrap elementor-element-populated\">\n\t\t\t\t\t\t\t<div class=\"elementor-widget-wrap\">\n\t\t\t\t\t\t<div class=\"elementor-element elementor-element-b4359f1 elementor-widget elementor-widget-text-editor\" data-id=\"b4359f1\" data-element_type=\"widget\" data-widget_type=\"text-editor.default\">\n\t\t\t\t<div class=\"elementor-widget-container\">\n\t\t\t\t\t\t\t\t<div class=\"elementor-text-editor elementor-clearfix\">\n\t\t\t\t\tD\u00f6vl\u0259t \u0130dar\u0259\u00e7ilik Akademiyas\u0131nda M\u00fcst\u0259qillik G\u00fcn\u00fcn\u0259 h\u0259sr edilmi\u015f elmi konfrans ke\u00e7irilib\t\t\t\t\t<\/div>\n\t\t\t\t\t\t<\/div>\n\t\t\t\t<\/div>\n\t\t\t\t\t\t<\/div>\n\t\t\t\t\t<\/div>\n\t\t<\/div>\n\t\t\t\t\t\t\t\t<\/div>\n\t\t\t\t\t<\/div>\n\t\t<\/section>\n\t\t\t\t<section class=\"elementor-section elementor-top-section elementor-element elementor-element-32d3282 elementor-section-boxed elementor-section-height-default elementor-section-height-default\" data-id=\"32d3282\" data-element_type=\"section\">\n\t\t\t\t\t\t<div class=\"elementor-container elementor-column-gap-default\">\n\t\t\t\t\t\t\t<div class=\"elementor-row\">\n\t\t\t\t\t<div class=\"elementor-column elementor-col-33 elementor-top-column elementor-element elementor-element-749c98a\" data-id=\"749c98a\" data-element_type=\"column\">\n\t\t\t<div class=\"elementor-column-wrap elementor-element-populated\">\n\t\t\t\t\t\t\t<div class=\"elementor-widget-wrap\">\n\t\t\t\t\t\t<div class=\"elementor-element elementor-element-e228def elementor-widget elementor-widget-image\" data-id=\"e228def\" data-element_type=\"widget\" data-widget_type=\"image.default\">\n\t\t\t\t<div class=\"elementor-widget-container\">\n\t\t\t\t\t\t\t\t<div class=\"elementor-image\">\n\t\t\t\t\t\t\t\t\t\t\t\t\t<a href=\"https:\/\/dia.edu.az\/wp-content\/uploads\/2022\/06\/m1.jpg\">\n\t\t\t\t\t\t\t<img width=\"450\" height=\"261\" src=\"https:\/\/legacy.dia.edu.az\/wp-content\/uploads\/2022\/06\/m1-450x261.jpg\" class=\"attachment-large size-large\" alt=\"\" srcset=\"https:\/\/legacy.dia.edu.az\/wp-content\/uploads\/2022\/06\/m1-450x261.jpg 450w, https:\/\/legacy.dia.edu.az\/wp-content\/uploads\/2022\/06\/m1-200x116.jpg 200w, https:\/\/legacy.dia.edu.az\/wp-content\/uploads\/2022\/06\/m1-18x10.jpg 18w, https:\/\/legacy.dia.edu.az\/wp-content\/uploads\/2022\/06\/m1.jpg 1000w, https:\/\/legacy.dia.edu.az\/wp-content\/uploads\/2022\/06\/m1-450x261@2x.jpg 900w, https:\/\/legacy.dia.edu.az\/wp-content\/uploads\/2022\/06\/m1-200x116@2x.jpg 400w\" sizes=\"(max-width: 450px) 100vw, 450px\" \/>\t\t\t\t\t\t\t\t<\/a>\n\t\t\t\t\t\t\t\t\t\t\t\t\t\t<\/div>\n\t\t\t\t\t\t<\/div>\n\t\t\t\t<\/div>\n\t\t\t\t\t\t<\/div>\n\t\t\t\t\t<\/div>\n\t\t<\/div>\n\t\t\t\t<div class=\"elementor-column elementor-col-33 elementor-top-column elementor-element elementor-element-3151eaa\" data-id=\"3151eaa\" data-element_type=\"column\">\n\t\t\t<div class=\"elementor-column-wrap elementor-element-populated\">\n\t\t\t\t\t\t\t<div class=\"elementor-widget-wrap\">\n\t\t\t\t\t\t<div class=\"elementor-element elementor-element-b5b4b77 elementor-widget elementor-widget-image\" data-id=\"b5b4b77\" data-element_type=\"widget\" data-widget_type=\"image.default\">\n\t\t\t\t<div class=\"elementor-widget-container\">\n\t\t\t\t\t\t\t\t<div class=\"elementor-image\">\n\t\t\t\t\t\t\t\t\t\t\t\t\t<a href=\"https:\/\/dia.edu.az\/wp-content\/uploads\/2022\/06\/m3.jpg\">\n\t\t\t\t\t\t\t<img width=\"450\" height=\"298\" src=\"https:\/\/legacy.dia.edu.az\/wp-content\/uploads\/2022\/06\/m3-450x298.jpg\" class=\"attachment-large size-large\" alt=\"\" srcset=\"https:\/\/legacy.dia.edu.az\/wp-content\/uploads\/2022\/06\/m3-450x298.jpg 450w, https:\/\/legacy.dia.edu.az\/wp-content\/uploads\/2022\/06\/m3-200x132.jpg 200w, https:\/\/legacy.dia.edu.az\/wp-content\/uploads\/2022\/06\/m3-18x12.jpg 18w, https:\/\/legacy.dia.edu.az\/wp-content\/uploads\/2022\/06\/m3-150x100.jpg 150w, https:\/\/legacy.dia.edu.az\/wp-content\/uploads\/2022\/06\/m3.jpg 1000w, https:\/\/legacy.dia.edu.az\/wp-content\/uploads\/2022\/06\/m3-450x298@2x.jpg 900w, https:\/\/legacy.dia.edu.az\/wp-content\/uploads\/2022\/06\/m3-200x132@2x.jpg 400w\" sizes=\"(max-width: 450px) 100vw, 450px\" \/>\t\t\t\t\t\t\t\t<\/a>\n\t\t\t\t\t\t\t\t\t\t\t\t\t\t<\/div>\n\t\t\t\t\t\t<\/div>\n\t\t\t\t<\/div>\n\t\t\t\t\t\t<\/div>\n\t\t\t\t\t<\/div>\n\t\t<\/div>\n\t\t\t\t<div class=\"elementor-column elementor-col-33 elementor-top-column elementor-element elementor-element-f878777\" data-id=\"f878777\" data-element_type=\"column\">\n\t\t\t<div class=\"elementor-column-wrap elementor-element-populated\">\n\t\t\t\t\t\t\t<div class=\"elementor-widget-wrap\">\n\t\t\t\t\t\t<div class=\"elementor-element elementor-element-c9678a6 elementor-widget elementor-widget-image\" data-id=\"c9678a6\" data-element_type=\"widget\" data-widget_type=\"image.default\">\n\t\t\t\t<div class=\"elementor-widget-container\">\n\t\t\t\t\t\t\t\t<div class=\"elementor-image\">\n\t\t\t\t\t\t\t\t\t\t\t\t\t<a href=\"https:\/\/dia.edu.az\/wp-content\/uploads\/2022\/06\/m4.jpg\">\n\t\t\t\t\t\t\t<img width=\"450\" height=\"298\" src=\"https:\/\/legacy.dia.edu.az\/wp-content\/uploads\/2022\/06\/m4-450x298.jpg\" class=\"attachment-large size-large\" alt=\"\" srcset=\"https:\/\/legacy.dia.edu.az\/wp-content\/uploads\/2022\/06\/m4-450x298.jpg 450w, https:\/\/legacy.dia.edu.az\/wp-content\/uploads\/2022\/06\/m4-200x132.jpg 200w, https:\/\/legacy.dia.edu.az\/wp-content\/uploads\/2022\/06\/m4-18x12.jpg 18w, https:\/\/legacy.dia.edu.az\/wp-content\/uploads\/2022\/06\/m4-150x100.jpg 150w, https:\/\/legacy.dia.edu.az\/wp-content\/uploads\/2022\/06\/m4.jpg 1000w, https:\/\/legacy.dia.edu.az\/wp-content\/uploads\/2022\/06\/m4-450x298@2x.jpg 900w, https:\/\/legacy.dia.edu.az\/wp-content\/uploads\/2022\/06\/m4-200x132@2x.jpg 400w\" sizes=\"(max-width: 450px) 100vw, 450px\" \/>\t\t\t\t\t\t\t\t<\/a>\n\t\t\t\t\t\t\t\t\t\t\t\t\t\t<\/div>\n\t\t\t\t\t\t<\/div>\n\t\t\t\t<\/div>\n\t\t\t\t\t\t<\/div>\n\t\t\t\t\t<\/div>\n\t\t<\/div>\n\t\t\t\t\t\t\t\t<\/div>\n\t\t\t\t\t<\/div>\n\t\t<\/section>\n\t\t\t\t<section class=\"elementor-section elementor-top-section elementor-element elementor-element-07fa9f9 elementor-section-boxed elementor-section-height-default elementor-section-height-default\" data-id=\"07fa9f9\" data-element_type=\"section\">\n\t\t\t\t\t\t<div class=\"elementor-container elementor-column-gap-default\">\n\t\t\t\t\t\t\t<div class=\"elementor-row\">\n\t\t\t\t\t<div class=\"elementor-column elementor-col-100 elementor-top-column elementor-element elementor-element-dde89a7\" data-id=\"dde89a7\" data-element_type=\"column\">\n\t\t\t<div class=\"elementor-column-wrap elementor-element-populated\">\n\t\t\t\t\t\t\t<div class=\"elementor-widget-wrap\">\n\t\t\t\t\t\t<div class=\"elementor-element elementor-element-e74c624 elementor-widget elementor-widget-text-editor\" data-id=\"e74c624\" data-element_type=\"widget\" data-widget_type=\"text-editor.default\">\n\t\t\t\t<div class=\"elementor-widget-container\">\n\t\t\t\t\t\t\t\t<div class=\"elementor-text-editor elementor-clearfix\">\n\t\t\t\t\t<p style=\"text-align: justify;\">Az\u0259rbaycan Respublikas\u0131n\u0131n Prezidenti yan\u0131nda D&ouml;vl\u0259t \u0130dar\u0259&ccedil;ilik Akademiyas\u0131nda (D\u0130A) 28 May &ndash; M&uuml;st\u0259qillik G&uuml;n&uuml;n\u0259 h\u0259sr edilmi\u015f elmi konfrans ke&ccedil;irilib.<\/p>\n<p style=\"text-align: justify;\">Konfrans\u0131n a&ccedil;\u0131l\u0131\u015f\u0131nda &ccedil;\u0131x\u0131\u015f ed\u0259n D\u0130A-n\u0131n rektoru akademik Urxan \u018fl\u0259kb\u0259rov d&ouml;vl\u0259t&ccedil;ilik salnam\u0259mizin \u015f\u0259r\u0259fli tarixi olan Az\u0259rbaycan Xalq C&uuml;mhuriyy\u0259tinin yaranmas\u0131ndan, q\u0131sa zaman \u0259rzind\u0259 s&uuml;quta u\u011framas\u0131n\u0131n s\u0259b\u0259bl\u0259rind\u0259n dan\u0131\u015f\u0131b, m&uuml;st\u0259qilliyin b\u0259rpas\u0131 v\u0259 qorunub saxlan\u0131lmas\u0131 istiqam\u0259tind\u0259 azadl\u0131q m&uuml;cadil\u0259si yolunda apar\u0131lan m&uuml;bariz\u0259d\u0259 ba\u015f vermi\u015f hadis\u0259l\u0259ri xat\u0131rlad\u0131b. Rektor C&uuml;mhuriyy\u0259tin XX \u0259srin \u0259vv\u0259ll\u0259rind\u0259 olduqca m&uuml;r\u0259kk\u0259b beyn\u0259lxalq \u015f\u0259raitd\u0259 yarand\u0131\u011f\u0131n\u0131 deyib v\u0259 m&uuml;s\u0259lman \u015e\u0259rqind\u0259 ilk demokratik respublikan\u0131n m\u0259hz Az\u0259rbaycanda yarad\u0131lmas\u0131n\u0131n \u0259h\u0259miyy\u0259tini vur\u011fulay\u0131b. Qeyd edib ki, tarixin \u0259n &ccedil;\u0259tin, \u0259n m&uuml;r\u0259kk\u0259b d&ouml;vr&uuml;nd\u0259 yaranan Az\u0259rbaycan Xalq C&uuml;mhuriyy\u0259ti demokratik \u0259n\u0259n\u0259l\u0259r\u0259 malik idi. C&uuml;mhuriyy\u0259tin yaranmas\u0131 tarixi bir hadis\u0259 idi. Az\u0259rbaycan Xalq C&uuml;mhuriyy\u0259ti d&uuml;nya tarixind\u0259 &ouml;z demokratikliyi il\u0259 se&ccedil;ilirdi.<\/p>\n<p style=\"text-align: justify;\">Rektor vur\u011fulay\u0131b ki, &uuml;mummilli lider Heyd\u0259r \u018fliyev Az\u0259rbaycan Xalq C&uuml;mhuriyy\u0259tinin tarixin\u0259, &ouml;lk\u0259mizl\u0259 ba\u011fl\u0131 h\u0259qiq\u0259tl\u0259rin &uuml;z\u0259 &ccedil;\u0131xar\u0131lmas\u0131na v\u0259 d&uuml;nyaya &ccedil;atd\u0131r\u0131lmas\u0131na h\u0259r zaman b&ouml;y&uuml;k diqq\u0259t yetirib. Prezident \u0130lham \u018fliyevin S\u0259r\u0259ncam\u0131 il\u0259 2018-ci ilin &ouml;lk\u0259mizd\u0259 &ldquo;Az\u0259rbaycan Xalq C&uuml;mhuriyy\u0259ti \u0130li&rdquo; elan edilm\u0259sini, bu sah\u0259nin elmi ara\u015fd\u0131r\u0131lmas\u0131 v\u0259 C&uuml;mhuriyy\u0259ti quran ziyal\u0131lar\u0131n xatir\u0259l\u0259rinin \u0259b\u0259dil\u0259\u015fdirilm\u0259sin\u0259 olan diqq\u0259ti, xalq\u0131m\u0131z\u0131n h\u0259yat\u0131nda m&uuml;h&uuml;m hadis\u0259 kimi d\u0259y\u0259rl\u0259ndir\u0259n rektor deyib ki, bu, m&uuml;s\u0259lman \u015e\u0259rqind\u0259 ilk parlamentli respublika olan Az\u0259rbaycan Xalq C&uuml;mhuriyy\u0259tin\u0259 veril\u0259n tarixi y&uuml;ks\u0259k qiym\u0259tdir.<\/p>\n<p style=\"text-align: justify;\">Konfransda Tarix kafedras\u0131n\u0131n m&uuml;diri dosent Firdovsiyy\u0259 \u018fhm\u0259dova &ldquo;Az\u0259rbaycan Xalq C&uuml;mhuriyy\u0259ti. Tarixi aspekt&rdquo;, Siyasi idar\u0259etm\u0259 fak&uuml;lt\u0259sinin dekan\u0131 professor El&ccedil;in \u018fhm\u0259dov &ldquo;M&uuml;st\u0259qil Az\u0259rbaycan: siyasi irs&rdquo;, H&uuml;quq kafedras\u0131n\u0131n dosenti Rahib \u018fkb\u0259rov &ldquo;Az\u0259rbaycan Xalq C&uuml;mhuriyy\u0259ti v\u0259 m&uuml;asir Az\u0259rbaycan Respublikas\u0131: h&uuml;quqi aspekt&rdquo; m&ouml;vzular\u0131nda m\u0259ruz\u0259 il\u0259 &ccedil;\u0131x\u0131\u015f edibl\u0259r. &Ccedil;\u0131x\u0131\u015flarda 1918-ci il may\u0131n 28-d\u0259 yarad\u0131lm\u0131\u015f Az\u0259rbaycan Xalq C&uuml;mhuriyy\u0259tinin z\u0259ngin d&ouml;vl\u0259t quruculu\u011fu t\u0259cr&uuml;b\u0259si il\u0259 milli d&ouml;vl\u0259t&ccedil;ilik tariximizd\u0259 silinm\u0259z iz qoydu\u011fu bildirilib. Diqq\u0259t\u0259 &ccedil;atd\u0131r\u0131l\u0131b ki, C&uuml;mhuriyy\u0259t xalq\u0131n q\u0259lbind\u0259 azadl\u0131q v\u0259 istiqlal duy\u011fular\u0131n\u0131 g&uuml;cl\u0259ndirm\u0259kl\u0259 &ouml;lk\u0259mizin g\u0259l\u0259c\u0259k m&uuml;st\u0259qilliyi &uuml;&ccedil;&uuml;n etibarl\u0131 z\u0259min haz\u0131rlay\u0131b, m&uuml;s\u0259lman xalqlar\u0131na m&uuml;st\u0259ml\u0259k\u0259&ccedil;ilikd\u0259n xilas olma\u011f\u0131n yolunu g&ouml;st\u0259rib. 28 May &ndash; M&uuml;st\u0259qillik G&uuml;n&uuml;n&uuml;n qeyd olunmas\u0131n\u0131n vacibliyi, xalq\u0131m\u0131z\u0131n ke&ccedil;irdiyi bayramlar s\u0131ras\u0131nda bu g&uuml;n&uuml;n b&ouml;y&uuml;k &ouml;n\u0259m k\u0259sb etdiyini, azadl\u0131q m&uuml;cadil\u0259mizin tarixi \u015fahidi kimi unudulmaz bir s\u0259hif\u0259 oldu\u011funu qeyd edibl\u0259r.<\/p>\t\t\t\t\t<\/div>\n\t\t\t\t\t\t<\/div>\n\t\t\t\t<\/div>\n\t\t\t\t\t\t<\/div>\n\t\t\t\t\t<\/div>\n\t\t<\/div>\n\t\t\t\t\t\t\t\t<\/div>\n\t\t\t\t\t<\/div>\n\t\t<\/section>\n\t\t\t\t\t\t<\/div>\n\t\t\t\t\t\t<\/div>\n\t\t\t\t\t<\/div>","protected":false},"excerpt":{"rendered":"<p>D\u00f6vl\u0259t \u0130dar\u0259\u00e7ilik Akademiyas\u0131nda M\u00fcst\u0259qillik G\u00fcn\u00fcn\u0259 h\u0259sr edilmi\u015f elmi konfrans ke\u00e7irilib Az\u0259rbaycan Respublikas\u0131n\u0131n Prezidenti yan\u0131nda D\u00f6vl\u0259t \u0130dar\u0259\u00e7ilik Akademiyas\u0131nda (D\u0130A) 28 May \u2013 M\u00fcst\u0259qillik G\u00fcn\u00fcn\u0259 h\u0259sr edilmi\u015f elmi konfrans ke\u00e7irilib. Konfrans\u0131n a\u00e7\u0131l\u0131\u015f\u0131nda \u00e7\u0131x\u0131\u015f ed\u0259n D\u0130A-n\u0131n rektoru akademik Urxan \u018fl\u0259kb\u0259rov d\u00f6vl\u0259t\u00e7ilik salnam\u0259mizin \u015f\u0259r\u0259fli tarixi olan Az\u0259rbaycan Xalq C\u00fcmhuriyy\u0259tinin yaranmas\u0131ndan, q\u0131sa zaman \u0259rzind\u0259 s\u00fcquta u\u011framas\u0131n\u0131n s\u0259b\u0259bl\u0259rind\u0259n dan\u0131\u015f\u0131b, m\u00fcst\u0259qilliyin b\u0259rpas\u0131 [&hellip;]<\/p>","protected":false},"author":2,"featured_media":17764,"comment_status":"closed","ping_status":"closed","sticky":false,"template":"","format":"standard","meta":[],"categories":[137],"tags":[],"_links":{"self":[{"href":"https:\/\/legacy.dia.edu.az\/en\/wp-json\/wp\/v2\/posts\/17761"}],"collection":[{"href":"https:\/\/legacy.dia.edu.az\/en\/wp-json\/wp\/v2\/posts"}],"about":[{"href":"https:\/\/legacy.dia.edu.az\/en\/wp-json\/wp\/v2\/types\/post"}],"author":[{"embeddable":true,"href":"https:\/\/legacy.dia.edu.az\/en\/wp-json\/wp\/v2\/users\/2"}],"replies":[{"embeddable":true,"href":"https:\/\/legacy.dia.edu.az\/en\/wp-json\/wp\/v2\/comments?post=17761"}],"version-history":[{"count":8,"href":"https:\/\/legacy.dia.edu.az\/en\/wp-json\/wp\/v2\/posts\/17761\/revisions"}],"predecessor-version":[{"id":17773,"href":"https:\/\/legacy.dia.edu.az\/en\/wp-json\/wp\/v2\/posts\/17761\/revisions\/17773"}],"wp:featuredmedia":[{"embeddable":true,"href":"https:\/\/legacy.dia.edu.az\/en\/wp-json\/wp\/v2\/media\/17764"}],"wp:attachment":[{"href":"https:\/\/legacy.dia.edu.az\/en\/wp-json\/wp\/v2\/media?parent=17761"}],"wp:term":[{"taxonomy":"category","embeddable":true,"href":"https:\/\/legacy.dia.edu.az\/en\/wp-json\/wp\/v2\/categories?post=17761"},{"taxonomy":"post_tag","embeddable":true,"href":"https:\/\/legacy.dia.edu.az\/en\/wp-json\/wp\/v2\/tags?post=17761"}],"curies":[{"name":"wp","href":"https:\/\/api.w.org\/{rel}","templated":true}]}}