{"id":17754,"date":"2022-06-01T12:37:00","date_gmt":"2022-06-01T08:37:00","guid":{"rendered":"https:\/\/dia.edu.az\/?p=17754"},"modified":"2022-06-30T12:40:32","modified_gmt":"2022-06-30T08:40:32","slug":"dovl%c9%99t-idar%c9%99cilik-akademiyasinin-d%c9%99rsliyi-amazonda-yayimlanir","status":"publish","type":"post","link":"https:\/\/legacy.dia.edu.az\/en\/arxivl\u0259r\/17754","title":{"rendered":"D\u00f6vl\u0259t \u0130dar\u0259\u00e7ilik Akademiyas\u0131n\u0131n d\u0259rsliyi \u201cAmazon\u201dda yay\u0131mlan\u0131r"},"content":{"rendered":"<div data-elementor-type=\"wp-post\" data-elementor-id=\"17754\" class=\"elementor elementor-17754\" data-elementor-settings=\"[]\">\n\t\t\t\t\t\t<div class=\"elementor-inner\">\n\t\t\t\t\t\t\t<div class=\"elementor-section-wrap\">\n\t\t\t\t\t\t\t<section class=\"elementor-section elementor-top-section elementor-element elementor-element-cc67ba4 elementor-section-boxed elementor-section-height-default elementor-section-height-default\" data-id=\"cc67ba4\" data-element_type=\"section\">\n\t\t\t\t\t\t<div class=\"elementor-container elementor-column-gap-default\">\n\t\t\t\t\t\t\t<div class=\"elementor-row\">\n\t\t\t\t\t<div class=\"elementor-column elementor-col-100 elementor-top-column elementor-element elementor-element-48f9eba\" data-id=\"48f9eba\" data-element_type=\"column\">\n\t\t\t<div class=\"elementor-column-wrap elementor-element-populated\">\n\t\t\t\t\t\t\t<div class=\"elementor-widget-wrap\">\n\t\t\t\t\t\t<div class=\"elementor-element elementor-element-432f5ee elementor-widget elementor-widget-text-editor\" data-id=\"432f5ee\" data-element_type=\"widget\" data-widget_type=\"text-editor.default\">\n\t\t\t\t<div class=\"elementor-widget-container\">\n\t\t\t\t\t\t\t\t<div class=\"elementor-text-editor elementor-clearfix\">\n\t\t\t\t\tD\u00f6vl\u0259t \u0130dar\u0259\u00e7ilik Akademiyas\u0131n\u0131n d\u0259rsliyi \u201cAmazon\u201dda yay\u0131mlan\u0131r\t\t\t\t\t<\/div>\n\t\t\t\t\t\t<\/div>\n\t\t\t\t<\/div>\n\t\t\t\t\t\t<\/div>\n\t\t\t\t\t<\/div>\n\t\t<\/div>\n\t\t\t\t\t\t\t\t<\/div>\n\t\t\t\t\t<\/div>\n\t\t<\/section>\n\t\t\t\t<section class=\"elementor-section elementor-top-section elementor-element elementor-element-fbe87dc elementor-section-boxed elementor-section-height-default elementor-section-height-default\" data-id=\"fbe87dc\" data-element_type=\"section\">\n\t\t\t\t\t\t<div class=\"elementor-container elementor-column-gap-default\">\n\t\t\t\t\t\t\t<div class=\"elementor-row\">\n\t\t\t\t\t<div class=\"elementor-column elementor-col-100 elementor-top-column elementor-element elementor-element-866dd07\" data-id=\"866dd07\" data-element_type=\"column\">\n\t\t\t<div class=\"elementor-column-wrap elementor-element-populated\">\n\t\t\t\t\t\t\t<div class=\"elementor-widget-wrap\">\n\t\t\t\t\t\t<div class=\"elementor-element elementor-element-b304e6e elementor-widget elementor-widget-text-editor\" data-id=\"b304e6e\" data-element_type=\"widget\" data-widget_type=\"text-editor.default\">\n\t\t\t\t<div class=\"elementor-widget-container\">\n\t\t\t\t\t\t\t\t<div class=\"elementor-text-editor elementor-clearfix\">\n\t\t\t\t\t<p style=\"text-align: justify;\">Az\u0259rbaycan Respublikas\u0131n\u0131n Prezidenti yan\u0131nda D&ouml;vl\u0259t \u0130dar\u0259&ccedil;ilik Akademiyas\u0131n\u0131n (D\u0130A) &ldquo;\u0130nkl&uuml;ziv inki\u015faf\u0131n idar\u0259 edilm\u0259sinin \u0259saslar\u0131&rdquo; adl\u0131 ali m\u0259kt\u0259bl\u0259r &uuml;&ccedil;&uuml;n d\u0259rsliyi beyn\u0259lxalq elektron ticar\u0259t platformas\u0131 olan &ldquo;Amazon&rdquo; sayt\u0131nda yay\u0131mlan\u0131r.<\/p>\n<p style=\"text-align: justify;\">M&uuml;\u0259llifi akademik Urxan \u018fl\u0259kb\u0259rov olan d\u0259rslik, eyni zamanda, Az\u0259rbaycan Respublikas\u0131n\u0131n Prezidenti \u0130lham \u018fliyevin 2021-ci il 2 fevral tarixli S\u0259r\u0259ncam\u0131 il\u0259 t\u0259sdiql\u0259nmi\u015f &ldquo;Az\u0259rbaycan 2030: sosial-iqtisadi inki\u015fafa dair Milli Prioritetl\u0259r&rdquo; s\u0131ras\u0131nda yer alan davaml\u0131 inkl&uuml;ziv c\u0259miyy\u0259tin qurulmas\u0131 v\u0259 idar\u0259 edilm\u0259si sah\u0259sind\u0259 bilik v\u0259 bacar\u0131qlar\u0131n formala\u015fd\u0131r\u0131lmas\u0131na v\u0259 daim t\u0259kmill\u0259\u015fdirilm\u0259sin\u0259 h\u0259sr olunub.<\/p>\n<p style=\"text-align: justify;\">Az\u0259rbaycan, rus v\u0259 ingilis dill\u0259rind\u0259 &ccedil;ap edil\u0259n \u0259s\u0259r d&uuml;nyada inkl&uuml;ziv inki\u015faf\u0131n idar\u0259 edilm\u0259si sah\u0259sind\u0259 ilk d\u0259rslikdir. D\u0259rsliyin yaranmas\u0131n\u0131n \u0259sas\u0131nda Az\u0259rbaycan Respublikas\u0131nda inkl&uuml;ziv c\u0259miyy\u0259tin inki\u015faf\u0131 sah\u0259sind\u0259 qazan\u0131lan nailiyy\u0259tl\u0259r v\u0259 &ouml;lk\u0259nin m&ouml;vcud iqtisadi potensial\u0131ndan \u0259n y&uuml;ks\u0259k istifad\u0259 s\u0259m\u0259r\u0259liliyini t\u0259min ed\u0259n u\u011furlu &ouml;rn\u0259yi dayan\u0131r. D&ouml;vl\u0259tin inki\u015faf\u0131 &uuml;&ccedil;&uuml;n Prezident \u0130lham \u018fliyev t\u0259r\u0259find\u0259n i\u015fl\u0259nmi\u015f v\u0259 t\u0259tbiq olunan yeni idar\u0259etm\u0259 texnologiyalar\u0131, bu texnologiyalar\u0131n t\u0259tbiqind\u0259 \u0259h\u0259miyy\u0259tli rol oynayan Birinci vitse-prezident institutunun formala\u015fd\u0131r\u0131lmas\u0131 v\u0259 \u015f\u0259xs\u0259n Mehriban xan\u0131m \u018fliyevan\u0131n s\u0259m\u0259r\u0259li f\u0259aliyy\u0259ti d\u0259 daxil olmaqla realla\u015fd\u0131r\u0131lan d&ouml;vl\u0259t idar\u0259&ccedil;ilik sistemind\u0259 islahatlar\u0131n t\u0259hlil edildiyi d\u0259rslikd\u0259 Az\u0259rbaycan Respublikas\u0131n\u0131n iqtisadi, sosial v\u0259 humanitar inki\u015faf\u0131n m&uuml;asir v\u0259 prioritet sah\u0259l\u0259rind\u0259 d&uuml;nya liderl\u0259ri s\u0131ras\u0131nda yer almas\u0131na \u015f\u0259rait yarad\u0131ld\u0131\u011f\u0131 elmi c\u0259h\u0259td\u0259n \u0259sasland\u0131r\u0131l\u0131b.<\/p>\n<p style=\"text-align: justify;\">Elektron platformada &ccedil;oxsayl\u0131 m&uuml;sb\u0259t r\u0259yl\u0259rl\u0259 m&uuml;\u015fayi\u0259t olunan &ldquo;\u0130nkl&uuml;ziv inki\u015faf\u0131n idar\u0259 edilm\u0259sinin \u0259saslar\u0131&rdquo; d\u0259rsliyi &ldquo;Az\u0259rbaycan 2030: sosial-iqtisadi inki\u015fafa dair Milli Prioritetl\u0259r&rdquo;in h\u0259d\u0259fl\u0259rin\u0259 nail olunmas\u0131 &uuml;&ccedil;&uuml;n z\u0259ruri kadr haz\u0131rl\u0131\u011f\u0131n\u0131n v\u0259 bu sah\u0259d\u0259 \u0259halinin m\u0259lumatland\u0131r\u0131lmas\u0131 m\u0259qs\u0259dil\u0259 \u0259rs\u0259y\u0259 g\u0259tirilib. D\u0259rslik d&ouml;vl\u0259tin inki\u015faf prosesl\u0259rinin idar\u0259 edilm\u0259si sah\u0259sind\u0259 q\u0259rar q\u0259bul ed\u0259nl\u0259r, humanitar, texniki v\u0259 ictimai ixtisaslar &uuml;zr\u0259 t\u0259hsil alanlar, h\u0259m&ccedil;inin davaml\u0131 inkl&uuml;ziv inki\u015faf sah\u0259sind\u0259 ixtisas\u0131n\u0131 art\u0131ran m&uuml;t\u0259x\u0259ssisl\u0259r v\u0259 t\u0259dqiqat&ccedil;\u0131lar &uuml;&ccedil;&uuml;n n\u0259z\u0259rd\u0259 tutulub.<\/p>\t\t\t\t\t<\/div>\n\t\t\t\t\t\t<\/div>\n\t\t\t\t<\/div>\n\t\t\t\t\t\t<\/div>\n\t\t\t\t\t<\/div>\n\t\t<\/div>\n\t\t\t\t\t\t\t\t<\/div>\n\t\t\t\t\t<\/div>\n\t\t<\/section>\n\t\t\t\t\t\t<\/div>\n\t\t\t\t\t\t<\/div>\n\t\t\t\t\t<\/div>","protected":false},"excerpt":{"rendered":"<p>D\u00f6vl\u0259t \u0130dar\u0259\u00e7ilik Akademiyas\u0131n\u0131n d\u0259rsliyi \u201cAmazon\u201dda yay\u0131mlan\u0131r Az\u0259rbaycan Respublikas\u0131n\u0131n Prezidenti yan\u0131nda D\u00f6vl\u0259t \u0130dar\u0259\u00e7ilik Akademiyas\u0131n\u0131n (D\u0130A) \u201c\u0130nkl\u00fcziv inki\u015faf\u0131n idar\u0259 edilm\u0259sinin \u0259saslar\u0131\u201d adl\u0131 ali m\u0259kt\u0259bl\u0259r \u00fc\u00e7\u00fcn d\u0259rsliyi beyn\u0259lxalq elektron ticar\u0259t platformas\u0131 olan \u201cAmazon\u201d sayt\u0131nda yay\u0131mlan\u0131r. M\u00fc\u0259llifi akademik Urxan \u018fl\u0259kb\u0259rov olan d\u0259rslik, eyni zamanda, Az\u0259rbaycan Respublikas\u0131n\u0131n Prezidenti \u0130lham \u018fliyevin 2021-ci il 2 fevral tarixli S\u0259r\u0259ncam\u0131 il\u0259 t\u0259sdiql\u0259nmi\u015f \u201cAz\u0259rbaycan 2030: [&hellip;]<\/p>","protected":false},"author":2,"featured_media":17755,"comment_status":"closed","ping_status":"closed","sticky":false,"template":"","format":"standard","meta":[],"categories":[137],"tags":[],"_links":{"self":[{"href":"https:\/\/legacy.dia.edu.az\/en\/wp-json\/wp\/v2\/posts\/17754"}],"collection":[{"href":"https:\/\/legacy.dia.edu.az\/en\/wp-json\/wp\/v2\/posts"}],"about":[{"href":"https:\/\/legacy.dia.edu.az\/en\/wp-json\/wp\/v2\/types\/post"}],"author":[{"embeddable":true,"href":"https:\/\/legacy.dia.edu.az\/en\/wp-json\/wp\/v2\/users\/2"}],"replies":[{"embeddable":true,"href":"https:\/\/legacy.dia.edu.az\/en\/wp-json\/wp\/v2\/comments?post=17754"}],"version-history":[{"count":5,"href":"https:\/\/legacy.dia.edu.az\/en\/wp-json\/wp\/v2\/posts\/17754\/revisions"}],"predecessor-version":[{"id":17760,"href":"https:\/\/legacy.dia.edu.az\/en\/wp-json\/wp\/v2\/posts\/17754\/revisions\/17760"}],"wp:featuredmedia":[{"embeddable":true,"href":"https:\/\/legacy.dia.edu.az\/en\/wp-json\/wp\/v2\/media\/17755"}],"wp:attachment":[{"href":"https:\/\/legacy.dia.edu.az\/en\/wp-json\/wp\/v2\/media?parent=17754"}],"wp:term":[{"taxonomy":"category","embeddable":true,"href":"https:\/\/legacy.dia.edu.az\/en\/wp-json\/wp\/v2\/categories?post=17754"},{"taxonomy":"post_tag","embeddable":true,"href":"https:\/\/legacy.dia.edu.az\/en\/wp-json\/wp\/v2\/tags?post=17754"}],"curies":[{"name":"wp","href":"https:\/\/api.w.org\/{rel}","templated":true}]}}