{"id":17293,"date":"2022-03-20T14:38:39","date_gmt":"2022-03-20T10:38:39","guid":{"rendered":"https:\/\/dia.edu.az\/?p=17293"},"modified":"2022-03-20T14:54:53","modified_gmt":"2022-03-20T10:54:53","slug":"novruz-bayraminiz-mubar%c9%99k-4","status":"publish","type":"post","link":"https:\/\/legacy.dia.edu.az\/en\/arxivl\u0259r\/17293","title":{"rendered":"NOVRUZ BAYRAMINIZ M\u00dcBAR\u018fK!"},"content":{"rendered":"<div data-elementor-type=\"wp-post\" data-elementor-id=\"17293\" class=\"elementor elementor-17293\" data-elementor-settings=\"[]\">\n\t\t\t\t\t\t<div class=\"elementor-inner\">\n\t\t\t\t\t\t\t<div class=\"elementor-section-wrap\">\n\t\t\t\t\t\t\t<section class=\"elementor-section elementor-top-section elementor-element elementor-element-fe7252b elementor-section-boxed elementor-section-height-default elementor-section-height-default\" data-id=\"fe7252b\" data-element_type=\"section\">\n\t\t\t\t\t\t<div class=\"elementor-container elementor-column-gap-default\">\n\t\t\t\t\t\t\t<div class=\"elementor-row\">\n\t\t\t\t\t<div class=\"elementor-column elementor-col-100 elementor-top-column elementor-element elementor-element-6b12211\" data-id=\"6b12211\" data-element_type=\"column\">\n\t\t\t<div class=\"elementor-column-wrap elementor-element-populated\">\n\t\t\t\t\t\t\t<div class=\"elementor-widget-wrap\">\n\t\t\t\t\t\t<div class=\"elementor-element elementor-element-a27189a elementor-widget elementor-widget-text-editor\" data-id=\"a27189a\" data-element_type=\"widget\" data-widget_type=\"text-editor.default\">\n\t\t\t\t<div class=\"elementor-widget-container\">\n\t\t\t\t\t\t\t\t<div class=\"elementor-text-editor elementor-clearfix\">\n\t\t\t\t\tXalq\u0131m\u0131z\u0131n q\u0259dim ad\u0259t-\u0259n\u0259n\u0259l\u0259rin\u0259 s\u00f6yk\u0259n\u0259n milli bayramlar\u0131m\u0131zdan biri olan Novruz bayram\u0131 m\u00fcnasib\u0259ti il\u0259 b\u00fct\u00fcn m\u00fc\u0259llim-t\u0259l\u0259b\u0259 heyy\u0259tini v\u0259 kollektivimizi,   D\u00f6vl\u0259t \u0130dar\u0259\u00e7ilik Akademiyas\u0131 ail\u0259si ad\u0131ndan t\u0259brik edirik. Siz\u0259 bahar t\u0259rav\u0259tli xo\u015fb\u0259xt v\u0259 sa\u011flam h\u0259yat arzulay\u0131r\u0131q.\n \n\n\n\t\t\t\t\t<\/div>\n\t\t\t\t\t\t<\/div>\n\t\t\t\t<\/div>\n\t\t\t\t\t\t<\/div>\n\t\t\t\t\t<\/div>\n\t\t<\/div>\n\t\t\t\t\t\t\t\t<\/div>\n\t\t\t\t\t<\/div>\n\t\t<\/section>\n\t\t\t\t<section class=\"elementor-section elementor-top-section elementor-element elementor-element-7e27d64 elementor-section-boxed elementor-section-height-default elementor-section-height-default\" data-id=\"7e27d64\" data-element_type=\"section\">\n\t\t\t\t\t\t<div class=\"elementor-container elementor-column-gap-default\">\n\t\t\t\t\t\t\t<div class=\"elementor-row\">\n\t\t\t\t\t<div class=\"elementor-column elementor-col-100 elementor-top-column elementor-element elementor-element-c87a127\" data-id=\"c87a127\" data-element_type=\"column\">\n\t\t\t<div class=\"elementor-column-wrap elementor-element-populated\">\n\t\t\t\t\t\t\t<div class=\"elementor-widget-wrap\">\n\t\t\t\t\t\t<div class=\"elementor-element elementor-element-e53db11 elementor-widget elementor-widget-text-editor\" data-id=\"e53db11\" data-element_type=\"widget\" data-widget_type=\"text-editor.default\">\n\t\t\t\t<div class=\"elementor-widget-container\">\n\t\t\t\t\t\t\t\t<div class=\"elementor-text-editor elementor-clearfix\">\n\t\t\t\t\tAz\u0259rbaycan Respublikas\u0131n\u0131n Prezidenti yan\u0131nda D\u00f6vl\u0259t \u0130dar\u0259\u00e7ilik Akademiyas\u0131\t\t\t\t\t<\/div>\n\t\t\t\t\t\t<\/div>\n\t\t\t\t<\/div>\n\t\t\t\t\t\t<\/div>\n\t\t\t\t\t<\/div>\n\t\t<\/div>\n\t\t\t\t\t\t\t\t<\/div>\n\t\t\t\t\t<\/div>\n\t\t<\/section>\n\t\t\t\t\t\t<\/div>\n\t\t\t\t\t\t<\/div>\n\t\t\t\t\t<\/div>","protected":false},"excerpt":{"rendered":"<p>Xalq\u0131m\u0131z\u0131n q\u0259dim ad\u0259t-\u0259n\u0259n\u0259l\u0259rin\u0259 s\u00f6yk\u0259n\u0259n milli bayramlar\u0131m\u0131zdan biri olan Novruz bayram\u0131 m\u00fcnasib\u0259ti il\u0259 b\u00fct\u00fcn m\u00fc\u0259llim-t\u0259l\u0259b\u0259 heyy\u0259tini v\u0259 kollektivimizi, D\u00f6vl\u0259t \u0130dar\u0259\u00e7ilik Akademiyas\u0131 ail\u0259si ad\u0131ndan t\u0259brik edirik. Siz\u0259 bahar t\u0259rav\u0259tli xo\u015fb\u0259xt v\u0259 sa\u011flam h\u0259yat arzulay\u0131r\u0131q. Az\u0259rbaycan Respublikas\u0131n\u0131n Prezidenti yan\u0131nda D\u00f6vl\u0259t \u0130dar\u0259\u00e7ilik Akademiyas\u0131<\/p>","protected":false},"author":2,"featured_media":17306,"comment_status":"closed","ping_status":"closed","sticky":false,"template":"","format":"standard","meta":[],"categories":[137],"tags":[],"_links":{"self":[{"href":"https:\/\/legacy.dia.edu.az\/en\/wp-json\/wp\/v2\/posts\/17293"}],"collection":[{"href":"https:\/\/legacy.dia.edu.az\/en\/wp-json\/wp\/v2\/posts"}],"about":[{"href":"https:\/\/legacy.dia.edu.az\/en\/wp-json\/wp\/v2\/types\/post"}],"author":[{"embeddable":true,"href":"https:\/\/legacy.dia.edu.az\/en\/wp-json\/wp\/v2\/users\/2"}],"replies":[{"embeddable":true,"href":"https:\/\/legacy.dia.edu.az\/en\/wp-json\/wp\/v2\/comments?post=17293"}],"version-history":[{"count":13,"href":"https:\/\/legacy.dia.edu.az\/en\/wp-json\/wp\/v2\/posts\/17293\/revisions"}],"predecessor-version":[{"id":17309,"href":"https:\/\/legacy.dia.edu.az\/en\/wp-json\/wp\/v2\/posts\/17293\/revisions\/17309"}],"wp:featuredmedia":[{"embeddable":true,"href":"https:\/\/legacy.dia.edu.az\/en\/wp-json\/wp\/v2\/media\/17306"}],"wp:attachment":[{"href":"https:\/\/legacy.dia.edu.az\/en\/wp-json\/wp\/v2\/media?parent=17293"}],"wp:term":[{"taxonomy":"category","embeddable":true,"href":"https:\/\/legacy.dia.edu.az\/en\/wp-json\/wp\/v2\/categories?post=17293"},{"taxonomy":"post_tag","embeddable":true,"href":"https:\/\/legacy.dia.edu.az\/en\/wp-json\/wp\/v2\/tags?post=17293"}],"curies":[{"name":"wp","href":"https:\/\/api.w.org\/{rel}","templated":true}]}}