{"id":17158,"date":"2022-03-03T11:27:52","date_gmt":"2022-03-03T07:27:52","guid":{"rendered":"https:\/\/dia.edu.az\/?p=17158"},"modified":"2022-03-03T12:57:11","modified_gmt":"2022-03-03T08:57:11","slug":"dovl%c9%99t-idar%c9%99cilik-akademiyasinin-professor-namiq-%c9%99liyevin-erm%c9%99nistan-v%c9%99-az%c9%99rbaycan-arasinda-qarsidurma-huquqi-aspektl%c9%99r-adli-kitabinin-bolqaristan","status":"publish","type":"post","link":"https:\/\/legacy.dia.edu.az\/en\/arxivl\u0259r\/17158","title":{"rendered":"D\u00f6vl\u0259t \u0130dar\u0259\u00e7ilik Akademiyas\u0131n\u0131n professoru Namiq \u018fliyevin \u201cErm\u0259nistan v\u0259 Az\u0259rbaycan aras\u0131nda qar\u015f\u0131durma: h\u00fcquqi aspektl\u0259r\u201d adl\u0131 kitab\u0131n\u0131n Bolqar\u0131standa t\u0259qdimat\u0131 ke\u00e7irilib"},"content":{"rendered":"<div data-elementor-type=\"wp-post\" data-elementor-id=\"17158\" class=\"elementor elementor-17158\" data-elementor-settings=\"[]\">\n\t\t\t\t\t\t<div class=\"elementor-inner\">\n\t\t\t\t\t\t\t<div class=\"elementor-section-wrap\">\n\t\t\t\t\t\t\t<section class=\"elementor-section elementor-top-section elementor-element elementor-element-a9101cd elementor-section-boxed elementor-section-height-default elementor-section-height-default\" data-id=\"a9101cd\" data-element_type=\"section\">\n\t\t\t\t\t\t<div class=\"elementor-container elementor-column-gap-default\">\n\t\t\t\t\t\t\t<div class=\"elementor-row\">\n\t\t\t\t\t<div class=\"elementor-column elementor-col-100 elementor-top-column elementor-element elementor-element-0864e83\" data-id=\"0864e83\" data-element_type=\"column\">\n\t\t\t<div class=\"elementor-column-wrap elementor-element-populated\">\n\t\t\t\t\t\t\t<div class=\"elementor-widget-wrap\">\n\t\t\t\t\t\t<div class=\"elementor-element elementor-element-349dc70 elementor-widget elementor-widget-text-editor\" data-id=\"349dc70\" data-element_type=\"widget\" data-widget_type=\"text-editor.default\">\n\t\t\t\t<div class=\"elementor-widget-container\">\n\t\t\t\t\t\t\t\t<div class=\"elementor-text-editor elementor-clearfix\">\n\t\t\t\t\tD\u00f6vl\u0259t \u0130dar\u0259\u00e7ilik Akademiyas\u0131n\u0131n professoru Namiq \u018fliyevin \u201cErm\u0259nistan v\u0259 Az\u0259rbaycan aras\u0131nda qar\u015f\u0131durma: h\u00fcquqi aspektl\u0259r\u201d adl\u0131 kitab\u0131n\u0131n Bolqar\u0131standa t\u0259qdimat\u0131 ke\u00e7irilib\t\t\t\t\t<\/div>\n\t\t\t\t\t\t<\/div>\n\t\t\t\t<\/div>\n\t\t\t\t\t\t<\/div>\n\t\t\t\t\t<\/div>\n\t\t<\/div>\n\t\t\t\t\t\t\t\t<\/div>\n\t\t\t\t\t<\/div>\n\t\t<\/section>\n\t\t\t\t<section class=\"elementor-section elementor-top-section elementor-element elementor-element-e0d90a8 elementor-section-boxed elementor-section-height-default elementor-section-height-default\" data-id=\"e0d90a8\" data-element_type=\"section\">\n\t\t\t\t\t\t<div class=\"elementor-container elementor-column-gap-default\">\n\t\t\t\t\t\t\t<div class=\"elementor-row\">\n\t\t\t\t\t<div class=\"elementor-column elementor-col-100 elementor-top-column elementor-element elementor-element-c14f5be\" data-id=\"c14f5be\" data-element_type=\"column\">\n\t\t\t<div class=\"elementor-column-wrap elementor-element-populated\">\n\t\t\t\t\t\t\t<div class=\"elementor-widget-wrap\">\n\t\t\t\t\t\t<div class=\"elementor-element elementor-element-c845b9b elementor-widget elementor-widget-text-editor\" data-id=\"c845b9b\" data-element_type=\"widget\" data-widget_type=\"text-editor.default\">\n\t\t\t\t<div class=\"elementor-widget-container\">\n\t\t\t\t\t\t\t\t<div class=\"elementor-text-editor elementor-clearfix\">\n\t\t\t\t\t<p style=\"text-align: justify;\">Az\u0259rbaycan\u0131n Bolqar\u0131standak\u0131 s\u0259firliyinin t\u0259\u015fkilat&ccedil;\u0131l\u0131\u011f\u0131 il\u0259 Bolqar\u0131stan\u0131n Milli Teleqraf Agentliyind\u0259 Xocal\u0131 soyq\u0131r\u0131m\u0131na h\u0259sr olunmu\u015f &ldquo;Xocal\u0131 faci\u0259si 30 il sonra: h&uuml;quqi v\u0259 humanitar aspektl\u0259r&rdquo; adl\u0131 elmi-praktik konfrans ke&ccedil;irilib.<\/p>\n<p style=\"text-align: justify;\">Konfransda Az\u0259rbaycan v\u0259 Bolqar\u0131stan parlamentl\u0259rinin &uuml;zvl\u0259ri, Bolqar\u0131standa akkredit\u0259 olunmu\u015f diplomatik n&uuml;may\u0259nd\u0259likl\u0259rin r\u0259hb\u0259rl\u0259ri, ali elmi-t\u0259hsil m&uuml;\u0259ssis\u0259l\u0259ri v\u0259 akademik dair\u0259l\u0259rin &uuml;zvl\u0259ri, m&uuml;t\u0259x\u0259ssisl\u0259r v\u0259 Az\u0259rbaycan diasporunun &uuml;zvl\u0259ri i\u015ftirak edibl\u0259r.<\/p>\n<p style=\"text-align: justify;\">Konfransda Az\u0259rbaycan Respublikas\u0131n\u0131n Prezidenti yan\u0131nda D&ouml;vl\u0259t \u0130dar\u0259&ccedil;ilik Akademiyas\u0131n\u0131n beyn\u0259lxalq \u0259laq\u0259l\u0259r v\u0259 xarici siyas\u0259t kafedras\u0131n\u0131n m&uuml;diri, F&ouml;vq\u0259lad\u0259 v\u0259 S\u0259lahiyy\u0259tli s\u0259firin bolqar dilind\u0259 kitab\u0131n\u0131n t\u0259qdimat m\u0259rasimi ke&ccedil;irilib. H&uuml;quq elml\u0259ri doktoru, professor Namiq \u018fliyev &ldquo;Erm\u0259nistan v\u0259 Az\u0259rbaycan aras\u0131nda qar\u015f\u0131durma: h&uuml;quqi aspektl\u0259r&rdquo; kitab Az\u0259rbaycan Respublikas\u0131n\u0131n bu &ouml;lk\u0259d\u0259ki s\u0259firliyi v\u0259 YUNESKO &uuml;zr\u0259 Milli Komissiyas\u0131n\u0131n yard\u0131m\u0131 il\u0259 t\u0259rc&uuml;m\u0259 edil\u0259r\u0259k n\u0259\u015fr edilib.<\/p>\n<p style=\"text-align: justify;\">Kitabda m&uuml;\u0259llif geni\u015f elmi v\u0259 empirik material \u0259sas\u0131nda Erm\u0259nistan-Az\u0259rbaycan qar\u015f\u0131durmas\u0131n\u0131n bir s\u0131ra h&uuml;quqi probleml\u0259rini ara\u015fd\u0131r\u0131r, Erm\u0259nistan\u0131n Az\u0259rbaycana qar\u015f\u0131 davam ed\u0259n \u0259razi iddialar\u0131n\u0131n a\u015fkar h&uuml;quqi uy\u011funsuzlu\u011funu s&uuml;but edir. S\u0259n\u0259dd\u0259 44 g&uuml;nl&uuml;k V\u0259t\u0259n M&uuml;harib\u0259si n\u0259tic\u0259sind\u0259 erm\u0259nil\u0259r t\u0259r\u0259find\u0259n i\u015f\u011fal edilmi\u015f torpaqlar\u0131n azad edilm\u0259sinin n\u0259tic\u0259l\u0259ri, Erm\u0259nistan Respublikas\u0131n\u0131n t&ouml;r\u0259tdiyi \u0259m\u0259ll\u0259rin h&uuml;quqi n\u0259tic\u0259l\u0259ri g&ouml;st\u0259rilir. Monoqrafiya Bolqar\u0131stan\u0131n b&uuml;t&uuml;n kitabxanalar\u0131na, el\u0259c\u0259 d\u0259 bir &ccedil;ox beyn\u0259lxalq beyin m\u0259rk\u0259zl\u0259rin\u0259 g&ouml;nd\u0259ril\u0259c\u0259k.<\/p>\t\t\t\t\t<\/div>\n\t\t\t\t\t\t<\/div>\n\t\t\t\t<\/div>\n\t\t\t\t\t\t<\/div>\n\t\t\t\t\t<\/div>\n\t\t<\/div>\n\t\t\t\t\t\t\t\t<\/div>\n\t\t\t\t\t<\/div>\n\t\t<\/section>\n\t\t\t\t\t\t<\/div>\n\t\t\t\t\t\t<\/div>\n\t\t\t\t\t<\/div>","protected":false},"excerpt":{"rendered":"<p>D\u00f6vl\u0259t \u0130dar\u0259\u00e7ilik Akademiyas\u0131n\u0131n professoru Namiq \u018fliyevin \u201cErm\u0259nistan v\u0259 Az\u0259rbaycan aras\u0131nda qar\u015f\u0131durma: h\u00fcquqi aspektl\u0259r\u201d adl\u0131 kitab\u0131n\u0131n Bolqar\u0131standa t\u0259qdimat\u0131 ke\u00e7irilib Az\u0259rbaycan\u0131n Bolqar\u0131standak\u0131 s\u0259firliyinin t\u0259\u015fkilat&ccedil;\u0131l\u0131\u011f\u0131 il\u0259 Bolqar\u0131stan\u0131n Milli Teleqraf Agentliyind\u0259 Xocal\u0131 soyq\u0131r\u0131m\u0131na h\u0259sr olunmu\u015f &ldquo;Xocal\u0131 faci\u0259si 30 il sonra: h&uuml;quqi v\u0259 humanitar aspektl\u0259r&rdquo; adl\u0131 elmi-praktik konfrans ke&ccedil;irilib. Konfransda Az\u0259rbaycan v\u0259 Bolqar\u0131stan parlamentl\u0259rinin &uuml;zvl\u0259ri, Bolqar\u0131standa akkredit\u0259 olunmu\u015f diplomatik n&uuml;may\u0259nd\u0259likl\u0259rin [&hellip;]<\/p>","protected":false},"author":2,"featured_media":17167,"comment_status":"closed","ping_status":"closed","sticky":false,"template":"","format":"standard","meta":[],"categories":[137],"tags":[],"_links":{"self":[{"href":"https:\/\/legacy.dia.edu.az\/en\/wp-json\/wp\/v2\/posts\/17158"}],"collection":[{"href":"https:\/\/legacy.dia.edu.az\/en\/wp-json\/wp\/v2\/posts"}],"about":[{"href":"https:\/\/legacy.dia.edu.az\/en\/wp-json\/wp\/v2\/types\/post"}],"author":[{"embeddable":true,"href":"https:\/\/legacy.dia.edu.az\/en\/wp-json\/wp\/v2\/users\/2"}],"replies":[{"embeddable":true,"href":"https:\/\/legacy.dia.edu.az\/en\/wp-json\/wp\/v2\/comments?post=17158"}],"version-history":[{"count":12,"href":"https:\/\/legacy.dia.edu.az\/en\/wp-json\/wp\/v2\/posts\/17158\/revisions"}],"predecessor-version":[{"id":17171,"href":"https:\/\/legacy.dia.edu.az\/en\/wp-json\/wp\/v2\/posts\/17158\/revisions\/17171"}],"wp:featuredmedia":[{"embeddable":true,"href":"https:\/\/legacy.dia.edu.az\/en\/wp-json\/wp\/v2\/media\/17167"}],"wp:attachment":[{"href":"https:\/\/legacy.dia.edu.az\/en\/wp-json\/wp\/v2\/media?parent=17158"}],"wp:term":[{"taxonomy":"category","embeddable":true,"href":"https:\/\/legacy.dia.edu.az\/en\/wp-json\/wp\/v2\/categories?post=17158"},{"taxonomy":"post_tag","embeddable":true,"href":"https:\/\/legacy.dia.edu.az\/en\/wp-json\/wp\/v2\/tags?post=17158"}],"curies":[{"name":"wp","href":"https:\/\/api.w.org\/{rel}","templated":true}]}}