{"id":17013,"date":"2022-02-25T18:07:51","date_gmt":"2022-02-25T15:07:51","guid":{"rendered":"https:\/\/dia.edu.az\/?p=17013"},"modified":"2022-02-25T18:17:43","modified_gmt":"2022-02-25T15:17:43","slug":"dovl%c9%99t-idar%c9%99cilik-akademiyasinda-xocali-soyqiriminin-30-cu-ildonumu-il%c9%99-%c9%99laq%c9%99dar-konfrans-kecirilib","status":"publish","type":"post","link":"https:\/\/legacy.dia.edu.az\/en\/arxivl\u0259r\/17013","title":{"rendered":"D\u00f6vl\u0259t \u0130dar\u0259\u00e7ilik Akademiyas\u0131nda Xocal\u0131 soyq\u0131r\u0131m\u0131n\u0131n 30-cu ild\u00f6n\u00fcm\u00fc il\u0259 \u0259laq\u0259dar konfrans ke\u00e7irilib"},"content":{"rendered":"<div data-elementor-type=\"wp-post\" data-elementor-id=\"17013\" class=\"elementor elementor-17013\" data-elementor-settings=\"[]\">\n\t\t\t\t\t\t<div class=\"elementor-inner\">\n\t\t\t\t\t\t\t<div class=\"elementor-section-wrap\">\n\t\t\t\t\t\t\t<section class=\"elementor-section elementor-top-section elementor-element elementor-element-1b66e0a elementor-section-boxed elementor-section-height-default elementor-section-height-default\" data-id=\"1b66e0a\" data-element_type=\"section\">\n\t\t\t\t\t\t<div class=\"elementor-container elementor-column-gap-default\">\n\t\t\t\t\t\t\t<div class=\"elementor-row\">\n\t\t\t\t\t<div class=\"elementor-column elementor-col-100 elementor-top-column elementor-element elementor-element-b778ee9\" data-id=\"b778ee9\" data-element_type=\"column\">\n\t\t\t<div class=\"elementor-column-wrap\">\n\t\t\t\t\t\t\t<div class=\"elementor-widget-wrap\">\n\t\t\t\t\t\t\t\t<\/div>\n\t\t\t\t\t<\/div>\n\t\t<\/div>\n\t\t\t\t\t\t\t\t<\/div>\n\t\t\t\t\t<\/div>\n\t\t<\/section>\n\t\t\t\t<section class=\"elementor-section elementor-top-section elementor-element elementor-element-17ecf0f elementor-section-boxed elementor-section-height-default elementor-section-height-default\" data-id=\"17ecf0f\" data-element_type=\"section\">\n\t\t\t\t\t\t<div class=\"elementor-container elementor-column-gap-default\">\n\t\t\t\t\t\t\t<div class=\"elementor-row\">\n\t\t\t\t\t<div class=\"elementor-column elementor-col-100 elementor-top-column elementor-element elementor-element-b857304\" data-id=\"b857304\" data-element_type=\"column\">\n\t\t\t<div class=\"elementor-column-wrap elementor-element-populated\">\n\t\t\t\t\t\t\t<div class=\"elementor-widget-wrap\">\n\t\t\t\t\t\t<div class=\"elementor-element elementor-element-ef0a7fb elementor-widget elementor-widget-text-editor\" data-id=\"ef0a7fb\" data-element_type=\"widget\" data-widget_type=\"text-editor.default\">\n\t\t\t\t<div class=\"elementor-widget-container\">\n\t\t\t\t\t\t\t\t<div class=\"elementor-text-editor elementor-clearfix\">\n\t\t\t\t\tD\u00f6vl\u0259t \u0130dar\u0259\u00e7ilik Akademiyas\u0131nda Xocal\u0131 soyq\u0131r\u0131m\u0131n\u0131n 30-cu ild\u00f6n\u00fcm\u00fc il\u0259 \u0259laq\u0259dar konfrans ke\u00e7irilib\t\t\t\t\t<\/div>\n\t\t\t\t\t\t<\/div>\n\t\t\t\t<\/div>\n\t\t\t\t\t\t<\/div>\n\t\t\t\t\t<\/div>\n\t\t<\/div>\n\t\t\t\t\t\t\t\t<\/div>\n\t\t\t\t\t<\/div>\n\t\t<\/section>\n\t\t\t\t<section class=\"elementor-section elementor-top-section elementor-element elementor-element-50908f7 elementor-section-boxed elementor-section-height-default elementor-section-height-default\" data-id=\"50908f7\" data-element_type=\"section\">\n\t\t\t\t\t\t<div class=\"elementor-container elementor-column-gap-default\">\n\t\t\t\t\t\t\t<div class=\"elementor-row\">\n\t\t\t\t\t<div class=\"elementor-column elementor-col-100 elementor-top-column elementor-element elementor-element-7cb9ef1\" data-id=\"7cb9ef1\" data-element_type=\"column\">\n\t\t\t<div class=\"elementor-column-wrap elementor-element-populated\">\n\t\t\t\t\t\t\t<div class=\"elementor-widget-wrap\">\n\t\t\t\t\t\t<div class=\"elementor-element elementor-element-4ea6fb2 elementor-widget elementor-widget-text-editor\" data-id=\"4ea6fb2\" data-element_type=\"widget\" data-widget_type=\"text-editor.default\">\n\t\t\t\t<div class=\"elementor-widget-container\">\n\t\t\t\t\t\t\t\t<div class=\"elementor-text-editor elementor-clearfix\">\n\t\t\t\t\t<p style=\"text-align: justify;\">Fevral\u0131n 25-d\u0259 Heyd\u0259r \u018fliyev M\u0259rk\u0259zi v\u0259 Az\u0259rbaycan Respublikas\u0131n\u0131n Prezidenti yan\u0131nda D&ouml;vl\u0259t \u0130dar\u0259&ccedil;ilik Akademiyas\u0131 (D\u0130A) t\u0259r\u0259find\u0259n D\u0130A-da f\u0259aliyy\u0259t g&ouml;st\u0259r\u0259n &ldquo;Heyd\u0259r \u018fliyev D&ouml;vl\u0259t \u0130dar\u0259&ccedil;ilik M\u0259kt\u0259bi&rdquo;nd\u0259 Xocal\u0131 soyq\u0131r\u0131m\u0131n\u0131n 30-cu ild&ouml;n&uuml;m&uuml; il\u0259 \u0259laq\u0259dar konfrans ke&ccedil;irilib.<\/p>\n<p style=\"text-align: justify;\">\u018fvv\u0259lc\u0259 \u015f\u0259hidl\u0259rin v\u0259 Xocal\u0131 soyq\u0131r\u0131m\u0131 qurbanlar\u0131n\u0131n xatir\u0259si an\u0131l\u0131b.<\/p>\n<p style=\"text-align: justify;\">T\u0259dbird\u0259 &ccedil;\u0131x\u0131\u015f ed\u0259n D&ouml;vl\u0259t \u0130dar\u0259&ccedil;ilik Akademiyas\u0131n\u0131n rektoru akademik Urxan \u018fl\u0259kb\u0259rov 1992-ci il fevral\u0131n 25-d\u0259n 26-na ke&ccedil;\u0259n gec\u0259 Erm\u0259nistan silahl\u0131 q&uuml;vv\u0259l\u0259rinin Az\u0259rbaycan xalq\u0131na qar\u015f\u0131 n&ouml;vb\u0259ti qanl\u0131 t\u0259cav&uuml;z\u0259 \u0259l ataraq tarixd\u0259 misli g&ouml;r&uuml;nm\u0259mi\u015f soyq\u0131r\u0131m\u0131 t&ouml;r\u0259tdiyini deyib. Bildirilib ki, Xocal\u0131 faci\u0259sin\u0259 ilk d\u0259f\u0259 h&uuml;quqi-siyasi qiym\u0259t &uuml;mummilli lider Heyd\u0259r \u018fliyevin Az\u0259rbaycanda ikinci d\u0259f\u0259 siyasi hakimiyy\u0259t\u0259 qay\u0131d\u0131\u015f\u0131ndan sonra verilib. Xocal\u0131 soyq\u0131r\u0131m\u0131 bar\u0259d\u0259 d&uuml;nya ictimaiyy\u0259tinin m\u0259lumatland\u0131r\u0131lmas\u0131nda d&ouml;vl\u0259t strukturlar\u0131 il\u0259 yana\u015f\u0131, ictimai birlikl\u0259r, v\u0259t\u0259nda\u015f c\u0259miyy\u0259ti institutlar\u0131 da m&uuml;h&uuml;m rol oynay\u0131r.<\/p>\n<p style=\"text-align: justify;\">Rektor Xocal\u0131 soyq\u0131r\u0131m\u0131n\u0131n d&uuml;nyada tan\u0131d\u0131lmas\u0131 istiqam\u0259tind\u0259 Heyd\u0259r \u018fliyev Fondunun h\u0259yata ke&ccedil;irdiyi t\u0259dbirl\u0259rin, Fondun vitse-prezidenti Leyla \u018fliyevan\u0131n t\u0259\u015f\u0259bb&uuml;s&uuml; il\u0259 realla\u015fd\u0131r\u0131lan &ldquo;Xocal\u0131ya \u0259dal\u0259t!&rdquo; beyn\u0259lxalq kampaniyas\u0131n\u0131n \u0259h\u0259miyy\u0259tind\u0259n b\u0259hs edib.<\/p>\n<p style=\"text-align: justify;\">Heyd\u0259r \u018fliyev M\u0259rk\u0259zinin n&uuml;may\u0259nd\u0259si V&uuml;qar \u0130smay\u0131lov Heyd\u0259r \u018fliyev Fondu v\u0259 Heyd\u0259r \u018fliyev M\u0259rk\u0259zinin Xocal\u0131 soyq\u0131r\u0131m\u0131 il\u0259 ba\u011fl\u0131 layih\u0259l\u0259ri bar\u0259d\u0259, Az\u0259rbaycan Respublikas\u0131n\u0131n Prezidenti yan\u0131nda D&ouml;vl\u0259t \u0130dar\u0259&ccedil;ilik Akademiyas\u0131n\u0131n Tarix kafedras\u0131n\u0131n professoru H\u0259vva M\u0259mm\u0259dova &ldquo;Xocal\u0131 soyq\u0131r\u0131m\u0131nda ya\u015fanan tarixin 30 ili&rdquo;, D\u0130A-n\u0131n H&uuml;quq kafedras\u0131n\u0131n m&uuml;diri, professor \u0130saxan V\u0259liyev &ldquo;Soyq\u0131r\u0131m\u0131 cinay\u0259tl\u0259ri milli v\u0259 beyn\u0259lxalq h&uuml;quqi m&uuml;st\u0259vid\u0259&rdquo;, Politologiya v\u0259 siyasi idar\u0259etm\u0259 kafedras\u0131n\u0131n m&uuml;diri professor Nigar \u018fl\u0259kb\u0259rova &ldquo;Xocal\u0131 soyq\u0131r\u0131m\u0131n\u0131n s\u0259b\u0259bl\u0259ri v\u0259 beyn\u0259lxalq al\u0259md\u0259 tan\u0131nmas\u0131&rdquo; m&ouml;vzular\u0131nda m\u0259ruz\u0259 edibl\u0259r.<\/p>\n<p style=\"text-align: justify;\">M\u0259ruz\u0259&ccedil;il\u0259r Xocal\u0131 soyq\u0131r\u0131m\u0131n\u0131n Az\u0259rbaycan xalq\u0131na qar\u015f\u0131 t&ouml;r\u0259dilmi\u015f \u0259n a\u011f\u0131r cinay\u0259tl\u0259rd\u0259n biri oldu\u011funu diqq\u0259t\u0259 &ccedil;atd\u0131r\u0131blar. Vur\u011fulan\u0131b ki, &ldquo;Xocal\u0131ya \u0259dal\u0259t!&rdquo; beyn\u0259lxalq kampaniyas\u0131 Xocal\u0131 faci\u0259si bar\u0259d\u0259 m\u0259lumatlar\u0131, h\u0259qiq\u0259tl\u0259ri d&uuml;nya ictimaiyy\u0259tin\u0259 &ccedil;atd\u0131rmaqla yana\u015f\u0131, d&uuml;nyada ox\u015far hadis\u0259l\u0259rin ba\u015f verm\u0259m\u0259sin\u0259 &ccedil;a\u011f\u0131r\u0131\u015f m\u0259qs\u0259di da\u015f\u0131y\u0131r. Kampaniya &ccedil;\u0259r&ccedil;iv\u0259sind\u0259 m&uuml;xt\u0259lif &ouml;lk\u0259l\u0259rd\u0259 h\u0259yata ke&ccedil;iril\u0259n t\u0259dbirl\u0259r, Xocal\u0131 soyq\u0131r\u0131m\u0131n\u0131n d&uuml;nyada tan\u0131d\u0131lmas\u0131 istiqam\u0259tind\u0259 g&ouml;r&uuml;l\u0259n i\u015fl\u0259r art\u0131q &ouml;z n\u0259tic\u0259l\u0259rini verir.<\/p>\n<p style=\"text-align: justify;\">&Ccedil;\u0131x\u0131\u015f ed\u0259nl\u0259r Az\u0259rbaycan Prezidenti, Ali Ba\u015f Komandan \u0130lham \u018fliyevin r\u0259hb\u0259rliyi il\u0259 \u015fanl\u0131 Ordumuzun V\u0259t\u0259n m&uuml;harib\u0259sind\u0259 qazand\u0131\u011f\u0131 B&ouml;y&uuml;k Z\u0259f\u0259rin \u0259h\u0259miyy\u0259tind\u0259n dan\u0131\u015f\u0131b, i\u015f\u011faldan azad olunmu\u015f torpaqlar\u0131m\u0131zda geni\u015f miqyasda b\u0259rpa v\u0259 quruculuq t\u0259dbirl\u0259rinin h\u0259yata ke&ccedil;irildiyini bildiribl\u0259r.<\/p>\t\t\t\t\t<\/div>\n\t\t\t\t\t\t<\/div>\n\t\t\t\t<\/div>\n\t\t\t\t\t\t<\/div>\n\t\t\t\t\t<\/div>\n\t\t<\/div>\n\t\t\t\t\t\t\t\t<\/div>\n\t\t\t\t\t<\/div>\n\t\t<\/section>\n\t\t\t\t\t\t<\/div>\n\t\t\t\t\t\t<\/div>\n\t\t\t\t\t<\/div>","protected":false},"excerpt":{"rendered":"<p>Previous Next D\u00f6vl\u0259t \u0130dar\u0259\u00e7ilik Akademiyas\u0131nda Xocal\u0131 soyq\u0131r\u0131m\u0131n\u0131n 30-cu ild\u00f6n\u00fcm\u00fc il\u0259 \u0259laq\u0259dar konfrans ke\u00e7irilib Fevral\u0131n 25-d\u0259 Heyd\u0259r \u018fliyev M\u0259rk\u0259zi v\u0259 Az\u0259rbaycan Respublikas\u0131n\u0131n Prezidenti yan\u0131nda D\u00f6vl\u0259t \u0130dar\u0259\u00e7ilik Akademiyas\u0131 (D\u0130A) t\u0259r\u0259find\u0259n D\u0130A-da f\u0259aliyy\u0259t g\u00f6st\u0259r\u0259n \u201cHeyd\u0259r \u018fliyev D\u00f6vl\u0259t \u0130dar\u0259\u00e7ilik M\u0259kt\u0259bi\u201dnd\u0259 Xocal\u0131 soyq\u0131r\u0131m\u0131n\u0131n 30-cu ild\u00f6n\u00fcm\u00fc il\u0259 \u0259laq\u0259dar konfrans ke\u00e7irilib. \u018fvv\u0259lc\u0259 \u015f\u0259hidl\u0259rin v\u0259 Xocal\u0131 soyq\u0131r\u0131m\u0131 qurbanlar\u0131n\u0131n xatir\u0259si an\u0131l\u0131b. T\u0259dbird\u0259 \u00e7\u0131x\u0131\u015f ed\u0259n [&hellip;]<\/p>","protected":false},"author":2,"featured_media":17019,"comment_status":"closed","ping_status":"closed","sticky":false,"template":"","format":"standard","meta":[],"categories":[137],"tags":[],"_links":{"self":[{"href":"https:\/\/legacy.dia.edu.az\/en\/wp-json\/wp\/v2\/posts\/17013"}],"collection":[{"href":"https:\/\/legacy.dia.edu.az\/en\/wp-json\/wp\/v2\/posts"}],"about":[{"href":"https:\/\/legacy.dia.edu.az\/en\/wp-json\/wp\/v2\/types\/post"}],"author":[{"embeddable":true,"href":"https:\/\/legacy.dia.edu.az\/en\/wp-json\/wp\/v2\/users\/2"}],"replies":[{"embeddable":true,"href":"https:\/\/legacy.dia.edu.az\/en\/wp-json\/wp\/v2\/comments?post=17013"}],"version-history":[{"count":8,"href":"https:\/\/legacy.dia.edu.az\/en\/wp-json\/wp\/v2\/posts\/17013\/revisions"}],"predecessor-version":[{"id":17030,"href":"https:\/\/legacy.dia.edu.az\/en\/wp-json\/wp\/v2\/posts\/17013\/revisions\/17030"}],"wp:featuredmedia":[{"embeddable":true,"href":"https:\/\/legacy.dia.edu.az\/en\/wp-json\/wp\/v2\/media\/17019"}],"wp:attachment":[{"href":"https:\/\/legacy.dia.edu.az\/en\/wp-json\/wp\/v2\/media?parent=17013"}],"wp:term":[{"taxonomy":"category","embeddable":true,"href":"https:\/\/legacy.dia.edu.az\/en\/wp-json\/wp\/v2\/categories?post=17013"},{"taxonomy":"post_tag","embeddable":true,"href":"https:\/\/legacy.dia.edu.az\/en\/wp-json\/wp\/v2\/tags?post=17013"}],"curies":[{"name":"wp","href":"https:\/\/api.w.org\/{rel}","templated":true}]}}