{"id":16426,"date":"2022-02-04T16:07:27","date_gmt":"2022-02-04T13:07:27","guid":{"rendered":"https:\/\/dia.edu.az\/?p=16426"},"modified":"2022-02-04T16:13:01","modified_gmt":"2022-02-04T13:13:01","slug":"az%c9%99rbaycan-respublikasinin-prezidenti-yaninda-dovl%c9%99t-idar%c9%99cilik-akademiyasi-t%c9%99l%c9%99b%c9%99-g%c9%99ncl%c9%99r-t%c9%99skilatinin-s%c9%99dri-mukafata-layiq-gorulub","status":"publish","type":"post","link":"https:\/\/legacy.dia.edu.az\/en\/arxivl\u0259r\/16426","title":{"rendered":"Az\u0259rbaycan Respublikas\u0131n\u0131n Prezidenti yan\u0131nda D\u00f6vl\u0259t \u0130dar\u0259\u00e7ilik Akademiyas\u0131 T\u0259l\u0259b\u0259 G\u0259ncl\u0259r T\u0259\u015fkilat\u0131n\u0131n s\u0259dri m\u00fckafata layiq g\u00f6r\u00fcl\u00fcb"},"content":{"rendered":"<div data-elementor-type=\"wp-post\" data-elementor-id=\"16426\" class=\"elementor elementor-16426\" data-elementor-settings=\"[]\">\n\t\t\t\t\t\t<div class=\"elementor-inner\">\n\t\t\t\t\t\t\t<div class=\"elementor-section-wrap\">\n\t\t\t\t\t\t\t<section class=\"elementor-section elementor-top-section elementor-element elementor-element-436a09a elementor-section-boxed elementor-section-height-default elementor-section-height-default\" data-id=\"436a09a\" data-element_type=\"section\">\n\t\t\t\t\t\t<div class=\"elementor-container elementor-column-gap-default\">\n\t\t\t\t\t\t\t<div class=\"elementor-row\">\n\t\t\t\t\t<div class=\"elementor-column elementor-col-100 elementor-top-column elementor-element elementor-element-7e521e5\" data-id=\"7e521e5\" data-element_type=\"column\">\n\t\t\t<div class=\"elementor-column-wrap elementor-element-populated\">\n\t\t\t\t\t\t\t<div class=\"elementor-widget-wrap\">\n\t\t\t\t\t\t<div class=\"elementor-element elementor-element-def6236 elementor-widget elementor-widget-text-editor\" data-id=\"def6236\" data-element_type=\"widget\" data-widget_type=\"text-editor.default\">\n\t\t\t\t<div class=\"elementor-widget-container\">\n\t\t\t\t\t\t\t\t<div class=\"elementor-text-editor elementor-clearfix\">\n\t\t\t\t\tAz\u0259rbaycan Respublikas\u0131n\u0131n Prezidenti yan\u0131nda D\u00f6vl\u0259t \u0130dar\u0259\u00e7ilik Akademiyas\u0131 T\u0259l\u0259b\u0259 G\u0259ncl\u0259r T\u0259\u015fkilat\u0131n\u0131n s\u0259dri m\u00fckafata layiq g\u00f6r\u00fcl\u00fcb\t\t\t\t\t<\/div>\n\t\t\t\t\t\t<\/div>\n\t\t\t\t<\/div>\n\t\t\t\t\t\t<\/div>\n\t\t\t\t\t<\/div>\n\t\t<\/div>\n\t\t\t\t\t\t\t\t<\/div>\n\t\t\t\t\t<\/div>\n\t\t<\/section>\n\t\t\t\t<section class=\"elementor-section elementor-top-section elementor-element elementor-element-bd85a80 elementor-section-boxed elementor-section-height-default elementor-section-height-default\" data-id=\"bd85a80\" data-element_type=\"section\">\n\t\t\t\t\t\t<div class=\"elementor-container elementor-column-gap-default\">\n\t\t\t\t\t\t\t<div class=\"elementor-row\">\n\t\t\t\t\t<div class=\"elementor-column elementor-col-100 elementor-top-column elementor-element elementor-element-84bdaf3\" data-id=\"84bdaf3\" data-element_type=\"column\">\n\t\t\t<div class=\"elementor-column-wrap elementor-element-populated\">\n\t\t\t\t\t\t\t<div class=\"elementor-widget-wrap\">\n\t\t\t\t\t\t<div class=\"elementor-element elementor-element-fcd475b elementor-widget elementor-widget-text-editor\" data-id=\"fcd475b\" data-element_type=\"widget\" data-widget_type=\"text-editor.default\">\n\t\t\t\t<div class=\"elementor-widget-container\">\n\t\t\t\t\t\t\t\t<div class=\"elementor-text-editor elementor-clearfix\">\n\t\t\t\t\t<div dir=\"auto\" style=\"text-align: justify;\">01 fevral 2022-ci il tarixind\u0259 Az\u0259rbaycan Respublikas\u0131 G\u0259ncl\u0259r Fondu v\u0259 T\u0259l\u0259b\u0259 G\u0259ncl\u0259r T\u0259\u015fkilatlar\u0131 \u0130ttifaq\u0131n\u0131n birg\u0259 t\u0259\u015fkilat&ccedil;\u0131l\u0131\u011f\u0131 il\u0259 T\u0259l\u0259b\u0259 G\u0259ncl\u0259r T\u0259\u015fkilatlar\u0131n\u0131n &#8220;I Strateji Planla\u015fd\u0131rma Forumu&#8221; ba\u015f tutmu\u015fdur. T\u0259dbir zaman\u0131 panel m&uuml;zakir\u0259l\u0259r t\u0259\u015fkil edilmi\u015f, TGT s\u0259drl\u0259ri il\u0259 qar\u015f\u0131l\u0131ql\u0131 diskussiyalar apar\u0131lm\u0131\u015fd\u0131r.&nbsp;<\/div>\n<div dir=\"auto\" style=\"text-align: justify;\">D&ouml;vl\u0259t \u0130dar\u0259&ccedil;ilik Akademiyas\u0131 T\u0259l\u0259b\u0259 G\u0259ncl\u0259r T\u0259\u015fkilat\u0131n\u0131n s\u0259dri Murad H\u0259s\u0259nxanl\u0131 n&uuml;mun\u0259vi f\u0259aliyy\u0259tin\u0259 g&ouml;r\u0259 &#8220;\u0130lin TGT s\u0259dri&#8221; nominasiyas\u0131 &uuml;zr\u0259 f\u0259xri m&uuml;kafata layiq g&ouml;r&uuml;lm&uuml;\u015fd&uuml;r.<\/div>\n<div dir=\"auto\" style=\"text-align: justify;\">&nbsp;<\/div>\n<div dir=\"auto\" style=\"text-align: justify;\">Kollektiv ad\u0131ndan Murad H\u0259s\u0259nxanl\u0131n\u0131 t\u0259brik edir v\u0259 yeni-yeni u\u011furlar arzu edirik.<\/div>\t\t\t\t\t<\/div>\n\t\t\t\t\t\t<\/div>\n\t\t\t\t<\/div>\n\t\t\t\t\t\t<\/div>\n\t\t\t\t\t<\/div>\n\t\t<\/div>\n\t\t\t\t\t\t\t\t<\/div>\n\t\t\t\t\t<\/div>\n\t\t<\/section>\n\t\t\t\t<section class=\"elementor-section elementor-top-section elementor-element elementor-element-204cb89 elementor-section-boxed elementor-section-height-default elementor-section-height-default\" data-id=\"204cb89\" data-element_type=\"section\">\n\t\t\t\t\t\t<div class=\"elementor-container elementor-column-gap-default\">\n\t\t\t\t\t\t\t<div class=\"elementor-row\">\n\t\t\t\t\t<div class=\"elementor-column elementor-col-50 elementor-top-column elementor-element elementor-element-3592407\" data-id=\"3592407\" data-element_type=\"column\">\n\t\t\t<div class=\"elementor-column-wrap elementor-element-populated\">\n\t\t\t\t\t\t\t<div class=\"elementor-widget-wrap\">\n\t\t\t\t\t\t<div class=\"elementor-element elementor-element-5ce2d72 elementor-widget elementor-widget-image\" data-id=\"5ce2d72\" data-element_type=\"widget\" data-widget_type=\"image.default\">\n\t\t\t\t<div class=\"elementor-widget-container\">\n\t\t\t\t\t\t\t\t<div class=\"elementor-image\">\n\t\t\t\t\t\t\t\t\t\t\t\t<img width=\"450\" height=\"253\" src=\"https:\/\/legacy.dia.edu.az\/wp-content\/uploads\/2022\/02\/IMG_20220203_133113_496-450x253.jpg\" class=\"attachment-large size-large\" alt=\"\" srcset=\"https:\/\/legacy.dia.edu.az\/wp-content\/uploads\/2022\/02\/IMG_20220203_133113_496-450x253.jpg 450w, https:\/\/legacy.dia.edu.az\/wp-content\/uploads\/2022\/02\/IMG_20220203_133113_496-200x113.jpg 200w, https:\/\/legacy.dia.edu.az\/wp-content\/uploads\/2022\/02\/IMG_20220203_133113_496-768x432.jpg 768w, https:\/\/legacy.dia.edu.az\/wp-content\/uploads\/2022\/02\/IMG_20220203_133113_496-16x9.jpg 16w, https:\/\/legacy.dia.edu.az\/wp-content\/uploads\/2022\/02\/IMG_20220203_133113_496.jpg 1280w\" sizes=\"(max-width: 450px) 100vw, 450px\" \/>\t\t\t\t\t\t\t\t\t\t\t\t\t\t<\/div>\n\t\t\t\t\t\t<\/div>\n\t\t\t\t<\/div>\n\t\t\t\t\t\t<\/div>\n\t\t\t\t\t<\/div>\n\t\t<\/div>\n\t\t\t\t<div class=\"elementor-column elementor-col-50 elementor-top-column elementor-element elementor-element-f8b829c\" data-id=\"f8b829c\" data-element_type=\"column\">\n\t\t\t<div class=\"elementor-column-wrap elementor-element-populated\">\n\t\t\t\t\t\t\t<div class=\"elementor-widget-wrap\">\n\t\t\t\t\t\t<div class=\"elementor-element elementor-element-37e5c5d elementor-widget elementor-widget-image\" data-id=\"37e5c5d\" data-element_type=\"widget\" data-widget_type=\"image.default\">\n\t\t\t\t<div class=\"elementor-widget-container\">\n\t\t\t\t\t\t\t\t<div class=\"elementor-image\">\n\t\t\t\t\t\t\t\t\t\t\t\t<img width=\"360\" height=\"450\" src=\"https:\/\/legacy.dia.edu.az\/wp-content\/uploads\/2022\/02\/IMG_20220131_203748_479-360x450.jpg\" class=\"attachment-large size-large\" alt=\"\" srcset=\"https:\/\/legacy.dia.edu.az\/wp-content\/uploads\/2022\/02\/IMG_20220131_203748_479-360x450.jpg 360w, https:\/\/legacy.dia.edu.az\/wp-content\/uploads\/2022\/02\/IMG_20220131_203748_479-160x200.jpg 160w, https:\/\/legacy.dia.edu.az\/wp-content\/uploads\/2022\/02\/IMG_20220131_203748_479-768x960.jpg 768w, https:\/\/legacy.dia.edu.az\/wp-content\/uploads\/2022\/02\/IMG_20220131_203748_479-1229x1536.jpg 1229w, https:\/\/legacy.dia.edu.az\/wp-content\/uploads\/2022\/02\/IMG_20220131_203748_479-1639x2048.jpg 1639w, https:\/\/legacy.dia.edu.az\/wp-content\/uploads\/2022\/02\/IMG_20220131_203748_479-10x12.jpg 10w, https:\/\/legacy.dia.edu.az\/wp-content\/uploads\/2022\/02\/IMG_20220131_203748_479-scaled.jpg 2048w\" sizes=\"(max-width: 360px) 100vw, 360px\" \/>\t\t\t\t\t\t\t\t\t\t\t\t\t\t<\/div>\n\t\t\t\t\t\t<\/div>\n\t\t\t\t<\/div>\n\t\t\t\t\t\t<\/div>\n\t\t\t\t\t<\/div>\n\t\t<\/div>\n\t\t\t\t\t\t\t\t<\/div>\n\t\t\t\t\t<\/div>\n\t\t<\/section>\n\t\t\t\t\t\t<\/div>\n\t\t\t\t\t\t<\/div>\n\t\t\t\t\t<\/div>","protected":false},"excerpt":{"rendered":"<p>Az\u0259rbaycan Respublikas\u0131n\u0131n Prezidenti yan\u0131nda D\u00f6vl\u0259t \u0130dar\u0259\u00e7ilik Akademiyas\u0131 T\u0259l\u0259b\u0259 G\u0259ncl\u0259r T\u0259\u015fkilat\u0131n\u0131n s\u0259dri m\u00fckafata layiq g\u00f6r\u00fcl\u00fcb01 fevral 2022-ci il tarixind\u0259 Az\u0259rbaycan Respublikas\u0131 G\u0259ncl\u0259r Fondu v\u0259 T\u0259l\u0259b\u0259 G\u0259ncl\u0259r T\u0259\u015fkilatlar\u0131 \u0130ttifaq\u0131n\u0131n birg\u0259 t\u0259\u015fkilat\u00e7\u0131l\u0131\u011f\u0131 il\u0259 T\u0259l\u0259b\u0259 G\u0259ncl\u0259r T\u0259\u015fkilatlar\u0131n\u0131n &#8220;I Strateji Planla\u015fd\u0131rma Forumu&#8221; ba\u015f tutmu\u015fdur. T\u0259dbir zaman\u0131 panel m\u00fczakir\u0259l\u0259r t\u0259\u015fkil edilmi\u015f, TGT s\u0259drl\u0259ri il\u0259 qar\u015f\u0131l\u0131ql\u0131 diskussiyalar apar\u0131lm\u0131\u015fd\u0131r.&nbsp; D\u00f6vl\u0259t \u0130dar\u0259\u00e7ilik Akademiyas\u0131 T\u0259l\u0259b\u0259 [&hellip;]<\/p>","protected":false},"author":2,"featured_media":16436,"comment_status":"closed","ping_status":"closed","sticky":false,"template":"","format":"standard","meta":[],"categories":[137],"tags":[],"_links":{"self":[{"href":"https:\/\/legacy.dia.edu.az\/en\/wp-json\/wp\/v2\/posts\/16426"}],"collection":[{"href":"https:\/\/legacy.dia.edu.az\/en\/wp-json\/wp\/v2\/posts"}],"about":[{"href":"https:\/\/legacy.dia.edu.az\/en\/wp-json\/wp\/v2\/types\/post"}],"author":[{"embeddable":true,"href":"https:\/\/legacy.dia.edu.az\/en\/wp-json\/wp\/v2\/users\/2"}],"replies":[{"embeddable":true,"href":"https:\/\/legacy.dia.edu.az\/en\/wp-json\/wp\/v2\/comments?post=16426"}],"version-history":[{"count":11,"href":"https:\/\/legacy.dia.edu.az\/en\/wp-json\/wp\/v2\/posts\/16426\/revisions"}],"predecessor-version":[{"id":16440,"href":"https:\/\/legacy.dia.edu.az\/en\/wp-json\/wp\/v2\/posts\/16426\/revisions\/16440"}],"wp:featuredmedia":[{"embeddable":true,"href":"https:\/\/legacy.dia.edu.az\/en\/wp-json\/wp\/v2\/media\/16436"}],"wp:attachment":[{"href":"https:\/\/legacy.dia.edu.az\/en\/wp-json\/wp\/v2\/media?parent=16426"}],"wp:term":[{"taxonomy":"category","embeddable":true,"href":"https:\/\/legacy.dia.edu.az\/en\/wp-json\/wp\/v2\/categories?post=16426"},{"taxonomy":"post_tag","embeddable":true,"href":"https:\/\/legacy.dia.edu.az\/en\/wp-json\/wp\/v2\/tags?post=16426"}],"curies":[{"name":"wp","href":"https:\/\/api.w.org\/{rel}","templated":true}]}}