{"id":16416,"date":"2022-02-02T18:36:17","date_gmt":"2022-02-02T15:36:17","guid":{"rendered":"https:\/\/dia.edu.az\/?p=16416"},"modified":"2022-02-02T18:40:06","modified_gmt":"2022-02-02T15:40:06","slug":"dia-da-yerli-icra-hakimiyy%c9%99tl%c9%99rinin-%c9%99m%c9%99kdaslari-ucun-novb%c9%99ti-t%c9%99lim-kecirilib","status":"publish","type":"post","link":"https:\/\/legacy.dia.edu.az\/en\/arxivl\u0259r\/16416","title":{"rendered":"D\u0130A-da yerli icra hakimiyy\u0259tl\u0259rinin \u0259m\u0259kda\u015flar\u0131 \u00fc\u00e7\u00fcn n\u00f6vb\u0259ti t\u0259lim ke\u00e7irilib"},"content":{"rendered":"<div data-elementor-type=\"wp-post\" data-elementor-id=\"16416\" class=\"elementor elementor-16416\" data-elementor-settings=\"[]\">\n\t\t\t\t\t\t<div class=\"elementor-inner\">\n\t\t\t\t\t\t\t<div class=\"elementor-section-wrap\">\n\t\t\t\t\t\t\t<section class=\"elementor-section elementor-top-section elementor-element elementor-element-f35f909 elementor-section-boxed elementor-section-height-default elementor-section-height-default\" data-id=\"f35f909\" data-element_type=\"section\">\n\t\t\t\t\t\t<div class=\"elementor-container elementor-column-gap-default\">\n\t\t\t\t\t\t\t<div class=\"elementor-row\">\n\t\t\t\t\t<div class=\"elementor-column elementor-col-100 elementor-top-column elementor-element elementor-element-d395050\" data-id=\"d395050\" data-element_type=\"column\">\n\t\t\t<div class=\"elementor-column-wrap elementor-element-populated\">\n\t\t\t\t\t\t\t<div class=\"elementor-widget-wrap\">\n\t\t\t\t\t\t<div class=\"elementor-element elementor-element-ea1d713 elementor-widget elementor-widget-text-editor\" data-id=\"ea1d713\" data-element_type=\"widget\" data-widget_type=\"text-editor.default\">\n\t\t\t\t<div class=\"elementor-widget-container\">\n\t\t\t\t\t\t\t\t<div class=\"elementor-text-editor elementor-clearfix\">\n\t\t\t\t\tD\u0130A-da yerli icra hakimiyy\u0259tl\u0259rinin \u0259m\u0259kda\u015flar\u0131 \u00fc\u00e7\u00fcn n\u00f6vb\u0259ti t\u0259lim ke\u00e7irilib\t\t\t\t\t<\/div>\n\t\t\t\t\t\t<\/div>\n\t\t\t\t<\/div>\n\t\t\t\t\t\t<\/div>\n\t\t\t\t\t<\/div>\n\t\t<\/div>\n\t\t\t\t\t\t\t\t<\/div>\n\t\t\t\t\t<\/div>\n\t\t<\/section>\n\t\t\t\t<section class=\"elementor-section elementor-top-section elementor-element elementor-element-088650e elementor-section-boxed elementor-section-height-default elementor-section-height-default\" data-id=\"088650e\" data-element_type=\"section\">\n\t\t\t\t\t\t<div class=\"elementor-container elementor-column-gap-default\">\n\t\t\t\t\t\t\t<div class=\"elementor-row\">\n\t\t\t\t\t<div class=\"elementor-column elementor-col-100 elementor-top-column elementor-element elementor-element-7d5e8e5\" data-id=\"7d5e8e5\" data-element_type=\"column\">\n\t\t\t<div class=\"elementor-column-wrap elementor-element-populated\">\n\t\t\t\t\t\t\t<div class=\"elementor-widget-wrap\">\n\t\t\t\t\t\t<div class=\"elementor-element elementor-element-3ad05a3 elementor-widget elementor-widget-text-editor\" data-id=\"3ad05a3\" data-element_type=\"widget\" data-widget_type=\"text-editor.default\">\n\t\t\t\t<div class=\"elementor-widget-container\">\n\t\t\t\t\t\t\t\t<div class=\"elementor-text-editor elementor-clearfix\">\n\t\t\t\t\t<p style=\"text-align: justify;\">D&ouml;vl\u0259t \u0130dar\u0259&ccedil;ilik Akademiyas\u0131n\u0131n (D\u0130A) R\u0259hb\u0259r D&ouml;vl\u0259t \u0130dar\u0259&ccedil;iliyi Kadrlar\u0131n\u0131n \u0130xtisas\u0131n\u0131n Art\u0131r\u0131lmas\u0131 \u0130nstitutu yerli icra hakimiyy\u0259tl\u0259rinin Sosial iqtisadi inki\u015faf\u0131n t\u0259hlili v\u0259 proqnozla\u015fd\u0131r\u0131lmas\u0131 \u015f&ouml;b\u0259l\u0259rinin m&uuml;dirl\u0259ri v\u0259 \u0259m\u0259kda\u015flar\u0131 &uuml;&ccedil;&uuml;n n&ouml;vb\u0259ti onlayn t\u0259lim ke&ccedil;irib.<\/p>\n<p style=\"text-align: justify;\">Az\u0259rbaycan Respublikas\u0131n\u0131n Prezidenti \u0130lham \u018fliyevin &ldquo;Az\u0259rbaycan 2030: sosial-iqtisadi inki\u015fafa dair Milli Prioritetl\u0259r&rdquo;l\u0259 ba\u011fl\u0131 2021-ci il 2 fevral tarixli S\u0259r\u0259ncam\u0131na \u0259sas\u0259n yerli icra hakimiyy\u0259tl\u0259rinin \u0259m\u0259kda\u015flar\u0131 &uuml;&ccedil;&uuml;n tarixi z\u0259f\u0259rd\u0259n sonra &ouml;lk\u0259mizin daxil oldu\u011fu yeni tarixi inki\u015faf m\u0259rh\u0259l\u0259sin\u0259 h\u0259sr olunub.<\/p>\n<p style=\"text-align: justify;\">T\u0259dbird\u0259 D&ouml;vl\u0259t \u0130dar\u0259&ccedil;ilik Akademiyas\u0131n\u0131n rektoru akademik Urxan \u018fl\u0259kb\u0259rov daim yenil\u0259n\u0259n &ldquo;Prezident \u0130lham \u018fliyevin innovativ idar\u0259&ccedil;ilik texnologiyalar\u0131 v\u0259 Az\u0259rbaycan Respublikas\u0131n\u0131n siyasi, iqtisadi, h\u0259rbi u\u011furlar\u0131&rdquo; adl\u0131 m\u0259ruz\u0259 il\u0259 &ccedil;\u0131x\u0131\u015f edib. Akademik Urxan \u018fl\u0259kb\u0259rov m&uuml;st\u0259qil d&ouml;vl\u0259timizin qurucusu &uuml;mummilli lider Heyd\u0259r \u018fliyevin tarixi xidm\u0259tl\u0259rini xat\u0131rlad\u0131b. Rektor qeyd edib ki, bu g&uuml;n dahi r\u0259hb\u0259r Heyd\u0259r \u018fliyev t\u0259r\u0259find\u0259n \u0259sas\u0131 qoyulan v\u0259 Prezident \u0130lham \u018fliyevin u\u011furla inki\u015faf etdirdiyi innovativ idar\u0259etm\u0259 texnologiyalar\u0131n\u0131n n\u0259z\u0259ri \u0259saslar\u0131n\u0131n i\u015fl\u0259nilm\u0259si, onlar\u0131n t\u0259cr&uuml;b\u0259d\u0259 t\u0259tbiqi n\u0259tic\u0259sind\u0259 bir &ccedil;ox u\u011furlara imza at\u0131l\u0131b. U.\u018fl\u0259kb\u0259rov m&uuml;st\u0259qil &ouml;lk\u0259mizin u\u011furlu inki\u015faf\u0131nda Az\u0259rbaycan Respublikas\u0131n\u0131n Birinci vitse-prezidenti Mehriban xan\u0131m \u018fliyevan\u0131n x&uuml;susi rolu oldu\u011funu diqq\u0259t\u0259 &ccedil;atd\u0131r\u0131b.<\/p>\n<p style=\"text-align: justify;\">Akademik 44 g&uuml;nl&uuml;k V\u0259t\u0259n m&uuml;harib\u0259sind\u0259n, M&uuml;z\u0259ff\u0259r Ali Ba\u015f Komandan \u0130lham \u018fliyevin r\u0259hb\u0259rliyi il\u0259 q&uuml;dr\u0259tli Az\u0259rbaycan Ordusunun d&uuml;\u015fm\u0259n &uuml;z\u0259rind\u0259 qazand\u0131\u011f\u0131 parlaq Q\u0259l\u0259b\u0259d\u0259n s&ouml;z a&ccedil;\u0131b. \u0130kinci Qaraba\u011f m&uuml;harib\u0259sind\u0259 Az\u0259rbaycan Ordusunun, v\u0259t\u0259np\u0259rv\u0259r g\u0259ncl\u0259rinin q\u0259hr\u0259manl\u0131\u011f\u0131n\u0131, m&uuml;barizliyini x&uuml;susi vur\u011fulay\u0131b. Daha sonra rektor Urxan \u018fl\u0259kb\u0259rov i\u015f\u011faldan azad olunmu\u015f \u0259razil\u0259rd\u0259 apar\u0131lan quruculuq i\u015fl\u0259rind\u0259n, &ouml;lk\u0259mizin m&uuml;st\u0259qillik \u0259ld\u0259 etdikd\u0259n bu g&uuml;n\u0259d\u0259k qazan\u0131lan siyasi, iqtisadi, h\u0259rbi u\u011furlar\u0131ndan, prioritetl\u0259rind\u0259n, inkl&uuml;ziv inki\u015faf\u0131n idar\u0259 edilm\u0259si sah\u0259sind\u0259ki &ouml;lk\u0259nin \u0259ld\u0259 etdiyi nailiyy\u0259tl\u0259r bar\u0259d\u0259 geni\u015f m\u0259lumat verib.<\/p>\n<p style=\"text-align: justify;\">T\u0259lim diskussiya format\u0131nda davam edib v\u0259 u\u011furla ba\u015fa &ccedil;at\u0131b.<\/p>\t\t\t\t\t<\/div>\n\t\t\t\t\t\t<\/div>\n\t\t\t\t<\/div>\n\t\t\t\t\t\t<\/div>\n\t\t\t\t\t<\/div>\n\t\t<\/div>\n\t\t\t\t\t\t\t\t<\/div>\n\t\t\t\t\t<\/div>\n\t\t<\/section>\n\t\t\t\t\t\t<\/div>\n\t\t\t\t\t\t<\/div>\n\t\t\t\t\t<\/div>","protected":false},"excerpt":{"rendered":"<p>D\u0130A-da yerli icra hakimiyy\u0259tl\u0259rinin \u0259m\u0259kda\u015flar\u0131 \u00fc\u00e7\u00fcn n\u00f6vb\u0259ti t\u0259lim ke\u00e7irilib D\u00f6vl\u0259t \u0130dar\u0259\u00e7ilik Akademiyas\u0131n\u0131n (D\u0130A) R\u0259hb\u0259r D\u00f6vl\u0259t \u0130dar\u0259\u00e7iliyi Kadrlar\u0131n\u0131n \u0130xtisas\u0131n\u0131n Art\u0131r\u0131lmas\u0131 \u0130nstitutu yerli icra hakimiyy\u0259tl\u0259rinin Sosial iqtisadi inki\u015faf\u0131n t\u0259hlili v\u0259 proqnozla\u015fd\u0131r\u0131lmas\u0131 \u015f\u00f6b\u0259l\u0259rinin m\u00fcdirl\u0259ri v\u0259 \u0259m\u0259kda\u015flar\u0131 \u00fc\u00e7\u00fcn n\u00f6vb\u0259ti onlayn t\u0259lim ke\u00e7irib. Az\u0259rbaycan Respublikas\u0131n\u0131n Prezidenti \u0130lham \u018fliyevin \u201cAz\u0259rbaycan 2030: sosial-iqtisadi inki\u015fafa dair Milli Prioritetl\u0259r\u201dl\u0259 ba\u011fl\u0131 2021-ci il 2 fevral [&hellip;]<\/p>","protected":false},"author":2,"featured_media":16421,"comment_status":"closed","ping_status":"closed","sticky":false,"template":"","format":"standard","meta":[],"categories":[137],"tags":[],"_links":{"self":[{"href":"https:\/\/legacy.dia.edu.az\/en\/wp-json\/wp\/v2\/posts\/16416"}],"collection":[{"href":"https:\/\/legacy.dia.edu.az\/en\/wp-json\/wp\/v2\/posts"}],"about":[{"href":"https:\/\/legacy.dia.edu.az\/en\/wp-json\/wp\/v2\/types\/post"}],"author":[{"embeddable":true,"href":"https:\/\/legacy.dia.edu.az\/en\/wp-json\/wp\/v2\/users\/2"}],"replies":[{"embeddable":true,"href":"https:\/\/legacy.dia.edu.az\/en\/wp-json\/wp\/v2\/comments?post=16416"}],"version-history":[{"count":5,"href":"https:\/\/legacy.dia.edu.az\/en\/wp-json\/wp\/v2\/posts\/16416\/revisions"}],"predecessor-version":[{"id":16422,"href":"https:\/\/legacy.dia.edu.az\/en\/wp-json\/wp\/v2\/posts\/16416\/revisions\/16422"}],"wp:featuredmedia":[{"embeddable":true,"href":"https:\/\/legacy.dia.edu.az\/en\/wp-json\/wp\/v2\/media\/16421"}],"wp:attachment":[{"href":"https:\/\/legacy.dia.edu.az\/en\/wp-json\/wp\/v2\/media?parent=16416"}],"wp:term":[{"taxonomy":"category","embeddable":true,"href":"https:\/\/legacy.dia.edu.az\/en\/wp-json\/wp\/v2\/categories?post=16416"},{"taxonomy":"post_tag","embeddable":true,"href":"https:\/\/legacy.dia.edu.az\/en\/wp-json\/wp\/v2\/tags?post=16416"}],"curies":[{"name":"wp","href":"https:\/\/api.w.org\/{rel}","templated":true}]}}