{"id":16363,"date":"2022-01-29T11:12:37","date_gmt":"2022-01-29T08:12:37","guid":{"rendered":"https:\/\/dia.edu.az\/?p=16363"},"modified":"2022-01-29T11:15:53","modified_gmt":"2022-01-29T08:15:53","slug":"turkiy%c9%99nin-anadolu-universitetinin-numay%c9%99nd%c9%99-hey%c9%99ti-dovl%c9%99t-idar%c9%99cilik-akademiyasinda","status":"publish","type":"post","link":"https:\/\/legacy.dia.edu.az\/en\/arxivl\u0259r\/16363","title":{"rendered":"T\u00fcrkiy\u0259nin Anadolu Universitetinin n\u00fcmay\u0259nd\u0259 hey\u0259ti D\u00f6vl\u0259t \u0130dar\u0259\u00e7ilik Akademiyas\u0131nda"},"content":{"rendered":"<div data-elementor-type=\"wp-post\" data-elementor-id=\"16363\" class=\"elementor elementor-16363\" data-elementor-settings=\"[]\">\n\t\t\t\t\t\t<div class=\"elementor-inner\">\n\t\t\t\t\t\t\t<div class=\"elementor-section-wrap\">\n\t\t\t\t\t\t\t<section class=\"elementor-section elementor-top-section elementor-element elementor-element-6a776d5 elementor-section-boxed elementor-section-height-default elementor-section-height-default\" data-id=\"6a776d5\" data-element_type=\"section\">\n\t\t\t\t\t\t<div class=\"elementor-container elementor-column-gap-default\">\n\t\t\t\t\t\t\t<div class=\"elementor-row\">\n\t\t\t\t\t<div class=\"elementor-column elementor-col-100 elementor-top-column elementor-element elementor-element-9f58825\" data-id=\"9f58825\" data-element_type=\"column\">\n\t\t\t<div class=\"elementor-column-wrap elementor-element-populated\">\n\t\t\t\t\t\t\t<div class=\"elementor-widget-wrap\">\n\t\t\t\t\t\t<div class=\"elementor-element elementor-element-3acaa6f elementor-widget elementor-widget-text-editor\" data-id=\"3acaa6f\" data-element_type=\"widget\" data-widget_type=\"text-editor.default\">\n\t\t\t\t<div class=\"elementor-widget-container\">\n\t\t\t\t\t\t\t\t<div class=\"elementor-text-editor elementor-clearfix\">\n\t\t\t\t\tT\u00fcrkiy\u0259nin Anadolu Universitetinin n\u00fcmay\u0259nd\u0259 hey\u0259ti D\u00f6vl\u0259t \u0130dar\u0259\u00e7ilik Akademiyas\u0131nda\t\t\t\t\t<\/div>\n\t\t\t\t\t\t<\/div>\n\t\t\t\t<\/div>\n\t\t\t\t\t\t<\/div>\n\t\t\t\t\t<\/div>\n\t\t<\/div>\n\t\t\t\t\t\t\t\t<\/div>\n\t\t\t\t\t<\/div>\n\t\t<\/section>\n\t\t\t\t<section class=\"elementor-section elementor-top-section elementor-element elementor-element-f2769ed elementor-section-boxed elementor-section-height-default elementor-section-height-default\" data-id=\"f2769ed\" data-element_type=\"section\">\n\t\t\t\t\t\t<div class=\"elementor-container elementor-column-gap-default\">\n\t\t\t\t\t\t\t<div class=\"elementor-row\">\n\t\t\t\t\t<div class=\"elementor-column elementor-col-100 elementor-top-column elementor-element elementor-element-dbd257a\" data-id=\"dbd257a\" data-element_type=\"column\">\n\t\t\t<div class=\"elementor-column-wrap elementor-element-populated\">\n\t\t\t\t\t\t\t<div class=\"elementor-widget-wrap\">\n\t\t\t\t\t\t<div class=\"elementor-element elementor-element-43b7fec elementor-widget elementor-widget-text-editor\" data-id=\"43b7fec\" data-element_type=\"widget\" data-widget_type=\"text-editor.default\">\n\t\t\t\t<div class=\"elementor-widget-container\">\n\t\t\t\t\t\t\t\t<div class=\"elementor-text-editor elementor-clearfix\">\n\t\t\t\t\t<p style=\"text-align: justify;\">T&uuml;rkiy\u0259nin Anadolu Universitetinin rektoru professor Fuat Erdal\u0131n r\u0259hb\u0259rlik etdiyi n&uuml;may\u0259nd\u0259 hey\u0259ti Az\u0259rbaycan Respublikas\u0131n\u0131n Prezidenti yan\u0131nda D&ouml;vl\u0259t \u0130dar\u0259&ccedil;ilik Akademiyas\u0131nda&nbsp; olub.<\/p>\n<p style=\"text-align: justify;\">T&uuml;rkiy\u0259nin Anadolu Universitetind\u0259 m&uuml;asir d&ouml;vr&uuml;n t\u0259l\u0259bl\u0259rin\u0259 cavab ver\u0259n qlobal distant t\u0259dris sistemi qurulub. T&uuml;rkiy\u0259d\u0259 v\u0259 30-dan &ccedil;ox &ouml;lk\u0259d\u0259 distant formada ali t\u0259hsil alan t\u0259l\u0259b\u0259 say\u0131na g&ouml;r\u0259 d&uuml;nya universitetl\u0259ri s\u0131ras\u0131nda 3-c&uuml;, Avropa universitetl\u0259ri aras\u0131nda is\u0259 1-ci yerd\u0259dir. Distant t\u0259hsil sah\u0259sind\u0259 36 ild\u0259n &ccedil;ox t\u0259cr&uuml;b\u0259si olan Anadolu Universiteti t\u0259l\u0259b\u0259l\u0259rinin say\u0131 haz\u0131rda 1,5 milyon n\u0259f\u0259rdir.<\/p>\n<p style=\"text-align: justify;\">2013-c&uuml; ild\u0259 Az\u0259rbaycan Respublikas\u0131n\u0131n Prezidenti yan\u0131nda D&ouml;vl\u0259t \u0130dar\u0259&ccedil;ilik Akademiyas\u0131 il\u0259 Anadolu Universiteti aras\u0131nda t\u0259hsil sah\u0259sind\u0259 \u0259m\u0259kda\u015fl\u0131q protokolu, h\u0259min ild\u0259 &ldquo;Mevlana&rdquo; m&uuml;badil\u0259 proqram\u0131 &ccedil;\u0259r&ccedil;iv\u0259sind\u0259 protokol imzalan\u0131b. 2013-c&uuml; ilin may ay\u0131n\u0131n 7-d\u0259 Anadolu Universitetind\u0259 yarad\u0131lan &ldquo;Heyd\u0259r \u018fliyev M\u0259lumat v\u0259 Ara\u015fd\u0131rma M\u0259rk\u0259zi&rdquo;nin v\u0259 bu M\u0259rk\u0259zd\u0259ki Heyd\u0259r \u018fliyev b&uuml;st&uuml;n&uuml;n t\u0259nt\u0259n\u0259li a&ccedil;\u0131l\u0131\u015f m\u0259rasimi ke&ccedil;irilib. Ulu &ouml;nd\u0259r Heyd\u0259r \u018fliyevin 90 illik yubileyi m&uuml;nasib\u0259til\u0259 Anadolu Universitetinin t\u0259\u015fkil etdiyi silsil\u0259 t\u0259dbirl\u0259rd\u0259 Az\u0259rbaycan n&uuml;may\u0259nd\u0259 hey\u0259tinin t\u0259rkibind\u0259 D\u0130A-n\u0131n \u0259m\u0259kda\u015flar\u0131 da i\u015ftirak edibl\u0259r.<\/p>\n<p style=\"text-align: justify;\">D\u0130A-da ke&ccedil;iril\u0259n g&ouml;r&uuml;\u015fd\u0259 \u0259sas\u0259n universitetl\u0259raras\u0131 m&uuml;\u0259llim-t\u0259l\u0259b\u0259 m&uuml;badil\u0259si, imzalanan s\u0259n\u0259dl\u0259rin icra v\u0259ziyy\u0259ti, yeni istiqam\u0259tl\u0259r &uuml;zr\u0259 layih\u0259l\u0259rin t\u0259min edilm\u0259si, d&ouml;vl\u0259t qulluq&ccedil;ular\u0131n\u0131n t\u0259lim v\u0259 inki\u015faf\u0131 &uuml;&ccedil;&uuml;n vasit\u0259l\u0259rin m&uuml;badil\u0259sin\u0259 y&ouml;n\u0259l\u0259n f\u0259aliyy\u0259t v\u0259 distant t\u0259hsilin g\u0259l\u0259c\u0259kd\u0259 geni\u015fl\u0259nm\u0259sinin aktuall\u0131\u011f\u0131 bar\u0259d\u0259 fikir m&uuml;badil\u0259si apar\u0131l\u0131b.<\/p>\n<p style=\"text-align: justify;\">D&ouml;vl\u0259t \u0130dar\u0259&ccedil;ilik Akademiyas\u0131n\u0131n rektoru akademik Urxan \u018fl\u0259kb\u0259rov Az\u0259rbaycan\u0131n s&uuml;r\u0259tl\u0259 inki\u015faf etdiyini bildirib. Rektor qeyd olunan u\u011furlar\u0131n t\u0259m\u0259lind\u0259 \u0259sas\u0131 ulu &ouml;nd\u0259r Heyd\u0259r \u018fliyev t\u0259r\u0259find\u0259n qoyulmu\u015f v\u0259 Prezident \u0130lham \u018fliyevin yarad\u0131c\u0131l\u0131qla inki\u015faf etdirdiyi innovativ d&ouml;vl\u0259t idar\u0259&ccedil;iliyi strategiyas\u0131n\u0131n oldu\u011funu x&uuml;susi vur\u011fulay\u0131b. U.\u018fl\u0259kb\u0259rov qazan\u0131lan u\u011furlar\u0131n V\u0259t\u0259n m&uuml;harib\u0259sind\u0259ki parlaq Q\u0259l\u0259b\u0259d\u0259 b&ouml;y&uuml;k rolunun oldu\u011funu da qeyd edib. Akademik bildirib ki, Az\u0259rbaycan\u0131n haz\u0131rk\u0131 davaml\u0131 inki\u015faf\u0131 d&ouml;vl\u0259t idar\u0259&ccedil;iliyi sah\u0259sind\u0259 realla\u015fd\u0131r\u0131lan ard\u0131c\u0131l u\u011furlu islahatlar\u0131n n\u0259tic\u0259sidir.<\/p>\n<p style=\"text-align: justify;\">Rektor Az\u0259rbaycan Respublikas\u0131n\u0131n b&uuml;t&uuml;n d&uuml;nya &uuml;&ccedil;&uuml;n prioritet kimi q\u0259bul edil\u0259n inkl&uuml;ziv inki\u015faf siyas\u0259tini s\u0259m\u0259r\u0259li \u015f\u0259kild\u0259 realla\u015fd\u0131ran d&uuml;nya lideri oldu\u011funu qeyd edib.<\/p>\n<p style=\"text-align: justify;\">Rektor inkl&uuml;ziv inki\u015faf sah\u0259sind\u0259 Az\u0259rbaycan Respublikas\u0131n\u0131n y&uuml;ks\u0259k g&ouml;st\u0259ricil\u0259r \u0259ld\u0259 etm\u0259si v\u0259 sosial siyas\u0259tin realla\u015fd\u0131r\u0131lmas\u0131 bax\u0131m\u0131ndan d&uuml;nya liderin\u0259 &ccedil;evrilm\u0259sind\u0259 Az\u0259rbaycan Respublikas\u0131n\u0131n Birinci vitse-prezidenti, Heyd\u0259r \u018fliyev Fondunun prezidenti Mehriban xan\u0131m \u018fliyevan\u0131n m&uuml;st\u0259sna xidm\u0259tl\u0259rini vur\u011fulay\u0131b.<\/p>\n<p style=\"text-align: justify;\">Anadolu Universitetinin rektoru professor Fuat Erdal &ccedil;\u0131x\u0131\u015f ed\u0259r\u0259k D\u0130A il\u0259 imzalanan s\u0259n\u0259dl\u0259rin v\u0259 \u0259m\u0259kda\u015fl\u0131\u011f\u0131n \u0259h\u0259miyy\u0259tind\u0259n dan\u0131\u015f\u0131b.<\/p>\n<p style=\"text-align: justify;\">Rektor r\u0259hb\u0259rlik etdiyi universitet haqq\u0131nda geni\u015f m\u0259lumat ver\u0259r\u0259k postpandemiya d&ouml;n\u0259mind\u0259n sonra da distant t\u0259hsilin aktuall\u0131\u011f\u0131n\u0131 bildirib. O qeyd edib ki, Anadolu Universiteti q\u0131sa zamanda &ouml;lk\u0259nin v\u0259 d&uuml;nyan\u0131n b&ouml;y&uuml;k universitetl\u0259ri aras\u0131nda m&uuml;asir, dinamik v\u0259 yenilik&ccedil;i bir universitet olaraq yerini al\u0131b. Elm, m\u0259d\u0259niyy\u0259t, eyni zamanda, bir g\u0259nclik \u015f\u0259h\u0259ri olaraq xarakteriz\u0259 edil\u0259n \u018fski\u015f\u0259h\u0259rin m\u0259rk\u0259zind\u0259 yerl\u0259\u015f\u0259n Anadolu Universiteti 12 fak&uuml;lt\u0259, 1 D&ouml;vl\u0259t Konservatoriyas\u0131 olmaqla 3 ali m\u0259kt\u0259b, 2 pe\u015f\u0259 m\u0259kt\u0259bi, magistratura v\u0259 doktorantura s\u0259viyy\u0259sind\u0259 olan 6 institut v\u0259 30 ara\u015fd\u0131rma m\u0259rk\u0259zind\u0259n ibar\u0259tdir. Bu g&uuml;n Anadolu Universiteti T&uuml;rkiy\u0259 v\u0259 30-dan &ccedil;ox &ouml;lk\u0259d\u0259 distant formada ali t\u0259hsil verir.<\/p>\n<p style=\"text-align: justify;\">G&ouml;r&uuml;\u015fd\u0259 Anadolu Universitetinin prorektorlar\u0131 professor \u0130brahim Kaya, professor Ali Resul &Uuml;sul, Az\u0259rbaycan-T&uuml;rkiy\u0259 \u0130\u015f Adamlar\u0131 Birliyinin \u0130dar\u0259 Hey\u0259tinin s\u0259dri Cemal Yan\u011f\u0131n, Anadolu Universitetinin Az\u0259rbaycan Proqramlar\u0131 koordinatoru Az\u0259r H\u0259t\u0259mov, D&ouml;vl\u0259t \u0130dar\u0259&ccedil;ilik Akademiyas\u0131ndan is\u0259 prorektorlar professor \u018flikram Abdullayev, dosent C\u0259f\u0259r Eyvazl\u0131, \u015f&ouml;b\u0259 m&uuml;dirl\u0259ri professor Ziyaf\u0259t H\u0259bibova, dosentl\u0259r R\u0259c\u0259b R\u0259himli, Yusif A\u011fayev i\u015ftirak edibl\u0259r.<\/p>\n<p style=\"text-align: justify;\">G&ouml;r&uuml;\u015fd\u0259 &ccedil;\u0131x\u0131\u015f ed\u0259nl\u0259r h\u0259r iki t\u0259hsil v\u0259 t\u0259dqiqat m\u0259rk\u0259zl\u0259rinin \u0259m\u0259kda\u015fl\u0131\u011f\u0131n\u0131n g\u0259l\u0259c\u0259kd\u0259 s\u0259m\u0259r\u0259li olaca\u011f\u0131na \u0259minlikl\u0259rini vur\u011fulay\u0131blar. Eyni zamanda, g\u0259l\u0259c\u0259kd\u0259 birg\u0259 f\u0259aliyy\u0259t\u0259 dair imzalanan memorandumun praktik icras\u0131n\u0131n t\u0259min edilm\u0259si il\u0259 ba\u011fl\u0131 fikir m&uuml;badil\u0259si apar\u0131l\u0131b v\u0259 f\u0259aliyy\u0259t istiqam\u0259tl\u0259ri m&uuml;\u0259yy\u0259nl\u0259\u015fdirilib.<\/p>\t\t\t\t\t<\/div>\n\t\t\t\t\t\t<\/div>\n\t\t\t\t<\/div>\n\t\t\t\t\t\t<\/div>\n\t\t\t\t\t<\/div>\n\t\t<\/div>\n\t\t\t\t\t\t\t\t<\/div>\n\t\t\t\t\t<\/div>\n\t\t<\/section>\n\t\t\t\t\t\t<\/div>\n\t\t\t\t\t\t<\/div>\n\t\t\t\t\t<\/div>","protected":false},"excerpt":{"rendered":"<p>T\u00fcrkiy\u0259nin Anadolu Universitetinin n\u00fcmay\u0259nd\u0259 hey\u0259ti D\u00f6vl\u0259t \u0130dar\u0259\u00e7ilik Akademiyas\u0131nda T\u00fcrkiy\u0259nin Anadolu Universitetinin rektoru professor Fuat Erdal\u0131n r\u0259hb\u0259rlik etdiyi n\u00fcmay\u0259nd\u0259 hey\u0259ti Az\u0259rbaycan Respublikas\u0131n\u0131n Prezidenti yan\u0131nda D\u00f6vl\u0259t \u0130dar\u0259\u00e7ilik Akademiyas\u0131nda&nbsp; olub. T\u00fcrkiy\u0259nin Anadolu Universitetind\u0259 m\u00fcasir d\u00f6vr\u00fcn t\u0259l\u0259bl\u0259rin\u0259 cavab ver\u0259n qlobal distant t\u0259dris sistemi qurulub. T\u00fcrkiy\u0259d\u0259 v\u0259 30-dan \u00e7ox \u00f6lk\u0259d\u0259 distant formada ali t\u0259hsil alan t\u0259l\u0259b\u0259 say\u0131na g\u00f6r\u0259 d\u00fcnya universitetl\u0259ri [&hellip;]<\/p>","protected":false},"author":2,"featured_media":16367,"comment_status":"closed","ping_status":"closed","sticky":false,"template":"","format":"standard","meta":[],"categories":[137],"tags":[],"_links":{"self":[{"href":"https:\/\/legacy.dia.edu.az\/en\/wp-json\/wp\/v2\/posts\/16363"}],"collection":[{"href":"https:\/\/legacy.dia.edu.az\/en\/wp-json\/wp\/v2\/posts"}],"about":[{"href":"https:\/\/legacy.dia.edu.az\/en\/wp-json\/wp\/v2\/types\/post"}],"author":[{"embeddable":true,"href":"https:\/\/legacy.dia.edu.az\/en\/wp-json\/wp\/v2\/users\/2"}],"replies":[{"embeddable":true,"href":"https:\/\/legacy.dia.edu.az\/en\/wp-json\/wp\/v2\/comments?post=16363"}],"version-history":[{"count":4,"href":"https:\/\/legacy.dia.edu.az\/en\/wp-json\/wp\/v2\/posts\/16363\/revisions"}],"predecessor-version":[{"id":16368,"href":"https:\/\/legacy.dia.edu.az\/en\/wp-json\/wp\/v2\/posts\/16363\/revisions\/16368"}],"wp:featuredmedia":[{"embeddable":true,"href":"https:\/\/legacy.dia.edu.az\/en\/wp-json\/wp\/v2\/media\/16367"}],"wp:attachment":[{"href":"https:\/\/legacy.dia.edu.az\/en\/wp-json\/wp\/v2\/media?parent=16363"}],"wp:term":[{"taxonomy":"category","embeddable":true,"href":"https:\/\/legacy.dia.edu.az\/en\/wp-json\/wp\/v2\/categories?post=16363"},{"taxonomy":"post_tag","embeddable":true,"href":"https:\/\/legacy.dia.edu.az\/en\/wp-json\/wp\/v2\/tags?post=16363"}],"curies":[{"name":"wp","href":"https:\/\/api.w.org\/{rel}","templated":true}]}}