{"id":16194,"date":"2022-01-12T15:44:49","date_gmt":"2022-01-12T12:44:49","guid":{"rendered":"https:\/\/dia.edu.az\/?p=16194"},"modified":"2022-01-12T15:52:21","modified_gmt":"2022-01-12T12:52:21","slug":"az%c9%99rbaycan-respublikasinin-ugurlari-beyn%c9%99lxalq-elmi-n%c9%99srd%c9%99-cap-olunub","status":"publish","type":"post","link":"https:\/\/legacy.dia.edu.az\/en\/arxivl\u0259r\/16194","title":{"rendered":"Az\u0259rbaycan Respublikas\u0131n\u0131n u\u011furlar\u0131 beyn\u0259lxalq elmi n\u0259\u015frd\u0259 \u00e7ap olunub"},"content":{"rendered":"<div data-elementor-type=\"wp-post\" data-elementor-id=\"16194\" class=\"elementor elementor-16194\" data-elementor-settings=\"[]\">\n\t\t\t\t\t\t<div class=\"elementor-inner\">\n\t\t\t\t\t\t\t<div class=\"elementor-section-wrap\">\n\t\t\t\t\t\t\t<section class=\"elementor-section elementor-top-section elementor-element elementor-element-c427457 elementor-section-boxed elementor-section-height-default elementor-section-height-default\" data-id=\"c427457\" data-element_type=\"section\">\n\t\t\t\t\t\t<div class=\"elementor-container elementor-column-gap-default\">\n\t\t\t\t\t\t\t<div class=\"elementor-row\">\n\t\t\t\t\t<div class=\"elementor-column elementor-col-100 elementor-top-column elementor-element elementor-element-2453a98\" data-id=\"2453a98\" data-element_type=\"column\">\n\t\t\t<div class=\"elementor-column-wrap elementor-element-populated\">\n\t\t\t\t\t\t\t<div class=\"elementor-widget-wrap\">\n\t\t\t\t\t\t<div class=\"elementor-element elementor-element-1564182 elementor-widget elementor-widget-text-editor\" data-id=\"1564182\" data-element_type=\"widget\" data-widget_type=\"text-editor.default\">\n\t\t\t\t<div class=\"elementor-widget-container\">\n\t\t\t\t\t\t\t\t<div class=\"elementor-text-editor elementor-clearfix\">\n\t\t\t\t\tAz\u0259rbaycan Respublikas\u0131n\u0131n u\u011furlar\u0131 beyn\u0259lxalq elmi n\u0259\u015frd\u0259 \u00e7ap olunub\t\t\t\t\t<\/div>\n\t\t\t\t\t\t<\/div>\n\t\t\t\t<\/div>\n\t\t\t\t\t\t<\/div>\n\t\t\t\t\t<\/div>\n\t\t<\/div>\n\t\t\t\t\t\t\t\t<\/div>\n\t\t\t\t\t<\/div>\n\t\t<\/section>\n\t\t\t\t<section class=\"elementor-section elementor-top-section elementor-element elementor-element-8308818 elementor-section-boxed elementor-section-height-default elementor-section-height-default\" data-id=\"8308818\" data-element_type=\"section\">\n\t\t\t\t\t\t<div class=\"elementor-container elementor-column-gap-default\">\n\t\t\t\t\t\t\t<div class=\"elementor-row\">\n\t\t\t\t\t<div class=\"elementor-column elementor-col-100 elementor-top-column elementor-element elementor-element-44968ad\" data-id=\"44968ad\" data-element_type=\"column\">\n\t\t\t<div class=\"elementor-column-wrap elementor-element-populated\">\n\t\t\t\t\t\t\t<div class=\"elementor-widget-wrap\">\n\t\t\t\t\t\t<div class=\"elementor-element elementor-element-39797ba elementor-widget elementor-widget-text-editor\" data-id=\"39797ba\" data-element_type=\"widget\" data-widget_type=\"text-editor.default\">\n\t\t\t\t<div class=\"elementor-widget-container\">\n\t\t\t\t\t\t\t\t<div class=\"elementor-text-editor elementor-clearfix\">\n\t\t\t\t\t<p style=\"text-align: justify;\">2021-ci ild\u0259 SSR\u0130-nin s&uuml;qutunun 30 illiyi m&uuml;nasib\u0259til\u0259 Moskvada d&uuml;nyan\u0131n m&uuml;xt\u0259lif &ouml;lk\u0259l\u0259rind\u0259n olan n&uuml;fuzlu ekspertl\u0259r, d&ouml;vl\u0259t qurumlar\u0131 t\u0259msil&ccedil;il\u0259ri, ictimai v\u0259 siyasi xadiml\u0259rin i\u015ftirak\u0131 il\u0259 beyn\u0259lxalq forum ke&ccedil;irilib. Forumda Az\u0259rbaycan\u0131 Az\u0259rbaycan Respublikas\u0131n\u0131n Prezidenti yan\u0131nda D&ouml;vl\u0259t \u0130dar\u0259&ccedil;ilik Akademiyas\u0131n\u0131n rektoru akademik Urxan \u018fl\u0259kb\u0259rov t\u0259msil edib. &ldquo;Rusiya v\u0259 d&uuml;nya pandemiyadan sonra&rdquo; ba\u015fl\u0131\u011f\u0131 alt\u0131nda ke&ccedil;iril\u0259n forum &ccedil;\u0259r&ccedil;iv\u0259sind\u0259 Rusiya Xalq T\u0259s\u0259rr&uuml;fat\u0131 v\u0259 D&ouml;vl\u0259t Qullu\u011fu Akademiyas\u0131n\u0131n t\u0259\u015fkilat&ccedil;\u0131l\u0131\u011f\u0131 il\u0259 n\u0259\u015fr olunan &ldquo;Postsovet m\u0259kan\u0131 &ouml;lk\u0259l\u0259rind\u0259 d&ouml;vl\u0259t idar\u0259&ccedil;iliyinin t\u0259kam&uuml;l&uuml;&rdquo; adl\u0131 informasiya-analitik toplunun t\u0259qdimat\u0131 olub. Toplunun t\u0259qdimat\u0131na haz\u0131rda Avropa \u0130ttifaq\u0131 &uuml;zv&uuml; olan b&uuml;t&uuml;n postsovet &ouml;lk\u0259l\u0259rinin apar\u0131c\u0131 idar\u0259&ccedil;ilik m\u0259kt\u0259bl\u0259rinin r\u0259hb\u0259rl\u0259ri qat\u0131l\u0131blar. Qeyd ed\u0259k ki, s&ouml;z&uuml;ged\u0259n topluda postsovet m\u0259kan\u0131nda formala\u015fan m&uuml;st\u0259qil &ouml;lk\u0259l\u0259rin d&ouml;vl\u0259t idar\u0259&ccedil;ilik sisteml\u0259rinin inki\u015faf\u0131na milli bax\u0131\u015flar \u0259ksini tap\u0131b. Bel\u0259likl\u0259, n\u0259\u015frin ba\u015fl\u0131ca m\u0259qs\u0259di h\u0259r bir ke&ccedil;mi\u015f SSR\u0130 respublikas\u0131n\u0131n son 30 ild\u0259 ke&ccedil;diyi yolun d\u0259rk edilm\u0259si, qazan\u0131lan nailiyy\u0259tl\u0259rin v\u0259 d&ouml;vl\u0259t idar\u0259&ccedil;iliyinin inki\u015faf perspektivl\u0259rinin d\u0259y\u0259rl\u0259ndirilm\u0259sidir. Az\u0259rbaycana h\u0259sr olunan analitik icmal\u0131 Az\u0259rbaycan Respublikas\u0131n\u0131n Prezidenti yan\u0131nda D&ouml;vl\u0259t \u0130dar\u0259&ccedil;ilik Akademiyas\u0131n\u0131n rektoru akademik Urxan \u018fl\u0259kb\u0259rov, Rusiya Xalq T\u0259s\u0259rr&uuml;fat\u0131 v\u0259 D&ouml;vl\u0259t Qullu\u011fu Akademiyas\u0131n\u0131n professoru Nizami M\u0259mm\u0259dov, D\u0130A-n\u0131n T\u0259dris metodiki v\u0259 analitika \u015f&ouml;b\u0259sinin m&uuml;diri professor Ziyaf\u0259t H\u0259bibova v\u0259 D&ouml;vl\u0259t Qullu\u011fu v\u0259 kadr siyas\u0259ti kafedras\u0131n\u0131n m&uuml;diri dosent R\u0259c\u0259b R\u0259himli t\u0259rtib edibl\u0259r. M&uuml;\u0259llifl\u0259r Az\u0259rbaycan haqq\u0131nda &uuml;mumi tarixi, siyasi, m\u0259d\u0259ni, iqtisadi, sosial aray\u0131\u015f t\u0259qdim etm\u0259kl\u0259 yana\u015f\u0131, beyn\u0259lxalq reytinql\u0259rd\u0259 &ouml;lk\u0259nin u\u011furlar\u0131 il\u0259 ba\u011fl\u0131 d\u0259y\u0259rl\u0259ndirm\u0259l\u0259ri, d&ouml;vl\u0259t v\u0259 yerli idar\u0259etm\u0259 sistemi, inzibati islahatlar v\u0259 onlar\u0131n h&uuml;quqi, institusional t\u0259minat\u0131, d&ouml;vl\u0259t qullu\u011funun inki\u015faf\u0131, d&ouml;vl\u0259t qulluq&ccedil;ular\u0131n\u0131n yenid\u0259n haz\u0131rlanmas\u0131 v\u0259 ixtisas\u0131n\u0131n art\u0131r\u0131lmas\u0131 sisteminin t\u0259kmill\u0259\u015fdirilm\u0259si, informasiya c\u0259miyy\u0259tinin inki\u015faf\u0131, r\u0259q\u0259msal transformasiya v\u0259 d&ouml;vl\u0259t idar\u0259&ccedil;iliyi sah\u0259sind\u0259 kompleks d\u0259yi\u015fiklikl\u0259r, v\u0259t\u0259nda\u015f m\u0259mnunlu\u011funun t\u0259mini, v\u0259t\u0259nda\u015f c\u0259miyy\u0259tinin rolu v\u0259 siyasi institutlara etimad\u0131, q\u0259rar q\u0259bulu prosesind\u0259 i\u015ftirak\u0131 il\u0259 ba\u011fl\u0131 t\u0259hlil v\u0259 proqnozlar\u0131n\u0131 geni\u015f oxucu k&uuml;tl\u0259sinin diqq\u0259tin\u0259 t\u0259qdim edibl\u0259r.<\/p>\n<p style=\"text-align: justify;\">\u018fsas\u0131n\u0131 &uuml;mummilli lider Heyd\u0259r \u018fliyevin qoydu\u011fu, Az\u0259rbaycan Prezidenti \u0130lham \u018fliyevin u\u011furla davam etdirdiyi inki\u015faf strategiyas\u0131 say\u0259sind\u0259 Az\u0259rbaycan Respublikas\u0131n\u0131n qazand\u0131\u011f\u0131 nailiyy\u0259tl\u0259r\u0259 x&uuml;susi yer ayr\u0131l\u0131b. N\u0259\u015frd\u0259 D&uuml;nya \u0130qtisadi Forumunun hesabat\u0131na \u0259sas\u0259n, inkl&uuml;ziv inki\u015faf indeksin\u0259 g&ouml;r\u0259 Az\u0259rbaycan Respublikas\u0131n\u0131n postsovet &ouml;lk\u0259l\u0259ri aras\u0131nda Litva v\u0259 Estoniyadan sonra &uuml;&ccedil;&uuml;nc&uuml; yeri tutmas\u0131 fakt\u0131n\u0131n t\u0259hlilin\u0259 d\u0259 geni\u015f yer verilib. G&ouml;st\u0259rilib ki, Davos Forumu Az\u0259rbaycan\u0131 davaml\u0131 inki\u015faf ed\u0259n inkl&uuml;ziv c\u0259miyy\u0259tin qurulmas\u0131 namin\u0259 d&uuml;nyada resurslardan \u0259n s\u0259m\u0259r\u0259li istifad\u0259 ed\u0259n &ouml;lk\u0259 olaraq m&uuml;\u0259yy\u0259nl\u0259\u015fdirib. N\u0259\u015frd\u0259, h\u0259m&ccedil;inin Davos Forumunun Prezidenti professor Klaus \u015evab\u0131n d&uuml;nyan\u0131n 146 &ouml;lk\u0259sind\u0259 iqtisadi imkanlar v\u0259 sosial siyas\u0259tl\u0259 \u0259laq\u0259dar hesabat\u0131ndan b\u0259hs olunub. Qeyd edilib ki, AB\u015e, Almaniya, Danimarka, Braziliya, C\u0259nubi Afrika, Vyetnam kimi &ouml;lk\u0259l\u0259rin nailiyy\u0259tl\u0259rinin m&uuml;qayis\u0259 edildiyi h\u0259min hesabatda Az\u0259rbaycan iqtisadi imkanlar\u0131ndan sosial probleml\u0259rin h\u0259lli v\u0259 inkl&uuml;ziv c\u0259miyy\u0259tin formala\u015fd\u0131r\u0131lmas\u0131 namin\u0259 \u0259n s\u0259m\u0259r\u0259li istifad\u0259 ed\u0259n n&uuml;mun\u0259vi &ouml;lk\u0259dir. H\u0259min hesabata g&ouml;r\u0259, Az\u0259rbaycan\u0131n reytinqi +23-d&uuml;r v\u0259 bu, d&uuml;nyada \u0259n yax\u015f\u0131 g&ouml;st\u0259ricidir. Bu nailiyy\u0259tl\u0259rin qazan\u0131lmas\u0131nda &ouml;lk\u0259d\u0259 Birinci vitse-prezident institutunun t\u0259sis edilm\u0259si v\u0259 bu v\u0259zif\u0259d\u0259 Mehriban \u018fliyevan\u0131n m&uuml;st\u0259sna f\u0259aliyy\u0259tinin rolundan x&uuml;susi b\u0259hs edilib. Az\u0259rbaycanda t\u0259tbiq edil\u0259n innovativ idar\u0259&ccedil;ilik texnologiyalar\u0131 kompleksinin y&uuml;ks\u0259k s\u0259m\u0259r\u0259liliyinin BMT T\u0259hl&uuml;k\u0259sizlik \u015euras\u0131n\u0131n 4 q\u0259tnam\u0259sinin u\u011furla yerin\u0259 yetirilm\u0259sind\u0259 v\u0259 30 il Erm\u0259nistan t\u0259r\u0259find\u0259n i\u015f\u011fal alt\u0131nda saxlan\u0131lan \u0259razil\u0259rin azad edilm\u0259sind\u0259 t\u0259zah&uuml;r&uuml;n&uuml; tapmas\u0131 da x&uuml;susi vur\u011fulan\u0131b. Z\u0259f\u0259rin c\u0259mi 44 g&uuml;n\u0259 ba\u015fa g\u0259lm\u0259si v\u0259 Az\u0259rbaycan\u0131n \u0259razi b&uuml;t&ouml;vl&uuml;y&uuml;n&uuml;n tam b\u0259rpas\u0131 &ouml;lk\u0259 Prezidentinin innovativ inki\u015faf strategiyas\u0131n\u0131n t\u0259nt\u0259n\u0259li yekunu kimi d\u0259y\u0259rl\u0259ndirilib. B&ouml;y&uuml;k tarixi d&ouml;vr&uuml;n t\u0259hlilin\u0259 h\u0259sr olunmu\u015f elmi i\u015f Rusiya Xalq T\u0259s\u0259rr&uuml;fat\u0131 v\u0259 D&ouml;vl\u0259t Qullu\u011fu Akademiyas\u0131n\u0131n &ldquo;D&ouml;vl\u0259t qullu\u011fu&rdquo; jurnal\u0131nda da tirajlan\u0131b.<\/p>\t\t\t\t\t<\/div>\n\t\t\t\t\t\t<\/div>\n\t\t\t\t<\/div>\n\t\t\t\t\t\t<\/div>\n\t\t\t\t\t<\/div>\n\t\t<\/div>\n\t\t\t\t\t\t\t\t<\/div>\n\t\t\t\t\t<\/div>\n\t\t<\/section>\n\t\t\t\t\t\t<\/div>\n\t\t\t\t\t\t<\/div>\n\t\t\t\t\t<\/div>","protected":false},"excerpt":{"rendered":"<p>Az\u0259rbaycan Respublikas\u0131n\u0131n u\u011furlar\u0131 beyn\u0259lxalq elmi n\u0259\u015frd\u0259 \u00e7ap olunub 2021-ci ild\u0259 SSR\u0130-nin s&uuml;qutunun 30 illiyi m&uuml;nasib\u0259til\u0259 Moskvada d&uuml;nyan\u0131n m&uuml;xt\u0259lif &ouml;lk\u0259l\u0259rind\u0259n olan n&uuml;fuzlu ekspertl\u0259r, d&ouml;vl\u0259t qurumlar\u0131 t\u0259msil&ccedil;il\u0259ri, ictimai v\u0259 siyasi xadiml\u0259rin i\u015ftirak\u0131 il\u0259 beyn\u0259lxalq forum ke&ccedil;irilib. Forumda Az\u0259rbaycan\u0131 Az\u0259rbaycan Respublikas\u0131n\u0131n Prezidenti yan\u0131nda D&ouml;vl\u0259t \u0130dar\u0259&ccedil;ilik Akademiyas\u0131n\u0131n rektoru akademik Urxan \u018fl\u0259kb\u0259rov t\u0259msil edib. &ldquo;Rusiya v\u0259 d&uuml;nya pandemiyadan sonra&rdquo; ba\u015fl\u0131\u011f\u0131 [&hellip;]<\/p>","protected":false},"author":2,"featured_media":16199,"comment_status":"closed","ping_status":"closed","sticky":false,"template":"","format":"standard","meta":[],"categories":[137],"tags":[],"_links":{"self":[{"href":"https:\/\/legacy.dia.edu.az\/en\/wp-json\/wp\/v2\/posts\/16194"}],"collection":[{"href":"https:\/\/legacy.dia.edu.az\/en\/wp-json\/wp\/v2\/posts"}],"about":[{"href":"https:\/\/legacy.dia.edu.az\/en\/wp-json\/wp\/v2\/types\/post"}],"author":[{"embeddable":true,"href":"https:\/\/legacy.dia.edu.az\/en\/wp-json\/wp\/v2\/users\/2"}],"replies":[{"embeddable":true,"href":"https:\/\/legacy.dia.edu.az\/en\/wp-json\/wp\/v2\/comments?post=16194"}],"version-history":[{"count":11,"href":"https:\/\/legacy.dia.edu.az\/en\/wp-json\/wp\/v2\/posts\/16194\/revisions"}],"predecessor-version":[{"id":16206,"href":"https:\/\/legacy.dia.edu.az\/en\/wp-json\/wp\/v2\/posts\/16194\/revisions\/16206"}],"wp:featuredmedia":[{"embeddable":true,"href":"https:\/\/legacy.dia.edu.az\/en\/wp-json\/wp\/v2\/media\/16199"}],"wp:attachment":[{"href":"https:\/\/legacy.dia.edu.az\/en\/wp-json\/wp\/v2\/media?parent=16194"}],"wp:term":[{"taxonomy":"category","embeddable":true,"href":"https:\/\/legacy.dia.edu.az\/en\/wp-json\/wp\/v2\/categories?post=16194"},{"taxonomy":"post_tag","embeddable":true,"href":"https:\/\/legacy.dia.edu.az\/en\/wp-json\/wp\/v2\/tags?post=16194"}],"curies":[{"name":"wp","href":"https:\/\/api.w.org\/{rel}","templated":true}]}}