{"id":15994,"date":"2021-12-24T08:22:00","date_gmt":"2021-12-24T05:22:00","guid":{"rendered":"https:\/\/dia.edu.az\/?p=15994"},"modified":"2022-01-06T08:28:21","modified_gmt":"2022-01-06T05:28:21","slug":"v%c9%99t%c9%99ndas-m%c9%99mnunlugunun-t%c9%99min-olunmasinin-muasir-texnologiyalari-layih%c9%99si-uzr%c9%99-sonuncu-t%c9%99lim-kecirilib","status":"publish","type":"post","link":"https:\/\/legacy.dia.edu.az\/en\/arxivl\u0259r\/15994","title":{"rendered":"\u201cV\u0259t\u0259nda\u015f m\u0259mnunlu\u011funun t\u0259min olunmas\u0131n\u0131n m\u00fcasir texnologiyalar\u0131\u201d layih\u0259si \u00fczr\u0259 sonuncu t\u0259lim ke\u00e7irilib"},"content":{"rendered":"<div data-elementor-type=\"wp-post\" data-elementor-id=\"15994\" class=\"elementor elementor-15994\" data-elementor-settings=\"[]\">\n\t\t\t\t\t\t<div class=\"elementor-inner\">\n\t\t\t\t\t\t\t<div class=\"elementor-section-wrap\">\n\t\t\t\t\t\t\t<section class=\"elementor-section elementor-top-section elementor-element elementor-element-b7a6881 elementor-section-boxed elementor-section-height-default elementor-section-height-default\" data-id=\"b7a6881\" data-element_type=\"section\">\n\t\t\t\t\t\t<div class=\"elementor-container elementor-column-gap-default\">\n\t\t\t\t\t\t\t<div class=\"elementor-row\">\n\t\t\t\t\t<div class=\"elementor-column elementor-col-100 elementor-top-column elementor-element elementor-element-35680f4\" data-id=\"35680f4\" data-element_type=\"column\">\n\t\t\t<div class=\"elementor-column-wrap elementor-element-populated\">\n\t\t\t\t\t\t\t<div class=\"elementor-widget-wrap\">\n\t\t\t\t\t\t<div class=\"elementor-element elementor-element-0c846f6 elementor-widget elementor-widget-text-editor\" data-id=\"0c846f6\" data-element_type=\"widget\" data-widget_type=\"text-editor.default\">\n\t\t\t\t<div class=\"elementor-widget-container\">\n\t\t\t\t\t\t\t\t<div class=\"elementor-text-editor elementor-clearfix\">\n\t\t\t\t\t\u201cV\u0259t\u0259nda\u015f m\u0259mnunlu\u011funun t\u0259min olunmas\u0131n\u0131n m\u00fcasir texnologiyalar\u0131\u201d layih\u0259si \u00fczr\u0259 sonuncu t\u0259lim ke\u00e7irilib \t\t\t\t\t<\/div>\n\t\t\t\t\t\t<\/div>\n\t\t\t\t<\/div>\n\t\t\t\t\t\t<\/div>\n\t\t\t\t\t<\/div>\n\t\t<\/div>\n\t\t\t\t\t\t\t\t<\/div>\n\t\t\t\t\t<\/div>\n\t\t<\/section>\n\t\t\t\t<section class=\"elementor-section elementor-top-section elementor-element elementor-element-c3cd2d2 elementor-section-boxed elementor-section-height-default elementor-section-height-default\" data-id=\"c3cd2d2\" data-element_type=\"section\">\n\t\t\t\t\t\t<div class=\"elementor-container elementor-column-gap-default\">\n\t\t\t\t\t\t\t<div class=\"elementor-row\">\n\t\t\t\t\t<div class=\"elementor-column elementor-col-100 elementor-top-column elementor-element elementor-element-a01478e\" data-id=\"a01478e\" data-element_type=\"column\">\n\t\t\t<div class=\"elementor-column-wrap elementor-element-populated\">\n\t\t\t\t\t\t\t<div class=\"elementor-widget-wrap\">\n\t\t\t\t\t\t<div class=\"elementor-element elementor-element-c6899ce elementor-widget elementor-widget-text-editor\" data-id=\"c6899ce\" data-element_type=\"widget\" data-widget_type=\"text-editor.default\">\n\t\t\t\t<div class=\"elementor-widget-container\">\n\t\t\t\t\t\t\t\t<div class=\"elementor-text-editor elementor-clearfix\">\n\t\t\t\t\t<p style=\"text-align: justify;\">Az\u0259rbaycan Respublikas\u0131n\u0131n Prezidentinin 23 noyabr 2018-ci il tarixli 739 n&ouml;mr\u0259li S\u0259r\u0259ncam\u0131 il\u0259 t\u0259sdiq edilmi\u015f &ldquo;Az\u0259rbaycan Respublikas\u0131nda d&ouml;vl\u0259t qullu\u011funun inki\u015faf\u0131na dair 2019-2025-ci ill\u0259r &uuml;&ccedil;&uuml;n Strategiya&rdquo; n\u0131n F\u0259aliyy\u0259t Plan\u0131nda d&ouml;vl\u0259t qullu\u011fu sisteminin inki\u015faf etdirilm\u0259si m\u0259qs\u0259dil\u0259 m&uuml;vafiq t\u0259dbirl\u0259rin h\u0259yata ke&ccedil;irilm\u0259si n\u0259z\u0259rd\u0259 tutulmu\u015fdur. Bununla \u0259laq\u0259dar F\u0259aliyy\u0259t Plan\u0131nda g&ouml;st\u0259ril\u0259n prioritet istiqam\u0259tl\u0259rind\u0259n biri kimi r\u0259hb\u0259r v\u0259zif\u0259li v\u0259 d&ouml;vl\u0259t qullu\u011funa yeni q\u0259bul olunan \u015f\u0259xsl\u0259rin etik davran\u0131\u015f qaydalar\u0131 sah\u0259sind\u0259 bilik v\u0259 bacar\u0131qlar\u0131n inki\u015faf etdirilm\u0259si m\u0259qs\u0259di il\u0259 Az\u0259rbaycan Respublikas\u0131n\u0131n Prezidenti yan\u0131nda D&ouml;vl\u0259t \u0130dar\u0259&ccedil;ilik Akademiyas\u0131n\u0131n professor m&uuml;\u0259llim hey\u0259ti t\u0259r\u0259find\u0259n &ldquo;ASAN&rdquo; Xidm\u0259t m\u0259rk\u0259zl\u0259rinin \u0259m\u0259kda\u015flar\u0131 &uuml;&ccedil;&uuml;n t\u0259liml\u0259r ke\u015firilib. T\u0259liml\u0259r Az\u0259rbaycan Respublikas\u0131n\u0131n Prezidenti yan\u0131nda D&ouml;vl\u0259t \u0130dar\u0259&ccedil;ilik Akademiyas\u0131 v\u0259 Az\u0259rbaycan Respublikas\u0131n\u0131n Prezidenti yan\u0131nda V\u0259t\u0259nda\u015flara Xidm\u0259t&nbsp; v\u0259 Sosial \u0130nnovasiyalar &uuml;zr\u0259 D&ouml;vl\u0259t Agentliyi (ASAN Xidm\u0259t) il\u0259 imzalanan \u018fm\u0259kda\u015fl\u0131q Memorandumu \u0259hat\u0259 edir. Bu memorandum t\u0259r\u0259fl\u0259r aras\u0131nda birg\u0259 layih\u0259l\u0259rin, konfranslar\u0131n, ixtisasart\u0131rma kurslar\u0131n\u0131n t\u0259\u015fkili, d\u0259yirmi masalar\u0131n, seminarlar\u0131n v\u0259 m&uuml;zakir\u0259l\u0259rin ke&ccedil;irilm\u0259si, m&uuml;xt\u0259lif elmi-t\u0259dqiqatlar\u0131n apar\u0131lmas\u0131 v\u0259 analitik materiallar\u0131n haz\u0131rlanmas\u0131n\u0131 ehtiva edir. M&ouml;vcud \u018fm\u0259kda\u015fl\u0131q Memorandumu &ccedil;\u0259r&ccedil;iv\u0259sind\u0259 2021-ci il &uuml;zr\u0259 &ldquo;ASAN&rdquo; Xidm\u0259t m\u0259rk\u0259zl\u0259rinin \u0259m\u0259kda\u015flar\u0131 &uuml;&ccedil;&uuml;n &ldquo;V\u0259t\u0259nda\u015f m\u0259mnunlu\u011funun t\u0259min olunmas\u0131n\u0131n m&uuml;asir texnologiyalar\u0131&rdquo; m&ouml;vzusunda t\u0259liml\u0259rin ke&ccedil;irilm\u0259si h\u0259yata ke&ccedil;irilib. T\u0259liml\u0259rd\u0259 D&ouml;vl\u0259t \u0130dar\u0259&ccedil;ilik Akademiyas\u0131n\u0131n rektoru akademik Urxan \u018fl\u0259kb\u0259rov &ldquo;Az\u0259rbaycan Respublikas\u0131n\u0131n Milli prioritetl\u0259ri: planla\u015fd\u0131rma v\u0259 idar\u0259etm\u0259&rdquo; m&ouml;vzusunda m&uuml;hazir\u0259 il\u0259 &ccedil;\u0131x\u0131\u015f edib. &ldquo;D&ouml;vl\u0259t qullu\u011fu v\u0259 kadr siyas\u0259ti&rdquo; kadefras\u0131n\u0131n m&uuml;\u0259llimi Anar H\u0259s\u0259novun &ldquo;V\u0259t\u0259nda\u015f m\u0259mnuniyy\u0259tinin t\u0259min edilm\u0259sind\u0259 xidm\u0259t m\u0259d\u0259niyy\u0259tinin rolu&rdquo;, &ldquo;V\u0259t\u0259nda\u015f-m\u0259mur m&uuml;nasib\u0259tl\u0259rind\u0259 &uuml;nsiyy\u0259t bacar\u0131qlar\u0131&rdquo; adl\u0131 m&uuml;hazir\u0259l\u0259ri dinl\u0259nilib.<\/p>\n<p style=\"text-align: justify;\">&nbsp;T\u0259liml\u0259r 2021-ci ilin aprel ay\u0131ndan dekabr ay\u0131nad\u0259k davam edib &nbsp;v\u0259 t\u0259lim i\u015ftirak&ccedil;\u0131lar\u0131na sertifikatlar t\u0259qdim olunub, 2021-ci il &uuml;&ccedil;&uuml;n n\u0259z\u0259rd\u0259 tutulan t\u0259liml\u0259r u\u011furla ba\u015fa &ccedil;at\u0131b.<\/p>\n<p style=\"text-align: justify;\">&nbsp;<\/p>\n<p style=\"text-align: justify;\">&nbsp;<\/p>\n<p style=\"text-align: justify;\">&nbsp;<\/p>\t\t\t\t\t<\/div>\n\t\t\t\t\t\t<\/div>\n\t\t\t\t<\/div>\n\t\t\t\t\t\t<\/div>\n\t\t\t\t\t<\/div>\n\t\t<\/div>\n\t\t\t\t\t\t\t\t<\/div>\n\t\t\t\t\t<\/div>\n\t\t<\/section>\n\t\t\t\t\t\t<\/div>\n\t\t\t\t\t\t<\/div>\n\t\t\t\t\t<\/div>","protected":false},"excerpt":{"rendered":"<p>\u201cV\u0259t\u0259nda\u015f m\u0259mnunlu\u011funun t\u0259min olunmas\u0131n\u0131n m\u00fcasir texnologiyalar\u0131\u201d layih\u0259si \u00fczr\u0259 sonuncu t\u0259lim ke\u00e7irilib Az\u0259rbaycan Respublikas\u0131n\u0131n Prezidentinin 23 noyabr 2018-ci il tarixli 739 n\u00f6mr\u0259li S\u0259r\u0259ncam\u0131 il\u0259 t\u0259sdiq edilmi\u015f \u201cAz\u0259rbaycan Respublikas\u0131nda d\u00f6vl\u0259t qullu\u011funun inki\u015faf\u0131na dair 2019-2025-ci ill\u0259r \u00fc\u00e7\u00fcn Strategiya\u201d n\u0131n F\u0259aliyy\u0259t Plan\u0131nda d\u00f6vl\u0259t qullu\u011fu sisteminin inki\u015faf etdirilm\u0259si m\u0259qs\u0259dil\u0259 m\u00fcvafiq t\u0259dbirl\u0259rin h\u0259yata ke\u00e7irilm\u0259si n\u0259z\u0259rd\u0259 tutulmu\u015fdur. Bununla \u0259laq\u0259dar F\u0259aliyy\u0259t Plan\u0131nda g\u00f6st\u0259ril\u0259n [&hellip;]<\/p>","protected":false},"author":2,"featured_media":16001,"comment_status":"closed","ping_status":"closed","sticky":false,"template":"","format":"standard","meta":[],"categories":[137],"tags":[],"_links":{"self":[{"href":"https:\/\/legacy.dia.edu.az\/en\/wp-json\/wp\/v2\/posts\/15994"}],"collection":[{"href":"https:\/\/legacy.dia.edu.az\/en\/wp-json\/wp\/v2\/posts"}],"about":[{"href":"https:\/\/legacy.dia.edu.az\/en\/wp-json\/wp\/v2\/types\/post"}],"author":[{"embeddable":true,"href":"https:\/\/legacy.dia.edu.az\/en\/wp-json\/wp\/v2\/users\/2"}],"replies":[{"embeddable":true,"href":"https:\/\/legacy.dia.edu.az\/en\/wp-json\/wp\/v2\/comments?post=15994"}],"version-history":[{"count":6,"href":"https:\/\/legacy.dia.edu.az\/en\/wp-json\/wp\/v2\/posts\/15994\/revisions"}],"predecessor-version":[{"id":16000,"href":"https:\/\/legacy.dia.edu.az\/en\/wp-json\/wp\/v2\/posts\/15994\/revisions\/16000"}],"wp:featuredmedia":[{"embeddable":true,"href":"https:\/\/legacy.dia.edu.az\/en\/wp-json\/wp\/v2\/media\/16001"}],"wp:attachment":[{"href":"https:\/\/legacy.dia.edu.az\/en\/wp-json\/wp\/v2\/media?parent=15994"}],"wp:term":[{"taxonomy":"category","embeddable":true,"href":"https:\/\/legacy.dia.edu.az\/en\/wp-json\/wp\/v2\/categories?post=15994"},{"taxonomy":"post_tag","embeddable":true,"href":"https:\/\/legacy.dia.edu.az\/en\/wp-json\/wp\/v2\/tags?post=15994"}],"curies":[{"name":"wp","href":"https:\/\/api.w.org\/{rel}","templated":true}]}}