{"id":15959,"date":"2021-12-30T16:45:05","date_gmt":"2021-12-30T13:45:05","guid":{"rendered":"https:\/\/dia.edu.az\/?p=15959"},"modified":"2021-12-30T17:11:34","modified_gmt":"2021-12-30T14:11:34","slug":"dovl%c9%99t-idar%c9%99cilik-akademiyasinda-maaslar-artirildi","status":"publish","type":"post","link":"https:\/\/legacy.dia.edu.az\/en\/arxivl\u0259r\/15959","title":{"rendered":"D\u00f6vl\u0259t \u0130dar\u0259\u00e7ilik Akademiyas\u0131nda maa\u015flar art\u0131r\u0131ld\u0131"},"content":{"rendered":"<div data-elementor-type=\"wp-post\" data-elementor-id=\"15959\" class=\"elementor elementor-15959\" data-elementor-settings=\"[]\">\n\t\t\t\t\t\t<div class=\"elementor-inner\">\n\t\t\t\t\t\t\t<div class=\"elementor-section-wrap\">\n\t\t\t\t\t\t\t<section class=\"elementor-section elementor-top-section elementor-element elementor-element-9f13620 elementor-section-boxed elementor-section-height-default elementor-section-height-default\" data-id=\"9f13620\" data-element_type=\"section\">\n\t\t\t\t\t\t<div class=\"elementor-container elementor-column-gap-default\">\n\t\t\t\t\t\t\t<div class=\"elementor-row\">\n\t\t\t\t\t<div class=\"elementor-column elementor-col-100 elementor-top-column elementor-element elementor-element-b420c1e\" data-id=\"b420c1e\" data-element_type=\"column\">\n\t\t\t<div class=\"elementor-column-wrap elementor-element-populated\">\n\t\t\t\t\t\t\t<div class=\"elementor-widget-wrap\">\n\t\t\t\t\t\t<div class=\"elementor-element elementor-element-c4f8a61 elementor-widget elementor-widget-text-editor\" data-id=\"c4f8a61\" data-element_type=\"widget\" data-widget_type=\"text-editor.default\">\n\t\t\t\t<div class=\"elementor-widget-container\">\n\t\t\t\t\t\t\t\t<div class=\"elementor-text-editor elementor-clearfix\">\n\t\t\t\t\tD\u00f6vl\u0259t \u0130dar\u0259\u00e7ilik Akademiyas\u0131nda maa\u015flar art\u0131r\u0131ld\u0131\t\t\t\t\t<\/div>\n\t\t\t\t\t\t<\/div>\n\t\t\t\t<\/div>\n\t\t\t\t\t\t<\/div>\n\t\t\t\t\t<\/div>\n\t\t<\/div>\n\t\t\t\t\t\t\t\t<\/div>\n\t\t\t\t\t<\/div>\n\t\t<\/section>\n\t\t\t\t<section class=\"elementor-section elementor-top-section elementor-element elementor-element-f79cc53 elementor-section-boxed elementor-section-height-default elementor-section-height-default\" data-id=\"f79cc53\" data-element_type=\"section\">\n\t\t\t\t\t\t<div class=\"elementor-container elementor-column-gap-default\">\n\t\t\t\t\t\t\t<div class=\"elementor-row\">\n\t\t\t\t\t<div class=\"elementor-column elementor-col-100 elementor-top-column elementor-element elementor-element-61958a3\" data-id=\"61958a3\" data-element_type=\"column\">\n\t\t\t<div class=\"elementor-column-wrap elementor-element-populated\">\n\t\t\t\t\t\t\t<div class=\"elementor-widget-wrap\">\n\t\t\t\t\t\t<div class=\"elementor-element elementor-element-d4dbe27 elementor-widget elementor-widget-text-editor\" data-id=\"d4dbe27\" data-element_type=\"widget\" data-widget_type=\"text-editor.default\">\n\t\t\t\t<div class=\"elementor-widget-container\">\n\t\t\t\t\t\t\t\t<div class=\"elementor-text-editor elementor-clearfix\">\n\t\t\t\t\tAz\u0259rbaycan Respublikas\u0131n\u0131n Prezidenti yan\u0131nda D\u00f6vl\u0259t \u0130dar\u0259\u00e7ilik Akademiyas\u0131 (D\u0130A) \u0259m\u0259kda\u015flar\u0131n\u0131n maa\u015flar\u0131 art\u0131r\u0131l\u0131b.<br \/>Bu bar\u0259d\u0259 q\u0259rar D\u00f6vl\u0259t \u0130dar\u0259\u00e7ilik Akademiyas\u0131 Elmi \u015euras\u0131n\u0131n onlayn formatda ke\u00e7iril\u0259n iclas\u0131nda q\u0259bul olunub.<br \/>Elmi \u015euran\u0131n q\u0259rar\u0131 il\u0259 2022-ci il 1 yanvar tarixind\u0259n D\u0130A \u0259m\u0259kda\u015flar\u0131n\u0131n maa\u015flar\u0131 20 faiz art\u0131r\u0131l\u0131b.<\/p>\t\t\t\t\t<\/div>\n\t\t\t\t\t\t<\/div>\n\t\t\t\t<\/div>\n\t\t\t\t\t\t<\/div>\n\t\t\t\t\t<\/div>\n\t\t<\/div>\n\t\t\t\t\t\t\t\t<\/div>\n\t\t\t\t\t<\/div>\n\t\t<\/section>\n\t\t\t\t\t\t<\/div>\n\t\t\t\t\t\t<\/div>\n\t\t\t\t\t<\/div>","protected":false},"excerpt":{"rendered":"<p>D\u00f6vl\u0259t \u0130dar\u0259\u00e7ilik Akademiyas\u0131nda maa\u015flar art\u0131r\u0131ld\u0131Az\u0259rbaycan Respublikas\u0131n\u0131n Prezidenti yan\u0131nda D\u00f6vl\u0259t \u0130dar\u0259\u00e7ilik Akademiyas\u0131 (D\u0130A) \u0259m\u0259kda\u015flar\u0131n\u0131n maa\u015flar\u0131 art\u0131r\u0131l\u0131b.Bu bar\u0259d\u0259 q\u0259rar D\u00f6vl\u0259t \u0130dar\u0259\u00e7ilik Akademiyas\u0131 Elmi \u015euras\u0131n\u0131n onlayn formatda ke\u00e7iril\u0259n iclas\u0131nda q\u0259bul olunub.Elmi \u015euran\u0131n q\u0259rar\u0131 il\u0259 2022-ci il 1 yanvar tarixind\u0259n D\u0130A \u0259m\u0259kda\u015flar\u0131n\u0131n maa\u015flar\u0131 20 faiz art\u0131r\u0131l\u0131b.<\/p>","protected":false},"author":2,"featured_media":15676,"comment_status":"closed","ping_status":"closed","sticky":false,"template":"","format":"standard","meta":[],"categories":[137],"tags":[],"_links":{"self":[{"href":"https:\/\/legacy.dia.edu.az\/en\/wp-json\/wp\/v2\/posts\/15959"}],"collection":[{"href":"https:\/\/legacy.dia.edu.az\/en\/wp-json\/wp\/v2\/posts"}],"about":[{"href":"https:\/\/legacy.dia.edu.az\/en\/wp-json\/wp\/v2\/types\/post"}],"author":[{"embeddable":true,"href":"https:\/\/legacy.dia.edu.az\/en\/wp-json\/wp\/v2\/users\/2"}],"replies":[{"embeddable":true,"href":"https:\/\/legacy.dia.edu.az\/en\/wp-json\/wp\/v2\/comments?post=15959"}],"version-history":[{"count":11,"href":"https:\/\/legacy.dia.edu.az\/en\/wp-json\/wp\/v2\/posts\/15959\/revisions"}],"predecessor-version":[{"id":15970,"href":"https:\/\/legacy.dia.edu.az\/en\/wp-json\/wp\/v2\/posts\/15959\/revisions\/15970"}],"wp:featuredmedia":[{"embeddable":true,"href":"https:\/\/legacy.dia.edu.az\/en\/wp-json\/wp\/v2\/media\/15676"}],"wp:attachment":[{"href":"https:\/\/legacy.dia.edu.az\/en\/wp-json\/wp\/v2\/media?parent=15959"}],"wp:term":[{"taxonomy":"category","embeddable":true,"href":"https:\/\/legacy.dia.edu.az\/en\/wp-json\/wp\/v2\/categories?post=15959"},{"taxonomy":"post_tag","embeddable":true,"href":"https:\/\/legacy.dia.edu.az\/en\/wp-json\/wp\/v2\/tags?post=15959"}],"curies":[{"name":"wp","href":"https:\/\/api.w.org\/{rel}","templated":true}]}}