{"id":15794,"date":"2021-12-12T13:33:33","date_gmt":"2021-12-12T10:33:33","guid":{"rendered":"https:\/\/dia.edu.az\/?p=15794"},"modified":"2021-12-12T13:37:33","modified_gmt":"2021-12-12T10:37:33","slug":"dovl%c9%99t-idar%c9%99cilik-akademiyasinda-umummilli-lider-heyd%c9%99r-%c9%99liyevin-xatir%c9%99sin%c9%99-h%c9%99sr-edilmis-anim-t%c9%99dbiri-kecirilmisdir","status":"publish","type":"post","link":"https:\/\/legacy.dia.edu.az\/en\/arxivl\u0259r\/15794","title":{"rendered":"D\u00f6vl\u0259t \u0130dar\u0259\u00e7ilik Akademiyas\u0131nda \u00fcmummilli lider Heyd\u0259r \u018fliyevin xatir\u0259sin\u0259 h\u0259sr edilmi\u015f an\u0131m t\u0259dbiri ke\u00e7irilmi\u015fdir"},"content":{"rendered":"<div data-elementor-type=\"wp-post\" data-elementor-id=\"15794\" class=\"elementor elementor-15794\" data-elementor-settings=\"[]\">\n\t\t\t\t\t\t<div class=\"elementor-inner\">\n\t\t\t\t\t\t\t<div class=\"elementor-section-wrap\">\n\t\t\t\t\t\t\t<section class=\"elementor-section elementor-top-section elementor-element elementor-element-53b3c93 elementor-section-boxed elementor-section-height-default elementor-section-height-default\" data-id=\"53b3c93\" data-element_type=\"section\">\n\t\t\t\t\t\t<div class=\"elementor-container elementor-column-gap-default\">\n\t\t\t\t\t\t\t<div class=\"elementor-row\">\n\t\t\t\t\t<div class=\"elementor-column elementor-col-100 elementor-top-column elementor-element elementor-element-7236d1d\" data-id=\"7236d1d\" data-element_type=\"column\">\n\t\t\t<div class=\"elementor-column-wrap elementor-element-populated\">\n\t\t\t\t\t\t\t<div class=\"elementor-widget-wrap\">\n\t\t\t\t\t\t<div class=\"elementor-element elementor-element-9869404 elementor-widget elementor-widget-text-editor\" data-id=\"9869404\" data-element_type=\"widget\" data-widget_type=\"text-editor.default\">\n\t\t\t\t<div class=\"elementor-widget-container\">\n\t\t\t\t\t\t\t\t<div class=\"elementor-text-editor elementor-clearfix\">\n\t\t\t\t\tD\u00f6vl\u0259t \u0130dar\u0259\u00e7ilik Akademiyas\u0131nda \u00fcmummilli lider Heyd\u0259r \u018fliyevin xatir\u0259sin\u0259 h\u0259sr edilmi\u015f an\u0131m t\u0259dbiri ke\u00e7irilmi\u015fdir<\/p>\t\t\t\t\t<\/div>\n\t\t\t\t\t\t<\/div>\n\t\t\t\t<\/div>\n\t\t\t\t\t\t<\/div>\n\t\t\t\t\t<\/div>\n\t\t<\/div>\n\t\t\t\t\t\t\t\t<\/div>\n\t\t\t\t\t<\/div>\n\t\t<\/section>\n\t\t\t\t<section class=\"elementor-section elementor-top-section elementor-element elementor-element-a0f849a elementor-section-boxed elementor-section-height-default elementor-section-height-default\" data-id=\"a0f849a\" data-element_type=\"section\">\n\t\t\t\t\t\t<div class=\"elementor-container elementor-column-gap-default\">\n\t\t\t\t\t\t\t<div class=\"elementor-row\">\n\t\t\t\t\t<div class=\"elementor-column elementor-col-100 elementor-top-column elementor-element elementor-element-3e32ee6\" data-id=\"3e32ee6\" data-element_type=\"column\">\n\t\t\t<div class=\"elementor-column-wrap elementor-element-populated\">\n\t\t\t\t\t\t\t<div class=\"elementor-widget-wrap\">\n\t\t\t\t\t\t<div class=\"elementor-element elementor-element-b491544 elementor-widget elementor-widget-text-editor\" data-id=\"b491544\" data-element_type=\"widget\" data-widget_type=\"text-editor.default\">\n\t\t\t\t<div class=\"elementor-widget-container\">\n\t\t\t\t\t\t\t\t<div class=\"elementor-text-editor elementor-clearfix\">\n\t\t\t\t\t<p style=\"text-align: justify;\"><br \/>10 dekabr 2021-ci il tarixind\u0259 Az\u0259rbaycan Respublikas\u0131n\u0131n Prezidenti yan\u0131nda D&ouml;vl\u0259t \u0130dar\u0259&ccedil;ilik Akademiyas\u0131nda &ldquo;Heyd\u0259r \u018fliyev irsi: m&uuml;st\u0259qil d&ouml;vl\u0259t&ccedil;ilik v\u0259 m&uuml;asirlik&#8221; m&ouml;vzusunda onlayn elmi-praktiki konfrans ke&ccedil;irilmi\u015fdir.<br \/>T\u0259dbiri giri\u015f s&ouml;z&uuml; il\u0259 a&ccedil;an rektor akademik Urxan \u018fl\u0259kb\u0259rov Ulu &Ouml;nd\u0259r Heyd\u0259r \u018fliyevin Az\u0259rbaycan Respublikas\u0131n\u0131n d&ouml;vl\u0259t&ccedil;ilik prinsipl\u0259rinin yaranmas\u0131nda m&uuml;st\u0259sna rolunun oldu\u011funu vur\u011fulam\u0131\u015f, Ulu &Ouml;nd\u0259rin u\u011furlu siyasi f\u0259aliyy\u0259tind\u0259n b\u0259hs etmi\u015fdir.<br \/>H\u0259m&ccedil;inin t\u0259dbird\u0259 Az\u0259rbaycan Respulikas\u0131 Milli M\u0259clisinin deputat\u0131 Ayd\u0131n Mirz\u0259zad\u0259, D&ouml;vl\u0259t \u0130dar\u0259&ccedil;ilik Akademiyas\u0131 Siyasi idar\u0259etm\u0259 fak&uuml;lt\u0259sinin dekan\u0131, professor El&ccedil;in \u018fhm\u0259dov, Tarix kafedras\u0131n\u0131n professoru Musa Quluzad\u0259 &Uuml;mummili lider Heyd\u0259r \u018fliyevin siyasi f\u0259aliyy\u0259ti bar\u0259sind\u0259 m\u0259ruz\u0259 il\u0259 &ccedil;\u0131x\u0131\u015f edibler.<\/p>\t\t\t\t\t<\/div>\n\t\t\t\t\t\t<\/div>\n\t\t\t\t<\/div>\n\t\t\t\t\t\t<\/div>\n\t\t\t\t\t<\/div>\n\t\t<\/div>\n\t\t\t\t\t\t\t\t<\/div>\n\t\t\t\t\t<\/div>\n\t\t<\/section>\n\t\t\t\t<section class=\"elementor-section elementor-top-section elementor-element elementor-element-808da79 elementor-section-boxed elementor-section-height-default elementor-section-height-default\" data-id=\"808da79\" data-element_type=\"section\">\n\t\t\t\t\t\t<div class=\"elementor-container elementor-column-gap-default\">\n\t\t\t\t\t\t\t<div class=\"elementor-row\">\n\t\t\t\t\t<div class=\"elementor-column elementor-col-100 elementor-top-column elementor-element elementor-element-ca8ae55\" data-id=\"ca8ae55\" data-element_type=\"column\">\n\t\t\t<div class=\"elementor-column-wrap elementor-element-populated\">\n\t\t\t\t\t\t\t<div class=\"elementor-widget-wrap\">\n\t\t\t\t\t\t<div class=\"elementor-element elementor-element-3cfb74a elementor-widget elementor-widget-image\" data-id=\"3cfb74a\" data-element_type=\"widget\" data-widget_type=\"image.default\">\n\t\t\t\t<div class=\"elementor-widget-container\">\n\t\t\t\t\t\t\t\t<div class=\"elementor-image\">\n\t\t\t\t\t\t\t\t\t\t\t\t\t<a href=\"https:\/\/dia.edu.az\/wp-content\/uploads\/2021\/12\/1212.jpeg\">\n\t\t\t\t\t\t\t<img width=\"450\" height=\"292\" src=\"https:\/\/legacy.dia.edu.az\/wp-content\/uploads\/2021\/12\/1212-450x292.jpeg\" class=\"attachment-large size-large\" alt=\"\" srcset=\"https:\/\/legacy.dia.edu.az\/wp-content\/uploads\/2021\/12\/1212-450x292.jpeg 450w, https:\/\/legacy.dia.edu.az\/wp-content\/uploads\/2021\/12\/1212-200x130.jpeg 200w, https:\/\/legacy.dia.edu.az\/wp-content\/uploads\/2021\/12\/1212-16x10.jpeg 16w, https:\/\/legacy.dia.edu.az\/wp-content\/uploads\/2021\/12\/1212.jpeg 590w\" sizes=\"(max-width: 450px) 100vw, 450px\" \/>\t\t\t\t\t\t\t\t<\/a>\n\t\t\t\t\t\t\t\t\t\t\t\t\t\t<\/div>\n\t\t\t\t\t\t<\/div>\n\t\t\t\t<\/div>\n\t\t\t\t\t\t<\/div>\n\t\t\t\t\t<\/div>\n\t\t<\/div>\n\t\t\t\t\t\t\t\t<\/div>\n\t\t\t\t\t<\/div>\n\t\t<\/section>\n\t\t\t\t\t\t<\/div>\n\t\t\t\t\t\t<\/div>\n\t\t\t\t\t<\/div>","protected":false},"excerpt":{"rendered":"<p>D\u00f6vl\u0259t \u0130dar\u0259\u00e7ilik Akademiyas\u0131nda \u00fcmummilli lider Heyd\u0259r \u018fliyevin xatir\u0259sin\u0259 h\u0259sr edilmi\u015f an\u0131m t\u0259dbiri ke\u00e7irilmi\u015fdir 10 dekabr 2021-ci il tarixind\u0259 Az\u0259rbaycan Respublikas\u0131n\u0131n Prezidenti yan\u0131nda D\u00f6vl\u0259t \u0130dar\u0259\u00e7ilik Akademiyas\u0131nda \u201cHeyd\u0259r \u018fliyev irsi: m\u00fcst\u0259qil d\u00f6vl\u0259t\u00e7ilik v\u0259 m\u00fcasirlik&#8221; m\u00f6vzusunda onlayn elmi-praktiki konfrans ke\u00e7irilmi\u015fdir. T\u0259dbiri giri\u015f s\u00f6z\u00fc il\u0259 a\u00e7an rektor akademik Urxan \u018fl\u0259kb\u0259rov Ulu \u00d6nd\u0259r Heyd\u0259r \u018fliyevin Az\u0259rbaycan Respublikas\u0131n\u0131n d\u00f6vl\u0259t\u00e7ilik prinsipl\u0259rinin yaranmas\u0131nda [&hellip;]<\/p>","protected":false},"author":2,"featured_media":15793,"comment_status":"closed","ping_status":"closed","sticky":false,"template":"","format":"standard","meta":[],"categories":[137],"tags":[],"_links":{"self":[{"href":"https:\/\/legacy.dia.edu.az\/en\/wp-json\/wp\/v2\/posts\/15794"}],"collection":[{"href":"https:\/\/legacy.dia.edu.az\/en\/wp-json\/wp\/v2\/posts"}],"about":[{"href":"https:\/\/legacy.dia.edu.az\/en\/wp-json\/wp\/v2\/types\/post"}],"author":[{"embeddable":true,"href":"https:\/\/legacy.dia.edu.az\/en\/wp-json\/wp\/v2\/users\/2"}],"replies":[{"embeddable":true,"href":"https:\/\/legacy.dia.edu.az\/en\/wp-json\/wp\/v2\/comments?post=15794"}],"version-history":[{"count":10,"href":"https:\/\/legacy.dia.edu.az\/en\/wp-json\/wp\/v2\/posts\/15794\/revisions"}],"predecessor-version":[{"id":15805,"href":"https:\/\/legacy.dia.edu.az\/en\/wp-json\/wp\/v2\/posts\/15794\/revisions\/15805"}],"wp:featuredmedia":[{"embeddable":true,"href":"https:\/\/legacy.dia.edu.az\/en\/wp-json\/wp\/v2\/media\/15793"}],"wp:attachment":[{"href":"https:\/\/legacy.dia.edu.az\/en\/wp-json\/wp\/v2\/media?parent=15794"}],"wp:term":[{"taxonomy":"category","embeddable":true,"href":"https:\/\/legacy.dia.edu.az\/en\/wp-json\/wp\/v2\/categories?post=15794"},{"taxonomy":"post_tag","embeddable":true,"href":"https:\/\/legacy.dia.edu.az\/en\/wp-json\/wp\/v2\/tags?post=15794"}],"curies":[{"name":"wp","href":"https:\/\/api.w.org\/{rel}","templated":true}]}}