{"id":15723,"date":"2021-12-08T15:59:08","date_gmt":"2021-12-08T12:59:08","guid":{"rendered":"https:\/\/dia.edu.az\/?p=15723"},"modified":"2021-12-08T17:44:17","modified_gmt":"2021-12-08T14:44:17","slug":"prezident-ilham-%c9%99liyevin-yeni-idar%c9%99cilik-texnologiyalari-beyn%c9%99lxalq-konfransin-gund%c9%99liyind%c9%99","status":"publish","type":"post","link":"https:\/\/legacy.dia.edu.az\/en\/arxivl\u0259r\/15723","title":{"rendered":"D\u0130A-da \u201cD\u00f6vl\u0259t idar\u0259\u00e7iliyind\u0259 yeni texnologiyalar: davaml\u0131 inki\u015faf v\u0259 inkl\u00fcziv c\u0259miyy\u0259t\u0259 do\u011fru\u201d m\u00f6vzusunda beyn\u0259lxalq elmi-praktik konfrans"},"content":{"rendered":"<div data-elementor-type=\"wp-post\" data-elementor-id=\"15723\" class=\"elementor elementor-15723\" data-elementor-settings=\"[]\">\n\t\t\t\t\t\t<div class=\"elementor-inner\">\n\t\t\t\t\t\t\t<div class=\"elementor-section-wrap\">\n\t\t\t\t\t\t\t<section class=\"elementor-section elementor-top-section elementor-element elementor-element-3845bd9 elementor-section-boxed elementor-section-height-default elementor-section-height-default\" data-id=\"3845bd9\" data-element_type=\"section\">\n\t\t\t\t\t\t<div class=\"elementor-container elementor-column-gap-default\">\n\t\t\t\t\t\t\t<div class=\"elementor-row\">\n\t\t\t\t\t<div class=\"elementor-column elementor-col-100 elementor-top-column elementor-element elementor-element-862fdbf\" data-id=\"862fdbf\" data-element_type=\"column\">\n\t\t\t<div class=\"elementor-column-wrap elementor-element-populated\">\n\t\t\t\t\t\t\t<div class=\"elementor-widget-wrap\">\n\t\t\t\t\t\t<div class=\"elementor-element elementor-element-0800c59 elementor-widget elementor-widget-text-editor\" data-id=\"0800c59\" data-element_type=\"widget\" data-widget_type=\"text-editor.default\">\n\t\t\t\t<div class=\"elementor-widget-container\">\n\t\t\t\t\t\t\t\t<div class=\"elementor-text-editor elementor-clearfix\">\n\t\t\t\t\tD\u0130A-da \u201cD\u00f6vl\u0259t idar\u0259\u00e7iliyind\u0259 yeni texnologiyalar: davaml\u0131 inki\u015faf v\u0259 inkl\u00fcziv c\u0259miyy\u0259t\u0259 do\u011fru\u201d m\u00f6vzusunda beyn\u0259lxalq elmi-praktik konfrans\t\t\t\t\t<\/div>\n\t\t\t\t\t\t<\/div>\n\t\t\t\t<\/div>\n\t\t\t\t\t\t<\/div>\n\t\t\t\t\t<\/div>\n\t\t<\/div>\n\t\t\t\t\t\t\t\t<\/div>\n\t\t\t\t\t<\/div>\n\t\t<\/section>\n\t\t\t\t<section class=\"elementor-section elementor-top-section elementor-element elementor-element-9c65ed0 elementor-section-boxed elementor-section-height-default elementor-section-height-default\" data-id=\"9c65ed0\" data-element_type=\"section\">\n\t\t\t\t\t\t<div class=\"elementor-container elementor-column-gap-default\">\n\t\t\t\t\t\t\t<div class=\"elementor-row\">\n\t\t\t\t\t<div class=\"elementor-column elementor-col-100 elementor-top-column elementor-element elementor-element-fefefae\" data-id=\"fefefae\" data-element_type=\"column\">\n\t\t\t<div class=\"elementor-column-wrap\">\n\t\t\t\t\t\t\t<div class=\"elementor-widget-wrap\">\n\t\t\t\t\t\t\t\t<\/div>\n\t\t\t\t\t<\/div>\n\t\t<\/div>\n\t\t\t\t\t\t\t\t<\/div>\n\t\t\t\t\t<\/div>\n\t\t<\/section>\n\t\t\t\t<section class=\"elementor-section elementor-top-section elementor-element elementor-element-9ce088a elementor-section-boxed elementor-section-height-default elementor-section-height-default\" data-id=\"9ce088a\" data-element_type=\"section\">\n\t\t\t\t\t\t<div class=\"elementor-container elementor-column-gap-default\">\n\t\t\t\t\t\t\t<div class=\"elementor-row\">\n\t\t\t\t\t<div class=\"elementor-column elementor-col-100 elementor-top-column elementor-element elementor-element-4738e09\" data-id=\"4738e09\" data-element_type=\"column\">\n\t\t\t<div class=\"elementor-column-wrap elementor-element-populated\">\n\t\t\t\t\t\t\t<div class=\"elementor-widget-wrap\">\n\t\t\t\t\t\t<div class=\"elementor-element elementor-element-bdf4c4d elementor-widget elementor-widget-text-editor\" data-id=\"bdf4c4d\" data-element_type=\"widget\" data-widget_type=\"text-editor.default\">\n\t\t\t\t<div class=\"elementor-widget-container\">\n\t\t\t\t\t\t\t\t<div class=\"elementor-text-editor elementor-clearfix\">\n\t\t\t\t\t<p style=\"text-align: justify;\">Dekabr\u0131n 8-d\u0259 Az\u0259rbaycan Respublikas\u0131n\u0131n Prezidenti yan\u0131nda D&ouml;vl\u0259t \u0130dar\u0259&ccedil;ilik Akademiyas\u0131nda (D\u0130A) &ldquo;D&ouml;vl\u0259t idar\u0259&ccedil;iliyind\u0259 yeni texnologiyalar: davaml\u0131 inki\u015faf v\u0259 inkl&uuml;ziv c\u0259miyy\u0259t\u0259 do\u011fru&rdquo; m&ouml;vzusunda beyn\u0259lxalq elmi-praktik konfrans ke&ccedil;irilib.<\/p>\n<p style=\"text-align: justify;\">T\u0259dbir Az\u0259rbaycanda yeni idar\u0259etm\u0259 texnologiyalar\u0131 v\u0259 onlar\u0131n t\u0259tbiqi il\u0259 qurulmu\u015f s\u0259m\u0259r\u0259li v\u0259 &ccedil;evik idar\u0259etm\u0259 sistemi, h\u0259m&ccedil;inin &ouml;lk\u0259mizin bu sah\u0259d\u0259 qabaqc\u0131l t\u0259cr&uuml;b\u0259si v\u0259 qazand\u0131\u011f\u0131 u\u011furlar\u0131n m&uuml;zakir\u0259sin\u0259 h\u0259sr olunub. Bu g&uuml;n Az\u0259rbaycan s&uuml;r\u0259tl\u0259 inki\u015faf edir v\u0259 respublikam\u0131z n\u0259inki regionda, d&uuml;nya miqyas\u0131nda se&ccedil;il\u0259n &ouml;lk\u0259l\u0259rd\u0259n biridir. &Ouml;lk\u0259nin siyasi, iqtisadi, sosial v\u0259 t\u0259hl&uuml;k\u0259sizlik sah\u0259l\u0259rind\u0259 u\u011furlar\u0131n\u0131n k&ouml;k&uuml;nd\u0259 Prezident \u0130lham \u018fliyev t\u0259r\u0259find\u0259n i\u015fl\u0259nmi\u015f, elmin \u0259n m&uuml;asir nailiyy\u0259tl\u0259rin\u0259 \u0259saslanan yeni idar\u0259etm\u0259 texnologiyalar\u0131 dayan\u0131r.<\/p>\n<p style=\"text-align: justify;\">Onlayn konfransda az\u0259rbaycanl\u0131 aliml\u0259rl\u0259 yana\u015f\u0131, T&uuml;rkiy\u0259, Rusiya, AB\u015e, &Ccedil;in, \u0130srail, G&uuml;rc&uuml;stan, Qazax\u0131stan, T&uuml;rkm\u0259nistan v\u0259 Tacikistan\u0131n milli d&ouml;vl\u0259t idar\u0259&ccedil;ilik akademiyalar\u0131 v\u0259 universitetl\u0259rinin r\u0259hb\u0259rl\u0259ri, n&uuml;fuzlu m&uuml;t\u0259x\u0259ssisl\u0259r i\u015ftirak edibl\u0259r.<\/p>\n<p style=\"text-align: justify;\">T\u0259dbird\u0259 D&ouml;vl\u0259t \u0130dar\u0259&ccedil;ilik Akademiyas\u0131n\u0131n rektoru akademik Urxan \u018fl\u0259kb\u0259rov &ldquo;Az\u0259rbaycan Respublikas\u0131nda yeni idar\u0259etm\u0259 texnologiyalar\u0131n\u0131n s\u0259m\u0259r\u0259liliyi: beyn\u0259lxalq qiym\u0259tl\u0259ndirm\u0259&rdquo; m&ouml;vzusunda m\u0259ruz\u0259 il\u0259 &ccedil;\u0131x\u0131\u015f edib. M\u0259ruz\u0259d\u0259 Az\u0259rbaycanda i\u015fl\u0259nilmi\u015f v\u0259 d&uuml;nyada ilk d\u0259f\u0259 t\u0259tbiq edil\u0259n yeni idar\u0259etm\u0259 texnologiyalar\u0131n\u0131n inkl&uuml;ziv c\u0259miyy\u0259tin formala\u015fd\u0131r\u0131lmas\u0131nda \u0259h\u0259miyy\u0259ti vur\u011fulan\u0131b. Bildirilib ki, beyn\u0259lxalq t\u0259\u015fkilatlar\u0131n r\u0259smi hesabatlar\u0131na g&ouml;r\u0259, haz\u0131rda Az\u0259rbaycan Respublikas\u0131 d&uuml;nyada inkl&uuml;ziv inki\u015faf sah\u0259sind\u0259 maddi v\u0259 insan resurslar\u0131ndan \u0259n s\u0259m\u0259r\u0259li istifad\u0259 ed\u0259n &ouml;lk\u0259dir.<\/p>\n<p style=\"text-align: justify;\">Rektor diqq\u0259t\u0259 &ccedil;atd\u0131r\u0131b ki, inkl&uuml;ziv inki\u015faf sah\u0259sind\u0259 Az\u0259rbaycan Respublikas\u0131n\u0131n y&uuml;ks\u0259k g&ouml;st\u0259ricil\u0259r \u0259ld\u0259 etm\u0259sind\u0259 v\u0259 sosial siyas\u0259tin realla\u015fd\u0131r\u0131lmas\u0131nda Birinci vitse-prezident Mehriban \u018fliyevan\u0131n m&uuml;st\u0259sna xidm\u0259tl\u0259ri var.<\/p>\n<p style=\"text-align: justify;\">U.\u018fl\u0259kb\u0259rov qazan\u0131lan u\u011furlar\u0131n 44 g&uuml;nl&uuml;k V\u0259t\u0259n m&uuml;harib\u0259sind\u0259ki parlaq Q\u0259l\u0259b\u0259d\u0259 b&ouml;y&uuml;k pay\u0131 oldu\u011funu x&uuml;susi qeyd edib. Eyni zamanda, diqq\u0259t\u0259 &ccedil;atd\u0131r\u0131l\u0131b ki, m\u0259hz b\u0259hs edil\u0259n idar\u0259etm\u0259 texnologiyalar\u0131 d&uuml;nyan\u0131n iqtisadi n\u0259h\u0259ngl\u0259rini diz &uuml;st\u0259 qoyan pandemiya zaman\u0131 Az\u0259rbaycan\u0131n q\u0259l\u0259b\u0259sini \u015f\u0259rtl\u0259ndirib.<\/p>\n<p style=\"text-align: justify;\">Yeni d&ouml;vl\u0259t idar\u0259&ccedil;iliyi v\u0259 Davaml\u0131 \u0130nki\u015faf M\u0259qs\u0259dl\u0259ri, qlobal pandemiya d&ouml;n\u0259mind\u0259 d&ouml;vl\u0259t, m&uuml;asir d&ouml;vrd\u0259 d&ouml;vl\u0259t qullu\u011funun idar\u0259 olunmas\u0131, &ldquo;a\u011f\u0131ll\u0131&rdquo; \u015f\u0259h\u0259r v\u0259 k\u0259ndl\u0259rin idar\u0259 edilm\u0259sind\u0259 s&uuml;ni intellektin rolu, d&ouml;vl\u0259t idar\u0259&ccedil;iliyind\u0259 d\u0259yi\u015fiklikl\u0259rin idar\u0259 olunmas\u0131, &ouml;lk\u0259l\u0259rin s&uuml;lh paradiqmalar\u0131 konfrans\u0131n \u0259sas m&uuml;zakir\u0259 m&ouml;vzular\u0131ndan olub.<\/p>\n<p style=\"text-align: justify;\">Konfrans i\u015ftirak&ccedil;\u0131lar\u0131n\u0131n &ccedil;\u0131x\u0131\u015flar\u0131 v\u0259 apar\u0131lan m&uuml;zakir\u0259l\u0259r gedi\u015find\u0259 Az\u0259rbaycanda i\u015fl\u0259nilmi\u015f yeni idar\u0259etm\u0259 texnologiyalar\u0131n\u0131n t\u0259dqiqi, al\u0131nan n\u0259tic\u0259l\u0259rin t\u0259dris proqramlar\u0131na, x&uuml;susil\u0259 d\u0259 d&ouml;vl\u0259t qulluq&ccedil;ular\u0131n\u0131n haz\u0131rl\u0131\u011f\u0131 v\u0259 yenid\u0259n haz\u0131rl\u0131\u011f\u0131 prosesin\u0259 daxil edilm\u0259si, &uuml;mumiyy\u0259tl\u0259 bu sah\u0259d\u0259 qazan\u0131lan t\u0259cr&uuml;b\u0259nin dig\u0259r &ouml;lk\u0259l\u0259rd\u0259 d\u0259 yay\u0131lmas\u0131n\u0131n faydal\u0131 ola bil\u0259c\u0259yi q\u0259na\u0259tin\u0259 g\u0259linib.<\/p>\t\t\t\t\t<\/div>\n\t\t\t\t\t\t<\/div>\n\t\t\t\t<\/div>\n\t\t\t\t\t\t<\/div>\n\t\t\t\t\t<\/div>\n\t\t<\/div>\n\t\t\t\t\t\t\t\t<\/div>\n\t\t\t\t\t<\/div>\n\t\t<\/section>\n\t\t\t\t<section class=\"elementor-section elementor-top-section elementor-element elementor-element-4908442 elementor-section-boxed elementor-section-height-default elementor-section-height-default\" data-id=\"4908442\" data-element_type=\"section\">\n\t\t\t\t\t\t<div class=\"elementor-container elementor-column-gap-default\">\n\t\t\t\t\t\t\t<div class=\"elementor-row\">\n\t\t\t\t\t<div class=\"elementor-column elementor-col-100 elementor-top-column elementor-element elementor-element-9f2a736\" data-id=\"9f2a736\" data-element_type=\"column\">\n\t\t\t<div class=\"elementor-column-wrap\">\n\t\t\t\t\t\t\t<div class=\"elementor-widget-wrap\">\n\t\t\t\t\t\t\t\t<\/div>\n\t\t\t\t\t<\/div>\n\t\t<\/div>\n\t\t\t\t\t\t\t\t<\/div>\n\t\t\t\t\t<\/div>\n\t\t<\/section>\n\t\t\t\t<section class=\"elementor-section elementor-top-section elementor-element elementor-element-4bc8fb6 elementor-section-boxed elementor-section-height-default elementor-section-height-default\" data-id=\"4bc8fb6\" data-element_type=\"section\">\n\t\t\t\t\t\t<div class=\"elementor-container elementor-column-gap-default\">\n\t\t\t\t\t\t\t<div class=\"elementor-row\">\n\t\t\t\t\t<div class=\"elementor-column elementor-col-100 elementor-top-column elementor-element elementor-element-6147024\" data-id=\"6147024\" data-element_type=\"column\">\n\t\t\t<div class=\"elementor-column-wrap elementor-element-populated\">\n\t\t\t\t\t\t\t<div class=\"elementor-widget-wrap\">\n\t\t\t\t\t\t<div class=\"elementor-element elementor-element-790165e elementor-widget elementor-widget-image\" data-id=\"790165e\" data-element_type=\"widget\" data-widget_type=\"image.default\">\n\t\t\t\t<div class=\"elementor-widget-container\">\n\t\t\t\t\t\t\t\t<div class=\"elementor-image\">\n\t\t\t\t\t\t\t\t\t\t\t\t\t<a href=\"https:\/\/dia.edu.az\/wp-content\/uploads\/2021\/12\/photo-1.png\">\n\t\t\t\t\t\t\t<img width=\"450\" height=\"204\" src=\"https:\/\/legacy.dia.edu.az\/wp-content\/uploads\/2021\/12\/photo-1-450x204.png\" class=\"attachment-large size-large\" alt=\"\" srcset=\"https:\/\/legacy.dia.edu.az\/wp-content\/uploads\/2021\/12\/photo-1-450x204.png 450w, https:\/\/legacy.dia.edu.az\/wp-content\/uploads\/2021\/12\/photo-1-200x91.png 200w, https:\/\/legacy.dia.edu.az\/wp-content\/uploads\/2021\/12\/photo-1-768x348.png 768w, https:\/\/legacy.dia.edu.az\/wp-content\/uploads\/2021\/12\/photo-1-1536x696.png 1536w, https:\/\/legacy.dia.edu.az\/wp-content\/uploads\/2021\/12\/photo-1-16x7.png 16w, https:\/\/legacy.dia.edu.az\/wp-content\/uploads\/2021\/12\/photo-1.png 2047w\" sizes=\"(max-width: 450px) 100vw, 450px\" \/>\t\t\t\t\t\t\t\t<\/a>\n\t\t\t\t\t\t\t\t\t\t\t\t\t\t<\/div>\n\t\t\t\t\t\t<\/div>\n\t\t\t\t<\/div>\n\t\t\t\t\t\t<\/div>\n\t\t\t\t\t<\/div>\n\t\t<\/div>\n\t\t\t\t\t\t\t\t<\/div>\n\t\t\t\t\t<\/div>\n\t\t<\/section>\n\t\t\t\t\t\t<\/div>\n\t\t\t\t\t\t<\/div>\n\t\t\t\t\t<\/div>","protected":false},"excerpt":{"rendered":"<p>D\u0130A-da \u201cD\u00f6vl\u0259t idar\u0259\u00e7iliyind\u0259 yeni texnologiyalar: davaml\u0131 inki\u015faf v\u0259 inkl\u00fcziv c\u0259miyy\u0259t\u0259 do\u011fru\u201d m\u00f6vzusunda beyn\u0259lxalq elmi-praktik konfrans Dekabr\u0131n 8-d\u0259 Az\u0259rbaycan Respublikas\u0131n\u0131n Prezidenti yan\u0131nda D&ouml;vl\u0259t \u0130dar\u0259&ccedil;ilik Akademiyas\u0131nda (D\u0130A) &ldquo;D&ouml;vl\u0259t idar\u0259&ccedil;iliyind\u0259 yeni texnologiyalar: davaml\u0131 inki\u015faf v\u0259 inkl&uuml;ziv c\u0259miyy\u0259t\u0259 do\u011fru&rdquo; m&ouml;vzusunda beyn\u0259lxalq elmi-praktik konfrans ke&ccedil;irilib. T\u0259dbir Az\u0259rbaycanda yeni idar\u0259etm\u0259 texnologiyalar\u0131 v\u0259 onlar\u0131n t\u0259tbiqi il\u0259 qurulmu\u015f s\u0259m\u0259r\u0259li v\u0259 &ccedil;evik idar\u0259etm\u0259 sistemi, [&hellip;]<\/p>","protected":false},"author":2,"featured_media":15731,"comment_status":"closed","ping_status":"closed","sticky":false,"template":"","format":"standard","meta":[],"categories":[137],"tags":[],"_links":{"self":[{"href":"https:\/\/legacy.dia.edu.az\/en\/wp-json\/wp\/v2\/posts\/15723"}],"collection":[{"href":"https:\/\/legacy.dia.edu.az\/en\/wp-json\/wp\/v2\/posts"}],"about":[{"href":"https:\/\/legacy.dia.edu.az\/en\/wp-json\/wp\/v2\/types\/post"}],"author":[{"embeddable":true,"href":"https:\/\/legacy.dia.edu.az\/en\/wp-json\/wp\/v2\/users\/2"}],"replies":[{"embeddable":true,"href":"https:\/\/legacy.dia.edu.az\/en\/wp-json\/wp\/v2\/comments?post=15723"}],"version-history":[{"count":20,"href":"https:\/\/legacy.dia.edu.az\/en\/wp-json\/wp\/v2\/posts\/15723\/revisions"}],"predecessor-version":[{"id":15745,"href":"https:\/\/legacy.dia.edu.az\/en\/wp-json\/wp\/v2\/posts\/15723\/revisions\/15745"}],"wp:featuredmedia":[{"embeddable":true,"href":"https:\/\/legacy.dia.edu.az\/en\/wp-json\/wp\/v2\/media\/15731"}],"wp:attachment":[{"href":"https:\/\/legacy.dia.edu.az\/en\/wp-json\/wp\/v2\/media?parent=15723"}],"wp:term":[{"taxonomy":"category","embeddable":true,"href":"https:\/\/legacy.dia.edu.az\/en\/wp-json\/wp\/v2\/categories?post=15723"},{"taxonomy":"post_tag","embeddable":true,"href":"https:\/\/legacy.dia.edu.az\/en\/wp-json\/wp\/v2\/tags?post=15723"}],"curies":[{"name":"wp","href":"https:\/\/api.w.org\/{rel}","templated":true}]}}