{"id":15710,"date":"2021-12-06T21:21:07","date_gmt":"2021-12-06T18:21:07","guid":{"rendered":"https:\/\/dia.edu.az\/?p=15710"},"modified":"2021-12-06T21:30:22","modified_gmt":"2021-12-06T18:30:22","slug":"umummilli-liderin-irsin%c9%99-%c9%99saslanan-az%c9%99rbaycanin-inkisaf-strategiyasi-movzusunda-konfrans-kecirilib","status":"publish","type":"post","link":"https:\/\/legacy.dia.edu.az\/en\/arxivl\u0259r\/15710","title":{"rendered":"\u201c\u00dcmummilli Liderin irsin\u0259 \u0259saslanan Az\u0259rbaycan\u0131n inki\u015faf strategiyas\u0131\u201d m\u00f6vzusunda konfrans ke\u00e7irilib"},"content":{"rendered":"<div data-elementor-type=\"wp-post\" data-elementor-id=\"15710\" class=\"elementor elementor-15710\" data-elementor-settings=\"[]\">\n\t\t\t\t\t\t<div class=\"elementor-inner\">\n\t\t\t\t\t\t\t<div class=\"elementor-section-wrap\">\n\t\t\t\t\t\t\t<section class=\"elementor-section elementor-top-section elementor-element elementor-element-55b0e34 elementor-section-boxed elementor-section-height-default elementor-section-height-default\" data-id=\"55b0e34\" data-element_type=\"section\">\n\t\t\t\t\t\t<div class=\"elementor-container elementor-column-gap-default\">\n\t\t\t\t\t\t\t<div class=\"elementor-row\">\n\t\t\t\t\t<div class=\"elementor-column elementor-col-100 elementor-top-column elementor-element elementor-element-5c94902\" data-id=\"5c94902\" data-element_type=\"column\">\n\t\t\t<div class=\"elementor-column-wrap elementor-element-populated\">\n\t\t\t\t\t\t\t<div class=\"elementor-widget-wrap\">\n\t\t\t\t\t\t<div class=\"elementor-element elementor-element-15ee9ea elementor-widget elementor-widget-text-editor\" data-id=\"15ee9ea\" data-element_type=\"widget\" data-widget_type=\"text-editor.default\">\n\t\t\t\t<div class=\"elementor-widget-container\">\n\t\t\t\t\t\t\t\t<div class=\"elementor-text-editor elementor-clearfix\">\n\t\t\t\t\t\u201c\u00dcmummilli Liderin irsin\u0259 \u0259saslanan Az\u0259rbaycan\u0131n inki\u015faf strategiyas\u0131\u201d m\u00f6vzusunda konfrans ke\u00e7irilib\t\t\t\t\t<\/div>\n\t\t\t\t\t\t<\/div>\n\t\t\t\t<\/div>\n\t\t\t\t\t\t<\/div>\n\t\t\t\t\t<\/div>\n\t\t<\/div>\n\t\t\t\t\t\t\t\t<\/div>\n\t\t\t\t\t<\/div>\n\t\t<\/section>\n\t\t\t\t<section class=\"elementor-section elementor-top-section elementor-element elementor-element-a21cbb1 elementor-section-boxed elementor-section-height-default elementor-section-height-default\" data-id=\"a21cbb1\" data-element_type=\"section\">\n\t\t\t\t\t\t<div class=\"elementor-container elementor-column-gap-default\">\n\t\t\t\t\t\t\t<div class=\"elementor-row\">\n\t\t\t\t\t<div class=\"elementor-column elementor-col-100 elementor-top-column elementor-element elementor-element-780c77b\" data-id=\"780c77b\" data-element_type=\"column\">\n\t\t\t<div class=\"elementor-column-wrap elementor-element-populated\">\n\t\t\t\t\t\t\t<div class=\"elementor-widget-wrap\">\n\t\t\t\t\t\t<div class=\"elementor-element elementor-element-f18d151 elementor-widget elementor-widget-text-editor\" data-id=\"f18d151\" data-element_type=\"widget\" data-widget_type=\"text-editor.default\">\n\t\t\t\t<div class=\"elementor-widget-container\">\n\t\t\t\t\t\t\t\t<div class=\"elementor-text-editor elementor-clearfix\">\n\t\t\t\t\t<p style=\"text-align: justify;\">Dekabr\u0131n 6-da Yeni Az\u0259rbaycan Partiyas\u0131 Veteranlar \u015euras\u0131, M\u0259rk\u0259zi Aparat\u0131 v\u0259 Bin\u0259q\u0259di rayon t\u0259\u015fkilat\u0131n\u0131n birg\u0259 t\u0259\u015fkilat&ccedil;\u0131l\u0131\u011f\u0131 il\u0259 ulu &ouml;nd\u0259r Heyd\u0259r \u018fliyevin an\u0131m g&uuml;n&uuml;n\u0259 h\u0259sr olunmu\u015f &ldquo;&Uuml;mummilli Liderin irsin\u0259 \u0259saslanan Az\u0259rbaycan\u0131n inki\u015faf strategiyas\u0131&rdquo; m&ouml;vzusunda konfrans ke&ccedil;irilib.<\/p>\n<p style=\"text-align: justify;\">Konfransda YAP Veteranlar \u015euras\u0131n\u0131n &uuml;zvl\u0259ri, YAP M\u0259rk\u0259zi Aparat\u0131n\u0131n \u0259m\u0259kda\u015flar\u0131 v\u0259 partiyan\u0131n Bin\u0259q\u0259di rayon t\u0259\u015fkilat\u0131n\u0131n f\u0259al g\u0259ncl\u0259ri i\u015ftirak edibl\u0259r.<\/p>\n<p style=\"text-align: justify;\">\u018fvv\u0259lc\u0259 YAP Bin\u0259q\u0259di rayon t\u0259\u015fkilat\u0131n\u0131n inzibati binas\u0131n\u0131n qar\u015f\u0131s\u0131nda ulu &ouml;nd\u0259r Heyd\u0259r \u018fliyevin abid\u0259si ziyar\u0259t olunub, abid\u0259nin &ouml;n&uuml;n\u0259 g&uuml;l d\u0259st\u0259l\u0259ri d&uuml;z&uuml;l&uuml;b.<\/p>\n<p style=\"text-align: justify;\">Konfransda ulu &ouml;nd\u0259r Heyd\u0259r \u018fliyevin v\u0259 torpaqlar\u0131m\u0131z\u0131n azadl\u0131\u011f\u0131 u\u011frunda canlar\u0131n\u0131 qurban vermi\u015f \u015f\u0259hidl\u0259rin \u0259ziz xatir\u0259si bir d\u0259qiq\u0259lik s&uuml;kutla yad edilib.<\/p>\n<p style=\"text-align: justify;\">T\u0259dbiri giri\u015f s&ouml;z&uuml; il\u0259 a&ccedil;an YAP Veteranlar \u015euras\u0131n\u0131n s\u0259dri Arif R\u0259himzad\u0259 bildirib ki, ulu &ouml;nd\u0259r Heyd\u0259r \u018fliyevin iki d\u0259f\u0259 respublikan\u0131n r\u0259hb\u0259ri oldu\u011fu 30 ild\u0259n art\u0131q bir d&ouml;vr d&ouml;vl\u0259t&ccedil;iliyimizin v\u0259 xalq\u0131m\u0131z\u0131n m\u0259nlik \u015f&uuml;urunun formala\u015fmas\u0131nda tarixi bir m\u0259rh\u0259l\u0259 t\u0259\u015fkil edib. Heyd\u0259r \u018fliyevin hakimiyy\u0259t\u0259 birinci g\u0259li\u015fi xalq\u0131n h\u0259yat\u0131nda d&ouml;n&uuml;\u015f n&ouml;qt\u0259sin\u0259, &ccedil;i&ccedil;\u0259kl\u0259nm\u0259, c\u0259miyy\u0259td\u0259 yeni d&uuml;nyabax\u0131\u015f\u0131n\u0131n formala\u015fmas\u0131, insanlar\u0131n &ouml;z q&uuml;vv\u0259 v\u0259 imkanlar\u0131n\u0131 d\u0259rk etm\u0259si d&ouml;vr&uuml;n\u0259 &ccedil;evrilib. 1993-c&uuml; ild\u0259 Ulu &Ouml;nd\u0259r hakimiyy\u0259t\u0259 qay\u0131d\u0131\u015f\u0131 il\u0259 xilaskarl\u0131q missiyas\u0131n\u0131 yerin\u0259 yetirdi, &ouml;lk\u0259miz m\u0259hv olmaq t\u0259hl&uuml;k\u0259sind\u0259n qurtard\u0131. &Uuml;mummilli lider Heyd\u0259r \u018fliyevin m&uuml;asir v\u0259 m&uuml;st\u0259qil Az\u0259rbaycana r\u0259hb\u0259rliyinin \u0259sas n\u0259tic\u0259si ondan ibar\u0259tdir ki, da\u011f\u0131lmaq \u0259r\u0259f\u0259sind\u0259 olan &ouml;lk\u0259miz dinamik inki\u015faf ed\u0259n bir &ouml;lk\u0259y\u0259 &ccedil;evrilib. Bu, he&ccedil; d\u0259 asan ba\u015fa g\u0259lm\u0259yib. Az\u0259rbaycan\u0131 inki\u015faf yoluna y&ouml;n\u0259ltm\u0259k &uuml;&ccedil;&uuml;n b&ouml;y&uuml;k z\u0259hm\u0259t s\u0259rf olunub. Odur ki, biz Heyd\u0259r \u018fliyevin qurucusu oldu\u011fu bug&uuml;nk&uuml; Az\u0259rbaycan\u0131 daim qorumal\u0131y\u0131q.<\/p>\n<p style=\"text-align: justify;\">Bin\u0259q\u0259di Rayon \u0130cra Hakimiyy\u0259tinin ba\u015f&ccedil;\u0131s\u0131 Elxan Allahverdiyev &ccedil;\u0131x\u0131\u015f ed\u0259r\u0259k bildirib ki, bu g&uuml;n m&uuml;st\u0259qil Az\u0259rbaycan d&ouml;vl\u0259tinin qazand\u0131\u011f\u0131 h\u0259r bir u\u011furun t\u0259m\u0259lind\u0259 &uuml;mummilli liderimiz Heyd\u0259r \u018fliyevin m&uuml;\u0259llifi oldu\u011fu inki\u015faf strategiyas\u0131 dayan\u0131r. Bu strategiyan\u0131n tarixi Ulu &Ouml;nd\u0259rin 1969-cu ild\u0259 Az\u0259rbaycana r\u0259hb\u0259r se&ccedil;ilm\u0259sind\u0259n ba\u015flay\u0131r. Onun s&ouml;zl\u0259rin\u0259 g&ouml;r\u0259, g&ouml;rk\u0259mli d&ouml;vl\u0259t xadiminin respublikam\u0131zda r\u0259hb\u0259rliy\u0259 g\u0259lm\u0259si bir &ccedil;ox sah\u0259d\u0259 ciddi inki\u015fafa yol a&ccedil;\u0131b, n\u0259tic\u0259d\u0259 xalq\u0131m\u0131z\u0131n g\u0259l\u0259c\u0259k m&uuml;st\u0259qilliyin\u0259 h\u0259d\u0259fl\u0259n\u0259n milli &ouml;z&uuml;n&uuml;d\u0259rkin \u0259sas\u0131 qoyulub.<\/p>\n<p style=\"text-align: justify;\">Sonra YAP Veteranlar \u015euras\u0131n\u0131n &uuml;zv&uuml;, Az\u0259rbaycan Respublikas\u0131n\u0131n Prezidenti yan\u0131nda D&ouml;vl\u0259t \u0130dar\u0259&ccedil;ilik Akademiyas\u0131n\u0131n rektoru Urxan \u018fl\u0259kb\u0259rov ulu &ouml;nd\u0259r Heyd\u0259r \u018fliyevin Az\u0259rbaycan d&ouml;vl\u0259ti v\u0259 xalq\u0131 qar\u015f\u0131s\u0131nda misilsiz xidm\u0259tl\u0259ri bar\u0259d\u0259 m\u0259ruz\u0259 il\u0259 &ccedil;\u0131x\u0131\u015f edib. Ulu &Ouml;nd\u0259rin m&uuml;st\u0259sna xidm\u0259tl\u0259rinin h\u0259l\u0259 uzun ill\u0259r t\u0259dqiqat&ccedil;\u0131lar\u0131n diqq\u0259t m\u0259rk\u0259zind\u0259 olaca\u011f\u0131n\u0131 qeyd ed\u0259n U.\u018fl\u0259kb\u0259rov m&uuml;asir Az\u0259rbaycan d&ouml;vl\u0259tinin memar\u0131 v\u0259 qurucusu Heyd\u0259r \u018fliyevin xatir\u0259sinin Az\u0259rbaycan ya\u015fad\u0131qca daim xalq\u0131m\u0131z\u0131n yadda\u015f\u0131nda, &uuml;r\u0259yind\u0259 ya\u015fayaca\u011f\u0131n\u0131 vur\u011fulay\u0131b.<\/p>\n<p style=\"text-align: justify;\">M\u0259ruz\u0259&ccedil;i &Uuml;mummilli Liderin &ouml;lk\u0259mizin inki\u015faf\u0131 istiqam\u0259tind\u0259 ba\u015flad\u0131\u011f\u0131 n\u0259h\u0259ng i\u015fl\u0259rin, m&ouml;ht\u0259\u015f\u0259m layih\u0259l\u0259rin bu g&uuml;n Prezident \u0130lham \u018fliyev t\u0259r\u0259find\u0259n u\u011furla davam etdirildiyini diqq\u0259t\u0259 &ccedil;atd\u0131r\u0131b. Qeyd edib ki, b&uuml;t&uuml;n bu i\u015fl\u0259rin realla\u015fmas\u0131nda Az\u0259rbaycan\u0131n Birinci vitse-prezidenti Mehriban xan\u0131m \u018fliyevan\u0131n da x&uuml;susi rolu var. U.\u018fl\u0259kb\u0259rov &ouml;t\u0259n d&ouml;vr \u0259rzind\u0259 Az\u0259rbaycan\u0131n \u0259ld\u0259 etdiyi nailiyy\u0259tl\u0259r, d&uuml;nya &ouml;lk\u0259l\u0259ri aras\u0131nda tutdu\u011fu yer bar\u0259d\u0259 m\u0259lumatlar\u0131 slaydlar vasit\u0259sil\u0259 konfrans i\u015ftirak&ccedil;\u0131lar\u0131n\u0131n diqq\u0259tin\u0259 &ccedil;atd\u0131r\u0131b.<\/p>\n<p style=\"text-align: justify;\">YAP Veteranlar \u015euras\u0131n\u0131n &uuml;zv&uuml; professor \u015eahlar \u018fsg\u0259rov &ccedil;\u0131x\u0131\u015f\u0131nda bildirib ki, ulu &ouml;nd\u0259r Heyd\u0259r \u018fliyev b&uuml;t&uuml;n h\u0259yat\u0131n\u0131 Az\u0259rbaycan\u0131n inki\u015faf v\u0259 t\u0259r\u0259qqisin\u0259 h\u0259sr edib. Onun s&ouml;zl\u0259rin\u0259 g&ouml;r\u0259, m&uuml;st\u0259qil Az\u0259rbaycan ulu &ouml;nd\u0259rimizin \u015fah \u0259s\u0259ridir. \u015e.\u018fsg\u0259rov h\u0259l\u0259 sovetl\u0259r hakimiyy\u0259ti d&ouml;vr&uuml;nd\u0259 Heyd\u0259r \u018fliyev t\u0259r\u0259find\u0259n minl\u0259rl\u0259 g\u0259ncin ke&ccedil;mi\u015f ittifaq respublikalar\u0131n\u0131n ali m\u0259kt\u0259bl\u0259rin\u0259 g&ouml;nd\u0259rilm\u0259sini, Nax&ccedil;\u0131vanski ad\u0131na h\u0259rbi liseyin yarad\u0131lmas\u0131n\u0131, 1993-c&uuml; ild\u0259 respublikam\u0131z\u0131n m\u0259hv olmaq t\u0259hl&uuml;k\u0259sind\u0259n xilas edilm\u0259sini m&uuml;asir tariximizin \u0259n m&uuml;h&uuml;m hadis\u0259l\u0259rind\u0259n biri kimi s\u0259ciyy\u0259l\u0259ndirib.<\/p>\n<p style=\"text-align: justify;\">YAP Bin\u0259q\u0259di rayon t\u0259\u015fkilat\u0131n\u0131n s\u0259dri V&uuml;sar \u0130smay\u0131lov da &ccedil;\u0131x\u0131\u015f\u0131nda ulu &ouml;nd\u0259r Heyd\u0259r \u018fliyevin tarixi xidm\u0259tl\u0259rind\u0259n b\u0259hs edib. O qeyd edib ki, Az\u0259rbaycan\u0131n inki\u015faf strategiyas\u0131n\u0131n m&uuml;\u0259llifi &uuml;mummilli liderimiz Heyd\u0259r \u018fliyevdir. Prezident \u0130lham \u018fliyevin liderliyi il\u0259 Heyd\u0259r \u018fliyev siyas\u0259ti &ouml;lk\u0259mizd\u0259 u\u011furla davam etdirilir. Bu siyas\u0259t davaml\u0131 olaraq Az\u0259rbaycana nailiyy\u0259tl\u0259r qazand\u0131r\u0131r.<\/p>\n<p style=\"text-align: justify;\">Sonda konfrans i\u015ftirak&ccedil;\u0131lar\u0131n\u0131n suallar\u0131 cavabland\u0131r\u0131l\u0131b.<\/p>\t\t\t\t\t<\/div>\n\t\t\t\t\t\t<\/div>\n\t\t\t\t<\/div>\n\t\t\t\t\t\t<\/div>\n\t\t\t\t\t<\/div>\n\t\t<\/div>\n\t\t\t\t\t\t\t\t<\/div>\n\t\t\t\t\t<\/div>\n\t\t<\/section>\n\t\t\t\t<section class=\"elementor-section elementor-top-section elementor-element elementor-element-5fca07f elementor-section-boxed elementor-section-height-default elementor-section-height-default\" data-id=\"5fca07f\" data-element_type=\"section\">\n\t\t\t\t\t\t<div class=\"elementor-container elementor-column-gap-default\">\n\t\t\t\t\t\t\t<div class=\"elementor-row\">\n\t\t\t\t\t<div class=\"elementor-column elementor-col-33 elementor-top-column elementor-element elementor-element-8c1784e\" data-id=\"8c1784e\" data-element_type=\"column\">\n\t\t\t<div class=\"elementor-column-wrap elementor-element-populated\">\n\t\t\t\t\t\t\t<div class=\"elementor-widget-wrap\">\n\t\t\t\t\t\t<div class=\"elementor-element elementor-element-0bd90b3 elementor-widget elementor-widget-image\" data-id=\"0bd90b3\" data-element_type=\"widget\" data-widget_type=\"image.default\">\n\t\t\t\t<div class=\"elementor-widget-container\">\n\t\t\t\t\t\t\t\t<div class=\"elementor-image\">\n\t\t\t\t\t\t\t\t\t\t\t\t\t<a href=\"https:\/\/dia.edu.az\/wp-content\/uploads\/2021\/12\/061221.jpg\">\n\t\t\t\t\t\t\t<img width=\"450\" height=\"299\" src=\"https:\/\/legacy.dia.edu.az\/wp-content\/uploads\/2021\/12\/061221-450x299.jpg\" class=\"attachment-large size-large\" alt=\"\" srcset=\"https:\/\/legacy.dia.edu.az\/wp-content\/uploads\/2021\/12\/061221-450x299.jpg 450w, https:\/\/legacy.dia.edu.az\/wp-content\/uploads\/2021\/12\/061221-200x133.jpg 200w, https:\/\/legacy.dia.edu.az\/wp-content\/uploads\/2021\/12\/061221-768x511.jpg 768w, https:\/\/legacy.dia.edu.az\/wp-content\/uploads\/2021\/12\/061221-16x12.jpg 16w, https:\/\/legacy.dia.edu.az\/wp-content\/uploads\/2021\/12\/061221-150x100.jpg 150w, https:\/\/legacy.dia.edu.az\/wp-content\/uploads\/2021\/12\/061221.jpg 1000w\" sizes=\"(max-width: 450px) 100vw, 450px\" \/>\t\t\t\t\t\t\t\t<\/a>\n\t\t\t\t\t\t\t\t\t\t\t\t\t\t<\/div>\n\t\t\t\t\t\t<\/div>\n\t\t\t\t<\/div>\n\t\t\t\t\t\t<\/div>\n\t\t\t\t\t<\/div>\n\t\t<\/div>\n\t\t\t\t<div class=\"elementor-column elementor-col-33 elementor-top-column elementor-element elementor-element-da3785e\" data-id=\"da3785e\" data-element_type=\"column\">\n\t\t\t<div class=\"elementor-column-wrap elementor-element-populated\">\n\t\t\t\t\t\t\t<div class=\"elementor-widget-wrap\">\n\t\t\t\t\t\t<div class=\"elementor-element elementor-element-4b7f58c elementor-widget elementor-widget-image\" data-id=\"4b7f58c\" data-element_type=\"widget\" data-widget_type=\"image.default\">\n\t\t\t\t<div class=\"elementor-widget-container\">\n\t\t\t\t\t\t\t\t<div class=\"elementor-image\">\n\t\t\t\t\t\t\t\t\t\t\t\t\t<a href=\"https:\/\/dia.edu.az\/wp-content\/uploads\/2021\/12\/06.12.jpg\">\n\t\t\t\t\t\t\t<img width=\"450\" height=\"299\" src=\"https:\/\/legacy.dia.edu.az\/wp-content\/uploads\/2021\/12\/06.12-450x299.jpg\" class=\"attachment-large size-large\" alt=\"\" srcset=\"https:\/\/legacy.dia.edu.az\/wp-content\/uploads\/2021\/12\/06.12-450x299.jpg 450w, https:\/\/legacy.dia.edu.az\/wp-content\/uploads\/2021\/12\/06.12-200x133.jpg 200w, https:\/\/legacy.dia.edu.az\/wp-content\/uploads\/2021\/12\/06.12-768x511.jpg 768w, https:\/\/legacy.dia.edu.az\/wp-content\/uploads\/2021\/12\/06.12-16x12.jpg 16w, https:\/\/legacy.dia.edu.az\/wp-content\/uploads\/2021\/12\/06.12-150x100.jpg 150w, https:\/\/legacy.dia.edu.az\/wp-content\/uploads\/2021\/12\/06.12.jpg 1000w\" sizes=\"(max-width: 450px) 100vw, 450px\" \/>\t\t\t\t\t\t\t\t<\/a>\n\t\t\t\t\t\t\t\t\t\t\t\t\t\t<\/div>\n\t\t\t\t\t\t<\/div>\n\t\t\t\t<\/div>\n\t\t\t\t\t\t<\/div>\n\t\t\t\t\t<\/div>\n\t\t<\/div>\n\t\t\t\t<div class=\"elementor-column elementor-col-33 elementor-top-column elementor-element elementor-element-497dfa3\" data-id=\"497dfa3\" data-element_type=\"column\">\n\t\t\t<div class=\"elementor-column-wrap elementor-element-populated\">\n\t\t\t\t\t\t\t<div class=\"elementor-widget-wrap\">\n\t\t\t\t\t\t<div class=\"elementor-element elementor-element-72d0615 elementor-widget elementor-widget-image\" data-id=\"72d0615\" data-element_type=\"widget\" data-widget_type=\"image.default\">\n\t\t\t\t<div class=\"elementor-widget-container\">\n\t\t\t\t\t\t\t\t<div class=\"elementor-image\">\n\t\t\t\t\t\t\t\t\t\t\t\t\t<a href=\"https:\/\/dia.edu.az\/wp-content\/uploads\/2021\/12\/0606.jpg\">\n\t\t\t\t\t\t\t<img width=\"450\" height=\"299\" src=\"https:\/\/legacy.dia.edu.az\/wp-content\/uploads\/2021\/12\/0606-450x299.jpg\" class=\"attachment-large size-large\" alt=\"\" srcset=\"https:\/\/legacy.dia.edu.az\/wp-content\/uploads\/2021\/12\/0606-450x299.jpg 450w, https:\/\/legacy.dia.edu.az\/wp-content\/uploads\/2021\/12\/0606-200x133.jpg 200w, https:\/\/legacy.dia.edu.az\/wp-content\/uploads\/2021\/12\/0606-768x511.jpg 768w, https:\/\/legacy.dia.edu.az\/wp-content\/uploads\/2021\/12\/0606-16x12.jpg 16w, https:\/\/legacy.dia.edu.az\/wp-content\/uploads\/2021\/12\/0606-150x100.jpg 150w, https:\/\/legacy.dia.edu.az\/wp-content\/uploads\/2021\/12\/0606.jpg 1000w\" sizes=\"(max-width: 450px) 100vw, 450px\" \/>\t\t\t\t\t\t\t\t<\/a>\n\t\t\t\t\t\t\t\t\t\t\t\t\t\t<\/div>\n\t\t\t\t\t\t<\/div>\n\t\t\t\t<\/div>\n\t\t\t\t\t\t<\/div>\n\t\t\t\t\t<\/div>\n\t\t<\/div>\n\t\t\t\t\t\t\t\t<\/div>\n\t\t\t\t\t<\/div>\n\t\t<\/section>\n\t\t\t\t\t\t<\/div>\n\t\t\t\t\t\t<\/div>\n\t\t\t\t\t<\/div>","protected":false},"excerpt":{"rendered":"<p>\u201c\u00dcmummilli Liderin irsin\u0259 \u0259saslanan Az\u0259rbaycan\u0131n inki\u015faf strategiyas\u0131\u201d m\u00f6vzusunda konfrans ke\u00e7irilib Dekabr\u0131n 6-da Yeni Az\u0259rbaycan Partiyas\u0131 Veteranlar \u015euras\u0131, M\u0259rk\u0259zi Aparat\u0131 v\u0259 Bin\u0259q\u0259di rayon t\u0259\u015fkilat\u0131n\u0131n birg\u0259 t\u0259\u015fkilat\u00e7\u0131l\u0131\u011f\u0131 il\u0259 ulu \u00f6nd\u0259r Heyd\u0259r \u018fliyevin an\u0131m g\u00fcn\u00fcn\u0259 h\u0259sr olunmu\u015f \u201c\u00dcmummilli Liderin irsin\u0259 \u0259saslanan Az\u0259rbaycan\u0131n inki\u015faf strategiyas\u0131\u201d m\u00f6vzusunda konfrans ke\u00e7irilib. Konfransda YAP Veteranlar \u015euras\u0131n\u0131n \u00fczvl\u0259ri, YAP M\u0259rk\u0259zi Aparat\u0131n\u0131n \u0259m\u0259kda\u015flar\u0131 v\u0259 partiyan\u0131n [&hellip;]<\/p>","protected":false},"author":2,"featured_media":15716,"comment_status":"closed","ping_status":"closed","sticky":false,"template":"","format":"standard","meta":[],"categories":[137],"tags":[],"_links":{"self":[{"href":"https:\/\/legacy.dia.edu.az\/en\/wp-json\/wp\/v2\/posts\/15710"}],"collection":[{"href":"https:\/\/legacy.dia.edu.az\/en\/wp-json\/wp\/v2\/posts"}],"about":[{"href":"https:\/\/legacy.dia.edu.az\/en\/wp-json\/wp\/v2\/types\/post"}],"author":[{"embeddable":true,"href":"https:\/\/legacy.dia.edu.az\/en\/wp-json\/wp\/v2\/users\/2"}],"replies":[{"embeddable":true,"href":"https:\/\/legacy.dia.edu.az\/en\/wp-json\/wp\/v2\/comments?post=15710"}],"version-history":[{"count":8,"href":"https:\/\/legacy.dia.edu.az\/en\/wp-json\/wp\/v2\/posts\/15710\/revisions"}],"predecessor-version":[{"id":15721,"href":"https:\/\/legacy.dia.edu.az\/en\/wp-json\/wp\/v2\/posts\/15710\/revisions\/15721"}],"wp:featuredmedia":[{"embeddable":true,"href":"https:\/\/legacy.dia.edu.az\/en\/wp-json\/wp\/v2\/media\/15716"}],"wp:attachment":[{"href":"https:\/\/legacy.dia.edu.az\/en\/wp-json\/wp\/v2\/media?parent=15710"}],"wp:term":[{"taxonomy":"category","embeddable":true,"href":"https:\/\/legacy.dia.edu.az\/en\/wp-json\/wp\/v2\/categories?post=15710"},{"taxonomy":"post_tag","embeddable":true,"href":"https:\/\/legacy.dia.edu.az\/en\/wp-json\/wp\/v2\/tags?post=15710"}],"curies":[{"name":"wp","href":"https:\/\/api.w.org\/{rel}","templated":true}]}}