{"id":15628,"date":"2021-12-01T15:41:22","date_gmt":"2021-12-01T12:41:22","guid":{"rendered":"https:\/\/dia.edu.az\/?p=15628"},"modified":"2021-12-01T21:12:42","modified_gmt":"2021-12-01T18:12:42","slug":"az%c9%99rbaycanda-h%c9%99rbi-helikopter-q%c9%99zasi","status":"publish","type":"post","link":"https:\/\/legacy.dia.edu.az\/en\/arxivl\u0259r\/15628","title":{"rendered":"V\u018fT\u018fN SA\u011e OLSUN!"},"content":{"rendered":"<div data-elementor-type=\"wp-post\" data-elementor-id=\"15628\" class=\"elementor elementor-15628\" data-elementor-settings=\"[]\">\n\t\t\t\t\t\t<div class=\"elementor-inner\">\n\t\t\t\t\t\t\t<div class=\"elementor-section-wrap\">\n\t\t\t\t\t\t\t<section class=\"elementor-section elementor-top-section elementor-element elementor-element-974b91c elementor-section-boxed elementor-section-height-default elementor-section-height-default\" data-id=\"974b91c\" data-element_type=\"section\">\n\t\t\t\t\t\t<div class=\"elementor-container elementor-column-gap-default\">\n\t\t\t\t\t\t\t<div class=\"elementor-row\">\n\t\t\t\t\t<div class=\"elementor-column elementor-col-100 elementor-top-column elementor-element elementor-element-d2940cd\" data-id=\"d2940cd\" data-element_type=\"column\">\n\t\t\t<div class=\"elementor-column-wrap elementor-element-populated\">\n\t\t\t\t\t\t\t<div class=\"elementor-widget-wrap\">\n\t\t\t\t\t\t<div class=\"elementor-element elementor-element-b756dc9 elementor-widget elementor-widget-text-editor\" data-id=\"b756dc9\" data-element_type=\"widget\" data-widget_type=\"text-editor.default\">\n\t\t\t\t<div class=\"elementor-widget-container\">\n\t\t\t\t\t\t\t\t<div class=\"elementor-text-editor elementor-clearfix\">\n\t\t\t\t\tV\u018fT\u018fN SA\u011e OLSUN!<\/h1>\t\t\t\t\t<\/div>\n\t\t\t\t\t\t<\/div>\n\t\t\t\t<\/div>\n\t\t\t\t\t\t<\/div>\n\t\t\t\t\t<\/div>\n\t\t<\/div>\n\t\t\t\t\t\t\t\t<\/div>\n\t\t\t\t\t<\/div>\n\t\t<\/section>\n\t\t\t\t<section class=\"elementor-section elementor-top-section elementor-element elementor-element-22350b1 elementor-section-boxed elementor-section-height-default elementor-section-height-default\" data-id=\"22350b1\" data-element_type=\"section\">\n\t\t\t\t\t\t<div class=\"elementor-container elementor-column-gap-default\">\n\t\t\t\t\t\t\t<div class=\"elementor-row\">\n\t\t\t\t\t<div class=\"elementor-column elementor-col-100 elementor-top-column elementor-element elementor-element-ecd96fb\" data-id=\"ecd96fb\" data-element_type=\"column\">\n\t\t\t<div class=\"elementor-column-wrap elementor-element-populated\">\n\t\t\t\t\t\t\t<div class=\"elementor-widget-wrap\">\n\t\t\t\t\t\t<div class=\"elementor-element elementor-element-31a86b9 elementor-widget elementor-widget-text-editor\" data-id=\"31a86b9\" data-element_type=\"widget\" data-widget_type=\"text-editor.default\">\n\t\t\t\t<div class=\"elementor-widget-container\">\n\t\t\t\t\t\t\t\t<div class=\"elementor-text-editor elementor-clearfix\">\n\t\t\t\t\t<\/p>30 noyabr 2021-ci il tarixind\u0259 &#8220;Qaraheyb\u0259t&#8221; aviasiya poliqonunda ba\u015f vermi\u015f helikopter q\u0259zas\u0131nda 14 h\u0259rb\u00e7imiz h\u0259lak olmu\u015fdur.\nOnlardan biri Azr\u0259rbaycan Respublikas\u0131n\u0131n Prezidenti yan\u0131nda D\u00f6vl\u0259t \u0130dar\u0259\u00e7ilik Akademiyas\u0131n\u0131n D\u00f6vl\u0259t v\u0259 b\u0259l\u0259diyy\u0259 idar\u0259etm\u0259si ixtisas\u0131 \u00fczr\u0259 m\u0259zunu, D\u00f6vl\u0259t S\u0259rh\u0259d Xidm\u0259tinin kapitan\u0131 \u018fhm\u0259dxanov Ceyhun Xanlar o\u011fludur.\n\u015e\u0259hidimiz\u0259 Allahdan r\u0259hm\u0259t, yax\u0131nlar\u0131na s\u0259br dil\u0259yirik.\t\t\t\t\t<\/div>\n\t\t\t\t\t\t<\/div>\n\t\t\t\t<\/div>\n\t\t\t\t\t\t<\/div>\n\t\t\t\t\t<\/div>\n\t\t<\/div>\n\t\t\t\t\t\t\t\t<\/div>\n\t\t\t\t\t<\/div>\n\t\t<\/section>\n\t\t\t\t\t\t<\/div>\n\t\t\t\t\t\t<\/div>\n\t\t\t\t\t<\/div>","protected":false},"excerpt":{"rendered":"<p>V\u018fT\u018fN SA\u011e OLSUN! 30 noyabr 2021-ci il tarixind\u0259 &#8220;Qaraheyb\u0259t&#8221; aviasiya poliqonunda ba\u015f vermi\u015f helikopter q\u0259zas\u0131nda 14 h\u0259rb\u00e7imiz h\u0259lak olmu\u015fdur. Onlardan biri Azr\u0259rbaycan Respublikas\u0131n\u0131n Prezidenti yan\u0131nda D\u00f6vl\u0259t \u0130dar\u0259\u00e7ilik Akademiyas\u0131n\u0131n D\u00f6vl\u0259t v\u0259 b\u0259l\u0259diyy\u0259 idar\u0259etm\u0259si ixtisas\u0131 \u00fczr\u0259 m\u0259zunu, D\u00f6vl\u0259t S\u0259rh\u0259d Xidm\u0259tinin kapitan\u0131 \u018fhm\u0259dxanov Ceyhun Xanlar o\u011fludur. \u015e\u0259hidimiz\u0259 Allahdan r\u0259hm\u0259t, yax\u0131nlar\u0131na s\u0259br dil\u0259yirik.<\/p>","protected":false},"author":2,"featured_media":15639,"comment_status":"closed","ping_status":"closed","sticky":false,"template":"","format":"standard","meta":[],"categories":[137],"tags":[],"_links":{"self":[{"href":"https:\/\/legacy.dia.edu.az\/en\/wp-json\/wp\/v2\/posts\/15628"}],"collection":[{"href":"https:\/\/legacy.dia.edu.az\/en\/wp-json\/wp\/v2\/posts"}],"about":[{"href":"https:\/\/legacy.dia.edu.az\/en\/wp-json\/wp\/v2\/types\/post"}],"author":[{"embeddable":true,"href":"https:\/\/legacy.dia.edu.az\/en\/wp-json\/wp\/v2\/users\/2"}],"replies":[{"embeddable":true,"href":"https:\/\/legacy.dia.edu.az\/en\/wp-json\/wp\/v2\/comments?post=15628"}],"version-history":[{"count":25,"href":"https:\/\/legacy.dia.edu.az\/en\/wp-json\/wp\/v2\/posts\/15628\/revisions"}],"predecessor-version":[{"id":15672,"href":"https:\/\/legacy.dia.edu.az\/en\/wp-json\/wp\/v2\/posts\/15628\/revisions\/15672"}],"wp:featuredmedia":[{"embeddable":true,"href":"https:\/\/legacy.dia.edu.az\/en\/wp-json\/wp\/v2\/media\/15639"}],"wp:attachment":[{"href":"https:\/\/legacy.dia.edu.az\/en\/wp-json\/wp\/v2\/media?parent=15628"}],"wp:term":[{"taxonomy":"category","embeddable":true,"href":"https:\/\/legacy.dia.edu.az\/en\/wp-json\/wp\/v2\/categories?post=15628"},{"taxonomy":"post_tag","embeddable":true,"href":"https:\/\/legacy.dia.edu.az\/en\/wp-json\/wp\/v2\/tags?post=15628"}],"curies":[{"name":"wp","href":"https:\/\/api.w.org\/{rel}","templated":true}]}}