{"id":15443,"date":"2021-11-24T11:05:37","date_gmt":"2021-11-24T08:05:37","guid":{"rendered":"https:\/\/dia.edu.az\/?p=15443"},"modified":"2021-11-24T11:13:30","modified_gmt":"2021-11-24T08:13:30","slug":"dovl%c9%99t-idar%c9%99cilik-akademiyasinda-az%c9%99rbaycanda-kulturologiya-v%c9%99-yuks%c9%99k-m%c9%99d%c9%99niyy%c9%99tin-inkisafi-movzusunda-onlayn-t%c9%99lim-kecirilib","status":"publish","type":"post","link":"https:\/\/legacy.dia.edu.az\/en\/arxivl\u0259r\/15443","title":{"rendered":"D\u00f6vl\u0259t \u0130dar\u0259\u00e7ilik Akademiyas\u0131nda \u201cAz\u0259rbaycanda kulturologiya v\u0259 y\u00fcks\u0259k m\u0259d\u0259niyy\u0259tin inki\u015faf\u0131\u00bb m\u00f6vzusunda onlayn t\u0259lim ke\u00e7irilib"},"content":{"rendered":"<div data-elementor-type=\"wp-post\" data-elementor-id=\"15443\" class=\"elementor elementor-15443\" data-elementor-settings=\"[]\">\n\t\t\t\t\t\t<div class=\"elementor-inner\">\n\t\t\t\t\t\t\t<div class=\"elementor-section-wrap\">\n\t\t\t\t\t\t\t<section class=\"elementor-section elementor-top-section elementor-element elementor-element-e3d5509 elementor-section-boxed elementor-section-height-default elementor-section-height-default\" data-id=\"e3d5509\" data-element_type=\"section\">\n\t\t\t\t\t\t<div class=\"elementor-container elementor-column-gap-default\">\n\t\t\t\t\t\t\t<div class=\"elementor-row\">\n\t\t\t\t\t<div class=\"elementor-column elementor-col-100 elementor-top-column elementor-element elementor-element-98f3a78\" data-id=\"98f3a78\" data-element_type=\"column\">\n\t\t\t<div class=\"elementor-column-wrap elementor-element-populated\">\n\t\t\t\t\t\t\t<div class=\"elementor-widget-wrap\">\n\t\t\t\t\t\t<div class=\"elementor-element elementor-element-dc0163f elementor-widget elementor-widget-text-editor\" data-id=\"dc0163f\" data-element_type=\"widget\" data-widget_type=\"text-editor.default\">\n\t\t\t\t<div class=\"elementor-widget-container\">\n\t\t\t\t\t\t\t\t<div class=\"elementor-text-editor elementor-clearfix\">\n\t\t\t\t\tD&ouml;vl\u0259t \u0130dar\u0259&ccedil;ilik Akademiyas\u0131nda &ldquo;Az\u0259rbaycanda kulturologiya v\u0259 y&uuml;ks\u0259k m\u0259d\u0259niyy\u0259tin inki\u015faf\u0131&raquo; m&ouml;vzusunda onlayn t\u0259lim ke&ccedil;irilib<\/p>\t\t\t\t\t<\/div>\n\t\t\t\t\t\t<\/div>\n\t\t\t\t<\/div>\n\t\t\t\t\t\t<\/div>\n\t\t\t\t\t<\/div>\n\t\t<\/div>\n\t\t\t\t\t\t\t\t<\/div>\n\t\t\t\t\t<\/div>\n\t\t<\/section>\n\t\t\t\t<section class=\"elementor-section elementor-top-section elementor-element elementor-element-49258b8 elementor-section-boxed elementor-section-height-default elementor-section-height-default\" data-id=\"49258b8\" data-element_type=\"section\">\n\t\t\t\t\t\t<div class=\"elementor-container elementor-column-gap-default\">\n\t\t\t\t\t\t\t<div class=\"elementor-row\">\n\t\t\t\t\t<div class=\"elementor-column elementor-col-100 elementor-top-column elementor-element elementor-element-ecad6e5\" data-id=\"ecad6e5\" data-element_type=\"column\">\n\t\t\t<div class=\"elementor-column-wrap elementor-element-populated\">\n\t\t\t\t\t\t\t<div class=\"elementor-widget-wrap\">\n\t\t\t\t\t\t<div class=\"elementor-element elementor-element-589a087 elementor-widget elementor-widget-text-editor\" data-id=\"589a087\" data-element_type=\"widget\" data-widget_type=\"text-editor.default\">\n\t\t\t\t<div class=\"elementor-widget-container\">\n\t\t\t\t\t\t\t\t<div class=\"elementor-text-editor elementor-clearfix\">\n\t\t\t\t\t<p style=\"text-align: justify;\">19 noyabr 2021-ci il tarixind\u0259 Az\u0259rbaycan Respublikas\u0131n\u0131n Prezidenti yan\u0131nda D&ouml;vl\u0259t \u0130dar\u0259&ccedil;ilik Akademiyas\u0131nda Az\u0259rbaycan Respublikas\u0131n\u0131n D&ouml;vl\u0259t Miqrasiya Xidm\u0259tinin d&ouml;vl\u0259t qulluq&ccedil;ular\u0131ndan ibar\u0259t \u0259m\u0259kda\u015flar\u0131 &uuml;&ccedil;&uuml;n &ldquo;Az\u0259rbaycanda kulturologiya v\u0259 y&uuml;ks\u0259k m\u0259d\u0259niyy\u0259tin inki\u015faf\u0131&raquo; m&ouml;vzusunda onlayn t\u0259lim ke&ccedil;irilmi\u015fdir. Dinl\u0259yicil\u0259r qar\u015f\u0131s\u0131nda D\u0130A-n\u0131n &ldquo;Tarix&rdquo; kafedras\u0131n\u0131n professor, tarix elml\u0259ri doktoru, &ldquo;Simurq&rdquo; Az\u0259rbaycan M\u0259d\u0259niyy\u0259t Assosiasiyas\u0131n\u0131n prezidenti, kulturoloq Fuad M\u0259mm\u0259dov &ccedil;\u0131x\u0131\u015f etmi\u015fdir. T\u0259limin \u0259sas m\u0259qs\u0259di Az\u0259rbaycanda kulturologiya v\u0259 y&uuml;ks\u0259k m\u0259d\u0259niyy\u0259tin inki\u015faf\u0131 haqda dinl\u0259yicil\u0259r\u0259 m\u0259lumat verm\u0259k olub.&nbsp; Professor F.M\u0259mm\u0259dov qeyd edib ki, m\u0259d\u0259niyy\u0259t elmi n&ouml;qteyi n\u0259z\u0259rd\u0259n insan\u0131n a\u011fl\u0131 v\u0259 q\u0259lbi n\u0259tic\u0259sind\u0259 yarananlar\u0131n ham\u0131s\u0131d\u0131r. Eyni zamanda natiq m&uuml;asir d&uuml;nya d&ouml;vl\u0259tl\u0259rinin kulturaloji d\u0259y\u0259rl\u0259rinin m&uuml;qayis\u0259sind\u0259n, meritokratiyan\u0131n d&ouml;rd \u0259sas amilind\u0259n, insan\u0131n bacar\u0131qlar\u0131 v\u0259 qabiliyy\u0259ti, biliyi v\u0259 pe\u015f\u0259karl\u0131\u011f\u0131, insani keyfiyy\u0259tl\u0259ri, konkret \u0259m\u0259yin konkret n\u0259tic\u0259l\u0259ri v\u0259 b\u0259\u015f\u0259riyy\u0259t qar\u015f\u0131s\u0131nda xidm\u0259tl\u0259ri v\u0259 s. kimi \u0259h\u0259miyy\u0259tli m\u0259s\u0259l\u0259l\u0259r\u0259 d\u0259 toxunub.<\/p>\n<p style=\"text-align: justify;\">T\u0259limd\u0259 qeyd olunub ki, m\u0259d\u0259niyy\u0259tin &ouml;z&uuml; yarad\u0131c\u0131 bir prosesdir. \u0130nsan potensial\u0131n\u0131n apar\u0131c\u0131 q&uuml;vv\u0259si is\u0259 y&uuml;ks\u0259k m\u0259d\u0259niyy\u0259tli insand\u0131r. Az\u0259rbaycan Respublikas\u0131n\u0131n m\u0259qs\u0259di y&uuml;ks\u0259k m\u0259d\u0259niyy\u0259tli insanlar\u0131n formala\u015fmas\u0131na nail olmaq, insan potensial\u0131n\u0131 inki\u015faf etdirm\u0259kdir. T\u0259lim qar\u015f\u0131l\u0131ql\u0131 fikir m&uuml;badil\u0259si il\u0259 davam edib.<\/p>\t\t\t\t\t<\/div>\n\t\t\t\t\t\t<\/div>\n\t\t\t\t<\/div>\n\t\t\t\t\t\t<\/div>\n\t\t\t\t\t<\/div>\n\t\t<\/div>\n\t\t\t\t\t\t\t\t<\/div>\n\t\t\t\t\t<\/div>\n\t\t<\/section>\n\t\t\t\t\t\t<\/div>\n\t\t\t\t\t\t<\/div>\n\t\t\t\t\t<\/div>","protected":false},"excerpt":{"rendered":"<p>D\u00f6vl\u0259t \u0130dar\u0259\u00e7ilik Akademiyas\u0131nda \u201cAz\u0259rbaycanda kulturologiya v\u0259 y\u00fcks\u0259k m\u0259d\u0259niyy\u0259tin inki\u015faf\u0131\u00bb m\u00f6vzusunda onlayn t\u0259lim ke\u00e7irilib 19 noyabr 2021-ci il tarixind\u0259 Az\u0259rbaycan Respublikas\u0131n\u0131n Prezidenti yan\u0131nda D\u00f6vl\u0259t \u0130dar\u0259\u00e7ilik Akademiyas\u0131nda Az\u0259rbaycan Respublikas\u0131n\u0131n D\u00f6vl\u0259t Miqrasiya Xidm\u0259tinin d\u00f6vl\u0259t qulluq\u00e7ular\u0131ndan ibar\u0259t \u0259m\u0259kda\u015flar\u0131 \u00fc\u00e7\u00fcn \u201cAz\u0259rbaycanda kulturologiya v\u0259 y\u00fcks\u0259k m\u0259d\u0259niyy\u0259tin inki\u015faf\u0131\u00bb m\u00f6vzusunda onlayn t\u0259lim ke\u00e7irilmi\u015fdir. Dinl\u0259yicil\u0259r qar\u015f\u0131s\u0131nda D\u0130A-n\u0131n \u201cTarix\u201d kafedras\u0131n\u0131n professor, tarix elml\u0259ri doktoru, \u201cSimurq\u201d [&hellip;]<\/p>","protected":false},"author":2,"featured_media":15451,"comment_status":"closed","ping_status":"closed","sticky":false,"template":"","format":"standard","meta":[],"categories":[137],"tags":[],"_links":{"self":[{"href":"https:\/\/legacy.dia.edu.az\/en\/wp-json\/wp\/v2\/posts\/15443"}],"collection":[{"href":"https:\/\/legacy.dia.edu.az\/en\/wp-json\/wp\/v2\/posts"}],"about":[{"href":"https:\/\/legacy.dia.edu.az\/en\/wp-json\/wp\/v2\/types\/post"}],"author":[{"embeddable":true,"href":"https:\/\/legacy.dia.edu.az\/en\/wp-json\/wp\/v2\/users\/2"}],"replies":[{"embeddable":true,"href":"https:\/\/legacy.dia.edu.az\/en\/wp-json\/wp\/v2\/comments?post=15443"}],"version-history":[{"count":8,"href":"https:\/\/legacy.dia.edu.az\/en\/wp-json\/wp\/v2\/posts\/15443\/revisions"}],"predecessor-version":[{"id":15452,"href":"https:\/\/legacy.dia.edu.az\/en\/wp-json\/wp\/v2\/posts\/15443\/revisions\/15452"}],"wp:featuredmedia":[{"embeddable":true,"href":"https:\/\/legacy.dia.edu.az\/en\/wp-json\/wp\/v2\/media\/15451"}],"wp:attachment":[{"href":"https:\/\/legacy.dia.edu.az\/en\/wp-json\/wp\/v2\/media?parent=15443"}],"wp:term":[{"taxonomy":"category","embeddable":true,"href":"https:\/\/legacy.dia.edu.az\/en\/wp-json\/wp\/v2\/categories?post=15443"},{"taxonomy":"post_tag","embeddable":true,"href":"https:\/\/legacy.dia.edu.az\/en\/wp-json\/wp\/v2\/tags?post=15443"}],"curies":[{"name":"wp","href":"https:\/\/api.w.org\/{rel}","templated":true}]}}