{"id":15429,"date":"2021-11-24T10:43:10","date_gmt":"2021-11-24T07:43:10","guid":{"rendered":"https:\/\/dia.edu.az\/?p=15429"},"modified":"2021-11-24T11:01:44","modified_gmt":"2021-11-24T08:01:44","slug":"qirx-dord-gunluk-v%c9%99t%c9%99n-muharib%c9%99sinin-q%c9%99hr%c9%99manlarindan-olan-dia-m%c9%99zunu-t%c9%99v%c9%99kkul-quliyev","status":"publish","type":"post","link":"https:\/\/legacy.dia.edu.az\/en\/arxivl\u0259r\/15429","title":{"rendered":"Q\u0131rx d\u00f6rd g\u00fcnl\u00fck V\u0259t\u0259n m\u00fcharib\u0259sinin q\u0259hr\u0259manlar\u0131ndan olan D\u0130A m\u0259zunu: T\u0259v\u0259kk\u00fcl Quliyev"},"content":{"rendered":"<div data-elementor-type=\"wp-post\" data-elementor-id=\"15429\" class=\"elementor elementor-15429\" data-elementor-settings=\"[]\">\n\t\t\t\t\t\t<div class=\"elementor-inner\">\n\t\t\t\t\t\t\t<div class=\"elementor-section-wrap\">\n\t\t\t\t\t\t\t<section class=\"elementor-section elementor-top-section elementor-element elementor-element-1aba8c1 elementor-section-boxed elementor-section-height-default elementor-section-height-default\" data-id=\"1aba8c1\" data-element_type=\"section\">\n\t\t\t\t\t\t<div class=\"elementor-container elementor-column-gap-default\">\n\t\t\t\t\t\t\t<div class=\"elementor-row\">\n\t\t\t\t\t<div class=\"elementor-column elementor-col-100 elementor-top-column elementor-element elementor-element-a1ba1ac\" data-id=\"a1ba1ac\" data-element_type=\"column\">\n\t\t\t<div class=\"elementor-column-wrap elementor-element-populated\">\n\t\t\t\t\t\t\t<div class=\"elementor-widget-wrap\">\n\t\t\t\t\t\t<div class=\"elementor-element elementor-element-95393fd elementor-widget elementor-widget-text-editor\" data-id=\"95393fd\" data-element_type=\"widget\" data-widget_type=\"text-editor.default\">\n\t\t\t\t<div class=\"elementor-widget-container\">\n\t\t\t\t\t\t\t\t<div class=\"elementor-text-editor elementor-clearfix\">\n\t\t\t\t\tQ\u0131rx d&ouml;rd g&uuml;nl&uuml;k V\u0259t\u0259n m<\/strong><strong>&uuml;<\/strong><strong>harib\u0259sinin<\/strong><strong> q\u0259hr\u0259manlar\u0131ndan olan<\/strong><\/h4>\nD\u0130A m\u0259zunu: T\u0259v\u0259kk&uuml;l Quliyev&nbsp;&nbsp; <\/strong><\/h4>\t\t\t\t\t<\/div>\n\t\t\t\t\t\t<\/div>\n\t\t\t\t<\/div>\n\t\t\t\t\t\t<\/div>\n\t\t\t\t\t<\/div>\n\t\t<\/div>\n\t\t\t\t\t\t\t\t<\/div>\n\t\t\t\t\t<\/div>\n\t\t<\/section>\n\t\t\t\t<section class=\"elementor-section elementor-top-section elementor-element elementor-element-fce1781 elementor-section-boxed elementor-section-height-default elementor-section-height-default\" data-id=\"fce1781\" data-element_type=\"section\">\n\t\t\t\t\t\t<div class=\"elementor-container elementor-column-gap-default\">\n\t\t\t\t\t\t\t<div class=\"elementor-row\">\n\t\t\t\t\t<div class=\"elementor-column elementor-col-100 elementor-top-column elementor-element elementor-element-c052b81\" data-id=\"c052b81\" data-element_type=\"column\">\n\t\t\t<div class=\"elementor-column-wrap elementor-element-populated\">\n\t\t\t\t\t\t\t<div class=\"elementor-widget-wrap\">\n\t\t\t\t\t\t<div class=\"elementor-element elementor-element-c9c14a7 elementor-widget elementor-widget-text-editor\" data-id=\"c9c14a7\" data-element_type=\"widget\" data-widget_type=\"text-editor.default\">\n\t\t\t\t<div class=\"elementor-widget-container\">\n\t\t\t\t\t\t\t\t<div class=\"elementor-text-editor elementor-clearfix\">\n\t\t\t\t\t<p style=\"text-align: justify;\">Xalq\u0131m\u0131z\u0131n tarix\u0131nd\u0259 \u0259n b&ouml;y&uuml;k z\u0259f\u0259rimizd\u0259n bir il ke&ccedil;ir. Q\u0131rx d&ouml;rd g&uuml;nl&uuml;k V\u0259t\u0259n m&uuml;harib\u0259sind\u0259 bayra\u011f\u0131m\u0131z\u0131 v\u0259 q&uuml;rurumuzu zirv\u0259l\u0259r\u0259 ucaltm\u0131\u015f \u0259sg\u0259rl\u0259rimiz aras\u0131nda Az\u0259rbaycan Respublikas\u0131n\u0131n Prezidenti yan\u0131nda D&ouml;vl\u0259t \u0130dar\u0259&ccedil;ilik Akademiyas\u0131n\u0131n m&uuml;\u0259llim v\u0259 m\u0259zunlar\u0131n\u0131n adlar\u0131n\u0131 g&ouml;rd&uuml;kc\u0259 insan q&uuml;rur hissi ke&ccedil;irir. Bu \u015f\u0259r\u0259fli tarixi yazan insanlar tutdu\u011fu m&ouml;vqed\u0259n, pe\u015f\u0259sind\u0259n as\u0131l\u0131 olmayaraq M&uuml;z\u0259ff\u0259r Ali Ba\u015f Komandan, c\u0259nab prezident \u0130lham \u018fliyevin, V\u0259t\u0259nin &ccedil;a\u011f\u0131r\u0131\u015f\u0131na s\u0259s verdil\u0259r. M&uuml;\u0259lliml\u0259r, t\u0259l\u0259b\u0259l\u0259r, m\u0259zunlar &ldquo;V\u0259t\u0259n &ccedil;a\u011f\u0131r\u0131r!&rdquo;, &ldquo;V\u0259t\u0259n sa\u011f olsun!&rdquo;, &ldquo;Qaraba\u011f Az\u0259rbaycand\u0131r!&rdquo; \u015f&uuml;ar\u0131 il\u0259 q\u0259l\u0259ml\u0259rini, kitablar\u0131n\u0131 silaha d\u0259yi\u015fdil\u0259r. Do\u011fma V\u0259t\u0259ni i\u015f\u011faldan azad etdil\u0259r. \u0130ndi onlar &ouml;z do\u011fmalar\u0131n\u0131n yan\u0131na, &ccedil;al\u0131\u015fd\u0131qlar\u0131 kollektivin aras\u0131na q\u0259hr\u0259man kimi, qalib \u0259sg\u0259r kimi qay\u0131d\u0131rlar. 44 g&uuml;nl&uuml;k V\u0259t\u0259n m&uuml;harib\u0259sind\u0259 g&ouml;st\u0259rdiyi \u015f&uuml;ca\u0259t v\u0259 q\u0259hr\u0259manl\u0131qlar\u0131, ordu il\u0259 xalq\u0131n sars\u0131lmaz m\u0259n\u0259vi birliyi, d&ouml;y&uuml;\u015fl\u0259rd\u0259 yeni tarix yazan \u0259sg\u0259r v\u0259 zabitl\u0259rimizin f\u0259dakarl\u0131qlar\u0131 bar\u0259d\u0259 etdikl\u0259ri s&ouml;hb\u0259tl\u0259r q&uuml;rur hissi do\u011furur. Bu \u015f\u0259xsl\u0259rd\u0259n biri d\u0259 Az\u0259rbaycan Respublikas\u0131n\u0131n Prezidenti yan\u0131nda D&ouml;vl\u0259t \u0130dar\u0259&ccedil;ilik Akademiyas\u0131n\u0131n Siyasi idar\u0259etm\u0259 fak&uuml;lt\u0259sinin Politologiya ixtisas\u0131n\u0131n m\u0259zunu olan Quliyev T\u0259v\u0259kk&uuml;l Qorxmaz o\u011fludur. Q\u0259hr\u0259man m\u0259zunumuz T\u0259v\u0259kk&uuml;l Quliyev Xocav\u0259ndin v\u0259 Fizulinin azad olunmas\u0131na g&ouml;r\u0259 medallar\u0131 il\u0259 t\u0259ltif edilib. Qrup yolda\u015flar\u0131n\u0131n v\u0259 m&uuml;\u0259lliml\u0259rinin onun haqq\u0131nda dediyi xo\u015f s&ouml;zl\u0259r, insani keyfiyy\u0259tl\u0259ri, v\u0259t\u0259np\u0259rv\u0259rliyi bar\u0259d\u0259 dedikl\u0259rini dinl\u0259dikc\u0259 sad\u0259c\u0259 qurur hissi ke&ccedil;irirs\u0259n. &Ccedil;ox saq ol T\u0259v\u0259kk&uuml;l! dem\u0259yi &ouml;z&uuml;n\u0259 borc bilirs\u0259n. Bu \u015fanl\u0131 z\u0259f\u0259rin qazan\u0131lmas\u0131 v\u0259 tarixi \u0259dal\u0259tin t\u0259min edilm\u0259si u\u011frunda ged\u0259n d&ouml;y&uuml;\u015fl\u0259rd\u0259 Az\u0259rbaycan Respublikas\u0131n\u0131n Prezidenti yan\u0131nda D&ouml;vl\u0259t \u0130dar\u0259&ccedil;ilik Akademiyas\u0131n\u0131n \u0259m\u0259kda\u015flar\u0131n\u0131n v\u0259 m\u0259zunlar\u0131n\u0131n da i\u015ftirak etm\u0259si kollektiv t\u0259r\u0259find\u0259n b&ouml;y&uuml;k f\u0259xr hissi il\u0259 qar\u015f\u0131lan\u0131r.<\/p>\t\t\t\t\t<\/div>\n\t\t\t\t\t\t<\/div>\n\t\t\t\t<\/div>\n\t\t\t\t\t\t<\/div>\n\t\t\t\t\t<\/div>\n\t\t<\/div>\n\t\t\t\t\t\t\t\t<\/div>\n\t\t\t\t\t<\/div>\n\t\t<\/section>\n\t\t\t\t<section class=\"elementor-section elementor-top-section elementor-element elementor-element-0b47e48 elementor-section-boxed elementor-section-height-default elementor-section-height-default\" data-id=\"0b47e48\" data-element_type=\"section\">\n\t\t\t\t\t\t<div class=\"elementor-container elementor-column-gap-default\">\n\t\t\t\t\t\t\t<div class=\"elementor-row\">\n\t\t\t\t\t<div class=\"elementor-column elementor-col-50 elementor-top-column elementor-element elementor-element-40688a9\" data-id=\"40688a9\" data-element_type=\"column\">\n\t\t\t<div class=\"elementor-column-wrap elementor-element-populated\">\n\t\t\t\t\t\t\t<div class=\"elementor-widget-wrap\">\n\t\t\t\t\t\t<div class=\"elementor-element elementor-element-29b46ef elementor-widget elementor-widget-image\" data-id=\"29b46ef\" data-element_type=\"widget\" data-widget_type=\"image.default\">\n\t\t\t\t<div class=\"elementor-widget-container\">\n\t\t\t\t\t\t\t\t<div class=\"elementor-image\">\n\t\t\t\t\t\t\t\t\t\t\t\t<img width=\"254\" height=\"450\" src=\"https:\/\/legacy.dia.edu.az\/wp-content\/uploads\/2021\/11\/IMG_0821-254x450.jpg\" class=\"attachment-large size-large\" alt=\"\" srcset=\"https:\/\/legacy.dia.edu.az\/wp-content\/uploads\/2021\/11\/IMG_0821-254x450.jpg 254w, https:\/\/legacy.dia.edu.az\/wp-content\/uploads\/2021\/11\/IMG_0821-113x200.jpg 113w, https:\/\/legacy.dia.edu.az\/wp-content\/uploads\/2021\/11\/IMG_0821-7x12.jpg 7w, https:\/\/legacy.dia.edu.az\/wp-content\/uploads\/2021\/11\/IMG_0821.jpg 640w\" sizes=\"(max-width: 254px) 100vw, 254px\" \/>\t\t\t\t\t\t\t\t\t\t\t\t\t\t<\/div>\n\t\t\t\t\t\t<\/div>\n\t\t\t\t<\/div>\n\t\t\t\t\t\t<\/div>\n\t\t\t\t\t<\/div>\n\t\t<\/div>\n\t\t\t\t<div class=\"elementor-column elementor-col-50 elementor-top-column elementor-element elementor-element-117512a\" data-id=\"117512a\" data-element_type=\"column\">\n\t\t\t<div class=\"elementor-column-wrap elementor-element-populated\">\n\t\t\t\t\t\t\t<div class=\"elementor-widget-wrap\">\n\t\t\t\t\t\t<div class=\"elementor-element elementor-element-971940f elementor-widget elementor-widget-image\" data-id=\"971940f\" data-element_type=\"widget\" data-widget_type=\"image.default\">\n\t\t\t\t<div class=\"elementor-widget-container\">\n\t\t\t\t\t\t\t\t<div class=\"elementor-image\">\n\t\t\t\t\t\t\t\t\t\t\t\t<img width=\"410\" height=\"450\" src=\"https:\/\/legacy.dia.edu.az\/wp-content\/uploads\/2021\/11\/IMG_1642-1-410x450.jpg\" class=\"attachment-large size-large\" alt=\"\" srcset=\"https:\/\/legacy.dia.edu.az\/wp-content\/uploads\/2021\/11\/IMG_1642-1-410x450.jpg 410w, https:\/\/legacy.dia.edu.az\/wp-content\/uploads\/2021\/11\/IMG_1642-1-182x200.jpg 182w, https:\/\/legacy.dia.edu.az\/wp-content\/uploads\/2021\/11\/IMG_1642-1-768x844.jpg 768w, https:\/\/legacy.dia.edu.az\/wp-content\/uploads\/2021\/11\/IMG_1642-1-1398x1536.jpg 1398w, https:\/\/legacy.dia.edu.az\/wp-content\/uploads\/2021\/11\/IMG_1642-1-1864x2048.jpg 1864w, https:\/\/legacy.dia.edu.az\/wp-content\/uploads\/2021\/11\/IMG_1642-1-11x12.jpg 11w\" sizes=\"(max-width: 410px) 100vw, 410px\" \/>\t\t\t\t\t\t\t\t\t\t\t\t\t\t<\/div>\n\t\t\t\t\t\t<\/div>\n\t\t\t\t<\/div>\n\t\t\t\t\t\t<\/div>\n\t\t\t\t\t<\/div>\n\t\t<\/div>\n\t\t\t\t\t\t\t\t<\/div>\n\t\t\t\t\t<\/div>\n\t\t<\/section>\n\t\t\t\t\t\t<\/div>\n\t\t\t\t\t\t<\/div>\n\t\t\t\t\t<\/div>","protected":false},"excerpt":{"rendered":"<p>Q\u0131rx d&ouml;rd g&uuml;nl&uuml;k V\u0259t\u0259n m&uuml;harib\u0259sinin q\u0259hr\u0259manlar\u0131ndan olan D\u0130A m\u0259zunu: T\u0259v\u0259kk&uuml;l Quliyev&nbsp;&nbsp; Xalq\u0131m\u0131z\u0131n tarix\u0131nd\u0259 \u0259n b&ouml;y&uuml;k z\u0259f\u0259rimizd\u0259n bir il ke&ccedil;ir. Q\u0131rx d&ouml;rd g&uuml;nl&uuml;k V\u0259t\u0259n m&uuml;harib\u0259sind\u0259 bayra\u011f\u0131m\u0131z\u0131 v\u0259 q&uuml;rurumuzu zirv\u0259l\u0259r\u0259 ucaltm\u0131\u015f \u0259sg\u0259rl\u0259rimiz aras\u0131nda Az\u0259rbaycan Respublikas\u0131n\u0131n Prezidenti yan\u0131nda D&ouml;vl\u0259t \u0130dar\u0259&ccedil;ilik Akademiyas\u0131n\u0131n m&uuml;\u0259llim v\u0259 m\u0259zunlar\u0131n\u0131n adlar\u0131n\u0131 g&ouml;rd&uuml;kc\u0259 insan q&uuml;rur hissi ke&ccedil;irir. Bu \u015f\u0259r\u0259fli tarixi yazan insanlar tutdu\u011fu m&ouml;vqed\u0259n, pe\u015f\u0259sind\u0259n [&hellip;]<\/p>","protected":false},"author":2,"featured_media":15432,"comment_status":"closed","ping_status":"closed","sticky":false,"template":"","format":"standard","meta":[],"categories":[137],"tags":[],"_links":{"self":[{"href":"https:\/\/legacy.dia.edu.az\/en\/wp-json\/wp\/v2\/posts\/15429"}],"collection":[{"href":"https:\/\/legacy.dia.edu.az\/en\/wp-json\/wp\/v2\/posts"}],"about":[{"href":"https:\/\/legacy.dia.edu.az\/en\/wp-json\/wp\/v2\/types\/post"}],"author":[{"embeddable":true,"href":"https:\/\/legacy.dia.edu.az\/en\/wp-json\/wp\/v2\/users\/2"}],"replies":[{"embeddable":true,"href":"https:\/\/legacy.dia.edu.az\/en\/wp-json\/wp\/v2\/comments?post=15429"}],"version-history":[{"count":11,"href":"https:\/\/legacy.dia.edu.az\/en\/wp-json\/wp\/v2\/posts\/15429\/revisions"}],"predecessor-version":[{"id":15442,"href":"https:\/\/legacy.dia.edu.az\/en\/wp-json\/wp\/v2\/posts\/15429\/revisions\/15442"}],"wp:featuredmedia":[{"embeddable":true,"href":"https:\/\/legacy.dia.edu.az\/en\/wp-json\/wp\/v2\/media\/15432"}],"wp:attachment":[{"href":"https:\/\/legacy.dia.edu.az\/en\/wp-json\/wp\/v2\/media?parent=15429"}],"wp:term":[{"taxonomy":"category","embeddable":true,"href":"https:\/\/legacy.dia.edu.az\/en\/wp-json\/wp\/v2\/categories?post=15429"},{"taxonomy":"post_tag","embeddable":true,"href":"https:\/\/legacy.dia.edu.az\/en\/wp-json\/wp\/v2\/tags?post=15429"}],"curies":[{"name":"wp","href":"https:\/\/api.w.org\/{rel}","templated":true}]}}