{"id":15231,"date":"2021-11-11T18:52:56","date_gmt":"2021-11-11T15:52:56","guid":{"rendered":"https:\/\/dia.edu.az\/?p=15231"},"modified":"2021-11-11T19:35:16","modified_gmt":"2021-11-11T16:35:16","slug":"dovl%c9%99t-idar%c9%99cilik-akademiyasinin-%c9%99m%c9%99kdasi-horizon-2020-layih%c9%99si-c%c9%99rciv%c9%99sind%c9%99-keciril%c9%99n-vebinarda-cixis-edib","status":"publish","type":"post","link":"https:\/\/legacy.dia.edu.az\/en\/arxivl\u0259r\/15231","title":{"rendered":"D\u00f6vl\u0259t Idar\u0259\u00e7ilik Akademiyas\u0131n\u0131n \u0259m\u0259kda\u015f\u0131 HOR\u0130ZON 2020 layih\u0259si \u00e7\u0259r\u00e7iv\u0259sind\u0259 ke\u00e7iril\u0259n vebinarda \u00e7\u0131x\u0131\u015f edib"},"content":{"rendered":"<div data-elementor-type=\"wp-post\" data-elementor-id=\"15231\" class=\"elementor elementor-15231\" data-elementor-settings=\"[]\">\n\t\t\t\t\t\t<div class=\"elementor-inner\">\n\t\t\t\t\t\t\t<div class=\"elementor-section-wrap\">\n\t\t\t\t\t\t\t<section class=\"elementor-section elementor-top-section elementor-element elementor-element-a66a7bb elementor-section-boxed elementor-section-height-default elementor-section-height-default\" data-id=\"a66a7bb\" data-element_type=\"section\">\n\t\t\t\t\t\t<div class=\"elementor-container elementor-column-gap-default\">\n\t\t\t\t\t\t\t<div class=\"elementor-row\">\n\t\t\t\t\t<div class=\"elementor-column elementor-col-100 elementor-top-column elementor-element elementor-element-e750bd2\" data-id=\"e750bd2\" data-element_type=\"column\">\n\t\t\t<div class=\"elementor-column-wrap elementor-element-populated\">\n\t\t\t\t\t\t\t<div class=\"elementor-widget-wrap\">\n\t\t\t\t\t\t<div class=\"elementor-element elementor-element-5d57fad elementor-widget elementor-widget-text-editor\" data-id=\"5d57fad\" data-element_type=\"widget\" data-widget_type=\"text-editor.default\">\n\t\t\t\t<div class=\"elementor-widget-container\">\n\t\t\t\t\t\t\t\t<div class=\"elementor-text-editor elementor-clearfix\">\n\t\t\t\t\tD\u00f6vl\u0259t Idar\u0259\u00e7ilik Akademiyas\u0131n\u0131n \u0259m\u0259kda\u015f\u0131 HOR\u0130ZON 2020 layih\u0259si \u00e7\u0259r\u00e7iv\u0259sind\u0259 ke\u00e7iril\u0259n vebinarda \u00e7\u0131x\u0131\u015f edib\t\t\t\t\t<\/div>\n\t\t\t\t\t\t<\/div>\n\t\t\t\t<\/div>\n\t\t\t\t\t\t<\/div>\n\t\t\t\t\t<\/div>\n\t\t<\/div>\n\t\t\t\t\t\t\t\t<\/div>\n\t\t\t\t\t<\/div>\n\t\t<\/section>\n\t\t\t\t<section class=\"elementor-section elementor-top-section elementor-element elementor-element-bcd967b elementor-section-boxed elementor-section-height-default elementor-section-height-default\" data-id=\"bcd967b\" data-element_type=\"section\">\n\t\t\t\t\t\t<div class=\"elementor-container elementor-column-gap-default\">\n\t\t\t\t\t\t\t<div class=\"elementor-row\">\n\t\t\t\t\t<div class=\"elementor-column elementor-col-100 elementor-top-column elementor-element elementor-element-9d131a9\" data-id=\"9d131a9\" data-element_type=\"column\">\n\t\t\t<div class=\"elementor-column-wrap elementor-element-populated\">\n\t\t\t\t\t\t\t<div class=\"elementor-widget-wrap\">\n\t\t\t\t\t\t<div class=\"elementor-element elementor-element-8b93a6f elementor-widget elementor-widget-text-editor\" data-id=\"8b93a6f\" data-element_type=\"widget\" data-widget_type=\"text-editor.default\">\n\t\t\t\t<div class=\"elementor-widget-container\">\n\t\t\t\t\t\t\t\t<div class=\"elementor-text-editor elementor-clearfix\">\n\t\t\t\t\t<p style=\"text-align: justify;\">Az\u0259rbaycan Respublikas\u0131n\u0131n Prezidenti yan\u0131nda D&ouml;vl\u0259t Idar\u0259&ccedil;ilik Akademiyas\u0131n\u0131n (D\u0130A) \u0130ntellektual sisteml\u0259rin idar\u0259 olunmas\u0131 kafedras\u0131n\u0131n m&uuml;diri, dosent Elvin \u018fzizb\u0259yov Avropa Komissiyas\u0131 t\u0259r\u0259find\u0259n maliyy\u0259l\u0259\u015f\u0259n HORIZON 2020 beyn\u0259lxalq qrant proqram\u0131n\u0131n i\u015ftirak&ccedil;\u0131s\u0131 kimi SOMPATY (Spectral Optimization: From Mathematics to Physics and Advanced Technology \/ Spektral Optimalla\u015fd\u0131rma: Riyaziyyatdan fizika v\u0259 y&uuml;ks\u0259k texnologiyaya) adl\u0131 layih\u0259nin seminar\u0131nda &ldquo;Nonlinear inverse problem for the equation of propagation of longitudinal waves with non-self-adjoint boundary conditions&rdquo; (&ldquo;Uzununa dal\u011falar\u0131n h\u0259r\u0259k\u0259t t\u0259nliyi &uuml;&ccedil;&uuml;n &ouml;z-&ouml;z&uuml;n\u0259 qo\u015fma olmayan s\u0259rh\u0259d \u015f\u0259rtli qeyri-x\u0259tti t\u0259rs m\u0259s\u0259l\u0259&rdquo;) adl\u0131 m\u0259ruz\u0259 il\u0259 &ccedil;\u0131x\u0131\u015f etmi\u015fdir. M\u0259ruz\u0259d\u0259n sonra seminar diskussiya \u015f\u0259klind\u0259 davam etmi\u015f v\u0259 m\u0259ruz\u0259&ccedil;i Almaniyan\u0131n \u0130lmenau Texniki Universitetinin professoru, layih\u0259nin direktoru&nbsp;Karsten Trunk, L&uuml;bek Universitetinin professoru J&uuml;rgen Prestin v\u0259 Da\u015fk\u0259nd Turin Politexnik Universitetinin professoru Davron Matrusulov t\u0259r\u0259find\u0259n veril\u0259n suallar\u0131 cavabland\u0131r\u0131lm\u0131\u015fd\u0131r.<\/p>\n<p style=\"text-align: justify;\">&nbsp;<\/p>\n<p style=\"text-align: justify;\">Almaniyan\u0131n \u0130lmenau Texniki Universitetinin koordinatorlu\u011fu il\u0259 ba\u015f tutan layih\u0259d\u0259 &Ccedil;ex respublikas\u0131 Elml\u0259r Akademiyas\u0131n\u0131n N&uuml;v\u0259 Fizikas\u0131 \u0130nstitutu, Ukrayna Milli Elml\u0259r Akademiyas\u0131n\u0131n Riyaziyyat \u0130nstitutu, Almaniyan\u0131n L&uuml;beck Universiteti i\u015ftirak&ccedil;\u0131lar, Qazaxstan Respublikas\u0131 Riyaziyyat v\u0259 Riyazi Modell\u0259\u015fdirm\u0259 \u0130nstitutu, Bak\u0131 D&ouml;vl\u0259t Universiteti, Belarus Milli Elml\u0259r Akademiyas\u0131n\u0131n Riyaziyyat \u0130nstitutu, Da\u015fk\u0259nd Turin Politexnik Universiteti is\u0259 t\u0259r\u0259fda\u015f elmi m&uuml;\u0259ssis\u0259l\u0259r qismind\u0259 i\u015ftirak edir.<\/p>\n<p style=\"text-align: justify;\">&nbsp;<\/p>\n<p style=\"text-align: justify;\">Qrant layih\u0259nin m\u0259qs\u0259di Almaniya, Az\u0259rbaycan, Belarus, &Ccedil;ex respublikas\u0131, Qazaxstan, &Ouml;zb\u0259kistan, Ukrayna &ouml;lk\u0259l\u0259rinin universitetl\u0259ri v\u0259 elmi t\u0259dqiqat m\u0259rk\u0259zl\u0259ri aras\u0131nda \u0259m\u0259kda\u015f m&uuml;badil\u0259si, m&uuml;\u015ft\u0259r\u0259k elmi t\u0259dqiqatlar\u0131n apar\u0131lmas\u0131 v\u0259 t\u0259liml\u0259rin t\u0259\u015fkil olunmas\u0131d\u0131r. Layih\u0259nin icra m&uuml;dd\u0259ti 1 aprel 2020 &ndash; 31 mart 2024, b&uuml;dc\u0259si 883200 avrodur.<\/p>\n<p style=\"text-align: justify;\">Layih\u0259 haqq\u0131nda \u0259trafl\u0131 m\u0259lumat \u0259ld\u0259 etm\u0259k &uuml;&ccedil;&uuml;n a\u015fa\u011f\u0131dak\u0131 linkl\u0259 ke&ccedil;id ed\u0259 bil\u0259rsiz:<\/p>\n<p style=\"text-align: justify;\"><a href=\"https:\/\/ec.europa.eu\/programmes\/horizon2020\/en\/h2020-sections-projects\">https:\/\/ec.europa.eu\/programmes\/horizon2020\/en\/h2020-sections-projects<\/a><\/p>\t\t\t\t\t<\/div>\n\t\t\t\t\t\t<\/div>\n\t\t\t\t<\/div>\n\t\t\t\t\t\t<\/div>\n\t\t\t\t\t<\/div>\n\t\t<\/div>\n\t\t\t\t\t\t\t\t<\/div>\n\t\t\t\t\t<\/div>\n\t\t<\/section>\n\t\t\t\t<section class=\"elementor-section elementor-top-section elementor-element elementor-element-0422c5d elementor-section-boxed elementor-section-height-default elementor-section-height-default\" data-id=\"0422c5d\" data-element_type=\"section\">\n\t\t\t\t\t\t<div class=\"elementor-container elementor-column-gap-default\">\n\t\t\t\t\t\t\t<div class=\"elementor-row\">\n\t\t\t\t\t<div class=\"elementor-column elementor-col-100 elementor-top-column elementor-element elementor-element-0fb96f9\" data-id=\"0fb96f9\" data-element_type=\"column\">\n\t\t\t<div class=\"elementor-column-wrap\">\n\t\t\t\t\t\t\t<div class=\"elementor-widget-wrap\">\n\t\t\t\t\t\t\t\t<\/div>\n\t\t\t\t\t<\/div>\n\t\t<\/div>\n\t\t\t\t\t\t\t\t<\/div>\n\t\t\t\t\t<\/div>\n\t\t<\/section>\n\t\t\t\t\t\t<\/div>\n\t\t\t\t\t\t<\/div>\n\t\t\t\t\t<\/div>","protected":false},"excerpt":{"rendered":"<p>D\u00f6vl\u0259t Idar\u0259\u00e7ilik Akademiyas\u0131n\u0131n \u0259m\u0259kda\u015f\u0131 HOR\u0130ZON 2020 layih\u0259si \u00e7\u0259r\u00e7iv\u0259sind\u0259 ke\u00e7iril\u0259n vebinarda \u00e7\u0131x\u0131\u015f edib Az\u0259rbaycan Respublikas\u0131n\u0131n Prezidenti yan\u0131nda D&ouml;vl\u0259t Idar\u0259&ccedil;ilik Akademiyas\u0131n\u0131n (D\u0130A) \u0130ntellektual sisteml\u0259rin idar\u0259 olunmas\u0131 kafedras\u0131n\u0131n m&uuml;diri, dosent Elvin \u018fzizb\u0259yov Avropa Komissiyas\u0131 t\u0259r\u0259find\u0259n maliyy\u0259l\u0259\u015f\u0259n HORIZON 2020 beyn\u0259lxalq qrant proqram\u0131n\u0131n i\u015ftirak&ccedil;\u0131s\u0131 kimi SOMPATY (Spectral Optimization: From Mathematics to Physics and Advanced Technology \/ Spektral Optimalla\u015fd\u0131rma: Riyaziyyatdan fizika [&hellip;]<\/p>","protected":false},"author":2,"featured_media":15235,"comment_status":"closed","ping_status":"closed","sticky":false,"template":"","format":"standard","meta":[],"categories":[137],"tags":[],"_links":{"self":[{"href":"https:\/\/legacy.dia.edu.az\/en\/wp-json\/wp\/v2\/posts\/15231"}],"collection":[{"href":"https:\/\/legacy.dia.edu.az\/en\/wp-json\/wp\/v2\/posts"}],"about":[{"href":"https:\/\/legacy.dia.edu.az\/en\/wp-json\/wp\/v2\/types\/post"}],"author":[{"embeddable":true,"href":"https:\/\/legacy.dia.edu.az\/en\/wp-json\/wp\/v2\/users\/2"}],"replies":[{"embeddable":true,"href":"https:\/\/legacy.dia.edu.az\/en\/wp-json\/wp\/v2\/comments?post=15231"}],"version-history":[{"count":29,"href":"https:\/\/legacy.dia.edu.az\/en\/wp-json\/wp\/v2\/posts\/15231\/revisions"}],"predecessor-version":[{"id":15265,"href":"https:\/\/legacy.dia.edu.az\/en\/wp-json\/wp\/v2\/posts\/15231\/revisions\/15265"}],"wp:featuredmedia":[{"embeddable":true,"href":"https:\/\/legacy.dia.edu.az\/en\/wp-json\/wp\/v2\/media\/15235"}],"wp:attachment":[{"href":"https:\/\/legacy.dia.edu.az\/en\/wp-json\/wp\/v2\/media?parent=15231"}],"wp:term":[{"taxonomy":"category","embeddable":true,"href":"https:\/\/legacy.dia.edu.az\/en\/wp-json\/wp\/v2\/categories?post=15231"},{"taxonomy":"post_tag","embeddable":true,"href":"https:\/\/legacy.dia.edu.az\/en\/wp-json\/wp\/v2\/tags?post=15231"}],"curies":[{"name":"wp","href":"https:\/\/api.w.org\/{rel}","templated":true}]}}