{"id":15225,"date":"2021-11-11T18:40:56","date_gmt":"2021-11-11T15:40:56","guid":{"rendered":"https:\/\/dia.edu.az\/?p=15225"},"modified":"2021-11-11T18:43:59","modified_gmt":"2021-11-11T15:43:59","slug":"qlobal-dovl%c9%99t-idar%c9%99ciliyind%c9%99-insan-resurslari-adli-beyn%c9%99lxalq-konfransda-olk%c9%99mizi-akademik-urxan-%c9%99l%c9%99kb%c9%99rov-t%c9%99msil-edib","status":"publish","type":"post","link":"https:\/\/legacy.dia.edu.az\/en\/arxivl\u0259r\/15225","title":{"rendered":"\u201cQlobal d\u00f6vl\u0259t idar\u0259\u00e7iliyind\u0259 insan resurslar\u0131\u201d adl\u0131 beyn\u0259lxalq konfransda \u00f6lk\u0259mizi akademik Urxan \u018fl\u0259kb\u0259rov t\u0259msil edib"},"content":{"rendered":"<div data-elementor-type=\"wp-post\" data-elementor-id=\"15225\" class=\"elementor elementor-15225\" data-elementor-settings=\"[]\">\n\t\t\t\t\t\t<div class=\"elementor-inner\">\n\t\t\t\t\t\t\t<div class=\"elementor-section-wrap\">\n\t\t\t\t\t\t\t<section class=\"elementor-section elementor-top-section elementor-element elementor-element-585cbbd elementor-section-boxed elementor-section-height-default elementor-section-height-default\" data-id=\"585cbbd\" data-element_type=\"section\">\n\t\t\t\t\t\t<div class=\"elementor-container elementor-column-gap-default\">\n\t\t\t\t\t\t\t<div class=\"elementor-row\">\n\t\t\t\t\t<div class=\"elementor-column elementor-col-100 elementor-top-column elementor-element elementor-element-1817fcd\" data-id=\"1817fcd\" data-element_type=\"column\">\n\t\t\t<div class=\"elementor-column-wrap elementor-element-populated\">\n\t\t\t\t\t\t\t<div class=\"elementor-widget-wrap\">\n\t\t\t\t\t\t<div class=\"elementor-element elementor-element-fe50b19 elementor-widget elementor-widget-text-editor\" data-id=\"fe50b19\" data-element_type=\"widget\" data-widget_type=\"text-editor.default\">\n\t\t\t\t<div class=\"elementor-widget-container\">\n\t\t\t\t\t\t\t\t<div class=\"elementor-text-editor elementor-clearfix\">\n\t\t\t\t\t\u201cQlobal d\u00f6vl\u0259t idar\u0259\u00e7iliyind\u0259 insan resurslar\u0131\u201d adl\u0131 beyn\u0259lxalq konfransda \u00f6lk\u0259mizi akademik Urxan \u018fl\u0259kb\u0259rov t\u0259msil edib\t\t\t\t\t<\/div>\n\t\t\t\t\t\t<\/div>\n\t\t\t\t<\/div>\n\t\t\t\t\t\t<\/div>\n\t\t\t\t\t<\/div>\n\t\t<\/div>\n\t\t\t\t\t\t\t\t<\/div>\n\t\t\t\t\t<\/div>\n\t\t<\/section>\n\t\t\t\t<section class=\"elementor-section elementor-top-section elementor-element elementor-element-538b0c0 elementor-section-boxed elementor-section-height-default elementor-section-height-default\" data-id=\"538b0c0\" data-element_type=\"section\">\n\t\t\t\t\t\t<div class=\"elementor-container elementor-column-gap-default\">\n\t\t\t\t\t\t\t<div class=\"elementor-row\">\n\t\t\t\t\t<div class=\"elementor-column elementor-col-100 elementor-top-column elementor-element elementor-element-8e4a23c\" data-id=\"8e4a23c\" data-element_type=\"column\">\n\t\t\t<div class=\"elementor-column-wrap elementor-element-populated\">\n\t\t\t\t\t\t\t<div class=\"elementor-widget-wrap\">\n\t\t\t\t\t\t<div class=\"elementor-element elementor-element-8626de6 elementor-widget elementor-widget-text-editor\" data-id=\"8626de6\" data-element_type=\"widget\" data-widget_type=\"text-editor.default\">\n\t\t\t\t<div class=\"elementor-widget-container\">\n\t\t\t\t\t\t\t\t<div class=\"elementor-text-editor elementor-clearfix\">\n\t\t\t\t\t<p style=\"text-align: justify;\">Noyabr\u0131n 8-11-d\u0259 C\u0259nubi Koreya Respublikas\u0131 Milli \u0130nsan Resurslar\u0131n\u0131n \u0130nki\u015faf\u0131 \u0130nstitutunun t\u0259\u015fkilat&ccedil;\u0131l\u0131\u011f\u0131 il\u0259 &ldquo;Qlobal d&ouml;vl\u0259t idar\u0259&ccedil;iliyind\u0259 insan resurslar\u0131&rdquo; adl\u0131 onlayn beyn\u0259lxalq konfrans ba\u015f tutub.<\/p>\n<p style=\"text-align: justify;\">50-d\u0259n art\u0131q &ouml;lk\u0259d\u0259n d&ouml;vl\u0259t idar\u0259&ccedil;iliyi m\u0259kt\u0259bl\u0259ri r\u0259hb\u0259rl\u0259ri v\u0259 m&uuml;t\u0259x\u0259ssisl\u0259rin qat\u0131ld\u0131\u011f\u0131 geni\u015fmiqyasl\u0131 d&ouml;rdg&uuml;nl&uuml;k konfransda &ouml;lk\u0259mizi Az\u0259rbaycan Respublikas\u0131n\u0131n Prezidenti yan\u0131nda D&ouml;vl\u0259t \u0130dar\u0259&ccedil;ilik Akademiyas\u0131n\u0131n rektoru, akademik Urxan \u018fl\u0259kb\u0259rov t\u0259msil edib.<\/p>\n<p style=\"text-align: justify;\">Konfransda &ccedil;\u0131x\u0131\u015f ed\u0259n akademik U. \u018fl\u0259kb\u0259rov Az\u0259rbaycan\u0131n son ill\u0259rd\u0259 iqtisadi, siyasi, humanitar inki\u015faf\u0131 il\u0259 ba\u011fl\u0131 m\u0259lumat verib. Natiq qeyd olunan u\u011furlar\u0131n k&ouml;k&uuml;nd\u0259 \u0259sas\u0131 ulu &ouml;nd\u0259r Heyd\u0259r \u018fliyev t\u0259r\u0259find\u0259n qoyulmu\u015f v\u0259 Prezident \u0130lham \u018fliyevin yarad\u0131c\u0131l\u0131qla inki\u015faf etdirdiyi innovativ d&ouml;vl\u0259t idar\u0259&ccedil;iliyi strategiyas\u0131n\u0131n durdu\u011funu x&uuml;susi vur\u011fulay\u0131b.<\/p>\n<p style=\"text-align: justify;\">Rektorun s&ouml;zl\u0259rin\u0259 g&ouml;r\u0259, Az\u0259rbaycan Respublikas\u0131 postpandemiya d&ouml;n\u0259mind\u0259 qlobal miqyasda prioritet kimi q\u0259bul edil\u0259n davaml\u0131 inkl&uuml;ziv inki\u015faf siyas\u0259tini s\u0259m\u0259r\u0259li \u015f\u0259kild\u0259 realla\u015fd\u0131ran d&uuml;nya lideridir. Akademik U.\u018fl\u0259kb\u0259rov inkl&uuml;ziv inki\u015faf g&ouml;st\u0259ricil\u0259ri Az\u0259rbaycandan a\u015fa\u011f\u0131 olan &ouml;lk\u0259l\u0259r aras\u0131nda AB\u015e, Yaponiya, \u0130srail, \u0130taliya, \u0130spaniya, Portuqaliya, Yunan\u0131stan v\u0259 sairl\u0259rinin oldu\u011funu vur\u011fulay\u0131b. Rektor diqq\u0259t\u0259 &ccedil;atd\u0131r\u0131b ki, nisb\u0259t\u0259n m\u0259hdud maliyy\u0259 imkanlar\u0131 \u015f\u0259raitind\u0259 Az\u0259rbaycan\u0131n inkl&uuml;ziv inki\u015faf indeksinin iqtisadi bax\u0131mdan daha inki\u015faf etmi\u015f &ouml;lk\u0259l\u0259rd\u0259kind\u0259n y&uuml;ks\u0259k olmas\u0131 &ouml;lk\u0259nin iqtisadi potensial\u0131n\u0131n h\u0259rt\u0259r\u0259fli inki\u015faf\u0131 v\u0259 \u0259halinin rifah hal\u0131n\u0131n y&uuml;ks\u0259ldilm\u0259si &uuml;&ccedil;&uuml;n daha s\u0259m\u0259r\u0259li istifad\u0259sinin beyn\u0259lxalq t\u0259sdiqidir. \u0130nkl&uuml;ziv inki\u015faf sah\u0259sind\u0259 Az\u0259rbaycan\u0131n d&uuml;nya miqyas\u0131nda 25-ci yerd\u0259 q\u0259rarla\u015fmas\u0131 v\u0259 sosial siyas\u0259tin realla\u015fd\u0131r\u0131lmas\u0131 bax\u0131m\u0131ndan d&uuml;nya liderin\u0259 &ccedil;evrilm\u0259si Prezident \u0130lham \u018fliyev t\u0259r\u0259find\u0259n i\u015fl\u0259n\u0259n yeni idar\u0259etm\u0259 texnologiyalar\u0131n\u0131n t\u0259tbiqinin v\u0259 Birinci vitse-prezident Mehriban xan\u0131m \u018fliyevan\u0131n inkl&uuml;ziv inki\u015fafa y&ouml;n\u0259lik f\u0259aliyy\u0259tinin m\u0259ntiqi yekunudur. Eyni zamanda, bildirilib ki, &ouml;lk\u0259nin haz\u0131rk\u0131 inkl&uuml;ziv inki\u015faf\u0131 d&ouml;vl\u0259t idar\u0259&ccedil;iliyi v\u0259 d&ouml;vl\u0259t qullu\u011fu sah\u0259sind\u0259 realla\u015fd\u0131r\u0131lan ard\u0131c\u0131l islahatlar v\u0259 d\u0259yi\u015fiklikl\u0259rin n\u0259tic\u0259sidir. U.\u018fl\u0259kb\u0259rov haz\u0131rk\u0131 pandemiya \u015f\u0259raitind\u0259 d\u0259 Az\u0259rbaycanda inkl&uuml;ziv c\u0259miyy\u0259tin qurulmas\u0131 istiqam\u0259tind\u0259 geni\u015fmiqyasl\u0131 f\u0259aliyy\u0259tin h\u0259yata ke&ccedil;irilm\u0259sini x&uuml;susi vur\u011fulay\u0131b.<\/p>\t\t\t\t\t<\/div>\n\t\t\t\t\t\t<\/div>\n\t\t\t\t<\/div>\n\t\t\t\t\t\t<\/div>\n\t\t\t\t\t<\/div>\n\t\t<\/div>\n\t\t\t\t\t\t\t\t<\/div>\n\t\t\t\t\t<\/div>\n\t\t<\/section>\n\t\t\t\t<section class=\"elementor-section elementor-top-section elementor-element elementor-element-b3814b9 elementor-section-boxed elementor-section-height-default elementor-section-height-default\" data-id=\"b3814b9\" data-element_type=\"section\">\n\t\t\t\t\t\t<div class=\"elementor-container elementor-column-gap-default\">\n\t\t\t\t\t\t\t<div class=\"elementor-row\">\n\t\t\t\t\t<div class=\"elementor-column elementor-col-100 elementor-top-column elementor-element elementor-element-5143475\" data-id=\"5143475\" data-element_type=\"column\">\n\t\t\t<div class=\"elementor-column-wrap elementor-element-populated\">\n\t\t\t\t\t\t\t<div class=\"elementor-widget-wrap\">\n\t\t\t\t\t\t<div class=\"elementor-element elementor-element-0f5a5a2 elementor-widget elementor-widget-image\" data-id=\"0f5a5a2\" data-element_type=\"widget\" data-widget_type=\"image.default\">\n\t\t\t\t<div class=\"elementor-widget-container\">\n\t\t\t\t\t\t\t\t<div class=\"elementor-image\">\n\t\t\t\t\t\t\t\t\t\t\t\t<img width=\"450\" height=\"213\" src=\"https:\/\/legacy.dia.edu.az\/wp-content\/uploads\/2021\/11\/zxc-450x213.jpg\" class=\"attachment-large size-large\" alt=\"\" srcset=\"https:\/\/legacy.dia.edu.az\/wp-content\/uploads\/2021\/11\/zxc-450x213.jpg 450w, https:\/\/legacy.dia.edu.az\/wp-content\/uploads\/2021\/11\/zxc-200x95.jpg 200w, https:\/\/legacy.dia.edu.az\/wp-content\/uploads\/2021\/11\/zxc-768x364.jpg 768w, https:\/\/legacy.dia.edu.az\/wp-content\/uploads\/2021\/11\/zxc-16x8.jpg 16w, https:\/\/legacy.dia.edu.az\/wp-content\/uploads\/2021\/11\/zxc.jpg 1000w\" sizes=\"(max-width: 450px) 100vw, 450px\" \/>\t\t\t\t\t\t\t\t\t\t\t\t\t\t<\/div>\n\t\t\t\t\t\t<\/div>\n\t\t\t\t<\/div>\n\t\t\t\t\t\t<\/div>\n\t\t\t\t\t<\/div>\n\t\t<\/div>\n\t\t\t\t\t\t\t\t<\/div>\n\t\t\t\t\t<\/div>\n\t\t<\/section>\n\t\t\t\t\t\t<\/div>\n\t\t\t\t\t\t<\/div>\n\t\t\t\t\t<\/div>","protected":false},"excerpt":{"rendered":"<p>\u201cQlobal d\u00f6vl\u0259t idar\u0259\u00e7iliyind\u0259 insan resurslar\u0131\u201d adl\u0131 beyn\u0259lxalq konfransda \u00f6lk\u0259mizi akademik Urxan \u018fl\u0259kb\u0259rov t\u0259msil edib Noyabr\u0131n 8-11-d\u0259 C\u0259nubi Koreya Respublikas\u0131 Milli \u0130nsan Resurslar\u0131n\u0131n \u0130nki\u015faf\u0131 \u0130nstitutunun t\u0259\u015fkilat\u00e7\u0131l\u0131\u011f\u0131 il\u0259 \u201cQlobal d\u00f6vl\u0259t idar\u0259\u00e7iliyind\u0259 insan resurslar\u0131\u201d adl\u0131 onlayn beyn\u0259lxalq konfrans ba\u015f tutub. 50-d\u0259n art\u0131q \u00f6lk\u0259d\u0259n d\u00f6vl\u0259t idar\u0259\u00e7iliyi m\u0259kt\u0259bl\u0259ri r\u0259hb\u0259rl\u0259ri v\u0259 m\u00fct\u0259x\u0259ssisl\u0259rin qat\u0131ld\u0131\u011f\u0131 geni\u015fmiqyasl\u0131 d\u00f6rdg\u00fcnl\u00fck konfransda \u00f6lk\u0259mizi Az\u0259rbaycan Respublikas\u0131n\u0131n Prezidenti yan\u0131nda [&hellip;]<\/p>","protected":false},"author":2,"featured_media":15226,"comment_status":"closed","ping_status":"closed","sticky":false,"template":"","format":"standard","meta":[],"categories":[137],"tags":[],"_links":{"self":[{"href":"https:\/\/legacy.dia.edu.az\/en\/wp-json\/wp\/v2\/posts\/15225"}],"collection":[{"href":"https:\/\/legacy.dia.edu.az\/en\/wp-json\/wp\/v2\/posts"}],"about":[{"href":"https:\/\/legacy.dia.edu.az\/en\/wp-json\/wp\/v2\/types\/post"}],"author":[{"embeddable":true,"href":"https:\/\/legacy.dia.edu.az\/en\/wp-json\/wp\/v2\/users\/2"}],"replies":[{"embeddable":true,"href":"https:\/\/legacy.dia.edu.az\/en\/wp-json\/wp\/v2\/comments?post=15225"}],"version-history":[{"count":4,"href":"https:\/\/legacy.dia.edu.az\/en\/wp-json\/wp\/v2\/posts\/15225\/revisions"}],"predecessor-version":[{"id":15230,"href":"https:\/\/legacy.dia.edu.az\/en\/wp-json\/wp\/v2\/posts\/15225\/revisions\/15230"}],"wp:featuredmedia":[{"embeddable":true,"href":"https:\/\/legacy.dia.edu.az\/en\/wp-json\/wp\/v2\/media\/15226"}],"wp:attachment":[{"href":"https:\/\/legacy.dia.edu.az\/en\/wp-json\/wp\/v2\/media?parent=15225"}],"wp:term":[{"taxonomy":"category","embeddable":true,"href":"https:\/\/legacy.dia.edu.az\/en\/wp-json\/wp\/v2\/categories?post=15225"},{"taxonomy":"post_tag","embeddable":true,"href":"https:\/\/legacy.dia.edu.az\/en\/wp-json\/wp\/v2\/tags?post=15225"}],"curies":[{"name":"wp","href":"https:\/\/api.w.org\/{rel}","templated":true}]}}