{"id":15192,"date":"2021-11-05T11:50:14","date_gmt":"2021-11-05T08:50:14","guid":{"rendered":"https:\/\/dia.edu.az\/?p=15192"},"modified":"2021-11-05T19:55:22","modified_gmt":"2021-11-05T16:55:22","slug":"%d0%be%d0%b1%d1%80%d0%b0%d0%b1%d0%be%d1%82%d0%ba%d0%b0-%d1%82%d0%b5%d0%ba%d1%81%d1%82%d0%be%d0%b2%d0%be%d0%b9-%d0%b8%d0%bd%d1%84%d0%be%d1%80%d0%bc%d0%b0%d1%86%d0%b8%d0%b8","status":"publish","type":"post","link":"https:\/\/legacy.dia.edu.az\/en\/arxivl\u0259r\/15192","title":{"rendered":"D\u00f6vl\u0259t \u0130dar\u0259\u00e7ilik Akademiyas\u0131nda \u201cQaraba\u011fa qay\u0131d\u0131\u015f: V\u0259t\u0259n m\u00fcharib\u0259sind\u0259n Z\u0259f\u0259r\u0259d\u0259k \u015f\u0259r\u0259fli yol\u201d adl\u0131 t\u0259dbir ke\u00e7irilib"},"content":{"rendered":"<div data-elementor-type=\"wp-post\" data-elementor-id=\"15192\" class=\"elementor elementor-15192\" data-elementor-settings=\"[]\">\n\t\t\t\t\t\t<div class=\"elementor-inner\">\n\t\t\t\t\t\t\t<div class=\"elementor-section-wrap\">\n\t\t\t\t\t\t\t<section class=\"elementor-section elementor-top-section elementor-element elementor-element-7c730df elementor-section-boxed elementor-section-height-default elementor-section-height-default\" data-id=\"7c730df\" data-element_type=\"section\">\n\t\t\t\t\t\t<div class=\"elementor-container elementor-column-gap-default\">\n\t\t\t\t\t\t\t<div class=\"elementor-row\">\n\t\t\t\t\t<div class=\"elementor-column elementor-col-100 elementor-top-column elementor-element elementor-element-64f7cbe\" data-id=\"64f7cbe\" data-element_type=\"column\">\n\t\t\t<div class=\"elementor-column-wrap elementor-element-populated\">\n\t\t\t\t\t\t\t<div class=\"elementor-widget-wrap\">\n\t\t\t\t\t\t<div class=\"elementor-element elementor-element-a69a265 elementor-widget elementor-widget-text-editor\" data-id=\"a69a265\" data-element_type=\"widget\" data-widget_type=\"text-editor.default\">\n\t\t\t\t<div class=\"elementor-widget-container\">\n\t\t\t\t\t\t\t\t<div class=\"elementor-text-editor elementor-clearfix\">\n\t\t\t\t\t<p><b>D\u00f6vl\u0259t \u0130dar\u0259\u00e7ilik Akademiyas\u0131nda \u201cQaraba\u011fa qay\u0131d\u0131\u015f: V\u0259t\u0259n m\u00fcharib\u0259sind\u0259n Z\u0259f\u0259r\u0259d\u0259k \u015f\u0259r\u0259fli yol\u201d adl\u0131 t\u0259dbir ke\u00e7irilib<\/b><\/p>\t\t\t\t\t<\/div>\n\t\t\t\t\t\t<\/div>\n\t\t\t\t<\/div>\n\t\t\t\t\t\t<\/div>\n\t\t\t\t\t<\/div>\n\t\t<\/div>\n\t\t\t\t\t\t\t\t<\/div>\n\t\t\t\t\t<\/div>\n\t\t<\/section>\n\t\t\t\t<section class=\"elementor-section elementor-top-section elementor-element elementor-element-ed3d15d elementor-section-boxed elementor-section-height-default elementor-section-height-default\" data-id=\"ed3d15d\" data-element_type=\"section\">\n\t\t\t\t\t\t<div class=\"elementor-container elementor-column-gap-default\">\n\t\t\t\t\t\t\t<div class=\"elementor-row\">\n\t\t\t\t\t<div class=\"elementor-column elementor-col-100 elementor-top-column elementor-element elementor-element-d23034a\" data-id=\"d23034a\" data-element_type=\"column\">\n\t\t\t<div class=\"elementor-column-wrap elementor-element-populated\">\n\t\t\t\t\t\t\t<div class=\"elementor-widget-wrap\">\n\t\t\t\t\t\t<div class=\"elementor-element elementor-element-5a8f87c elementor-widget elementor-widget-text-editor\" data-id=\"5a8f87c\" data-element_type=\"widget\" data-widget_type=\"text-editor.default\">\n\t\t\t\t<div class=\"elementor-widget-container\">\n\t\t\t\t\t\t\t\t<div class=\"elementor-text-editor elementor-clearfix\">\n\t\t\t\t\t<p style=\"text-align: justify;\">Az\u0259rbaycan Respublikas\u0131n\u0131n Prezidenti yan\u0131nda D\u00f6vl\u0259t \u0130dar\u0259\u00e7ilik Akademiyas\u0131nda&nbsp; 8 Noyabr &#8211; Z\u0259f\u0259r G\u00fcn\u00fc il\u0259 \u0259laq\u0259dar \u201cQaraba\u011fa qay\u0131d\u0131\u015f: V\u0259t\u0259n m\u00fcharib\u0259sind\u0259n Z\u0259f\u0259r\u0259d\u0259k \u015f\u0259r\u0259fli yol\u201d adl\u0131 onlayn elmi konfrans ke\u00e7irilib.<\/p>\n<p style=\"text-align: justify;\">\u018fvv\u0259lc\u0259 \u015f\u0259hidl\u0259rin \u0259ziz xatir\u0259si an\u0131l\u0131b.<\/p>\n<p style=\"text-align: justify;\">Akademiyada \u015eu\u015fadan olan r\u0259ssam R\u00f6v\u015f\u0259n Bayramovun \u015eu\u015fan\u0131n 17 m\u0259h\u0259ll\u0259sini k\u0259tan \u00fcz\u0259rind\u0259 \u00e7\u0259kdiyi r\u0259sm \u0259s\u0259rl\u0259rinin s\u0259rgisin\u0259 bax\u0131\u015f olub.<\/p>\n<p style=\"text-align: justify;\">Konfransda D\u00f6vl\u0259t \u0130dar\u0259\u00e7ilik Akademiyas\u0131n\u0131n rektoru akademik Urxan \u018fl\u0259kb\u0259rov \u00f6t\u0259n 30 il \u0259rzind\u0259 Az\u0259rbaycanda \u0259ld\u0259 edil\u0259n nailiyy\u0259tl\u0259rd\u0259n dan\u0131\u015f\u0131b, \u00f6lk\u0259nin u\u011furlu inki\u015faf\u0131 say\u0259sind\u0259 d\u00f6vl\u0259t\u00e7ilik \u0259n\u0259n\u0259l\u0259rimizin m\u00f6hk\u0259ml\u0259ndiyini, iqtisadi v\u0259 siyasi g\u00fcc\u00fcm\u00fcz\u00fcn artd\u0131\u011f\u0131n\u0131 bildirib. Qeyd olunub ki, m\u00fcst\u0259qil Az\u0259rbaycan Respublikas\u0131 bu g\u00fcn h\u0259r bir soyda\u015f\u0131m\u0131z \u00fc\u00e7\u00fcn \u0259sl q\u00fcrur m\u0259nb\u0259yin\u0259 \u00e7evrilib.<\/p>\n<p style=\"text-align: justify;\">U.\u018fl\u0259kb\u0259rov diqq\u0259t\u0259 \u00e7atd\u0131r\u0131b ki, m\u00fcst\u0259qilliyin ilk ill\u0259rind\u0259 Az\u0259rbaycan d\u0259rin siyasi, iqtisadi v\u0259 sosial b\u00f6hranla yana\u015f\u0131, Erm\u0259nistan\u0131n h\u0259rbi t\u0259cav\u00fcz\u00fc, xalq\u0131m\u0131za qar\u015f\u0131 h\u0259yata ke\u00e7iril\u0259n etnik t\u0259mizl\u0259m\u0259 siyas\u0259ti il\u0259 \u00fczl\u0259\u015fib. Xalq\u0131m\u0131z\u0131n t\u0259kidli t\u0259l\u0259bi il\u0259 ulu \u00f6nd\u0259r Heyd\u0259r \u018fliyevin 1993-c\u00fc ild\u0259 hakimiyy\u0259t\u0259 qay\u0131d\u0131\u015f\u0131 n\u0259tic\u0259sind\u0259 \u00f6lk\u0259miz par\u00e7alanma t\u0259hl\u00fck\u0259sind\u0259n xilas oldu.<\/p>\n<p style=\"text-align: justify;\">Akademik 44 g\u00fcnl\u00fck V\u0259t\u0259n m\u00fcharib\u0259sind\u0259n, Az\u0259rbaycan Prezidenti, M\u00fcz\u0259ff\u0259r Ali Ba\u015f Komandan \u0130lham \u018fliyevin r\u0259hb\u0259rliyi il\u0259 q\u00fcdr\u0259tli Ordumuzun d\u00fc\u015fm\u0259n \u00fcz\u0259rind\u0259 qazand\u0131\u011f\u0131 parlaq Q\u0259l\u0259b\u0259d\u0259n s\u00f6z a\u00e7\u0131b. O, V\u0259t\u0259n m\u00fcharib\u0259sind\u0259 \u0259sg\u0259r v\u0259 zabitl\u0259rimizin q\u0259hr\u0259manl\u0131\u011f\u0131n\u0131 qeyd edib. Rektor bildirib ki, Q\u0259l\u0259b\u0259mizin ba\u015fl\u0131ca amili Prezident, Ali Ba\u015f Komandan \u0130lham \u018fliyevin uzun m\u00fcdd\u0259t \u0259rzind\u0259 h\u0259yata ke\u00e7irdiyi g\u00fccl\u00fc d\u00f6vl\u0259t idar\u0259etm\u0259si strategiyas\u0131 olub.<\/p>\n<p style=\"text-align: justify;\">Konfransda D\u00f6vl\u0259t \u0130dar\u0259\u00e7ilik Akademiyas\u0131n\u0131n Siyasi idar\u0259etm\u0259 fak\u00fclt\u0259sinin dekan\u0131 professor El\u00e7in \u018fhm\u0259dov, Beyn\u0259lxalq m\u00fcnasib\u0259tl\u0259r v\u0259 xarici siyas\u0259t kafedras\u0131n\u0131n m\u00fcdiri professor Namiq \u018fliyev, Politologiya kafedras\u0131n\u0131n m\u00fcdiri professor Nigar \u018fl\u0259kb\u0259rova, kafedran\u0131n m\u00fc\u0259llimi politoloq Zaur M\u0259mm\u0259dov v\u0259 ba\u015fqalar\u0131 V\u0259t\u0259n m\u00fcharib\u0259sind\u0259 qazand\u0131\u011f\u0131m\u0131z tarixi Q\u0259l\u0259b\u0259nin \u0259h\u0259miyy\u0259tini vur\u011fulay\u0131blar. Eyni zamanda, \u00f6t\u0259n il noyabr\u0131n 8-d\u0259 Prezident, Ali Ba\u015f Komandan \u0130lham \u018fliyevin r\u0259hb\u0259rliyi il\u0259 Az\u0259rbaycan Ordusu t\u0259r\u0259find\u0259n \u015eu\u015fan\u0131n i\u015f\u011fal\u00e7\u0131lardan azad edilm\u0259si, el\u0259c\u0259 d\u0259 2021-ci ild\u0259 Qaraba\u011f\u0131n, o c\u00fcml\u0259d\u0259n \u015eu\u015fa \u015f\u0259h\u0259rinin \u0259sl tarixi simas\u0131, \u0259n\u0259n\u0259l\u0259ri v\u0259 q\u0259dim m\u0259d\u0259ni abid\u0259l\u0259rinin b\u0259rpas\u0131 istiqam\u0259tind\u0259 apar\u0131lan i\u015fl\u0259rd\u0259n b\u0259hs edilib.<\/p>\n<p style=\"text-align: justify;\">Qeyd olunub ki, Az\u0259rbaycan\u0131n h\u0259rbi-diplomatik u\u011furlar\u0131, x\u00fcsusil\u0259 q\u0259dim \u015eu\u015fa \u015f\u0259h\u0259rinin r\u0259\u015fad\u0259tli Ordumuz t\u0259r\u0259find\u0259n i\u015f\u011faldan azad edilm\u0259si m\u00fcharib\u0259nin sonrak\u0131 gedi\u015fin\u0259 v\u0259 taleyin\u0259 h\u0259lledici t\u0259sir g\u00f6st\u0259r\u0259r\u0259k Z\u0259f\u0259r G\u00fcn\u00fc kimi tariximiz\u0259 yaz\u0131ld\u0131, Ali Ba\u015f Komandan \u0130lham \u018fliyevin q\u0259tiyy\u0259tli v\u0259 prinsipial m\u00f6vqeyi h\u0259rb meydan\u0131nda oldu\u011fu kimi, diplomatiya meydan\u0131nda da u\u011furlar\u0131m\u0131z\u0131 \u015f\u0259rtl\u0259ndirdi.<\/p>\t\t\t\t\t<\/div>\n\t\t\t\t\t\t<\/div>\n\t\t\t\t<\/div>\n\t\t\t\t\t\t<\/div>\n\t\t\t\t\t<\/div>\n\t\t<\/div>\n\t\t\t\t\t\t\t\t<\/div>\n\t\t\t\t\t<\/div>\n\t\t<\/section>\n\t\t\t\t<section class=\"elementor-section elementor-top-section elementor-element elementor-element-996eb37 elementor-section-boxed elementor-section-height-default elementor-section-height-default\" data-id=\"996eb37\" data-element_type=\"section\">\n\t\t\t\t\t\t<div class=\"elementor-container elementor-column-gap-default\">\n\t\t\t\t\t\t\t<div class=\"elementor-row\">\n\t\t\t\t\t<div class=\"elementor-column elementor-col-50 elementor-top-column elementor-element elementor-element-734fe28\" data-id=\"734fe28\" data-element_type=\"column\">\n\t\t\t<div class=\"elementor-column-wrap elementor-element-populated\">\n\t\t\t\t\t\t\t<div class=\"elementor-widget-wrap\">\n\t\t\t\t\t\t<div class=\"elementor-element elementor-element-803e35b elementor-widget elementor-widget-image\" data-id=\"803e35b\" data-element_type=\"widget\" data-widget_type=\"image.default\">\n\t\t\t\t<div class=\"elementor-widget-container\">\n\t\t\t\t\t\t\t\t<div class=\"elementor-image\">\n\t\t\t\t\t\t\t\t\t\t\t\t<img width=\"450\" height=\"298\" src=\"https:\/\/legacy.dia.edu.az\/wp-content\/uploads\/2021\/11\/DSC_2672-450x298.jpg\" class=\"attachment-large size-large\" alt=\"\" srcset=\"https:\/\/legacy.dia.edu.az\/wp-content\/uploads\/2021\/11\/DSC_2672-450x298.jpg 450w, https:\/\/legacy.dia.edu.az\/wp-content\/uploads\/2021\/11\/DSC_2672-200x132.jpg 200w, https:\/\/legacy.dia.edu.az\/wp-content\/uploads\/2021\/11\/DSC_2672-768x509.jpg 768w, https:\/\/legacy.dia.edu.az\/wp-content\/uploads\/2021\/11\/DSC_2672-1536x1017.jpg 1536w, https:\/\/legacy.dia.edu.az\/wp-content\/uploads\/2021\/11\/DSC_2672-2048x1356.jpg 2048w, https:\/\/legacy.dia.edu.az\/wp-content\/uploads\/2021\/11\/DSC_2672-16x12.jpg 16w, https:\/\/legacy.dia.edu.az\/wp-content\/uploads\/2021\/11\/DSC_2672-150x100.jpg 150w\" sizes=\"(max-width: 450px) 100vw, 450px\" \/>\t\t\t\t\t\t\t\t\t\t\t\t\t\t<\/div>\n\t\t\t\t\t\t<\/div>\n\t\t\t\t<\/div>\n\t\t\t\t\t\t<\/div>\n\t\t\t\t\t<\/div>\n\t\t<\/div>\n\t\t\t\t<div class=\"elementor-column elementor-col-50 elementor-top-column elementor-element elementor-element-295b23e\" data-id=\"295b23e\" data-element_type=\"column\">\n\t\t\t<div class=\"elementor-column-wrap elementor-element-populated\">\n\t\t\t\t\t\t\t<div class=\"elementor-widget-wrap\">\n\t\t\t\t\t\t<div class=\"elementor-element elementor-element-8bf4db5 elementor-widget elementor-widget-image\" data-id=\"8bf4db5\" data-element_type=\"widget\" data-widget_type=\"image.default\">\n\t\t\t\t<div class=\"elementor-widget-container\">\n\t\t\t\t\t\t\t\t<div class=\"elementor-image\">\n\t\t\t\t\t\t\t\t\t\t\t\t<img width=\"450\" height=\"298\" src=\"https:\/\/legacy.dia.edu.az\/wp-content\/uploads\/2021\/11\/DSC_2670-450x298.jpg\" class=\"attachment-large size-large\" alt=\"\" srcset=\"https:\/\/legacy.dia.edu.az\/wp-content\/uploads\/2021\/11\/DSC_2670-450x298.jpg 450w, https:\/\/legacy.dia.edu.az\/wp-content\/uploads\/2021\/11\/DSC_2670-200x132.jpg 200w, https:\/\/legacy.dia.edu.az\/wp-content\/uploads\/2021\/11\/DSC_2670-768x509.jpg 768w, https:\/\/legacy.dia.edu.az\/wp-content\/uploads\/2021\/11\/DSC_2670-1536x1017.jpg 1536w, https:\/\/legacy.dia.edu.az\/wp-content\/uploads\/2021\/11\/DSC_2670-2048x1356.jpg 2048w, https:\/\/legacy.dia.edu.az\/wp-content\/uploads\/2021\/11\/DSC_2670-16x12.jpg 16w, https:\/\/legacy.dia.edu.az\/wp-content\/uploads\/2021\/11\/DSC_2670-150x100.jpg 150w\" sizes=\"(max-width: 450px) 100vw, 450px\" \/>\t\t\t\t\t\t\t\t\t\t\t\t\t\t<\/div>\n\t\t\t\t\t\t<\/div>\n\t\t\t\t<\/div>\n\t\t\t\t\t\t<\/div>\n\t\t\t\t\t<\/div>\n\t\t<\/div>\n\t\t\t\t\t\t\t\t<\/div>\n\t\t\t\t\t<\/div>\n\t\t<\/section>\n\t\t\t\t\t\t<\/div>\n\t\t\t\t\t\t<\/div>\n\t\t\t\t\t<\/div>","protected":false},"excerpt":{"rendered":"<p>D\u00f6vl\u0259t \u0130dar\u0259\u00e7ilik Akademiyas\u0131nda \u201cQaraba\u011fa qay\u0131d\u0131\u015f: V\u0259t\u0259n m\u00fcharib\u0259sind\u0259n Z\u0259f\u0259r\u0259d\u0259k \u015f\u0259r\u0259fli yol\u201d adl\u0131 t\u0259dbir ke\u00e7irilib Az\u0259rbaycan Respublikas\u0131n\u0131n Prezidenti yan\u0131nda D\u00f6vl\u0259t \u0130dar\u0259\u00e7ilik Akademiyas\u0131nda&nbsp; 8 Noyabr &#8211; Z\u0259f\u0259r G\u00fcn\u00fc il\u0259 \u0259laq\u0259dar \u201cQaraba\u011fa qay\u0131d\u0131\u015f: V\u0259t\u0259n m\u00fcharib\u0259sind\u0259n Z\u0259f\u0259r\u0259d\u0259k \u015f\u0259r\u0259fli yol\u201d adl\u0131 onlayn elmi konfrans ke\u00e7irilib. \u018fvv\u0259lc\u0259 \u015f\u0259hidl\u0259rin \u0259ziz xatir\u0259si an\u0131l\u0131b. Akademiyada \u015eu\u015fadan olan r\u0259ssam R\u00f6v\u015f\u0259n Bayramovun \u015eu\u015fan\u0131n 17 m\u0259h\u0259ll\u0259sini k\u0259tan \u00fcz\u0259rind\u0259 [&hellip;]<\/p>","protected":false},"author":2,"featured_media":15202,"comment_status":"closed","ping_status":"closed","sticky":false,"template":"","format":"standard","meta":[],"categories":[137],"tags":[],"_links":{"self":[{"href":"https:\/\/legacy.dia.edu.az\/en\/wp-json\/wp\/v2\/posts\/15192"}],"collection":[{"href":"https:\/\/legacy.dia.edu.az\/en\/wp-json\/wp\/v2\/posts"}],"about":[{"href":"https:\/\/legacy.dia.edu.az\/en\/wp-json\/wp\/v2\/types\/post"}],"author":[{"embeddable":true,"href":"https:\/\/legacy.dia.edu.az\/en\/wp-json\/wp\/v2\/users\/2"}],"replies":[{"embeddable":true,"href":"https:\/\/legacy.dia.edu.az\/en\/wp-json\/wp\/v2\/comments?post=15192"}],"version-history":[{"count":17,"href":"https:\/\/legacy.dia.edu.az\/en\/wp-json\/wp\/v2\/posts\/15192\/revisions"}],"predecessor-version":[{"id":15213,"href":"https:\/\/legacy.dia.edu.az\/en\/wp-json\/wp\/v2\/posts\/15192\/revisions\/15213"}],"wp:featuredmedia":[{"embeddable":true,"href":"https:\/\/legacy.dia.edu.az\/en\/wp-json\/wp\/v2\/media\/15202"}],"wp:attachment":[{"href":"https:\/\/legacy.dia.edu.az\/en\/wp-json\/wp\/v2\/media?parent=15192"}],"wp:term":[{"taxonomy":"category","embeddable":true,"href":"https:\/\/legacy.dia.edu.az\/en\/wp-json\/wp\/v2\/categories?post=15192"},{"taxonomy":"post_tag","embeddable":true,"href":"https:\/\/legacy.dia.edu.az\/en\/wp-json\/wp\/v2\/tags?post=15192"}],"curies":[{"name":"wp","href":"https:\/\/api.w.org\/{rel}","templated":true}]}}