{"id":14765,"date":"2021-10-06T18:07:03","date_gmt":"2021-10-06T15:07:03","guid":{"rendered":"https:\/\/dia.edu.az\/?p=14765"},"modified":"2021-10-06T18:12:01","modified_gmt":"2021-10-06T15:12:01","slug":"dovl%c9%99t-idar%c9%99cilik-akademiyasinin-rektoru-urxan-%c9%99l%c9%99kb%c9%99rov","status":"publish","type":"post","link":"https:\/\/legacy.dia.edu.az\/en\/arxivl\u0259r\/14765","title":{"rendered":"D\u00f6vl\u0259t \u0130dar\u0259\u00e7ilik Akademiyas\u0131n\u0131n rektoru Urxan \u018fl\u0259kb\u0259rov"},"content":{"rendered":"<div data-elementor-type=\"wp-post\" data-elementor-id=\"14765\" class=\"elementor elementor-14765\" data-elementor-settings=\"[]\">\n\t\t\t\t\t\t<div class=\"elementor-inner\">\n\t\t\t\t\t\t\t<div class=\"elementor-section-wrap\">\n\t\t\t\t\t\t\t<section class=\"elementor-section elementor-top-section elementor-element elementor-element-bfed25e elementor-section-boxed elementor-section-height-default elementor-section-height-default\" data-id=\"bfed25e\" data-element_type=\"section\">\n\t\t\t\t\t\t<div class=\"elementor-container elementor-column-gap-default\">\n\t\t\t\t\t\t\t<div class=\"elementor-row\">\n\t\t\t\t\t<div class=\"elementor-column elementor-col-100 elementor-top-column elementor-element elementor-element-2e02ac8e\" data-id=\"2e02ac8e\" data-element_type=\"column\">\n\t\t\t<div class=\"elementor-column-wrap elementor-element-populated\">\n\t\t\t\t\t\t\t<div class=\"elementor-widget-wrap\">\n\t\t\t\t\t\t<div class=\"elementor-element elementor-element-2a36b896 elementor-widget elementor-widget-text-editor\" data-id=\"2a36b896\" data-element_type=\"widget\" data-widget_type=\"text-editor.default\">\n\t\t\t\t<div class=\"elementor-widget-container\">\n\t\t\t\t\t\t\t\t<div class=\"elementor-text-editor elementor-clearfix\">\n\t\t\t\t\t<!-- wp:paragraph -->\n<p><strong>2021\\2022 <\/strong><strong>t\u0259dris ilind\u0259 D\u0130A-a q\u0259bul olan Prezident t\u0259qa\u00fcd\u00fcn\u0259 layiq g\u00f6r\u00fclm\u00fc\u015f t\u0259l\u0259b\u0259l\u0259rl\u0259 g\u00f6r\u00fc\u015f\u00fcb<\/strong><strong><\/strong><\/p>\n<!-- \/wp:paragraph -->\t\t\t\t\t<\/div>\n\t\t\t\t\t\t<\/div>\n\t\t\t\t<\/div>\n\t\t\t\t\t\t<\/div>\n\t\t\t\t\t<\/div>\n\t\t<\/div>\n\t\t\t\t\t\t\t\t<\/div>\n\t\t\t\t\t<\/div>\n\t\t<\/section>\n\t\t\t\t<section class=\"elementor-section elementor-top-section elementor-element elementor-element-e746f13 elementor-section-boxed elementor-section-height-default elementor-section-height-default\" data-id=\"e746f13\" data-element_type=\"section\">\n\t\t\t\t\t\t<div class=\"elementor-container elementor-column-gap-default\">\n\t\t\t\t\t\t\t<div class=\"elementor-row\">\n\t\t\t\t\t<div class=\"elementor-column elementor-col-100 elementor-top-column elementor-element elementor-element-976ecc3\" data-id=\"976ecc3\" data-element_type=\"column\">\n\t\t\t<div class=\"elementor-column-wrap elementor-element-populated\">\n\t\t\t\t\t\t\t<div class=\"elementor-widget-wrap\">\n\t\t\t\t\t\t<div class=\"elementor-element elementor-element-5ef2c74 elementor-widget elementor-widget-text-editor\" data-id=\"5ef2c74\" data-element_type=\"widget\" data-widget_type=\"text-editor.default\">\n\t\t\t\t<div class=\"elementor-widget-container\">\n\t\t\t\t\t\t\t\t<div class=\"elementor-text-editor elementor-clearfix\">\n\t\t\t\t\t<h1 style=\"text-align: center;\"><span style=\"color: #000080;\"><strong>D&ouml;vl\u0259t \u0130dar\u0259&ccedil;ilik Akademiyas\u0131n\u0131n rektoru Urxan \u018fl\u0259kb\u0259rov<\/strong><strong>2021\\2022 <\/strong><strong>t\u0259dris ilind\u0259 D\u0130A-a q\u0259bul olan Prezident t\u0259qa&uuml;d&uuml;n\u0259 layiq g&ouml;r&uuml;lm&uuml;\u015f t\u0259l\u0259b\u0259l\u0259rl\u0259 g&ouml;r&uuml;\u015f&uuml;b<\/strong><\/span><\/h1>\n<p style=\"text-align: justify;\">Sentyabr ay\u0131n\u0131n 5-d\u0259 Az\u0259rbaycan Respublikas\u0131n\u0131n Prezidenti yan\u0131nda D&ouml;vl\u0259t \u0130dar\u0259&ccedil;ilik Akademiyas\u0131n\u0131n rektoru, akademik Urxan \u018fl\u0259kb\u0259rov 2021\\2022 t\u0259dris ilind\u0259 D\u0130A-a q\u0259bul olan Prezident t\u0259qa&uuml;d&uuml;n\u0259 layiq g&ouml;r&uuml;lm&uuml;\u015f t\u0259l\u0259b\u0259l\u0259rl\u0259 g&ouml;r&uuml;\u015f&uuml;b.<\/p>\n<p style=\"text-align: justify;\">Rektor Prezident t\u0259qa&uuml;d&ccedil;&uuml;l\u0259rinin ali m\u0259kt\u0259b\u0259 olan mara\u011f\u0131n\u0131 v\u0259 g&ouml;zl\u0259ntil\u0259rini&nbsp; y&uuml;ks\u0259k qiym\u0259tl\u0259ndirib. Q\u0259bul imtahanlar\u0131nda y&uuml;ks\u0259k n\u0259tic\u0259 g&ouml;st\u0259rm\u0259l\u0259ri m&uuml;nasib\u0259til\u0259 t\u0259l\u0259b\u0259l\u0259ri t\u0259brik edib, onlara t\u0259hsill\u0259rind\u0259 u\u011furlar arzulay\u0131b.<\/p>\n<p style=\"text-align: justify;\">Eyni zamanda rektor Ulu &Ouml;nd\u0259r Heyd\u0259r \u018fliyevin misilsiz tarixi xidm\u0259tl\u0259rind\u0259n b\u0259hs edib, onun siyasi x\u0259ttinin Prezident \u0130lham \u018fliyev t\u0259r\u0259find\u0259n u\u011furla davam etdirildiyini diqq\u0259t\u0259 &ccedil;atd\u0131r\u0131b. Bildirib ki, m&uuml;st\u0259qilliyinin b\u0259rpas\u0131ndan ke&ccedil;\u0259n 30 il \u0259rzind\u0259 Az\u0259rbaycan Respublikas\u0131 u\u011furla inki\u015faf etmi\u015f v\u0259 tarixi bax\u0131mdan &ccedil;ox q\u0131sa zaman k\u0259siyind\u0259 &ouml;lk\u0259 b&uuml;t&uuml;n sah\u0259l\u0259rd\u0259 b&ouml;y&uuml;k u\u011furlar qazan\u0131b.<\/p>\n<p style=\"text-align: justify;\">T\u0259l\u0259b\u0259nin t\u0259klif v\u0259 t\u0259\u015f\u0259bb&uuml;s&uuml;n&uuml; dinl\u0259m\u0259y\u0259 h\u0259r zaman a&ccedil;\u0131q oldu\u011funu bildir\u0259n akademik U.\u018fl\u0259kb\u0259rov sonda Prezident t\u0259qa&uuml;d&ccedil;&uuml;l\u0259rinin fikirl\u0259rini dinl\u0259nyib, onlarla xatir\u0259 fotosu &ccedil;\u0259kdirib.<\/p>\n<p>&nbsp;<\/p>\t\t\t\t\t<\/div>\n\t\t\t\t\t\t<\/div>\n\t\t\t\t<\/div>\n\t\t\t\t\t\t<\/div>\n\t\t\t\t\t<\/div>\n\t\t<\/div>\n\t\t\t\t\t\t\t\t<\/div>\n\t\t\t\t\t<\/div>\n\t\t<\/section>\n\t\t\t\t\t\t<\/div>\n\t\t\t\t\t\t<\/div>\n\t\t\t\t\t<\/div>","protected":false},"excerpt":{"rendered":"<p>20212022 t\u0259dris ilind\u0259 D\u0130A-a q\u0259bul olan Prezident t\u0259qa\u00fcd\u00fcn\u0259 layiq g\u00f6r\u00fclm\u00fc\u015f t\u0259l\u0259b\u0259l\u0259rl\u0259 g\u00f6r\u00fc\u015f\u00fcb D\u00f6vl\u0259t \u0130dar\u0259\u00e7ilik Akademiyas\u0131n\u0131n rektoru Urxan \u018fl\u0259kb\u0259rov20212022 t\u0259dris ilind\u0259 D\u0130A-a q\u0259bul olan Prezident t\u0259qa\u00fcd\u00fcn\u0259 layiq g\u00f6r\u00fclm\u00fc\u015f t\u0259l\u0259b\u0259l\u0259rl\u0259 g\u00f6r\u00fc\u015f\u00fcb Sentyabr ay\u0131n\u0131n 5-d\u0259 Az\u0259rbaycan Respublikas\u0131n\u0131n Prezidenti yan\u0131nda D\u00f6vl\u0259t \u0130dar\u0259\u00e7ilik Akademiyas\u0131n\u0131n rektoru, akademik Urxan \u018fl\u0259kb\u0259rov 20212022 t\u0259dris ilind\u0259 D\u0130A-a q\u0259bul olan Prezident t\u0259qa\u00fcd\u00fcn\u0259 layiq g\u00f6r\u00fclm\u00fc\u015f t\u0259l\u0259b\u0259l\u0259rl\u0259 g\u00f6r\u00fc\u015f\u00fcb. [&hellip;]<\/p>","protected":false},"author":2,"featured_media":14769,"comment_status":"closed","ping_status":"closed","sticky":false,"template":"","format":"standard","meta":[],"categories":[137],"tags":[],"_links":{"self":[{"href":"https:\/\/legacy.dia.edu.az\/en\/wp-json\/wp\/v2\/posts\/14765"}],"collection":[{"href":"https:\/\/legacy.dia.edu.az\/en\/wp-json\/wp\/v2\/posts"}],"about":[{"href":"https:\/\/legacy.dia.edu.az\/en\/wp-json\/wp\/v2\/types\/post"}],"author":[{"embeddable":true,"href":"https:\/\/legacy.dia.edu.az\/en\/wp-json\/wp\/v2\/users\/2"}],"replies":[{"embeddable":true,"href":"https:\/\/legacy.dia.edu.az\/en\/wp-json\/wp\/v2\/comments?post=14765"}],"version-history":[{"count":4,"href":"https:\/\/legacy.dia.edu.az\/en\/wp-json\/wp\/v2\/posts\/14765\/revisions"}],"predecessor-version":[{"id":14771,"href":"https:\/\/legacy.dia.edu.az\/en\/wp-json\/wp\/v2\/posts\/14765\/revisions\/14771"}],"wp:featuredmedia":[{"embeddable":true,"href":"https:\/\/legacy.dia.edu.az\/en\/wp-json\/wp\/v2\/media\/14769"}],"wp:attachment":[{"href":"https:\/\/legacy.dia.edu.az\/en\/wp-json\/wp\/v2\/media?parent=14765"}],"wp:term":[{"taxonomy":"category","embeddable":true,"href":"https:\/\/legacy.dia.edu.az\/en\/wp-json\/wp\/v2\/categories?post=14765"},{"taxonomy":"post_tag","embeddable":true,"href":"https:\/\/legacy.dia.edu.az\/en\/wp-json\/wp\/v2\/tags?post=14765"}],"curies":[{"name":"wp","href":"https:\/\/api.w.org\/{rel}","templated":true}]}}