{"id":14699,"date":"2021-09-27T20:50:36","date_gmt":"2021-09-27T17:50:36","guid":{"rendered":"https:\/\/dia.edu.az\/?p=14699"},"modified":"2021-09-27T20:56:11","modified_gmt":"2021-09-27T17:56:11","slug":"dovl%c9%99t-idar%c9%99cilik-akademiyasinda-ikinci-qarabag-muharib%c9%99si-z%c9%99f%c9%99r%c9%99-ged%c9%99n-yolun-baslangici-adli-elmi-konfrans-kecirilmisdir","status":"publish","type":"post","link":"https:\/\/legacy.dia.edu.az\/en\/arxivl\u0259r\/14699","title":{"rendered":"D\u00f6vl\u0259t \u0130dar\u0259\u00e7ilik Akademiyas\u0131nda \u201c\u0130kinci Qaraba\u011f m\u00fcharib\u0259si-Z\u0259f\u0259r\u0259 ged\u0259n yolun ba\u015flan\u011f\u0131c\u0131\u201d adl\u0131 elmi konfrans ke\u00e7irilmi\u015fdir"},"content":{"rendered":"<div data-elementor-type=\"wp-post\" data-elementor-id=\"14699\" class=\"elementor elementor-14699\" data-elementor-settings=\"[]\">\n\t\t\t\t\t\t<div class=\"elementor-inner\">\n\t\t\t\t\t\t\t<div class=\"elementor-section-wrap\">\n\t\t\t\t\t\t\t<section class=\"elementor-section elementor-top-section elementor-element elementor-element-2fd476f elementor-section-boxed elementor-section-height-default elementor-section-height-default\" data-id=\"2fd476f\" data-element_type=\"section\">\n\t\t\t\t\t\t<div class=\"elementor-container elementor-column-gap-default\">\n\t\t\t\t\t\t\t<div class=\"elementor-row\">\n\t\t\t\t\t<div class=\"elementor-column elementor-col-100 elementor-top-column elementor-element elementor-element-f3b0feb\" data-id=\"f3b0feb\" data-element_type=\"column\">\n\t\t\t<div class=\"elementor-column-wrap elementor-element-populated\">\n\t\t\t\t\t\t\t<div class=\"elementor-widget-wrap\">\n\t\t\t\t\t\t<div class=\"elementor-element elementor-element-94b1ebc elementor-widget elementor-widget-text-editor\" data-id=\"94b1ebc\" data-element_type=\"widget\" data-widget_type=\"text-editor.default\">\n\t\t\t\t<div class=\"elementor-widget-container\">\n\t\t\t\t\t\t\t\t<div class=\"elementor-text-editor elementor-clearfix\">\n\t\t\t\t\t<h1 style=\"text-align: center;\"><span style=\"color: #000080;\"><strong>D&ouml;vl\u0259t \u0130dar\u0259&ccedil;ilik Akademiyas\u0131nda &ldquo;\u0130kinci Qaraba\u011f m&uuml;harib\u0259si-Z\u0259f\u0259r\u0259 ged\u0259n yolun ba\u015flan\u011f\u0131c\u0131&rdquo; adl\u0131 elmi konfrans ke&ccedil;irilmi\u015fdir<\/strong><\/span><\/h1>\n<p style=\"text-align: justify;\">Sentyabr\u0131n 27-d\u0259 Az\u0259rbaycan Respublikas\u0131n\u0131n Prezidenti yan\u0131nda D&ouml;vl\u0259t \u0130dar\u0259&ccedil;ilik Akademiyas\u0131nda&nbsp; \u015e\u0259hidl\u0259rin An\u0131m G&uuml;n&uuml;n\u0259 h\u0259sr olunmu\u015f &ldquo;\u0130kinci Qaraba\u011f m&uuml;harib\u0259si-Z\u0259f\u0259r\u0259 ged\u0259n yolun ba\u015flan\u011f\u0131c\u0131&rdquo; adl\u0131 elmi konfrans ke&ccedil;irilib.<\/p>\n<p style=\"text-align: justify;\">\u018fvv\u0259lc\u0259 respublikam\u0131z\u0131n \u0259razi b&uuml;t&ouml;vl&uuml;y&uuml; u\u011frunda \u015f\u0259hid olanlar\u0131n xatir\u0259si bir d\u0259qiq\u0259lik s&uuml;kutla yad olunub.<\/p>\n<p style=\"text-align: justify;\">Sonra elmi konfransda D\u0130A-n\u0131n rektoru, akademik Urxan \u018fl\u0259kb\u0259rov m&uuml;st\u0259qil d&ouml;vl\u0259timizin qurucusu &uuml;mummilli lider Heyd\u0259r \u018fliyevin tarixi xidm\u0259tl\u0259rini xat\u0131rlad\u0131b. Rektor qeyd edib ki, bu g&uuml;n dahi r\u0259hb\u0259r Heyd\u0259r \u018fliyev t\u0259r\u0259find\u0259n \u0259sas\u0131 qoyulmu\u015f v\u0259 Prezident \u0130lham \u018fliyevin u\u011furla inki\u015faf etdirdiyi innovativ idar\u0259etm\u0259 texnologiyalar\u0131n\u0131n n\u0259z\u0259ri \u0259saslar\u0131n\u0131n i\u015fl\u0259nilm\u0259si, onlar\u0131n t\u0259cr&uuml;b\u0259d\u0259 t\u0259tbiqi n\u0259tic\u0259sind\u0259 bir &ccedil;ox u\u011furlara imza at\u0131l\u0131b. U.\u018fl\u0259kb\u0259rov m&uuml;st\u0259qil Az\u0259rbaycan\u0131n u\u011furlu inki\u015faf\u0131n\u0131nda Az\u0259rbaycan Respublikas\u0131n\u0131n Birinci vitse-prezidenti Mehriban xan\u0131m \u018fliyevan\u0131n x&uuml;susi rolu oldu\u011funu qeyd etmi\u015fdir.<\/p>\n<p style=\"text-align: justify;\">Akademik 44 g&uuml;nl&uuml;k V\u0259t\u0259n m&uuml;harib\u0259sind\u0259n, M&uuml;z\u0259ff\u0259r Ali Ba\u015f Komandan \u0130lham \u018fliyevin r\u0259hb\u0259rliyi il\u0259 q&uuml;dr\u0259tli Az\u0259rbaycan Ordusunun d&uuml;\u015fm\u0259n &uuml;z\u0259rind\u0259 qazand\u0131\u011f\u0131 parlaq q\u0259l\u0259b\u0259d\u0259n s&ouml;z a&ccedil;\u0131b. \u0130kinci Qaraba\u011f m&uuml;harib\u0259sind\u0259 Az\u0259rbaycan ordusunun q\u0259hr\u0259manl\u0131\u011f\u0131n\u0131, m&uuml;barizliyini x&uuml;susi qeyd edib. Rektor Az\u0259rbaycan Ordusunun sentyabr\u0131n 27-d\u0259 i\u015f\u011fal&ccedil;\u0131 Erm\u0259nistan\u0131n t\u0259cav&uuml;z&uuml;n\u0259 qar\u015f\u0131 ba\u015flad\u0131\u011f\u0131 \u0259ks-h&uuml;cum \u0259m\u0259liyyatlar\u0131ndan v\u0259 qazand\u0131\u011f\u0131 m&ouml;ht\u0259\u015f\u0259m Q\u0259l\u0259b\u0259d\u0259n b\u0259hs ed\u0259r\u0259k bildirib ki, Q\u0259l\u0259b\u0259mizin ba\u015fl\u0131ca amili Prezident, Ali Ba\u015f Komandan \u0130lham \u018fliyevin uzun m&uuml;dd\u0259t \u0259rzind\u0259 h\u0259yata ke&ccedil;irdiyi g&uuml;cl&uuml; d&ouml;vl\u0259t, g&uuml;cl&uuml; xalq v\u0259 g&uuml;cl&uuml; ordu strategiyas\u0131 olmu\u015fdur.<\/p>\n<p style=\"text-align: justify;\">Daha sonra Elmi-praktik konfransda &ccedil;\u0131x\u0131\u015f ed\u0259n Milli M\u0259clisin deputat\u0131 D&ouml;vl\u0259t \u0130dar\u0259&ccedil;ilik Akademiyas\u0131 &ldquo;D&ouml;vl\u0259t qullu\u011fu v\u0259 kard siyas\u0259ti&rdquo; kafedras\u0131n\u0131n dosenti Ayd\u0131n Mirz\u0259zad\u0259, D&ouml;vl\u0259t \u0130dar\u0259&ccedil;ilik Akademiyas\u0131 &ldquo;Politologiya v\u0259 siyasi idar\u0259etm\u0259&rdquo; kafedras\u0131n\u0131n dosenti C\u0259lil X\u0259lilov, D&ouml;vl\u0259t \u0130dar\u0259&ccedil;ilik Akademiyas\u0131 Siyasi idar\u0259etm\u0259 fak&uuml;lt\u0259sinin dekan\u0131, professor El&ccedil;in \u018fhm\u0259dov &nbsp;v\u0259 dig\u0259r m\u0259ruz\u0259&ccedil;il\u0259r M&uuml;z\u0259ff\u0259r Ali Ba\u015f Komandan\u0131n r\u0259hb\u0259rliyi il\u0259 r\u0259\u015fad\u0259tli Ordumuzun qazand\u0131\u011f\u0131 \u015fanl\u0131 q\u0259l\u0259b\u0259nin tarixi \u0259h\u0259miyy\u0259ti, qalib Az\u0259rbaycan xalq\u0131n\u0131n q\u0259l\u0259b\u0259d\u0259 rolu, d&ouml;y&uuml;\u015f i\u015ftirak&ccedil;\u0131lar\u0131n\u0131n igidlik v\u0259 q\u0259hr\u0259manl\u0131q n&uuml;mun\u0259l\u0259ri haqq\u0131nda \u0259trafl\u0131 fikir v\u0259 m&uuml;lahiz\u0259l\u0259rini b&ouml;l&uuml;\u015fm&uuml;\u015f, \u015f\u0259hidl\u0259rimizin xatir\u0259l\u0259rinin yadda\u015flarda \u0259b\u0259di ya\u015fayaca\u011f\u0131n\u0131 qeyd etmi\u015fl\u0259r.<\/p>\n<p>&nbsp;<\/p>\t\t\t\t\t<\/div>\n\t\t\t\t\t\t<\/div>\n\t\t\t\t<\/div>\n\t\t\t\t\t\t<\/div>\n\t\t\t\t\t<\/div>\n\t\t<\/div>\n\t\t\t\t\t\t\t\t<\/div>\n\t\t\t\t\t<\/div>\n\t\t<\/section>\n\t\t\t\t<section class=\"elementor-section elementor-top-section elementor-element elementor-element-836f6db elementor-section-boxed elementor-section-height-default elementor-section-height-default\" data-id=\"836f6db\" data-element_type=\"section\">\n\t\t\t\t\t\t<div class=\"elementor-container elementor-column-gap-default\">\n\t\t\t\t\t\t\t<div class=\"elementor-row\">\n\t\t\t\t\t<div class=\"elementor-column elementor-col-100 elementor-top-column elementor-element elementor-element-96ba232\" data-id=\"96ba232\" data-element_type=\"column\">\n\t\t\t<div class=\"elementor-column-wrap elementor-element-populated\">\n\t\t\t\t\t\t\t<div class=\"elementor-widget-wrap\">\n\t\t\t\t\t\t<div class=\"elementor-element elementor-element-2782ee6 elementor-widget elementor-widget-image\" data-id=\"2782ee6\" data-element_type=\"widget\" data-widget_type=\"image.default\">\n\t\t\t\t<div class=\"elementor-widget-container\">\n\t\t\t\t\t\t\t\t<div class=\"elementor-image\">\n\t\t\t\t\t\t\t\t\t\t\t\t<img width=\"450\" height=\"280\" src=\"https:\/\/legacy.dia.edu.az\/wp-content\/uploads\/2021\/09\/foto-1-450x280.png\" class=\"attachment-large size-large\" alt=\"\" srcset=\"https:\/\/legacy.dia.edu.az\/wp-content\/uploads\/2021\/09\/foto-1-450x280.png 450w, https:\/\/legacy.dia.edu.az\/wp-content\/uploads\/2021\/09\/foto-1-200x125.png 200w, https:\/\/legacy.dia.edu.az\/wp-content\/uploads\/2021\/09\/foto-1-768x478.png 768w, https:\/\/legacy.dia.edu.az\/wp-content\/uploads\/2021\/09\/foto-1-16x10.png 16w, https:\/\/legacy.dia.edu.az\/wp-content\/uploads\/2021\/09\/foto-1.png 1005w\" sizes=\"(max-width: 450px) 100vw, 450px\" \/>\t\t\t\t\t\t\t\t\t\t\t\t\t\t<\/div>\n\t\t\t\t\t\t<\/div>\n\t\t\t\t<\/div>\n\t\t\t\t\t\t<\/div>\n\t\t\t\t\t<\/div>\n\t\t<\/div>\n\t\t\t\t\t\t\t\t<\/div>\n\t\t\t\t\t<\/div>\n\t\t<\/section>\n\t\t\t\t\t\t<\/div>\n\t\t\t\t\t\t<\/div>\n\t\t\t\t\t<\/div>","protected":false},"excerpt":{"rendered":"<p>D\u00f6vl\u0259t \u0130dar\u0259\u00e7ilik Akademiyas\u0131nda \u201c\u0130kinci Qaraba\u011f m\u00fcharib\u0259si-Z\u0259f\u0259r\u0259 ged\u0259n yolun ba\u015flan\u011f\u0131c\u0131\u201d adl\u0131 elmi konfrans ke\u00e7irilmi\u015fdir Sentyabr\u0131n 27-d\u0259 Az\u0259rbaycan Respublikas\u0131n\u0131n Prezidenti yan\u0131nda D\u00f6vl\u0259t \u0130dar\u0259\u00e7ilik Akademiyas\u0131nda&nbsp; \u015e\u0259hidl\u0259rin An\u0131m G\u00fcn\u00fcn\u0259 h\u0259sr olunmu\u015f \u201c\u0130kinci Qaraba\u011f m\u00fcharib\u0259si-Z\u0259f\u0259r\u0259 ged\u0259n yolun ba\u015flan\u011f\u0131c\u0131\u201d adl\u0131 elmi konfrans ke\u00e7irilib. \u018fvv\u0259lc\u0259 respublikam\u0131z\u0131n \u0259razi b\u00fct\u00f6vl\u00fcy\u00fc u\u011frunda \u015f\u0259hid olanlar\u0131n xatir\u0259si bir d\u0259qiq\u0259lik s\u00fckutla yad olunub. Sonra elmi konfransda D\u0130A-n\u0131n rektoru, [&hellip;]<\/p>","protected":false},"author":2,"featured_media":14704,"comment_status":"closed","ping_status":"closed","sticky":false,"template":"","format":"standard","meta":[],"categories":[137],"tags":[],"_links":{"self":[{"href":"https:\/\/legacy.dia.edu.az\/en\/wp-json\/wp\/v2\/posts\/14699"}],"collection":[{"href":"https:\/\/legacy.dia.edu.az\/en\/wp-json\/wp\/v2\/posts"}],"about":[{"href":"https:\/\/legacy.dia.edu.az\/en\/wp-json\/wp\/v2\/types\/post"}],"author":[{"embeddable":true,"href":"https:\/\/legacy.dia.edu.az\/en\/wp-json\/wp\/v2\/users\/2"}],"replies":[{"embeddable":true,"href":"https:\/\/legacy.dia.edu.az\/en\/wp-json\/wp\/v2\/comments?post=14699"}],"version-history":[{"count":7,"href":"https:\/\/legacy.dia.edu.az\/en\/wp-json\/wp\/v2\/posts\/14699\/revisions"}],"predecessor-version":[{"id":14708,"href":"https:\/\/legacy.dia.edu.az\/en\/wp-json\/wp\/v2\/posts\/14699\/revisions\/14708"}],"wp:featuredmedia":[{"embeddable":true,"href":"https:\/\/legacy.dia.edu.az\/en\/wp-json\/wp\/v2\/media\/14704"}],"wp:attachment":[{"href":"https:\/\/legacy.dia.edu.az\/en\/wp-json\/wp\/v2\/media?parent=14699"}],"wp:term":[{"taxonomy":"category","embeddable":true,"href":"https:\/\/legacy.dia.edu.az\/en\/wp-json\/wp\/v2\/categories?post=14699"},{"taxonomy":"post_tag","embeddable":true,"href":"https:\/\/legacy.dia.edu.az\/en\/wp-json\/wp\/v2\/tags?post=14699"}],"curies":[{"name":"wp","href":"https:\/\/api.w.org\/{rel}","templated":true}]}}