{"id":14570,"date":"2021-09-18T14:06:29","date_gmt":"2021-09-18T11:06:29","guid":{"rendered":"https:\/\/dia.edu.az\/?p=14570"},"modified":"2021-11-11T18:32:29","modified_gmt":"2021-11-11T15:32:29","slug":"dovl%c9%99t-idar%c9%99cilik-akademiyasi","status":"publish","type":"post","link":"https:\/\/legacy.dia.edu.az\/en\/arxivl\u0259r\/14570","title":{"rendered":"D\u00f6vl\u0259t \u0130dar\u0259\u00e7ilik Akademiyas\u0131 \u201cV\u0259t\u0259nda\u015f m\u0259mnunlu\u011funun t\u0259min olunmas\u0131n\u0131n m\u00fcasir texnologiyalar\u0131\u201d layih\u0259si \u00fczr\u0259 n\u00f6vb\u0259ti t\u0259lim ke\u00e7irib"},"content":{"rendered":"<p style=\"text-align: center;\"><strong>D\u00f6vl\u0259t \u0130dar\u0259\u00e7ilik Akademiyas\u0131<\/strong><\/p>\n<p style=\"text-align: center;\"><strong>\u201cV\u0259t\u0259nda\u015f m\u0259mnunlu\u011funun t\u0259min olunmas\u0131n\u0131n m\u00fcasir texnologiyalar\u0131\u201d<\/strong><\/p>\n<p style=\"text-align: center;\"><strong>layih\u0259si \u00fczr\u0259 n\u00f6vb\u0259ti t\u0259lim ke\u00e7irib<\/strong><\/p>\n<p style=\"text-align: justify;\">Az\u0259rbaycan Respublikas\u0131n\u0131n Prezidentinin m\u00fcvafiq S\u0259r\u0259ncam\u0131 il\u0259 t\u0259sdiq edilmi\u015f \u201cAz\u0259rbaycan Respublikas\u0131nda d\u00f6vl\u0259t qullu\u011funun inki\u015faf\u0131na dair 2019-2025-ci ill\u0259r \u00fc\u00e7\u00fcn Strategiya\u201d n\u0131n F\u0259aliyy\u0259t Plan\u0131nda d\u00f6vl\u0259t qullu\u011fu sisteminin inki\u015faf etdirilm\u0259si m\u0259qs\u0259dil\u0259 m\u00fcvafiq t\u0259dbirl\u0259rin h\u0259yata ke\u00e7irilm\u0259si n\u0259z\u0259rd\u0259 tutulmu\u015fdur. Bununla \u0259laq\u0259dar F\u0259aliyy\u0259t Plan\u0131nda g\u00f6st\u0259ril\u0259n prioritet istiqam\u0259tl\u0259rind\u0259n biri kimi r\u0259hb\u0259r v\u0259zif\u0259li v\u0259 d\u00f6vl\u0259t qullu\u011funa yeni q\u0259bul olunan \u015f\u0259xsl\u0259rin etik davran\u0131\u015f qaydalar\u0131 sah\u0259sind\u0259 bilik v\u0259 bacar\u0131qlar\u0131n inki\u015faf etdirilm\u0259si m\u0259qs\u0259di il\u0259 Az\u0259rbaycan Respublikas\u0131n\u0131n Prezidenti yan\u0131nda D\u00f6vl\u0259t \u0130dar\u0259\u00e7ilik Akademiyas\u0131 \u201cASAN\u201d Xidm\u0259t m\u0259rk\u0259zl\u0259rinin \u0259m\u0259kda\u015flar\u0131 \u00fc\u00e7\u00fcn yeni t\u0259dris ilind\u0259 t\u0259lim ke\u00e7irib.<\/p>\n<p style=\"text-align: justify;\">T\u0259lim Az\u0259rbaycan Respublikas\u0131n\u0131n Prezidenti yan\u0131nda D\u00f6vl\u0259t \u0130dar\u0259\u00e7ilik Akademiyas\u0131 v\u0259 Az\u0259rbaycan Respublikas\u0131n\u0131n Prezidenti yan\u0131nda V\u0259t\u0259nda\u015flara Xidm\u0259t&nbsp; v\u0259 Sosial \u0130nnovasiyalar \u00fczr\u0259 D\u00f6vl\u0259t Agentliyi (Asan\u201d Xidm\u0259t) il\u0259 \u018fm\u0259kda\u015fl\u0131q Memorandumu \u00e7\u0259r\u00e7iv\u0259sind\u0259 h\u0259yata ke\u00e7irilir.<\/p>\n<p style=\"text-align: justify;\">Cari ild\u0259d\u0259 \u201cASAN\u201d Xidm\u0259t m\u0259rk\u0259zl\u0259rinin \u0259m\u0259kda\u015flar\u0131 \u00fc\u00e7\u00fcn \u201cV\u0259t\u0259nda\u015f m\u0259mnunlu\u011funun t\u0259min olunmas\u0131n\u0131n m\u00fcasir texnologiyalar\u0131\u201d m\u00f6vzusunda t\u0259liml\u0259rin davam etdirilm\u0259si t\u0259sdiql\u0259nib. \u0130lk t\u0259lim 16 sentyabr 2021-ci il tarixind\u0259 ke\u00e7irilib.<\/p>\n<p style=\"text-align: justify;\">T\u0259limd\u0259 \u201cAz\u0259rbaycan Respublikas\u0131n\u0131n milli prioritetl\u0259ri: planla\u015fd\u0131rma v\u0259 idar\u0259etm\u0259\u201d adl\u0131 ilk m\u00fchazir\u0259ni Az\u0259rbaycan Respublikas\u0131n\u0131n Prezidenti yan\u0131nda D\u00f6vl\u0259t \u0130dar\u0259\u00e7ilik Akademiyas\u0131n\u0131n rektoru akademik Urxan \u018fl\u0259kb\u0259rov t\u0259qdim edib.<\/p>\n<p style=\"text-align: justify;\">Daha sonra D\u00f6vl\u0259t \u0130dar\u0259\u00e7ilik Akademiyas\u0131n\u0131n \u201cD\u00f6vl\u0259t qullu\u011fu v\u0259 kadr siyas\u0259ti\u201d kadefras\u0131n\u0131n m\u00fc\u0259llimi Anar H\u0259s\u0259novun \u201cV\u0259t\u0259nda\u015f m\u0259mnuniyy\u0259tinin t\u0259min edilm\u0259sind\u0259 xidm\u0259t m\u0259d\u0259niyy\u0259tinin rolu\u201d, \u201cV\u0259t\u0259nda\u015f-m\u0259mur m\u00fcnasib\u0259tl\u0259rind\u0259 \u00fcnsiyy\u0259t bacar\u0131qlar\u0131\u201d adl\u0131 m\u00fchazir\u0259si dinl\u0259nildi.<\/p>\n<p style=\"text-align: justify;\">&nbsp;T\u0259liml\u0259r ilin sonunad\u0259k davam ed\u0259c\u0259k v\u0259 t\u0259limi u\u011furla bitir\u0259n i\u015ftirak\u00e7\u0131lara sertifikatlar t\u0259qdim edil\u0259c\u0259k.<\/p>\n<p>&nbsp;<\/p>\n<p>&nbsp;<\/p>\n<p>&nbsp;<\/p>\n<p>&nbsp;<\/p>\n<p>&nbsp;&nbsp;&nbsp;&nbsp;&nbsp;&nbsp;&nbsp;&nbsp;&nbsp;&nbsp;&nbsp;&nbsp;&nbsp;&nbsp;&nbsp;<\/p>","protected":false},"excerpt":{"rendered":"<p>D\u00f6vl\u0259t \u0130dar\u0259\u00e7ilik Akademiyas\u0131 \u201cV\u0259t\u0259nda\u015f m\u0259mnunlu\u011funun t\u0259min olunmas\u0131n\u0131n m\u00fcasir texnologiyalar\u0131\u201d layih\u0259si \u00fczr\u0259 n\u00f6vb\u0259ti t\u0259lim ke\u00e7irib Az\u0259rbaycan Respublikas\u0131n\u0131n Prezidentinin m\u00fcvafiq S\u0259r\u0259ncam\u0131 il\u0259 t\u0259sdiq edilmi\u015f \u201cAz\u0259rbaycan Respublikas\u0131nda d\u00f6vl\u0259t qullu\u011funun inki\u015faf\u0131na dair 2019-2025-ci ill\u0259r \u00fc\u00e7\u00fcn Strategiya\u201d n\u0131n F\u0259aliyy\u0259t Plan\u0131nda d\u00f6vl\u0259t qullu\u011fu sisteminin inki\u015faf etdirilm\u0259si m\u0259qs\u0259dil\u0259 m\u00fcvafiq t\u0259dbirl\u0259rin h\u0259yata ke\u00e7irilm\u0259si n\u0259z\u0259rd\u0259 tutulmu\u015fdur. Bununla \u0259laq\u0259dar F\u0259aliyy\u0259t Plan\u0131nda g\u00f6st\u0259ril\u0259n prioritet istiqam\u0259tl\u0259rind\u0259n biri [&hellip;]<\/p>","protected":false},"author":2,"featured_media":0,"comment_status":"closed","ping_status":"closed","sticky":false,"template":"","format":"standard","meta":[],"categories":[137],"tags":[],"_links":{"self":[{"href":"https:\/\/legacy.dia.edu.az\/en\/wp-json\/wp\/v2\/posts\/14570"}],"collection":[{"href":"https:\/\/legacy.dia.edu.az\/en\/wp-json\/wp\/v2\/posts"}],"about":[{"href":"https:\/\/legacy.dia.edu.az\/en\/wp-json\/wp\/v2\/types\/post"}],"author":[{"embeddable":true,"href":"https:\/\/legacy.dia.edu.az\/en\/wp-json\/wp\/v2\/users\/2"}],"replies":[{"embeddable":true,"href":"https:\/\/legacy.dia.edu.az\/en\/wp-json\/wp\/v2\/comments?post=14570"}],"version-history":[{"count":2,"href":"https:\/\/legacy.dia.edu.az\/en\/wp-json\/wp\/v2\/posts\/14570\/revisions"}],"predecessor-version":[{"id":14631,"href":"https:\/\/legacy.dia.edu.az\/en\/wp-json\/wp\/v2\/posts\/14570\/revisions\/14631"}],"wp:attachment":[{"href":"https:\/\/legacy.dia.edu.az\/en\/wp-json\/wp\/v2\/media?parent=14570"}],"wp:term":[{"taxonomy":"category","embeddable":true,"href":"https:\/\/legacy.dia.edu.az\/en\/wp-json\/wp\/v2\/categories?post=14570"},{"taxonomy":"post_tag","embeddable":true,"href":"https:\/\/legacy.dia.edu.az\/en\/wp-json\/wp\/v2\/tags?post=14570"}],"curies":[{"name":"wp","href":"https:\/\/api.w.org\/{rel}","templated":true}]}}