{"id":14230,"date":"2021-06-06T22:05:13","date_gmt":"2021-06-06T19:05:13","guid":{"rendered":"https:\/\/dia.edu.az\/?p=14230"},"modified":"2021-06-06T22:10:46","modified_gmt":"2021-06-06T19:10:46","slug":"dovl%c9%99t-idar%c9%99cilik-akademiyasinda-postpandemiya-iqtisadiyyati-realliqlar-v%c9%99-proqnozlar-adli-konfransi-kecirilib","status":"publish","type":"post","link":"https:\/\/legacy.dia.edu.az\/en\/arxivl\u0259r\/14230","title":{"rendered":"D\u00f6vl\u0259t \u0130dar\u0259\u00e7ilik Akademiyas\u0131nda \u201cPostpandemiya iqtisadiyyat\u0131: reall\u0131qlar v\u0259 proqnozlar\u201d adl\u0131 konfransi ke\u00e7irilib"},"content":{"rendered":"<div data-elementor-type=\"wp-post\" data-elementor-id=\"14230\" class=\"elementor elementor-14230\" data-elementor-settings=\"[]\">\n\t\t\t\t\t\t<div class=\"elementor-inner\">\n\t\t\t\t\t\t\t<div class=\"elementor-section-wrap\">\n\t\t\t\t\t\t\t<section class=\"elementor-section elementor-top-section elementor-element elementor-element-606a9e6 elementor-section-boxed elementor-section-height-default elementor-section-height-default\" data-id=\"606a9e6\" data-element_type=\"section\">\n\t\t\t\t\t\t<div class=\"elementor-container elementor-column-gap-default\">\n\t\t\t\t\t\t\t<div class=\"elementor-row\">\n\t\t\t\t\t<div class=\"elementor-column elementor-col-100 elementor-top-column elementor-element elementor-element-a1a7c9d\" data-id=\"a1a7c9d\" data-element_type=\"column\">\n\t\t\t<div class=\"elementor-column-wrap elementor-element-populated\">\n\t\t\t\t\t\t\t<div class=\"elementor-widget-wrap\">\n\t\t\t\t\t\t<div class=\"elementor-element elementor-element-1e3a6f2 elementor-widget elementor-widget-text-editor\" data-id=\"1e3a6f2\" data-element_type=\"widget\" data-widget_type=\"text-editor.default\">\n\t\t\t\t<div class=\"elementor-widget-container\">\n\t\t\t\t\t\t\t\t<div class=\"elementor-text-editor elementor-clearfix\">\n\t\t\t\t\t<p style=\"text-align: center;\"><strong>D&ouml;vl\u0259t \u0130dar\u0259&ccedil;ilik Akademiyas\u0131nda <\/strong><strong>&ldquo;Postpandemiya iqtisadiyyat\u0131: reall\u0131qlar v\u0259 proqnozlar&rdquo; adl\u0131 konfransi ke&ccedil;irilib<\/strong><\/p>\n<p style=\"text-align: justify;\">\u0130yunun 3-d\u0259 Az\u0259rbaycan Respublikas\u0131n\u0131n Prezidenti yan\u0131nda D&ouml;vl\u0259t \u0130dar\u0259&ccedil;ilik Akademiyas\u0131nda &ldquo;Post Pandemiya iqtisadiyyat\u0131: reall\u0131qlar v\u0259 proqnozlar&rdquo; m&ouml;vzusunda onlayn elmi konfrans ke&ccedil;irilib.<\/p>\n<p style=\"text-align: justify;\">Konfransda m\u0259ruz\u0259 il\u0259 &ccedil;\u0131x\u0131\u015f ed\u0259n D&ouml;vl\u0259t \u0130dar\u0259&ccedil;ilik Akademiyas\u0131n\u0131n rektoru, akademik Urxan \u018fl\u0259kb\u0259rov Ulu &Ouml;nd\u0259rin siyasi x\u0259ttinin Prezident \u0130lham \u018fliyev t\u0259r\u0259find\u0259n u\u011furla davam etdirildiyini diqq\u0259t\u0259 &ccedil;atd\u0131r\u0131b. Bildirib ki, d&ouml;vl\u0259t m&uuml;st\u0259qilliyinin b\u0259rpas\u0131ndan ke&ccedil;\u0259n 29 il \u0259rzind\u0259 Az\u0259rbaycan Respublikas\u0131 u\u011furla inki\u015faf edib v\u0259 tarixi bax\u0131mdan &ccedil;ox q\u0131sa zaman k\u0259siyind\u0259 &ouml;lk\u0259 b&uuml;t&uuml;n sah\u0259l\u0259rd\u0259 b&ouml;y&uuml;k u\u011furlar qazan\u0131b. Akademik U.\u018fl\u0259kb\u0259rov &ouml;lk\u0259mizin inkl&uuml;ziv inki\u015faf sah\u0259sind\u0259 d\u0259 d&uuml;nyada y&uuml;ks\u0259k m&ouml;vqe qazand\u0131\u011f\u0131n\u0131 xat\u0131rlad\u0131b. Son 15 ild\u0259 &ouml;lk\u0259d\u0259 adamba\u015f\u0131na d&uuml;\u015f\u0259n g\u0259lirl\u0259rin artmas\u0131, iqtisadi dir&ccedil;\u0259li\u015f\u0259 nail olunmas\u0131 d&ouml;vl\u0259t s\u0259viyy\u0259sind\u0259 elm, t\u0259hsil v\u0259 s\u0259hiyy\u0259nin inki\u015faf\u0131 &uuml;&ccedil;&uuml;n geni\u015f \u015f\u0259rait yarad\u0131b. T\u0259hlill\u0259r g&ouml;st\u0259rir ki, Az\u0259rbaycan Respublikas\u0131nda qazan\u0131lan u\u011furlar\u0131n \u0259sas\u0131nda Prezident \u0130lham \u018fliyev t\u0259r\u0259find\u0259n i\u015fl\u0259nilmi\u015f, n\u0259z\u0259ri \u0259saslar\u0131 v\u0259 t\u0259tbiq &uuml;sullar\u0131 yeni olan idar\u0259etm\u0259 texnologiyalar\u0131 kompleksi dayan\u0131r.<\/p>\n<p>Rektor qazan\u0131lan u\u011furlar\u0131n \u0259sas\u0131nda Prezident \u0130lham \u018fliyevin d\u0259rin d&uuml;\u015f&uuml;n&uuml;lm&uuml;\u015f innovativ inki\u015faf siyas\u0259tinin dayand\u0131\u011f\u0131n\u0131 vur\u011fulay\u0131b.&nbsp;<\/p>\n<p style=\"text-align: justify;\">Daha sonra D&ouml;vl\u0259t \u0130dar\u0259&ccedil;ilik Akademiyas\u0131 &ldquo;D&ouml;vl\u0259t idar\u0259etm\u0259si v\u0259 menecment&rdquo; kafedras\u0131n\u0131n m&uuml;diri, iqtisad elml\u0259ri doktoru&nbsp; professor X.H&uuml;seynova,&nbsp; D&ouml;vl\u0259t \u0130dar\u0259&ccedil;ilik Akademiyas\u0131n\u0131n &ldquo;T\u0259dris-metodiki v\u0259 analitika&nbsp;&nbsp;\u015f&ouml;b\u0259sinin m&uuml;diri&rdquo; professor&nbsp;Z. H\u0259bibova, Az\u0259rbaycan Texnologiya Universitetinin dekan\u0131 dosent N.Hac\u0131yeva, D&ouml;vl\u0259t \u0130dar\u0259&ccedil;ilik Akademiyas\u0131n\u0131n &ldquo;D&ouml;vl\u0259t idar\u0259&ccedil;iliyind\u0259 informasiya texnologiyalar\u0131 kafedras\u0131n\u0131n&rdquo; m&uuml;diri dosent, E. Abasov, dr Ali B.Kutvan v\u0259 dig\u0259rl\u0259ri &ccedil;\u0131x\u0131\u015f edibl\u0259r.<\/p>\n<p style=\"text-align: justify;\">Konfrans\u0131n i\u015find\u0259 Az\u0259rbaycan Respublikas\u0131 Milli M\u0259clisi, Bak\u0131 D&ouml;vl\u0259t Universiteti, Az\u0259rbaycan Texnologiya Universiteti (UTECA), Az\u0259rbaycan D&ouml;vl\u0259t Neft v\u0259 S\u0259naye Universiteti, Az\u0259rbaycan D&ouml;vl\u0259t Aqrar Universiteti, Bitki&nbsp;M&uuml;hafiz\u0259&nbsp;v\u0259Texniki Bitkil\u0259r&nbsp;Elmi T\u0259dqiqat \u0130nstitutu, Az\u0259rbaycan D&ouml;vl\u0259t \u0130qtisad Universiteti,&nbsp; Az\u0259rbaycan Texniki Universiteti, Q\u0259rbi Kaspi Universiteti, AMEA-n\u0131n \u0130qtisadiyyat v\u0259 Kataliz v\u0259 Qeyri &Uuml;zvi Kimya \u0130nstitutu, Az\u0259rbaycan D&ouml;vl\u0259t Pedaqoji Universitetinin n&uuml;may\u0259nd\u0259l\u0259ri i\u015ftirak edib. &nbsp;<\/p>\n<p style=\"text-align: justify;\">&nbsp;<\/p>\t\t\t\t\t<\/div>\n\t\t\t\t\t\t<\/div>\n\t\t\t\t<\/div>\n\t\t\t\t\t\t<\/div>\n\t\t\t\t\t<\/div>\n\t\t<\/div>\n\t\t\t\t\t\t\t\t<\/div>\n\t\t\t\t\t<\/div>\n\t\t<\/section>\n\t\t\t\t\t\t<\/div>\n\t\t\t\t\t\t<\/div>\n\t\t\t\t\t<\/div>","protected":false},"excerpt":{"rendered":"<p>D\u00f6vl\u0259t \u0130dar\u0259\u00e7ilik Akademiyas\u0131nda \u201cPostpandemiya iqtisadiyyat\u0131: reall\u0131qlar v\u0259 proqnozlar\u201d adl\u0131 konfransi ke\u00e7irilib \u0130yunun 3-d\u0259 Az\u0259rbaycan Respublikas\u0131n\u0131n Prezidenti yan\u0131nda D\u00f6vl\u0259t \u0130dar\u0259\u00e7ilik Akademiyas\u0131nda \u201cPost Pandemiya iqtisadiyyat\u0131: reall\u0131qlar v\u0259 proqnozlar\u201d m\u00f6vzusunda onlayn elmi konfrans ke\u00e7irilib. Konfransda m\u0259ruz\u0259 il\u0259 \u00e7\u0131x\u0131\u015f ed\u0259n D\u00f6vl\u0259t \u0130dar\u0259\u00e7ilik Akademiyas\u0131n\u0131n rektoru, akademik Urxan \u018fl\u0259kb\u0259rov Ulu \u00d6nd\u0259rin siyasi x\u0259ttinin Prezident \u0130lham \u018fliyev t\u0259r\u0259find\u0259n u\u011furla davam etdirildiyini diqq\u0259t\u0259 [&hellip;]<\/p>","protected":false},"author":2,"featured_media":14234,"comment_status":"closed","ping_status":"closed","sticky":false,"template":"","format":"standard","meta":[],"categories":[137],"tags":[],"_links":{"self":[{"href":"https:\/\/legacy.dia.edu.az\/en\/wp-json\/wp\/v2\/posts\/14230"}],"collection":[{"href":"https:\/\/legacy.dia.edu.az\/en\/wp-json\/wp\/v2\/posts"}],"about":[{"href":"https:\/\/legacy.dia.edu.az\/en\/wp-json\/wp\/v2\/types\/post"}],"author":[{"embeddable":true,"href":"https:\/\/legacy.dia.edu.az\/en\/wp-json\/wp\/v2\/users\/2"}],"replies":[{"embeddable":true,"href":"https:\/\/legacy.dia.edu.az\/en\/wp-json\/wp\/v2\/comments?post=14230"}],"version-history":[{"count":7,"href":"https:\/\/legacy.dia.edu.az\/en\/wp-json\/wp\/v2\/posts\/14230\/revisions"}],"predecessor-version":[{"id":14238,"href":"https:\/\/legacy.dia.edu.az\/en\/wp-json\/wp\/v2\/posts\/14230\/revisions\/14238"}],"wp:featuredmedia":[{"embeddable":true,"href":"https:\/\/legacy.dia.edu.az\/en\/wp-json\/wp\/v2\/media\/14234"}],"wp:attachment":[{"href":"https:\/\/legacy.dia.edu.az\/en\/wp-json\/wp\/v2\/media?parent=14230"}],"wp:term":[{"taxonomy":"category","embeddable":true,"href":"https:\/\/legacy.dia.edu.az\/en\/wp-json\/wp\/v2\/categories?post=14230"},{"taxonomy":"post_tag","embeddable":true,"href":"https:\/\/legacy.dia.edu.az\/en\/wp-json\/wp\/v2\/tags?post=14230"}],"curies":[{"name":"wp","href":"https:\/\/api.w.org\/{rel}","templated":true}]}}