{"id":14108,"date":"2021-05-26T14:14:00","date_gmt":"2021-05-26T11:14:00","guid":{"rendered":"https:\/\/dia.edu.az\/?p=14108"},"modified":"2021-05-26T14:43:12","modified_gmt":"2021-05-26T11:43:12","slug":"dovl%c9%99t-idar%c9%99cilik-akademiyasinda-onlayn-elmi-konfrans-kecirilib-2","status":"publish","type":"post","link":"https:\/\/legacy.dia.edu.az\/en\/arxivl\u0259r\/14108","title":{"rendered":"D\u00f6vl\u0259t \u0130dar\u0259\u00e7ilik Akademiyas\u0131nda onlayn elmi konfrans ke\u00e7irilib"},"content":{"rendered":"<div data-elementor-type=\"wp-post\" data-elementor-id=\"14108\" class=\"elementor elementor-14108\" data-elementor-settings=\"[]\">\n\t\t\t\t\t\t<div class=\"elementor-inner\">\n\t\t\t\t\t\t\t<div class=\"elementor-section-wrap\">\n\t\t\t\t\t\t\t<section class=\"elementor-section elementor-top-section elementor-element elementor-element-6c0ef37 elementor-section-boxed elementor-section-height-default elementor-section-height-default\" data-id=\"6c0ef37\" data-element_type=\"section\">\n\t\t\t\t\t\t<div class=\"elementor-container elementor-column-gap-default\">\n\t\t\t\t\t\t\t<div class=\"elementor-row\">\n\t\t\t\t\t<div class=\"elementor-column elementor-col-100 elementor-top-column elementor-element elementor-element-cd6979d\" data-id=\"cd6979d\" data-element_type=\"column\">\n\t\t\t<div class=\"elementor-column-wrap elementor-element-populated\">\n\t\t\t\t\t\t\t<div class=\"elementor-widget-wrap\">\n\t\t\t\t\t\t<div class=\"elementor-element elementor-element-26c3434 elementor-widget elementor-widget-text-editor\" data-id=\"26c3434\" data-element_type=\"widget\" data-widget_type=\"text-editor.default\">\n\t\t\t\t<div class=\"elementor-widget-container\">\n\t\t\t\t\t\t\t\t<div class=\"elementor-text-editor elementor-clearfix\">\n\t\t\t\t\t<p>May\u0131n 26-da Az\u0259rbaycan Respublikas\u0131n\u0131n Prezidenti yan\u0131nda D&ouml;vl\u0259t \u0130dar\u0259&ccedil;ilik Akademiyas\u0131nda (D\u0130A) Az\u0259rbaycan Xalq C&uuml;mhuriyy\u0259tinin 103 illiyin\u0259 h\u0259sr edilmi\u015f onlayn elmi konfrans\u0131 ke&ccedil;irilib.<\/p>\n<p>Onlayn konfrans\u0131n a&ccedil;\u0131l\u0131\u015f\u0131nda &ccedil;\u0131x\u0131\u015f ed\u0259n D\u0130A-n\u0131n rektoru, akademik Urxan \u018fl\u0259kb\u0259rov d&ouml;vl\u0259t&ccedil;ilik salnam\u0259mizin \u015f\u0259r\u0259fli tarixi olan Az\u0259rbaycan Xalq C&uuml;mhuriyy\u0259tinin yaranmas\u0131ndan, q\u0131sa zaman \u0259rzind\u0259 s&uuml;quta u\u011framas\u0131n\u0131n s\u0259b\u0259bl\u0259rind\u0259n dan\u0131\u015fm\u0131\u015f, m&uuml;st\u0259qilliyin b\u0259rpas\u0131 v\u0259 qorunub saxlan\u0131lmas\u0131 istiqam\u0259tind\u0259 azadl\u0131q m&uuml;cadil\u0259si yolunda apar\u0131lan m&uuml;bariz\u0259d\u0259 ba\u015f vermi\u015f hadis\u0259l\u0259ri xat\u0131rlad\u0131b. Rektor, C&uuml;mhuriyy\u0259tin XX \u0259srin \u0259vv\u0259ll\u0259rind\u0259 olduqca m&uuml;r\u0259kk\u0259b beyn\u0259lxalq \u015f\u0259raitd\u0259 yarand\u0131\u011f\u0131n\u0131 deyib v\u0259 m&uuml;s\u0259lman \u015e\u0259rqind\u0259 ilk demokratik respublikan\u0131n m\u0259hz Az\u0259rbaycanda yarad\u0131lmas\u0131n\u0131n \u0259h\u0259miyy\u0259tini vur\u011fulay\u0131b. Qeyd edib ki, tarixin \u0259n &ccedil;\u0259tin, \u0259n m&uuml;r\u0259kk\u0259b d&ouml;vr&uuml;nd\u0259 yaranan Az\u0259rbaycan Xalq C&uuml;mhuriyy\u0259ti demokratik \u0259n\u0259n\u0259l\u0259r\u0259 malik idi. C&uuml;mhuriyy\u0259tin yaranmas\u0131 tarixi bir hadis\u0259 idi. Az\u0259rbaycan Xalq C&uuml;mhuriyy\u0259ti d&uuml;nya tarixind\u0259 &ouml;z demokratikliyi il\u0259 se&ccedil;ilirdi. Rektor vur\u011fulay\u0131b ki, &uuml;mummilli lider Heyd\u0259r \u018fliyev Az\u0259rbaycan Xalq C&uuml;mhuriyy\u0259tinin tarixin\u0259, &ouml;lk\u0259mizl\u0259 ba\u011fl\u0131 h\u0259qiq\u0259tl\u0259rin &uuml;z\u0259 &ccedil;\u0131xar\u0131lmas\u0131na v\u0259 d&uuml;nyaya &ccedil;atd\u0131r\u0131lmas\u0131na h\u0259r zaman b&ouml;y&uuml;k diqq\u0259t yetirib. Prezident \u0130lham \u018fliyevin S\u0259r\u0259ncam\u0131 il\u0259 2018-ci ilin &ouml;lk\u0259mizd\u0259 &ldquo;Az\u0259rbaycan Xalq C&uuml;mhuriyy\u0259ti \u0130li&rdquo; elan edilm\u0259sini, bu sah\u0259nin elmi ara\u015fd\u0131r\u0131lmas\u0131 v\u0259&nbsp;cumhuriyy\u0259ti quran ayd\u0131nlar\u0131n\u0131n xatir\u0259l\u0259rinin \u0259b\u0259dil\u0259\u015fdirilm\u0259sin\u0259 olan diqq\u0259ti, xalq\u0131m\u0131z\u0131n h\u0259yat\u0131nda m&uuml;h&uuml;m hadis\u0259 kimi d\u0259y\u0259rl\u0259ndir\u0259n rektor vur\u011fulay\u0131b ki, bu, m&uuml;s\u0259lman \u015e\u0259rqind\u0259 ilk parlamentli respublika olan Az\u0259rbaycan Xalq C&uuml;mhuriyy\u0259tin\u0259 veril\u0259n tarixi y&uuml;ks\u0259k qiym\u0259tdir.<\/p>\n<p>Onlayn konfransda D&ouml;vl\u0259t \u0130dar\u0259&ccedil;ilik Akademiyas\u0131n\u0131n Tarix kafedras\u0131n\u0131n m&uuml;diri, dosent Firdovsiyy\u0259 \u018fhm\u0259dova &ldquo;AXC-nin qurulmas\u0131 v\u0259 iki illik d&ouml;vr&uuml;&rdquo;, H&uuml;quq kafedras\u0131n\u0131n m&uuml;diri professor \u0130saxan V\u0259liyev &ldquo;\u0130stiqlal B\u0259yannam\u0259si v\u0259 Az\u0259rbaycan Respublikas\u0131n\u0131n D&ouml;vl\u0259t m&uuml;st\u0259qilliyi haqq\u0131nda Konstitusiya Akt\u0131&rdquo; adl\u0131 m\u0259ruz\u0259 il\u0259 &ccedil;\u0131x\u0131\u015f edibl\u0259r. Natiql\u0259r 1918-ci il may\u0131n 28-d\u0259 yarad\u0131lm\u0131\u015f Az\u0259rbaycan Xalq C&uuml;mhuriyy\u0259tinin z\u0259ngin d&ouml;vl\u0259t quruculu\u011fu t\u0259cr&uuml;b\u0259si il\u0259 milli d&ouml;vl\u0259t&ccedil;ilik tariximizd\u0259 silinm\u0259z izl\u0259r qoydu\u011funu s&ouml;yl\u0259yibl\u0259r. Diqq\u0259t\u0259 &ccedil;atd\u0131r\u0131l\u0131b ki, C&uuml;mhuriyy\u0259t xalq\u0131n q\u0259lbind\u0259 azadl\u0131q v\u0259 istiqlal duy\u011fular\u0131n\u0131 g&uuml;cl\u0259ndirm\u0259kl\u0259 &ouml;lk\u0259mizin g\u0259l\u0259c\u0259k m&uuml;st\u0259qilliyi &uuml;&ccedil;&uuml;n etibarl\u0131 z\u0259min haz\u0131rlay\u0131b, m&uuml;s\u0259lman xalqlar\u0131na m&uuml;st\u0259ml\u0259k\u0259&ccedil;ilikd\u0259n xilas olma\u011f\u0131n yolunu g&ouml;st\u0259rib. 28 may&ndash;Respublika g&uuml;n&uuml;n&uuml;n qeyd olunmas\u0131n\u0131n vacibliyi, xalq\u0131m\u0131z\u0131n ke&ccedil;irdiyi bayramlar s\u0131ras\u0131nda bu g&uuml;n&uuml;n b&ouml;y&uuml;k &ouml;n\u0259m k\u0259sb etdiyini, azadl\u0131q m&uuml;cadil\u0259mizin tarixi \u015fahidi kimi unudulmaz bir s\u0259hif\u0259 oldu\u011funu qeyd edibl\u0259r.<\/p>\n<p>&nbsp;<\/p>\n\t\t\t\t\t<\/div>\n\t\t\t\t\t\t<\/div>\n\t\t\t\t<\/div>\n\t\t\t\t\t\t<\/div>\n\t\t\t\t\t<\/div>\n\t\t<\/div>\n\t\t\t\t\t\t\t\t<\/div>\n\t\t\t\t\t<\/div>\n\t\t<\/section>\n\t\t\t\t<section class=\"elementor-section elementor-top-section elementor-element elementor-element-7fd8487 elementor-section-boxed elementor-section-height-default elementor-section-height-default\" data-id=\"7fd8487\" data-element_type=\"section\">\n\t\t\t\t\t\t<div class=\"elementor-container elementor-column-gap-default\">\n\t\t\t\t\t\t\t<div class=\"elementor-row\">\n\t\t\t\t\t<div class=\"elementor-column elementor-col-100 elementor-top-column elementor-element elementor-element-ea04b82\" data-id=\"ea04b82\" data-element_type=\"column\">\n\t\t\t<div class=\"elementor-column-wrap\">\n\t\t\t\t\t\t\t<div class=\"elementor-widget-wrap\">\n\t\t\t\t\t\t\t\t<\/div>\n\t\t\t\t\t<\/div>\n\t\t<\/div>\n\t\t\t\t\t\t\t\t<\/div>\n\t\t\t\t\t<\/div>\n\t\t<\/section>\n\t\t\t\t\t\t<\/div>\n\t\t\t\t\t\t<\/div>\n\t\t\t\t\t<\/div>","protected":false},"excerpt":{"rendered":"<p>May\u0131n 26-da Az\u0259rbaycan Respublikas\u0131n\u0131n Prezidenti yan\u0131nda D&ouml;vl\u0259t \u0130dar\u0259&ccedil;ilik Akademiyas\u0131nda (D\u0130A) Az\u0259rbaycan Xalq C&uuml;mhuriyy\u0259tinin 103 illiyin\u0259 h\u0259sr edilmi\u015f onlayn elmi konfrans\u0131 ke&ccedil;irilib. Onlayn konfrans\u0131n a&ccedil;\u0131l\u0131\u015f\u0131nda &ccedil;\u0131x\u0131\u015f ed\u0259n D\u0130A-n\u0131n rektoru, akademik Urxan \u018fl\u0259kb\u0259rov d&ouml;vl\u0259t&ccedil;ilik salnam\u0259mizin \u015f\u0259r\u0259fli tarixi olan Az\u0259rbaycan Xalq C&uuml;mhuriyy\u0259tinin yaranmas\u0131ndan, q\u0131sa zaman \u0259rzind\u0259 s&uuml;quta u\u011framas\u0131n\u0131n s\u0259b\u0259bl\u0259rind\u0259n dan\u0131\u015fm\u0131\u015f, m&uuml;st\u0259qilliyin b\u0259rpas\u0131 v\u0259 qorunub saxlan\u0131lmas\u0131 istiqam\u0259tind\u0259 azadl\u0131q m&uuml;cadil\u0259si [&hellip;]<\/p>","protected":false},"author":2,"featured_media":14113,"comment_status":"closed","ping_status":"closed","sticky":false,"template":"","format":"standard","meta":[],"categories":[137],"tags":[],"_links":{"self":[{"href":"https:\/\/legacy.dia.edu.az\/en\/wp-json\/wp\/v2\/posts\/14108"}],"collection":[{"href":"https:\/\/legacy.dia.edu.az\/en\/wp-json\/wp\/v2\/posts"}],"about":[{"href":"https:\/\/legacy.dia.edu.az\/en\/wp-json\/wp\/v2\/types\/post"}],"author":[{"embeddable":true,"href":"https:\/\/legacy.dia.edu.az\/en\/wp-json\/wp\/v2\/users\/2"}],"replies":[{"embeddable":true,"href":"https:\/\/legacy.dia.edu.az\/en\/wp-json\/wp\/v2\/comments?post=14108"}],"version-history":[{"count":17,"href":"https:\/\/legacy.dia.edu.az\/en\/wp-json\/wp\/v2\/posts\/14108\/revisions"}],"predecessor-version":[{"id":14131,"href":"https:\/\/legacy.dia.edu.az\/en\/wp-json\/wp\/v2\/posts\/14108\/revisions\/14131"}],"wp:featuredmedia":[{"embeddable":true,"href":"https:\/\/legacy.dia.edu.az\/en\/wp-json\/wp\/v2\/media\/14113"}],"wp:attachment":[{"href":"https:\/\/legacy.dia.edu.az\/en\/wp-json\/wp\/v2\/media?parent=14108"}],"wp:term":[{"taxonomy":"category","embeddable":true,"href":"https:\/\/legacy.dia.edu.az\/en\/wp-json\/wp\/v2\/categories?post=14108"},{"taxonomy":"post_tag","embeddable":true,"href":"https:\/\/legacy.dia.edu.az\/en\/wp-json\/wp\/v2\/tags?post=14108"}],"curies":[{"name":"wp","href":"https:\/\/api.w.org\/{rel}","templated":true}]}}