{"id":13698,"date":"2021-05-05T18:33:35","date_gmt":"2021-05-05T15:33:35","guid":{"rendered":"https:\/\/dia.edu.az\/?p=13698"},"modified":"2021-05-05T19:52:09","modified_gmt":"2021-05-05T16:52:09","slug":"dia-nin-t%c9%99l%c9%99b%c9%99si-avropa-huquqsunas-t%c9%99l%c9%99b%c9%99l%c9%99r-assosiasiyasinin-vitse-prezidenti-secilib","status":"publish","type":"post","link":"https:\/\/legacy.dia.edu.az\/en\/arxivl\u0259r\/13698","title":{"rendered":"D\u0130A-n\u0131n t\u0259l\u0259b\u0259si Avropa H\u00fcquq\u015f\u00fcnas T\u0259l\u0259b\u0259l\u0259r Assosiasiyas\u0131n\u0131n vitse-prezidenti se\u00e7ilib"},"content":{"rendered":"<div data-elementor-type=\"wp-post\" data-elementor-id=\"13698\" class=\"elementor elementor-13698\" data-elementor-settings=\"[]\">\n\t\t\t\t\t\t<div class=\"elementor-inner\">\n\t\t\t\t\t\t\t<div class=\"elementor-section-wrap\">\n\t\t\t\t\t\t\t<section class=\"elementor-section elementor-top-section elementor-element elementor-element-7417db2 elementor-section-boxed elementor-section-height-default elementor-section-height-default\" data-id=\"7417db2\" data-element_type=\"section\">\n\t\t\t\t\t\t<div class=\"elementor-container elementor-column-gap-default\">\n\t\t\t\t\t\t\t<div class=\"elementor-row\">\n\t\t\t\t\t<div class=\"elementor-column elementor-col-100 elementor-top-column elementor-element elementor-element-b08e461\" data-id=\"b08e461\" data-element_type=\"column\">\n\t\t\t<div class=\"elementor-column-wrap elementor-element-populated\">\n\t\t\t\t\t\t\t<div class=\"elementor-widget-wrap\">\n\t\t\t\t\t\t<div class=\"elementor-element elementor-element-941681d elementor-widget elementor-widget-text-editor\" data-id=\"941681d\" data-element_type=\"widget\" data-widget_type=\"text-editor.default\">\n\t\t\t\t<div class=\"elementor-widget-container\">\n\t\t\t\t\t\t\t\t<div class=\"elementor-text-editor elementor-clearfix\">\n\t\t\t\t\t<p style=\"text-align: center;\"><strong>D\u0130A-n\u0131n t\u0259l\u0259b\u0259si Avropa H&uuml;quq\u015f&uuml;nas T\u0259l\u0259b\u0259l\u0259r Assosiasiyas\u0131n\u0131n vitse-prezidenti se&ccedil;ilib<\/strong><\/p>\n<p><strong>&nbsp;<\/strong><\/p>\n<p>Az\u0259rbaycan Respublikas\u0131 Prezidenti yan\u0131nda D&ouml;vl\u0259t \u0130dar\u0259&ccedil;ilik Akademiyas\u0131 f\u0259aliyy\u0259t g&ouml;strdiyi 22 ildir ki, y&uuml;zl\u0259rl\u0259 insan\u0131n taleyind\u0259 xo\u015f izl\u0259r burax\u0131b.<\/p>\n<p>C\u0259miyy\u0259t &uuml;&ccedil;&uuml;n layiqli kadrlar yeti\u015fdirm\u0259k, g\u0259nc m&uuml;t\u0259x\u0259ssisl\u0259rin kamil \u015f\u0259xsiyy\u0259t v\u0259 v\u0259t\u0259nda\u015f kimi formala\u015fmas\u0131na nail olmaq n\u0259 q\u0259d\u0259r &ccedil;\u0259tindirs\u0259, g\u0259l\u0259c\u0259kd\u0259 d&ouml;vl\u0259tin v\u0259 c\u0259miyy\u0259tin taleyind\u0259 m&uuml;h&uuml;m rol oynayacaq milli kadrlar\u0131n haz\u0131rlanmas\u0131 ikiqat m\u0259suliyy\u0259tlidir.<\/p>\n<p>Az\u0259rbaycan Respublikas\u0131 Prezidenti yan\u0131nda D&ouml;vl\u0259t \u0130dar\u0259&ccedil;ilik Akademiyas\u0131 t\u0259l\u0259b\u0259l\u0259rinin &ouml;lk\u0259 v\u0259 onun h&uuml;dudlar\u0131ndan k\u0259narda qazand\u0131\u011f\u0131 nailiyy\u0259tl\u0259rl\u0259 q&uuml;rur duyur. Bel\u0259 t\u0259l\u0259b\u0259l\u0259rd\u0259n birid\u0259 Samir\u0259 S\u0259f\u0259rovad\u0131r.<\/p>\n<p>O, Avropa H&uuml;quq\u015f&uuml;nas T\u0259l\u0259b\u0259l\u0259r Assosiasiyas\u0131n\u0131n (ELSA- European Law Students Association) Vitse-prezident se&ccedil;ilmi\u015fdir.<\/p>\n<p>Q\u0259bul imtahanlar\u0131nda 685 bal toplayaraq Az\u0259rbaycan Respublikas\u0131 Prezidenti yan\u0131nda D&ouml;vl\u0259t \u0130dar\u0259&ccedil;ilik Akademiyas\u0131n\u0131n H&uuml;quq\u015f&uuml;nasl\u0131q ixtisas\u0131na q\u0259bul olunmu\u015f Samir\u0259 S\u0259f\u0259rova \u0259la&ccedil;\u0131 t\u0259l\u0259b\u0259 olmaqla yana\u015f\u0131, eyni zamanda, 2018-ci ild\u0259n b\u0259ri Avropa H&uuml;quq\u015f&uuml;nas T\u0259l\u0259b\u0259l\u0259r Assosiasiyas\u0131n\u0131n Az\u0259rbaycan n&uuml;may\u0259nd\u0259liyind\u0259 (ELSA Az\u0259rbaycan) Milli \u0130dar\u0259 Hey\u0259tinin &uuml;zv&uuml; &ndash; Akademik F\u0259aliyy\u0259tl\u0259r &uuml;zr\u0259 Vitse-Prezident kimi f\u0259aliyy\u0259t g&ouml;st\u0259rir. Avropa H&uuml;quq\u015f&uuml;nas T\u0259l\u0259b\u0259l\u0259r Assosiasiyas\u0131 Avropan\u0131n 44 &ouml;lk\u0259sind\u0259 350-d\u0259n &ccedil;ox universiteti v\u0259 54500-d\u0259n &ccedil;ox h&uuml;quq t\u0259l\u0259b\u0259sini &ouml;z&uuml;nd\u0259 birl\u0259\u015fdir\u0259n d&uuml;nyan\u0131n \u0259n b&ouml;y&uuml;k h&uuml;quq t\u0259l\u0259b\u0259l\u0259rini birl\u0259\u015fdir\u0259n t\u0259\u015fkilatd\u0131r.<\/p>\n<p>Az\u0259rbaycan Respublikas\u0131 Prezidenti yan\u0131nda D&ouml;vl\u0259t \u0130dar\u0259&ccedil;ilik Akademiyas\u0131n\u0131n t\u0259l\u0259b\u0259si olan Samir\u0259 S\u0259f\u0259rova, 11-17 aprel 2021-ci il tarixind\u0259 ke&ccedil;iril\u0259n Beyn\u0259lxalq \u015eura Toplant\u0131s\u0131nda ELSA Beyn\u0259lxalq \u0130dar\u0259 Hey\u0259tinin Akademik F\u0259aliyy\u0259tl\u0259r &uuml;zr\u0259 Vitse-Prezidenti v\u0259zif\u0259sin\u0259 namiz\u0259dliyini ir\u0259li s&uuml;r&uuml;b v\u0259 20-d\u0259n &ccedil;ox &ouml;lk\u0259nin s\u0259sini toplayaraq bu v\u0259zif\u0259y\u0259 se&ccedil;ilib. Onu da bildir\u0259k ki, Samir\u0259 S\u0259f\u0259rova ELSA Beyn\u0259lxalq \u0130dar\u0259 Hey\u0259ti tarixind\u0259 bu \u015fans\u0131 qazanm\u0131\u015f ikinci az\u0259rbaycanl\u0131d\u0131r. O, ELSA Az\u0259rbaycanda olan f\u0259aliyy\u0259ti il\u0259 yana\u015f\u0131, Az\u0259rbaycan Respublikas\u0131 Ali M\u0259hk\u0259m\u0259si, tan\u0131nm\u0131\u015f h&uuml;quq \u015firk\u0259tl\u0259rind\u0259 k&ouml;n&uuml;ll&uuml; v\u0259 t\u0259cr&uuml;b\u0259&ccedil;i, H&uuml;quq Jurnal\u0131nda redaktor kimi f\u0259aliyy\u0259t g&ouml;st\u0259rir.<\/p>\n<p>Bu g&uuml;n Az\u0259rbaycan Respublikas\u0131 Prezidenti yan\u0131nda D&ouml;vl\u0259t \u0130dar\u0259&ccedil;ilik Akademiyas\u0131n\u0131n rektoru akademik Urxan \u018fl\u0259kb\u0259rovla Samir\u0259 S\u0259f\u0259rova il\u0259 g&ouml;r&uuml;\u015f&uuml;b v\u0259 g\u0259l\u0259c\u0259k f\u0259aliyy\u0259t istiqam\u0259tl\u0259ri bar\u0259d\u0259 fikir m&uuml;badil\u0259si edibl\u0259r. &nbsp;<\/p>\n<p>&nbsp;<\/p>\n<p>&nbsp;<\/p>\n<p>&nbsp;<\/p>\t\t\t\t\t<\/div>\n\t\t\t\t\t\t<\/div>\n\t\t\t\t<\/div>\n\t\t\t\t\t\t<\/div>\n\t\t\t\t\t<\/div>\n\t\t<\/div>\n\t\t\t\t\t\t\t\t<\/div>\n\t\t\t\t\t<\/div>\n\t\t<\/section>\n\t\t\t\t<section class=\"elementor-section elementor-top-section elementor-element elementor-element-73d987c elementor-section-boxed elementor-section-height-default elementor-section-height-default\" data-id=\"73d987c\" data-element_type=\"section\">\n\t\t\t\t\t\t<div class=\"elementor-container elementor-column-gap-default\">\n\t\t\t\t\t\t\t<div class=\"elementor-row\">\n\t\t\t\t\t<div class=\"elementor-column elementor-col-100 elementor-top-column elementor-element elementor-element-77e1550\" data-id=\"77e1550\" data-element_type=\"column\">\n\t\t\t<div class=\"elementor-column-wrap elementor-element-populated\">\n\t\t\t\t\t\t\t<div class=\"elementor-widget-wrap\">\n\t\t\t\t\t\t<div class=\"elementor-element elementor-element-71bf030 elementor-widget elementor-widget-image\" data-id=\"71bf030\" data-element_type=\"widget\" data-widget_type=\"image.default\">\n\t\t\t\t<div class=\"elementor-widget-container\">\n\t\t\t\t\t\t\t\t<div class=\"elementor-image\">\n\t\t\t\t\t\t\t\t\t\t\t\t<img width=\"338\" height=\"450\" src=\"https:\/\/legacy.dia.edu.az\/wp-content\/uploads\/2021\/05\/fo1-1-338x450.jpg\" class=\"attachment-large size-large\" alt=\"\" srcset=\"https:\/\/legacy.dia.edu.az\/wp-content\/uploads\/2021\/05\/fo1-1-338x450.jpg 338w, https:\/\/legacy.dia.edu.az\/wp-content\/uploads\/2021\/05\/fo1-1-150x200.jpg 150w, https:\/\/legacy.dia.edu.az\/wp-content\/uploads\/2021\/05\/fo1-1-768x1024.jpg 768w, https:\/\/legacy.dia.edu.az\/wp-content\/uploads\/2021\/05\/fo1-1-9x12.jpg 9w, https:\/\/legacy.dia.edu.az\/wp-content\/uploads\/2021\/05\/fo1-1.jpg 864w\" sizes=\"(max-width: 338px) 100vw, 338px\" \/>\t\t\t\t\t\t\t\t\t\t\t\t\t\t<\/div>\n\t\t\t\t\t\t<\/div>\n\t\t\t\t<\/div>\n\t\t\t\t\t\t<\/div>\n\t\t\t\t\t<\/div>\n\t\t<\/div>\n\t\t\t\t\t\t\t\t<\/div>\n\t\t\t\t\t<\/div>\n\t\t<\/section>\n\t\t\t\t\t\t<\/div>\n\t\t\t\t\t\t<\/div>\n\t\t\t\t\t<\/div>","protected":false},"excerpt":{"rendered":"<p>D\u0130A-n\u0131n t\u0259l\u0259b\u0259si Avropa H&uuml;quq\u015f&uuml;nas T\u0259l\u0259b\u0259l\u0259r Assosiasiyas\u0131n\u0131n vitse-prezidenti se&ccedil;ilib &nbsp; Az\u0259rbaycan Respublikas\u0131 Prezidenti yan\u0131nda D&ouml;vl\u0259t \u0130dar\u0259&ccedil;ilik Akademiyas\u0131 f\u0259aliyy\u0259t g&ouml;strdiyi 22 ildir ki, y&uuml;zl\u0259rl\u0259 insan\u0131n taleyind\u0259 xo\u015f izl\u0259r burax\u0131b. C\u0259miyy\u0259t &uuml;&ccedil;&uuml;n layiqli kadrlar yeti\u015fdirm\u0259k, g\u0259nc m&uuml;t\u0259x\u0259ssisl\u0259rin kamil \u015f\u0259xsiyy\u0259t v\u0259 v\u0259t\u0259nda\u015f kimi formala\u015fmas\u0131na nail olmaq n\u0259 q\u0259d\u0259r &ccedil;\u0259tindirs\u0259, g\u0259l\u0259c\u0259kd\u0259 d&ouml;vl\u0259tin v\u0259 c\u0259miyy\u0259tin taleyind\u0259 m&uuml;h&uuml;m rol oynayacaq milli kadrlar\u0131n [&hellip;]<\/p>","protected":false},"author":2,"featured_media":13714,"comment_status":"closed","ping_status":"closed","sticky":false,"template":"","format":"standard","meta":[],"categories":[137],"tags":[],"_links":{"self":[{"href":"https:\/\/legacy.dia.edu.az\/en\/wp-json\/wp\/v2\/posts\/13698"}],"collection":[{"href":"https:\/\/legacy.dia.edu.az\/en\/wp-json\/wp\/v2\/posts"}],"about":[{"href":"https:\/\/legacy.dia.edu.az\/en\/wp-json\/wp\/v2\/types\/post"}],"author":[{"embeddable":true,"href":"https:\/\/legacy.dia.edu.az\/en\/wp-json\/wp\/v2\/users\/2"}],"replies":[{"embeddable":true,"href":"https:\/\/legacy.dia.edu.az\/en\/wp-json\/wp\/v2\/comments?post=13698"}],"version-history":[{"count":19,"href":"https:\/\/legacy.dia.edu.az\/en\/wp-json\/wp\/v2\/posts\/13698\/revisions"}],"predecessor-version":[{"id":13721,"href":"https:\/\/legacy.dia.edu.az\/en\/wp-json\/wp\/v2\/posts\/13698\/revisions\/13721"}],"wp:featuredmedia":[{"embeddable":true,"href":"https:\/\/legacy.dia.edu.az\/en\/wp-json\/wp\/v2\/media\/13714"}],"wp:attachment":[{"href":"https:\/\/legacy.dia.edu.az\/en\/wp-json\/wp\/v2\/media?parent=13698"}],"wp:term":[{"taxonomy":"category","embeddable":true,"href":"https:\/\/legacy.dia.edu.az\/en\/wp-json\/wp\/v2\/categories?post=13698"},{"taxonomy":"post_tag","embeddable":true,"href":"https:\/\/legacy.dia.edu.az\/en\/wp-json\/wp\/v2\/tags?post=13698"}],"curies":[{"name":"wp","href":"https:\/\/api.w.org\/{rel}","templated":true}]}}