{"id":13623,"date":"2021-04-29T22:22:00","date_gmt":"2021-04-29T19:22:00","guid":{"rendered":"https:\/\/dia.edu.az\/?p=13623"},"modified":"2021-04-29T23:26:13","modified_gmt":"2021-04-29T20:26:13","slug":"elementor-13623","status":"publish","type":"post","link":"https:\/\/legacy.dia.edu.az\/en\/arxivl\u0259r\/13623","title":{"rendered":"D\u00f6vl\u0259t \u0130dar\u0259\u00e7ilik Akademiyas\u0131nda \u201cV\u0259t\u0259nda\u015f m\u0259mnunlu\u011funun t\u0259min olunmas\u0131n\u0131n m\u00fcasir texnologiyalar\u0131\u201d layih\u0259si \u00e7\u0259r\u00e7iv\u0259sind\u0259 n\u00f6vb\u0259ti t\u0259lim ke\u00e7irilib"},"content":{"rendered":"<div data-elementor-type=\"wp-post\" data-elementor-id=\"13623\" class=\"elementor elementor-13623\" data-elementor-settings=\"[]\">\n\t\t\t\t\t\t<div class=\"elementor-inner\">\n\t\t\t\t\t\t\t<div class=\"elementor-section-wrap\">\n\t\t\t\t\t\t\t<section class=\"elementor-section elementor-top-section elementor-element elementor-element-3516211 elementor-section-boxed elementor-section-height-default elementor-section-height-default\" data-id=\"3516211\" data-element_type=\"section\">\n\t\t\t\t\t\t<div class=\"elementor-container elementor-column-gap-default\">\n\t\t\t\t\t\t\t<div class=\"elementor-row\">\n\t\t\t\t\t<div class=\"elementor-column elementor-col-100 elementor-top-column elementor-element elementor-element-00a44cc\" data-id=\"00a44cc\" data-element_type=\"column\">\n\t\t\t<div class=\"elementor-column-wrap elementor-element-populated\">\n\t\t\t\t\t\t\t<div class=\"elementor-widget-wrap\">\n\t\t\t\t\t\t<div class=\"elementor-element elementor-element-53c30e0 elementor-widget elementor-widget-text-editor\" data-id=\"53c30e0\" data-element_type=\"widget\" data-widget_type=\"text-editor.default\">\n\t\t\t\t<div class=\"elementor-widget-container\">\n\t\t\t\t\t\t\t\t<div class=\"elementor-text-editor elementor-clearfix\">\n\t\t\t\t\t<p style=\"text-align: center;\"><strong>D&ouml;vl\u0259t \u0130dar\u0259&ccedil;ilik Akademiyas\u0131nda &ldquo;V\u0259t\u0259nda\u015f m\u0259mnunlu\u011funun t\u0259min olunmas\u0131n\u0131n m&uuml;asir texnologiyalar\u0131&rdquo;<\/strong> <strong>layih\u0259si &ccedil;\u0259r&ccedil;iv\u0259sind\u0259 n&ouml;vb\u0259ti <\/strong><strong>t\u0259lim ke&ccedil;irilib<\/strong><\/p>\n<p style=\"text-align: center;\">&nbsp;<\/p>\n<p>Az\u0259rbaycan Respublikas\u0131n\u0131n Prezidenti yan\u0131nda D&ouml;vl\u0259t \u0130dar\u0259&ccedil;ilik Akademiyas\u0131 v\u0259 Az\u0259rbaycan Respublikas\u0131n\u0131n Prezidenti yan\u0131nda V\u0259t\u0259nda\u015flara Xidm\u0259t&nbsp; v\u0259 Sosial \u0130nnovasiyalar &uuml;zr\u0259 D&ouml;vl\u0259t Agentliyi il\u0259 birg\u0259 \u0259m\u0259kda\u015fl\u0131q &ccedil;\u0259r&ccedil;iv\u0259sind\u0259 &ldquo;ASAN&rdquo; Xidm\u0259t m\u0259rk\u0259zl\u0259rinin \u0259m\u0259kda\u015flar\u0131 &uuml;&ccedil;&uuml;n &ldquo;V\u0259t\u0259nda\u015f m\u0259mnunlu\u011funun t\u0259min olunmas\u0131n\u0131n m&uuml;asir texnologiyalar\u0131&rdquo; m&ouml;vzusunda t\u0259liml\u0259rin ke&ccedil;irilir.<\/p>\n<p>N&ouml;vb\u0259ti t\u0259limd\u0259 Az\u0259rbaycan Respublikas\u0131n\u0131n Prezidenti yan\u0131nda D&ouml;vl\u0259t \u0130dar\u0259&ccedil;ilik Akademiyas\u0131n\u0131n rektoru akademik Urxan \u018fl\u0259kb\u0259rov &ldquo;Az\u0259rbaycan Respublikas\u0131n\u0131n Milli prioritetl\u0259ri: planla\u015fd\u0131rma v\u0259 idar\u0259etm\u0259&rdquo; m&ouml;vzusunda m\u0259ruz\u0259 il\u0259 &ccedil;\u0131x\u0131\u015f edib.<\/p>\n<p>Daha sonra t\u0259lim i\u015ftirak&ccedil;\u0131lar\u0131 D&ouml;vl\u0259t \u0130dar\u0259&ccedil;ilik Akademiyas\u0131n\u0131n &ldquo;D&ouml;vl\u0259t qullu\u011fu v\u0259 kadr siyas\u0259ti&rdquo; kadefras\u0131n\u0131n m&uuml;\u0259llimi Anar H\u0259s\u0259novun &ldquo;V\u0259t\u0259nda\u015f m\u0259mnuniyy\u0259tinin t\u0259min edilm\u0259sind\u0259 xidm\u0259t m\u0259d\u0259niyy\u0259tinin rolu&rdquo;, &ldquo;V\u0259t\u0259nda\u015f-m\u0259mur m&uuml;nasib\u0259tl\u0259rind\u0259 &uuml;nsiyy\u0259t bacar\u0131qlar\u0131&rdquo; adl\u0131 &ccedil;\u0131x\u0131\u015f\u0131n\u0131 dinl\u0259yib.<\/p>\n<p>&nbsp;Layih\u0259 2021-ci ilin ax\u0131r\u0131na q\u0259d\u0259r davam ed\u0259c\u0259k v\u0259 t\u0259lim i\u015ftirak&ccedil;\u0131lar\u0131na&nbsp; sertifikatlar t\u0259qdim olunacaqd\u0131r.<\/p>\n<p>&nbsp;<\/p>\n<p>&nbsp;<\/p>\n<p>&nbsp;<\/p>\t\t\t\t\t<\/div>\n\t\t\t\t\t\t<\/div>\n\t\t\t\t<\/div>\n\t\t\t\t\t\t<\/div>\n\t\t\t\t\t<\/div>\n\t\t<\/div>\n\t\t\t\t\t\t\t\t<\/div>\n\t\t\t\t\t<\/div>\n\t\t<\/section>\n\t\t\t\t<section class=\"elementor-section elementor-top-section elementor-element elementor-element-682e211 elementor-section-boxed elementor-section-height-default elementor-section-height-default\" data-id=\"682e211\" data-element_type=\"section\">\n\t\t\t\t\t\t<div class=\"elementor-container elementor-column-gap-default\">\n\t\t\t\t\t\t\t<div class=\"elementor-row\">\n\t\t\t\t\t<div class=\"elementor-column elementor-col-100 elementor-top-column elementor-element elementor-element-deca2d5\" data-id=\"deca2d5\" data-element_type=\"column\">\n\t\t\t<div class=\"elementor-column-wrap\">\n\t\t\t\t\t\t\t<div class=\"elementor-widget-wrap\">\n\t\t\t\t\t\t\t\t<\/div>\n\t\t\t\t\t<\/div>\n\t\t<\/div>\n\t\t\t\t\t\t\t\t<\/div>\n\t\t\t\t\t<\/div>\n\t\t<\/section>\n\t\t\t\t\t\t<\/div>\n\t\t\t\t\t\t<\/div>\n\t\t\t\t\t<\/div>","protected":false},"excerpt":{"rendered":"<p>D\u00f6vl\u0259t \u0130dar\u0259\u00e7ilik Akademiyas\u0131nda \u201cV\u0259t\u0259nda\u015f m\u0259mnunlu\u011funun t\u0259min olunmas\u0131n\u0131n m\u00fcasir texnologiyalar\u0131\u201d layih\u0259si \u00e7\u0259r\u00e7iv\u0259sind\u0259 n\u00f6vb\u0259ti t\u0259lim ke\u00e7irilib &nbsp; Az\u0259rbaycan Respublikas\u0131n\u0131n Prezidenti yan\u0131nda D\u00f6vl\u0259t \u0130dar\u0259\u00e7ilik Akademiyas\u0131 v\u0259 Az\u0259rbaycan Respublikas\u0131n\u0131n Prezidenti yan\u0131nda V\u0259t\u0259nda\u015flara Xidm\u0259t&nbsp; v\u0259 Sosial \u0130nnovasiyalar \u00fczr\u0259 D\u00f6vl\u0259t Agentliyi il\u0259 birg\u0259 \u0259m\u0259kda\u015fl\u0131q \u00e7\u0259r\u00e7iv\u0259sind\u0259 \u201cASAN\u201d Xidm\u0259t m\u0259rk\u0259zl\u0259rinin \u0259m\u0259kda\u015flar\u0131 \u00fc\u00e7\u00fcn \u201cV\u0259t\u0259nda\u015f m\u0259mnunlu\u011funun t\u0259min olunmas\u0131n\u0131n m\u00fcasir texnologiyalar\u0131\u201d m\u00f6vzusunda t\u0259liml\u0259rin ke\u00e7irilir. N\u00f6vb\u0259ti t\u0259limd\u0259 [&hellip;]<\/p>","protected":false},"author":2,"featured_media":13626,"comment_status":"closed","ping_status":"closed","sticky":false,"template":"","format":"standard","meta":[],"categories":[137],"tags":[],"_links":{"self":[{"href":"https:\/\/legacy.dia.edu.az\/en\/wp-json\/wp\/v2\/posts\/13623"}],"collection":[{"href":"https:\/\/legacy.dia.edu.az\/en\/wp-json\/wp\/v2\/posts"}],"about":[{"href":"https:\/\/legacy.dia.edu.az\/en\/wp-json\/wp\/v2\/types\/post"}],"author":[{"embeddable":true,"href":"https:\/\/legacy.dia.edu.az\/en\/wp-json\/wp\/v2\/users\/2"}],"replies":[{"embeddable":true,"href":"https:\/\/legacy.dia.edu.az\/en\/wp-json\/wp\/v2\/comments?post=13623"}],"version-history":[{"count":5,"href":"https:\/\/legacy.dia.edu.az\/en\/wp-json\/wp\/v2\/posts\/13623\/revisions"}],"predecessor-version":[{"id":13630,"href":"https:\/\/legacy.dia.edu.az\/en\/wp-json\/wp\/v2\/posts\/13623\/revisions\/13630"}],"wp:featuredmedia":[{"embeddable":true,"href":"https:\/\/legacy.dia.edu.az\/en\/wp-json\/wp\/v2\/media\/13626"}],"wp:attachment":[{"href":"https:\/\/legacy.dia.edu.az\/en\/wp-json\/wp\/v2\/media?parent=13623"}],"wp:term":[{"taxonomy":"category","embeddable":true,"href":"https:\/\/legacy.dia.edu.az\/en\/wp-json\/wp\/v2\/categories?post=13623"},{"taxonomy":"post_tag","embeddable":true,"href":"https:\/\/legacy.dia.edu.az\/en\/wp-json\/wp\/v2\/tags?post=13623"}],"curies":[{"name":"wp","href":"https:\/\/api.w.org\/{rel}","templated":true}]}}