{"id":13614,"date":"2021-04-29T23:15:46","date_gmt":"2021-04-29T20:15:46","guid":{"rendered":"https:\/\/dia.edu.az\/?p=13614"},"modified":"2021-04-29T23:19:47","modified_gmt":"2021-04-29T20:19:47","slug":"dovl%c9%99t-idar%c9%99cilik-akademiyasinda-dovl%c9%99t-suverenliyi-v%c9%99-%c9%99razi-butovluyunun-beyn%c9%99lxalq-huquqi-t%c9%99minat-mexanizml%c9%99ri-movzusunda-beyn%c9%99lxalq-el","status":"publish","type":"post","link":"https:\/\/legacy.dia.edu.az\/en\/arxivl\u0259r\/13614","title":{"rendered":"D\u00f6vl\u0259t \u0130dar\u0259\u00e7ilik Akademiyas\u0131nda \u201cD\u00f6vl\u0259t suverenliyi v\u0259 \u0259razi b\u00fct\u00f6vl\u00fcy\u00fcn\u00fcn beyn\u0259lxalq h\u00fcquqi t\u0259minat mexanizml\u0259ri\u201d m\u00f6vzusunda beyn\u0259lxalq elmi konfrans ke\u00e7irilib"},"content":{"rendered":"<div data-elementor-type=\"wp-post\" data-elementor-id=\"13614\" class=\"elementor elementor-13614\" data-elementor-settings=\"[]\">\n\t\t\t\t\t\t<div class=\"elementor-inner\">\n\t\t\t\t\t\t\t<div class=\"elementor-section-wrap\">\n\t\t\t\t\t\t\t<section class=\"elementor-section elementor-top-section elementor-element elementor-element-cc8d4fa elementor-section-boxed elementor-section-height-default elementor-section-height-default\" data-id=\"cc8d4fa\" data-element_type=\"section\">\n\t\t\t\t\t\t<div class=\"elementor-container elementor-column-gap-default\">\n\t\t\t\t\t\t\t<div class=\"elementor-row\">\n\t\t\t\t\t<div class=\"elementor-column elementor-col-100 elementor-top-column elementor-element elementor-element-b128f7b\" data-id=\"b128f7b\" data-element_type=\"column\">\n\t\t\t<div class=\"elementor-column-wrap elementor-element-populated\">\n\t\t\t\t\t\t\t<div class=\"elementor-widget-wrap\">\n\t\t\t\t\t\t<div class=\"elementor-element elementor-element-a2bd5b6 elementor-widget elementor-widget-heading\" data-id=\"a2bd5b6\" data-element_type=\"widget\" data-widget_type=\"heading.default\">\n\t\t\t\t<div class=\"elementor-widget-container\">\n\t\t\t<h2 class=\"elementor-heading-title elementor-size-default\">D\u00f6vl\u0259t \u0130dar\u0259\u00e7ilik Akademiyas\u0131nda \u201cD\u00f6vl\u0259t suverenliyi v\u0259 \u0259razi b\u00fct\u00f6vl\u00fcy\u00fcn\u00fcn beyn\u0259lxalq h\u00fcquqi t\u0259minat mexanizml\u0259ri\u201d m\u00f6vzusunda beyn\u0259lxalq elmi konfrans ke\u00e7irilib<\/h2>\t\t<\/div>\n\t\t\t\t<\/div>\n\t\t\t\t\t\t<\/div>\n\t\t\t\t\t<\/div>\n\t\t<\/div>\n\t\t\t\t\t\t\t\t<\/div>\n\t\t\t\t\t<\/div>\n\t\t<\/section>\n\t\t\t\t<section class=\"elementor-section elementor-top-section elementor-element elementor-element-80a065a elementor-section-boxed elementor-section-height-default elementor-section-height-default\" data-id=\"80a065a\" data-element_type=\"section\">\n\t\t\t\t\t\t<div class=\"elementor-container elementor-column-gap-default\">\n\t\t\t\t\t\t\t<div class=\"elementor-row\">\n\t\t\t\t\t<div class=\"elementor-column elementor-col-100 elementor-top-column elementor-element elementor-element-61bebec\" data-id=\"61bebec\" data-element_type=\"column\">\n\t\t\t<div class=\"elementor-column-wrap elementor-element-populated\">\n\t\t\t\t\t\t\t<div class=\"elementor-widget-wrap\">\n\t\t\t\t\t\t<div class=\"elementor-element elementor-element-96f94ee elementor-widget elementor-widget-text-editor\" data-id=\"96f94ee\" data-element_type=\"widget\" data-widget_type=\"text-editor.default\">\n\t\t\t\t<div class=\"elementor-widget-container\">\n\t\t\t\t\t\t\t\t<div class=\"elementor-text-editor elementor-clearfix\">\n\t\t\t\t\t<p style=\"text-align: center;\">&nbsp;<strong>D&ouml;vl\u0259t \u0130dar\u0259&ccedil;ilik Akademiyas\u0131<\/strong><strong>nda<\/strong><strong> &ldquo;D&ouml;vl\u0259t suverenliyi v\u0259 \u0259razi b&uuml;t&ouml;vl&uuml;y&uuml;n&uuml;n beyn\u0259lxalq h&uuml;quqi t\u0259minat mexanizml\u0259ri&rdquo; m&ouml;vzusunda beyn\u0259lxalq elmi konfrans ke&ccedil;iril<\/strong><strong>ib<\/strong><\/p>\n<p>&nbsp;<\/p>\n<p>29 aprel 2021-ci il tarixind\u0259 Az\u0259rbaycan Respublikas\u0131n\u0131n Prezidenti yan\u0131nda D&ouml;vl\u0259t \u0130dar\u0259&ccedil;ilik Akademiyas\u0131, Moskva Beyn\u0259lxalq Kriminalistl\u0259r v\u0259 Kriminoloqlar \u0130ttifaq\u0131 v\u0259 \u0130stanbul &Ouml;zyegin Universitetinin i\u015ftirak\u0131 il\u0259 <strong>&ldquo;D&ouml;vl\u0259t suverenliyi v\u0259 \u0259razi b&uuml;t&ouml;vl&uuml;y&uuml;n&uuml;n beyn\u0259lxalq h&uuml;quqi t\u0259minat mexanizml\u0259ri&rdquo;<\/strong> adl\u0131 beyn\u0259lxalq elmi konfrans ke&ccedil;irilib.<\/p>\n<p>D&ouml;vl\u0259t \u0130dar\u0259&ccedil;ilik Akademiyas\u0131 &ldquo;H&uuml;quq&rdquo; kafedras\u0131n\u0131n t\u0259\u015fkilat&ccedil;\u0131l\u0131\u011f\u0131 il\u0259 ke&ccedil;iril\u0259n elmi konfransda h\u0259r &uuml;&ccedil; &ouml;lk\u0259d\u0259n aliml\u0259r, n&uuml;fuzlu ekspertl\u0259r, d&ouml;vl\u0259t qurumlar\u0131n\u0131n t\u0259msil&ccedil;il\u0259ri, ictimai v\u0259 siyasi xadiml\u0259r i\u015ftirak edibl\u0259r.<\/p>\n<p>Onlayn ke&ccedil;iril\u0259n elmi konfransda a&ccedil;\u0131l\u0131\u015f nitq\u0131 il\u0259 &ccedil;\u0131x\u0131\u015f ed\u0259n Az\u0259rbaycan Respublikas\u0131n\u0131n Prezidenti yan\u0131nda D&ouml;vl\u0259t \u0130dar\u0259&ccedil;ilik Akademiyas\u0131n\u0131n rektoru, akademik Urxan \u018fl\u0259kb\u0259rov Ulu &Ouml;nd\u0259r Heyd\u0259r \u018fliyev t\u0259r\u0259find\u0259n m&uuml;\u0259yy\u0259n edilmi\u015f v\u0259 Az\u0259rbaycan Respublikas\u0131n\u0131n Prezidenti c\u0259nab \u0130lham \u018fliyevin u\u011furla davam etdirdiyi inki\u015faf strategiyas\u0131 say\u0259sind\u0259 Az\u0259rbaycan Respublikas\u0131n\u0131n qazand\u0131\u011f\u0131 nailiyy\u0259tl\u0259r\u0259 diqq\u0259t &ccedil;\u0259kib. Rektor Prezident \u0130lham \u018fliyev t\u0259r\u0259find\u0259n i\u015fl\u0259nmi\u015f v\u0259 t\u0259tbiq edilmi\u015f sinergetik, komplementar v\u0259 kompensasion prinsip v\u0259 yana\u015fmalar kompleksini ehtiva ed\u0259n yeni d&ouml;vl\u0259t idar\u0259&ccedil;iliyi texnologiyalar\u0131n\u0131n Az\u0259rbaycan\u0131n davaml\u0131 inkl&uuml;ziv inki\u015faf namin\u0259 resurslardan s\u0259m\u0259r\u0259li istifad\u0259 sah\u0259sind\u0259 regional v\u0259 qlobal lider\u0259 cevrilm\u0259sin\u0259 yol a&ccedil;d\u0131\u011f\u0131n\u0131 x&uuml;susi vur\u011fulay\u0131b. Eyni zamanda Az\u0259rbaycanda t\u0259tbiq edil\u0259n innovativ idar\u0259&ccedil;ilik texnologiyalar\u0131 kompleksinin y&uuml;ks\u0259k s\u0259m\u0259r\u0259liliyinin BMT T\u0259hl&uuml;k\u0259sizlik \u015euras\u0131n\u0131n 4 q\u0259tnam\u0259sinin u\u011furla yerin\u0259 yetirilm\u0259sind\u0259 v\u0259 30 il Erm\u0259nistan t\u0259r\u0259find\u0259n i\u015f\u011fal alt\u0131nda saxlan\u0131lan \u0259razil\u0259rin azad edilm\u0259sind\u0259 t\u0259zah&uuml;r&uuml;n&uuml; tapd\u0131\u011f\u0131n\u0131 da x&uuml;susi vur\u011fulay\u0131b. Bu Z\u0259f\u0259rin c\u0259mi 44 g&uuml;n\u0259 ba\u015fa g\u0259lm\u0259si v\u0259 Az\u0259rbaycan\u0131n \u0259razi b&uuml;t&ouml;vl&uuml;y&uuml;n&uuml;n tam b\u0259rpas\u0131n\u0131 &ouml;lk\u0259 Prezidentinin innovativ inki\u015faf strategiyas\u0131n\u0131n t\u0259nt\u0259n\u0259li yekunu kimi d\u0259y\u0259rl\u0259ndirib.<\/p>\n<p>Daha sonra Beyn\u0259lxalq Kriminalistl\u0259r v\u0259 Kriminoloqlar Birliyinin s\u0259dri, Rusiya Ali Attestasiya Komissiyas\u0131n\u0131n akademik katibi, h&uuml;quq elml\u0259ri doktoru, professor Matskevi&ccedil; \u0130qor Mixaylovi&ccedil;in moderatorlu\u011fu il\u0259 davam ed\u0259n konfransda Milli M\u0259clisin &uuml;zv&uuml;, h&uuml;quq elml\u0259ri doktoru, professor Nizami S\u0259f\u0259rov &ldquo;\u0130kinci Qaraba\u011f m&uuml;harib\u0259si: beyn\u0259lxalq humanitar h&uuml;quq prizmas\u0131ndan bax\u0131\u015f&rdquo;, Rusiya Federasiyas\u0131 H&ouml;kum\u0259ti yan\u0131nda Qanunvericilik v\u0259 M&uuml;qayis\u0259li H&uuml;quq \u0130nstitutunun \u015f&ouml;b\u0259 m&uuml;diri, Rusiyan\u0131n \u0259m\u0259kdar elm xadimi, h&uuml;quq elml\u0259ri doktoru, professor Oleg Aleksandrovich Zaytsev &ldquo;Rusiya Federasiyas\u0131nda D&ouml;vl\u0259t Suverenliyinin T\u0259minat\u0131 &uuml;&ccedil;&uuml;n Cinay\u0259t Qanunu Mexanizml\u0259ri&rdquo;, Milli M\u0259clisin &uuml;zv&uuml; Q&uuml;dr\u0259t H\u0259s\u0259nquliyev &ldquo;At\u0259\u015fk\u0259s haqq\u0131nda imzalanm\u0131\u015f 10 noyabr 2020-ci il tarixli Birg\u0259 B\u0259yannam\u0259nin h&uuml;quqi statusu&rdquo;, Beyn\u0259lxalq Kriminalistl\u0259r v\u0259 Kriminoloqlar Birliyinin s\u0259dri, Rusiya Ali Attestasiya Komissiyas\u0131n\u0131n akademik katibi, h&uuml;quq elml\u0259ri doktoru, professor Matskevi&ccedil; \u0130qor Mixaylovi&ccedil; &ldquo;Varislik v\u0259 Cinay\u0259tkarl\u0131qla M&uuml;bariz\u0259 haqq\u0131nda Vyana Konvensiyas\u0131&rdquo;, \u0130stanbul &Ouml;zyegin Universitetinin m&uuml;\u0259llimi Dr.Salim \u0130\u015f\u0131q v\u0259&nbsp; &ldquo;H&uuml;quq&rdquo; fak&uuml;lt\u0259sinin dekan\u0131 professor Dr. Yener &Uuml;nver &#8220;1789 Frans\u0131z \u0130nqilab\u0131ndan b\u0259ri Torpaq b&uuml;t&ouml;vl&uuml;y&uuml;&#8221; adl\u0131 m\u0259ruz\u0259l\u0259ri dinl\u0259nilmi\u015fdir.<\/p>\n<p>\u0130stanbul &Ouml;zyegin Universiteti H&uuml;quq fak&uuml;lt\u0259sinin dekan\u0131 professor Dr. Yener &Uuml;nverin moderatorlu\u011fu il\u0259 davam ed\u0259n konfrans\u0131n ikinci hiss\u0259sind\u0259 Milli M\u0259clisin &uuml;zv&uuml;, siyasi elml\u0259r doktoru El\u015fad Mirb\u0259\u015firo\u011flu &ldquo;Az\u0259rbaycan Respublikas\u0131n\u0131n \u0259razi b&uuml;t&ouml;vl&uuml;y&uuml;n&uuml;n t\u0259min olunmas\u0131n\u0131n siyasi aspektl\u0259ri&rdquo;, Az\u0259rbaycan Respublikas\u0131n\u0131n Prezidenti yan\u0131nda D&ouml;vl\u0259t \u0130dar\u0259&ccedil;ilik Akdemiyas\u0131n\u0131n &ldquo;Beyn\u0259lxalq m&uuml;nasib\u0259tl\u0259r v\u0259 xarici siyas\u0259t&rdquo; kafedras\u0131n\u0131n m&uuml;diri, h&uuml;quq &uuml;zr\u0259 elml\u0259r doktoru, professor Namiq \u018fliyev &ldquo;Qaraba\u011f\u0131n b\u0259rpas\u0131 prosesind\u0259 Az\u0259rbaycan-Erm\u0259nistan m&uuml;nasib\u0259tl\u0259rinin b\u0259zi h&uuml;quqi aspektl\u0259ri&rdquo;, \u0130stanbul &Ouml;zyegin Universitetinin professoru Dr. Nuray Ek\u015fi &#8220;D&ouml;vl\u0259t suverenliyi bax\u0131m\u0131ndan miqrasiya v\u0259 s\u0131\u011f\u0131nacaq&#8221;, \u0130stanbul &Ouml;zyegin Universiteti H&uuml;quq fak&uuml;lt\u0259sinin dekan\u0131, Professor Dr. Yener &Uuml;nver &ldquo;V\u0259kal\u0259t m&uuml;harib\u0259l\u0259ri d&ouml;vl\u0259tin suverenliyin\u0259 t\u0259hdid kimi&rdquo;, V.Y.Kikot ad\u0131na Rusiya Daxili \u0130\u015fl\u0259r Nazirliyinin Moskva Universitetinin professoru, h&uuml;quq elml\u0259ri doktoru Qriqoryev Viktor Nikolaevich &ldquo;Az\u0259rbaycan\u0131n suverenliyinin v\u0259 \u0259razi b&uuml;t&ouml;vl&uuml;y&uuml;n&uuml;n b\u0259rpas\u0131nda h&uuml;quq m&uuml;hafiz\u0259 orqanlar\u0131n\u0131n rolu&rdquo;, Milli M\u0259clisin &uuml;zv&uuml; professor Jal\u0259 \u018fliyeva &ldquo;II Qaraba\u011f m&uuml;harib\u0259si d&ouml;vr&uuml;nd\u0259 qad\u0131nlar\u0131n v\u0259 u\u015faqlar\u0131n m&uuml;dafi\u0259sinin t\u0259min edilm\u0259si beyn\u0259lxalq-h&uuml;quqi m&uuml;st\u0259vid\u0259&rdquo;, Az\u0259rbaycan Respublikas\u0131n\u0131n Prezidenti yan\u0131nda D&ouml;vl\u0259t \u0130dar\u0259&ccedil;ilik Akademiyas\u0131n\u0131n &ldquo;H&uuml;quq&rdquo; kafedras\u0131n\u0131n m&uuml;diri, h&uuml;quq &uuml;zr\u0259 elml\u0259r doktoru, professor \u0130saxan V\u0259liyev &ldquo;\u0130\u015f\u011faldan azad olunmu\u015f \u0259razil\u0259rin minalardan t\u0259mizl\u0259nm\u0259sinin beyn\u0259lxalq-h&uuml;quqi t\u0259nziml\u0259nm\u0259si&rdquo; adl\u0131 m\u0259ruz\u0259 il\u0259 &ccedil;\u0131x\u0131\u015f edibl\u0259r.<\/p>\n<p>Elmi konfrans\u0131n &ldquo;D&ouml;vl\u0259t suverenliyi v\u0259 \u0259razi b&uuml;t&ouml;vl&uuml;y&uuml;n&uuml;n pozulmas\u0131na g&ouml;r\u0259 beyn\u0259lxalq-h&uuml;quqi m\u0259suliyy\u0259t&rdquo; adl\u0131 birinci b&ouml;lm\u0259si h&uuml;quq &uuml;zr\u0259 f\u0259ls\u0259f\u0259 doktoru Fuad S&uuml;l&uuml;ymanovun v\u0259 &ldquo;D&ouml;vl\u0259t suverenliyi v\u0259 \u0259razi b&uuml;t&ouml;vl&uuml;y&uuml;n&uuml;n pozulmas\u0131na g&ouml;r\u0259 cinay\u0259t v\u0259 m&uuml;lki h&uuml;quqi m\u0259suliyy\u0259t&rdquo; adl\u0131 iki b&ouml;lm\u0259si is\u0259 h&uuml;quq &uuml;zr\u0259 f\u0259ls\u0259f\u0259 doktoru Asif Q\u0259dirovun r\u0259hb\u0259rliyi il\u0259 davam etmi\u015fdir.<\/p>\n<p>&nbsp;<\/p>\n<p>&nbsp;<\/p>\n<p>&nbsp;<\/p>\n<p>D\u0130A MeD\u0130A<\/p>\n<p><a href=\"mailto:yusif_agayev@rambler.ru\">yusif_agayev@rambler.ru<\/a><\/p>\n<p>0124927202<\/p>\n<p>&nbsp;<\/p>\t\t\t\t\t<\/div>\n\t\t\t\t\t\t<\/div>\n\t\t\t\t<\/div>\n\t\t\t\t\t\t<\/div>\n\t\t\t\t\t<\/div>\n\t\t<\/div>\n\t\t\t\t\t\t\t\t<\/div>\n\t\t\t\t\t<\/div>\n\t\t<\/section>\n\t\t\t\t<section class=\"elementor-section elementor-top-section elementor-element elementor-element-23f9fe9 elementor-section-boxed elementor-section-height-default elementor-section-height-default\" data-id=\"23f9fe9\" data-element_type=\"section\">\n\t\t\t\t\t\t<div class=\"elementor-container elementor-column-gap-default\">\n\t\t\t\t\t\t\t<div class=\"elementor-row\">\n\t\t\t\t\t<div class=\"elementor-column elementor-col-100 elementor-top-column elementor-element elementor-element-54df63c\" data-id=\"54df63c\" data-element_type=\"column\">\n\t\t\t<div class=\"elementor-column-wrap\">\n\t\t\t\t\t\t\t<div class=\"elementor-widget-wrap\">\n\t\t\t\t\t\t\t\t<\/div>\n\t\t\t\t\t<\/div>\n\t\t<\/div>\n\t\t\t\t\t\t\t\t<\/div>\n\t\t\t\t\t<\/div>\n\t\t<\/section>\n\t\t\t\t\t\t<\/div>\n\t\t\t\t\t\t<\/div>\n\t\t\t\t\t<\/div>","protected":false},"excerpt":{"rendered":"<p>D\u00f6vl\u0259t \u0130dar\u0259\u00e7ilik Akademiyas\u0131nda \u201cD\u00f6vl\u0259t suverenliyi v\u0259 \u0259razi b\u00fct\u00f6vl\u00fcy\u00fcn\u00fcn beyn\u0259lxalq h\u00fcquqi t\u0259minat mexanizml\u0259ri\u201d m\u00f6vzusunda beyn\u0259lxalq elmi konfrans ke\u00e7irilib &nbsp;D\u00f6vl\u0259t \u0130dar\u0259\u00e7ilik Akademiyas\u0131nda \u201cD\u00f6vl\u0259t suverenliyi v\u0259 \u0259razi b\u00fct\u00f6vl\u00fcy\u00fcn\u00fcn beyn\u0259lxalq h\u00fcquqi t\u0259minat mexanizml\u0259ri\u201d m\u00f6vzusunda beyn\u0259lxalq elmi konfrans ke\u00e7irilib &nbsp; 29 aprel 2021-ci il tarixind\u0259 Az\u0259rbaycan Respublikas\u0131n\u0131n Prezidenti yan\u0131nda D\u00f6vl\u0259t \u0130dar\u0259\u00e7ilik Akademiyas\u0131, Moskva Beyn\u0259lxalq Kriminalistl\u0259r v\u0259 Kriminoloqlar \u0130ttifaq\u0131 v\u0259 \u0130stanbul [&hellip;]<\/p>","protected":false},"author":2,"featured_media":13615,"comment_status":"closed","ping_status":"closed","sticky":false,"template":"","format":"standard","meta":[],"categories":[137],"tags":[],"_links":{"self":[{"href":"https:\/\/legacy.dia.edu.az\/en\/wp-json\/wp\/v2\/posts\/13614"}],"collection":[{"href":"https:\/\/legacy.dia.edu.az\/en\/wp-json\/wp\/v2\/posts"}],"about":[{"href":"https:\/\/legacy.dia.edu.az\/en\/wp-json\/wp\/v2\/types\/post"}],"author":[{"embeddable":true,"href":"https:\/\/legacy.dia.edu.az\/en\/wp-json\/wp\/v2\/users\/2"}],"replies":[{"embeddable":true,"href":"https:\/\/legacy.dia.edu.az\/en\/wp-json\/wp\/v2\/comments?post=13614"}],"version-history":[{"count":4,"href":"https:\/\/legacy.dia.edu.az\/en\/wp-json\/wp\/v2\/posts\/13614\/revisions"}],"predecessor-version":[{"id":13622,"href":"https:\/\/legacy.dia.edu.az\/en\/wp-json\/wp\/v2\/posts\/13614\/revisions\/13622"}],"wp:featuredmedia":[{"embeddable":true,"href":"https:\/\/legacy.dia.edu.az\/en\/wp-json\/wp\/v2\/media\/13615"}],"wp:attachment":[{"href":"https:\/\/legacy.dia.edu.az\/en\/wp-json\/wp\/v2\/media?parent=13614"}],"wp:term":[{"taxonomy":"category","embeddable":true,"href":"https:\/\/legacy.dia.edu.az\/en\/wp-json\/wp\/v2\/categories?post=13614"},{"taxonomy":"post_tag","embeddable":true,"href":"https:\/\/legacy.dia.edu.az\/en\/wp-json\/wp\/v2\/tags?post=13614"}],"curies":[{"name":"wp","href":"https:\/\/api.w.org\/{rel}","templated":true}]}}